{"id":15233,"date":"2015-08-26T14:35:08","date_gmt":"2015-08-26T14:35:08","guid":{"rendered":"http:\/\/copealcoi.es\/new\/?p=15233"},"modified":"2015-08-26T14:35:08","modified_gmt":"2015-08-26T14:35:08","slug":"la-vendimia-arranca-en-la-provincia-con-unas-previsiones-de-cuarenta-millones-de-kilos","status":"publish","type":"post","link":"https:\/\/www.copealcoy.es\/es\/la-vendimia-arranca-en-la-provincia-con-unas-previsiones-de-cuarenta-millones-de-kilos\/","title":{"rendered":"La vendimia arranca en la provincia con unas previsiones de cuarenta millones de kilos"},"content":{"rendered":"<p style=\"text-align: justify;\">La campa\u00f1a de la vendimia de este a\u00f1o ya ha arrancado en la provincia de Alicante, adelantada por el fuerte calor de julio, y con unas previsiones de recogida de uva\u00a0que rondan los cuarenta millones de kilos que se recolectar\u00e1n en las\u00a09.500 hect\u00e1reas registradas en la Denominaci\u00f3n de Origen.<\/p>\n<p style=\"text-align: justify;\">La temporada\u00a0se preve\u00eda \u00f3ptima pero la producci\u00f3n se ver\u00e1 finalmente algo mermada por los da\u00f1os que las tormentas con lluvia y granizo han provocado en este mes de agosto en los cultivos. El secretario de la citada Denominaci\u00f3n de Origen de Vinos de Alicante, Eladio Mart\u00edn, ha explicado este mi\u00e9rcoles\u00a0en La Ma\u00f1ana de Cope Alcoy que las condiciones clim\u00e1ticas de antes del verano, donde se registraron algunas lluvias, favorecer\u00e1n una buena a\u00f1ada y que la uva se encuentra m\u00e1s fresca pero en algunos puntos tocada por los efectos de la climatolog\u00eda &#8220;esto significa que tendremos algo m\u00e1s de cantidad que el a\u00f1o pasado pero sin perder la calidad porque nuestros vi\u00f1edos est\u00e1n sanos y generan un excelente caldo&#8221;, apunta. Adem\u00e1s se ha referido precisamente a las lluvias destacando que hac\u00edan falta en gran parte de los vi\u00f1edos &#8220;siempre que no haga da\u00f1o y caiga en su justa medida es bienvenida contribuyendo a la maduraci\u00f3n \u00f3ptima de la uva&#8221;, afirma.<\/p>\n<p style=\"text-align: justify;\">Por \u00faltimo\u00a0Vinos de Alicante han indicado\u00a0que en las comarcas del Comtat y de l\u00b4 Alcoi\u00e0, donde la producci\u00f3n \u00a0vitivin\u00edcola\u00a0ha ido increment\u00e1ndose en las \u00faltimos a\u00f1os, tambi\u00e9n se mantendr\u00e1n cifras similares a las del pasado 2014\u00a0donde las previsiones en el arranque de la vendimia pasaban por superar los 200.000 kilos &#8220;todav\u00eda faltan datos concretos y saber con exactitud el da\u00f1o que haya podido hacer en la fruta las tormentas de la primera quincena de agosto pero como la recogida se adelant\u00f3 mucha uva qued\u00f3 a salvo as\u00ed que podr\u00edamos estar hablando de una buena temporada aunque a\u00fan es muy pronto&#8221;, concluye.<\/p>\n<p style=\"text-align: justify;\">\n","protected":false},"excerpt":{"rendered":"<p>La campa\u00f1a de la vendimia de este a\u00f1o ya ha arrancado en la provincia de Alicante, adelantada por el fuerte&#8230;<\/p>\n","protected":false},"author":1,"featured_media":15234,"comment_status":"open","ping_status":"open","sticky":false,"template":"","format":"standard","meta":{"footnotes":""},"categories":[75,125],"tags":[399,269,199,397,1362,1363],"class_list":["post-15233","post","type-post","status-publish","format-standard","has-post-thumbnail","hentry","category-noticias","category-portada","tag-agricultura","tag-alicante","tag-campana","tag-cosecha","tag-vendimia","tag-vino"],"yoast_head":"<!-- This site is optimized with the Yoast SEO plugin v27.3 - https:\/\/yoast.com\/product\/yoast-seo-wordpress\/ -->\n<title>La vendimia arranca en la provincia con unas previsiones de cuarenta millones de kilos - COPE Alcoy<\/title>\n<meta name=\"robots\" content=\"index, follow, max-snippet:-1, max-image-preview:large, max-video-preview:-1\" \/>\n<link rel=\"canonical\" href=\"https:\/\/www.copealcoy.es\/es\/la-vendimia-arranca-en-la-provincia-con-unas-previsiones-de-cuarenta-millones-de-kilos\/\" \/>\n<meta property=\"og:locale\" content=\"es_ES\" \/>\n<meta property=\"og:type\" content=\"article\" \/>\n<meta property=\"og:title\" content=\"La vendimia arranca en la provincia con unas previsiones de cuarenta millones de kilos - COPE Alcoy\" \/>\n<meta property=\"og:description\" content=\"La campa\u00f1a de la vendimia de este a\u00f1o ya ha arrancado en la provincia de Alicante, adelantada por el fuerte...\" \/>\n<meta property=\"og:url\" content=\"https:\/\/www.copealcoy.es\/es\/la-vendimia-arranca-en-la-provincia-con-unas-previsiones-de-cuarenta-millones-de-kilos\/\" \/>\n<meta property=\"og:site_name\" content=\"COPE Alcoy\" \/>\n<meta property=\"article:published_time\" content=\"2015-08-26T14:35:08+00:00\" \/>\n<meta property=\"og:image\" content=\"https:\/\/www.copealcoy.es\/wp-content\/uploads\/2015\/08\/vendimia-2015.jpg\" \/>\n\t<meta property=\"og:image:width\" content=\"900\" \/>\n\t<meta property=\"og:image:height\" content=\"599\" \/>\n\t<meta property=\"og:image:type\" content=\"image\/jpeg\" \/>\n<meta name=\"author\" content=\"Cope Alcoy\" \/>\n<meta name=\"twitter:label1\" content=\"Escrito por\" \/>\n\t<meta name=\"twitter:data1\" content=\"Cope Alcoy\" \/>\n\t<meta name=\"twitter:label2\" content=\"Tiempo de lectura\" \/>\n\t<meta name=\"twitter:data2\" content=\"2 minutos\" \/>\n<script type=\"application\/ld+json\" class=\"yoast-schema-graph\">{\"@context\":\"https:\\\/\\\/schema.org\",\"@graph\":[{\"@type\":\"Article\",\"@id\":\"https:\\\/\\\/www.copealcoy.es\\\/es\\\/la-vendimia-arranca-en-la-provincia-con-unas-previsiones-de-cuarenta-millones-de-kilos\\\/#article\",\"isPartOf\":{\"@id\":\"https:\\\/\\\/www.copealcoy.es\\\/es\\\/la-vendimia-arranca-en-la-provincia-con-unas-previsiones-de-cuarenta-millones-de-kilos\\\/\"},\"author\":{\"name\":\"Cope Alcoy\",\"@id\":\"https:\\\/\\\/www.copealcoy.es\\\/es\\\/#\\\/schema\\\/person\\\/e777c87fa024e57d40170af9df39882c\"},\"headline\":\"La vendimia arranca en la provincia con unas previsiones de cuarenta millones de kilos\",\"datePublished\":\"2015-08-26T14:35:08+00:00\",\"mainEntityOfPage\":{\"@id\":\"https:\\\/\\\/www.copealcoy.es\\\/es\\\/la-vendimia-arranca-en-la-provincia-con-unas-previsiones-de-cuarenta-millones-de-kilos\\\/\"},\"wordCount\":363,\"commentCount\":0,\"image\":{\"@id\":\"https:\\\/\\\/www.copealcoy.es\\\/es\\\/la-vendimia-arranca-en-la-provincia-con-unas-previsiones-de-cuarenta-millones-de-kilos\\\/#primaryimage\"},\"thumbnailUrl\":\"https:\\\/\\\/www.copealcoy.es\\\/wp-content\\\/uploads\\\/2015\\\/08\\\/vendimia-2015.jpg\",\"keywords\":[\"Agricultura\",\"Alicante\",\"Campa\u00f1a\",\"Cosecha\",\"vendimia\",\"vino\"],\"articleSection\":[\"Noticias\",\"Portada\"],\"inLanguage\":\"es\"},{\"@type\":\"WebPage\",\"@id\":\"https:\\\/\\\/www.copealcoy.es\\\/es\\\/la-vendimia-arranca-en-la-provincia-con-unas-previsiones-de-cuarenta-millones-de-kilos\\\/\",\"url\":\"https:\\\/\\\/www.copealcoy.es\\\/es\\\/la-vendimia-arranca-en-la-provincia-con-unas-previsiones-de-cuarenta-millones-de-kilos\\\/\",\"name\":\"La vendimia arranca en la provincia con unas previsiones de cuarenta millones de kilos - COPE Alcoy\",\"isPartOf\":{\"@id\":\"https:\\\/\\\/www.copealcoy.es\\\/es\\\/#website\"},\"primaryImageOfPage\":{\"@id\":\"https:\\\/\\\/www.copealcoy.es\\\/es\\\/la-vendimia-arranca-en-la-provincia-con-unas-previsiones-de-cuarenta-millones-de-kilos\\\/#primaryimage\"},\"image\":{\"@id\":\"https:\\\/\\\/www.copealcoy.es\\\/es\\\/la-vendimia-arranca-en-la-provincia-con-unas-previsiones-de-cuarenta-millones-de-kilos\\\/#primaryimage\"},\"thumbnailUrl\":\"https:\\\/\\\/www.copealcoy.es\\\/wp-content\\\/uploads\\\/2015\\\/08\\\/vendimia-2015.jpg\",\"datePublished\":\"2015-08-26T14:35:08+00:00\",\"author\":{\"@id\":\"https:\\\/\\\/www.copealcoy.es\\\/es\\\/#\\\/schema\\\/person\\\/e777c87fa024e57d40170af9df39882c\"},\"breadcrumb\":{\"@id\":\"https:\\\/\\\/www.copealcoy.es\\\/es\\\/la-vendimia-arranca-en-la-provincia-con-unas-previsiones-de-cuarenta-millones-de-kilos\\\/#breadcrumb\"},\"inLanguage\":\"es\",\"potentialAction\":[{\"@type\":\"ReadAction\",\"target\":[\"https:\\\/\\\/www.copealcoy.es\\\/es\\\/la-vendimia-arranca-en-la-provincia-con-unas-previsiones-de-cuarenta-millones-de-kilos\\\/\"]}]},{\"@type\":\"ImageObject\",\"inLanguage\":\"es\",\"@id\":\"https:\\\/\\\/www.copealcoy.es\\\/es\\\/la-vendimia-arranca-en-la-provincia-con-unas-previsiones-de-cuarenta-millones-de-kilos\\\/#primaryimage\",\"url\":\"https:\\\/\\\/www.copealcoy.es\\\/wp-content\\\/uploads\\\/2015\\\/08\\\/vendimia-2015.jpg\",\"contentUrl\":\"https:\\\/\\\/www.copealcoy.es\\\/wp-content\\\/uploads\\\/2015\\\/08\\\/vendimia-2015.jpg\",\"width\":900,\"height\":599,\"caption\":\"Inicio de la vendimia en el Vinalop\u00f3 \\\/ Foto: Denominaci\u00f3n Origen Vinos Alicante\"},{\"@type\":\"BreadcrumbList\",\"@id\":\"https:\\\/\\\/www.copealcoy.es\\\/es\\\/la-vendimia-arranca-en-la-provincia-con-unas-previsiones-de-cuarenta-millones-de-kilos\\\/#breadcrumb\",\"itemListElement\":[{\"@type\":\"ListItem\",\"position\":1,\"name\":\"Portada\",\"item\":\"https:\\\/\\\/www.copealcoy.es\\\/es\\\/\"},{\"@type\":\"ListItem\",\"position\":2,\"name\":\"La vendimia arranca en la provincia con unas previsiones de cuarenta millones de kilos\"}]},{\"@type\":\"WebSite\",\"@id\":\"https:\\\/\\\/www.copealcoy.es\\\/es\\\/#website\",\"url\":\"https:\\\/\\\/www.copealcoy.es\\\/es\\\/\",\"name\":\"COPE Alcoy\",\"description\":\"Emisora COPE de radio local con emisi\u00f3n online. Pont de Sant Jordi 8-10 03803 Alcoy\",\"potentialAction\":[{\"@type\":\"SearchAction\",\"target\":{\"@type\":\"EntryPoint\",\"urlTemplate\":\"https:\\\/\\\/www.copealcoy.es\\\/es\\\/?s={search_term_string}\"},\"query-input\":{\"@type\":\"PropertyValueSpecification\",\"valueRequired\":true,\"valueName\":\"search_term_string\"}}],\"inLanguage\":\"es\"},{\"@type\":\"Person\",\"@id\":\"https:\\\/\\\/www.copealcoy.es\\\/es\\\/#\\\/schema\\\/person\\\/e777c87fa024e57d40170af9df39882c\",\"name\":\"Cope Alcoy\",\"image\":{\"@type\":\"ImageObject\",\"inLanguage\":\"es\",\"@id\":\"https:\\\/\\\/secure.gravatar.com\\\/avatar\\\/bb65d0283347e303893ba14f0692005417c1e0e690a325a4c5d8bb2b3943ee14?s=96&d=mm&r=g\",\"url\":\"https:\\\/\\\/secure.gravatar.com\\\/avatar\\\/bb65d0283347e303893ba14f0692005417c1e0e690a325a4c5d8bb2b3943ee14?s=96&d=mm&r=g\",\"contentUrl\":\"https:\\\/\\\/secure.gravatar.com\\\/avatar\\\/bb65d0283347e303893ba14f0692005417c1e0e690a325a4c5d8bb2b3943ee14?s=96&d=mm&r=g\",\"caption\":\"Cope Alcoy\"}}]}<\/script>\n<!-- \/ Yoast SEO plugin. -->","yoast_head_json":{"title":"La vendimia arranca en la provincia con unas previsiones de cuarenta millones de kilos - COPE Alcoy","robots":{"index":"index","follow":"follow","max-snippet":"max-snippet:-1","max-image-preview":"max-image-preview:large","max-video-preview":"max-video-preview:-1"},"canonical":"https:\/\/www.copealcoy.es\/es\/la-vendimia-arranca-en-la-provincia-con-unas-previsiones-de-cuarenta-millones-de-kilos\/","og_locale":"es_ES","og_type":"article","og_title":"La vendimia arranca en la provincia con unas previsiones de cuarenta millones de kilos - COPE Alcoy","og_description":"La campa\u00f1a de la vendimia de este a\u00f1o ya ha arrancado en la provincia de Alicante, adelantada por el fuerte...","og_url":"https:\/\/www.copealcoy.es\/es\/la-vendimia-arranca-en-la-provincia-con-unas-previsiones-de-cuarenta-millones-de-kilos\/","og_site_name":"COPE Alcoy","article_published_time":"2015-08-26T14:35:08+00:00","og_image":[{"width":900,"height":599,"url":"https:\/\/www.copealcoy.es\/wp-content\/uploads\/2015\/08\/vendimia-2015.jpg","type":"image\/jpeg"}],"author":"Cope Alcoy","twitter_misc":{"Escrito por":"Cope Alcoy","Tiempo de lectura":"2 minutos"},"schema":{"@context":"https:\/\/schema.org","@graph":[{"@type":"Article","@id":"https:\/\/www.copealcoy.es\/es\/la-vendimia-arranca-en-la-provincia-con-unas-previsiones-de-cuarenta-millones-de-kilos\/#article","isPartOf":{"@id":"https:\/\/www.copealcoy.es\/es\/la-vendimia-arranca-en-la-provincia-con-unas-previsiones-de-cuarenta-millones-de-kilos\/"},"author":{"name":"Cope Alcoy","@id":"https:\/\/www.copealcoy.es\/es\/#\/schema\/person\/e777c87fa024e57d40170af9df39882c"},"headline":"La vendimia arranca en la provincia con unas previsiones de cuarenta millones de kilos","datePublished":"2015-08-26T14:35:08+00:00","mainEntityOfPage":{"@id":"https:\/\/www.copealcoy.es\/es\/la-vendimia-arranca-en-la-provincia-con-unas-previsiones-de-cuarenta-millones-de-kilos\/"},"wordCount":363,"commentCount":0,"image":{"@id":"https:\/\/www.copealcoy.es\/es\/la-vendimia-arranca-en-la-provincia-con-unas-previsiones-de-cuarenta-millones-de-kilos\/#primaryimage"},"thumbnailUrl":"https:\/\/www.copealcoy.es\/wp-content\/uploads\/2015\/08\/vendimia-2015.jpg","keywords":["Agricultura","Alicante","Campa\u00f1a","Cosecha","vendimia","vino"],"articleSection":["Noticias","Portada"],"inLanguage":"es"},{"@type":"WebPage","@id":"https:\/\/www.copealcoy.es\/es\/la-vendimia-arranca-en-la-provincia-con-unas-previsiones-de-cuarenta-millones-de-kilos\/","url":"https:\/\/www.copealcoy.es\/es\/la-vendimia-arranca-en-la-provincia-con-unas-previsiones-de-cuarenta-millones-de-kilos\/","name":"La vendimia arranca en la provincia con unas previsiones de cuarenta millones de kilos - COPE Alcoy","isPartOf":{"@id":"https:\/\/www.copealcoy.es\/es\/#website"},"primaryImageOfPage":{"@id":"https:\/\/www.copealcoy.es\/es\/la-vendimia-arranca-en-la-provincia-con-unas-previsiones-de-cuarenta-millones-de-kilos\/#primaryimage"},"image":{"@id":"https:\/\/www.copealcoy.es\/es\/la-vendimia-arranca-en-la-provincia-con-unas-previsiones-de-cuarenta-millones-de-kilos\/#primaryimage"},"thumbnailUrl":"https:\/\/www.copealcoy.es\/wp-content\/uploads\/2015\/08\/vendimia-2015.jpg","datePublished":"2015-08-26T14:35:08+00:00","author":{"@id":"https:\/\/www.copealcoy.es\/es\/#\/schema\/person\/e777c87fa024e57d40170af9df39882c"},"breadcrumb":{"@id":"https:\/\/www.copealcoy.es\/es\/la-vendimia-arranca-en-la-provincia-con-unas-previsiones-de-cuarenta-millones-de-kilos\/#breadcrumb"},"inLanguage":"es","potentialAction":[{"@type":"ReadAction","target":["https:\/\/www.copealcoy.es\/es\/la-vendimia-arranca-en-la-provincia-con-unas-previsiones-de-cuarenta-millones-de-kilos\/"]}]},{"@type":"ImageObject","inLanguage":"es","@id":"https:\/\/www.copealcoy.es\/es\/la-vendimia-arranca-en-la-provincia-con-unas-previsiones-de-cuarenta-millones-de-kilos\/#primaryimage","url":"https:\/\/www.copealcoy.es\/wp-content\/uploads\/2015\/08\/vendimia-2015.jpg","contentUrl":"https:\/\/www.copealcoy.es\/wp-content\/uploads\/2015\/08\/vendimia-2015.jpg","width":900,"height":599,"caption":"Inicio de la vendimia en el Vinalop\u00f3 \/ Foto: Denominaci\u00f3n Origen Vinos Alicante"},{"@type":"BreadcrumbList","@id":"https:\/\/www.copealcoy.es\/es\/la-vendimia-arranca-en-la-provincia-con-unas-previsiones-de-cuarenta-millones-de-kilos\/#breadcrumb","itemListElement":[{"@type":"ListItem","position":1,"name":"Portada","item":"https:\/\/www.copealcoy.es\/es\/"},{"@type":"ListItem","position":2,"name":"La vendimia arranca en la provincia con unas previsiones de cuarenta millones de kilos"}]},{"@type":"WebSite","@id":"https:\/\/www.copealcoy.es\/es\/#website","url":"https:\/\/www.copealcoy.es\/es\/","name":"COPE Alcoy","description":"Emisora COPE de radio local con emisi\u00f3n online. Pont de Sant Jordi 8-10 03803 Alcoy","potentialAction":[{"@type":"SearchAction","target":{"@type":"EntryPoint","urlTemplate":"https:\/\/www.copealcoy.es\/es\/?s={search_term_string}"},"query-input":{"@type":"PropertyValueSpecification","valueRequired":true,"valueName":"search_term_string"}}],"inLanguage":"es"},{"@type":"Person","@id":"https:\/\/www.copealcoy.es\/es\/#\/schema\/person\/e777c87fa024e57d40170af9df39882c","name":"Cope Alcoy","image":{"@type":"ImageObject","inLanguage":"es","@id":"https:\/\/secure.gravatar.com\/avatar\/bb65d0283347e303893ba14f0692005417c1e0e690a325a4c5d8bb2b3943ee14?s=96&d=mm&r=g","url":"https:\/\/secure.gravatar.com\/avatar\/bb65d0283347e303893ba14f0692005417c1e0e690a325a4c5d8bb2b3943ee14?s=96&d=mm&r=g","contentUrl":"https:\/\/secure.gravatar.com\/avatar\/bb65d0283347e303893ba14f0692005417c1e0e690a325a4c5d8bb2b3943ee14?s=96&d=mm&r=g","caption":"Cope Alcoy"}}]}},"_links":{"self":[{"href":"https:\/\/www.copealcoy.es\/es\/wp-json\/wp\/v2\/posts\/15233","targetHints":{"allow":["GET"]}}],"collection":[{"href":"https:\/\/www.copealcoy.es\/es\/wp-json\/wp\/v2\/posts"}],"about":[{"href":"https:\/\/www.copealcoy.es\/es\/wp-json\/wp\/v2\/types\/post"}],"author":[{"embeddable":true,"href":"https:\/\/www.copealcoy.es\/es\/wp-json\/wp\/v2\/users\/1"}],"replies":[{"embeddable":true,"href":"https:\/\/www.copealcoy.es\/es\/wp-json\/wp\/v2\/comments?post=15233"}],"version-history":[{"count":0,"href":"https:\/\/www.copealcoy.es\/es\/wp-json\/wp\/v2\/posts\/15233\/revisions"}],"wp:featuredmedia":[{"embeddable":true,"href":"https:\/\/www.copealcoy.es\/es\/wp-json\/wp\/v2\/media\/15234"}],"wp:attachment":[{"href":"https:\/\/www.copealcoy.es\/es\/wp-json\/wp\/v2\/media?parent=15233"}],"wp:term":[{"taxonomy":"category","embeddable":true,"href":"https:\/\/www.copealcoy.es\/es\/wp-json\/wp\/v2\/categories?post=15233"},{"taxonomy":"post_tag","embeddable":true,"href":"https:\/\/www.copealcoy.es\/es\/wp-json\/wp\/v2\/tags?post=15233"}],"curies":[{"name":"wp","href":"https:\/\/api.w.org\/{rel}","templated":true}]}}