{"id":152190,"date":"2025-05-13T08:00:30","date_gmt":"2025-05-13T07:00:30","guid":{"rendered":"https:\/\/www.copealcoy.es\/?p=152190"},"modified":"2025-05-13T12:06:47","modified_gmt":"2025-05-13T11:06:47","slug":"cocentaina-ya-tiene-presupuesto-para-el-ano-2025","status":"publish","type":"post","link":"https:\/\/www.copealcoy.es\/es\/cocentaina-ya-tiene-presupuesto-para-el-ano-2025\/","title":{"rendered":"Cocentaina ya tiene Presupuesto para el a\u00f1o 2025"},"content":{"rendered":"<p style=\"text-align: justify;\">El pleno del <a href=\"https:\/\/www.cocentaina.es\/\" target=\"_blank\" rel=\"noopener\"><span style=\"color: #0000ff;\"><strong>Ayuntamiento de Cocentaina<\/strong><\/span><\/a>, celebrado el pasado 30 de abril, aprob\u00f3 el Presupuesto para 2025, que <strong>asciende a un total de 13.679.384,24 euros<\/strong>, la cifra m\u00e1s alta en la historia del municipio. Las cuentas salieron adelante <strong>con los 9 votos a favor del equipo de gobierno<\/strong> (5 de Comprom\u00eds y 4 del PSOE al encontrarse una edil de los socialistas en el extranjero), mientras que el <strong>PP y Vox se abstuvieron<\/strong>, sumando en total siete votos.<\/p>\n<p style=\"text-align: justify;\">Este Presupuesto <strong>supone un aumento cercano a un mill\u00f3n de euros<\/strong> respecto a 2024, concretamente un 7,83%. Entre los <strong>principales proyectos previstos<\/strong> destacan mejoras en la avinguda Rei En Jaume I y en la calle y plaza Moss\u00e9n Eugenio Radu\u00e1n, as\u00ed como la renovaci\u00f3n del Bar de Sant Crist\u00f2fol, la instalaci\u00f3n de placas solares en el Ferrocarril y el cambio de ventanas en el CEIP Real Blanc. Tambi\u00e9n se invertir\u00e1n fondos en iluminar la V\u00eda Verde hasta Muro, as\u00ed como en la contrataci\u00f3n de un segundo arquitecto municipal y en proyectos como la consolidaci\u00f3n del agente de igualdad y el servicio de Itinerarios Sociolaborales.<\/p>\n<p style=\"text-align: justify;\">En cuanto a las <strong>inversiones reales<\/strong>, estas han crecido un 162%, pasando de aproximadamente 179.000 euros a casi 470.000 euros. Los fondos se destinar\u00e1n a renovar pavimentos, calles y plazas (18.000 euros), parques y jardines (18.000 euros), centros para la tercera edad (30.000 euros), adem\u00e1s de proyectos espec\u00edficos como la colocaci\u00f3n de placas solares (20.000 euros) o la remodelaci\u00f3n del Bar de Sant Crist\u00f2fol (40.000 euros). Tambi\u00e9n est\u00e1 previsto trasladar la FPA Beniassent al antiguo edificio del Bosco y comenzar licitaciones para el servicio de bar y cafeter\u00eda del Polideportivo Municipal y para el paraje de Sant Crist\u00f2fol.<\/p>\n<p style=\"text-align: justify;\">Asimismo, el Ayuntamiento ha atendido las <strong>demandas ciudadanas<\/strong> recogidas en los Presupuestos Participativos 2025, con iniciativas como iluminar la V\u00eda Verde hasta Muro o acondicionar zonas de ocio en los parques Paquito el Chocolatero y el Ferrocarril. En <strong>materia social y sanitaria<\/strong>, el consistorio apuesta por hacer realidad la Zona B\u00e1sica de Salud de Cocentaina y continuar trabajando en modelos innovadores como el Modelo de Gesti\u00f3n Integrativa de las Transiciones. En cultura, educaci\u00f3n y deporte, se han incrementado las subvenciones a entidades locales, clubes deportivos y colectivos art\u00edsticos.<\/p>\n<p style=\"text-align: justify;\">Finalmente, se seguir\u00e1n impulsando pol\u00edticas verdes mediante iniciativas como la instalaci\u00f3n de paneles solares en equipamientos municipales para reducir emisiones y costes energ\u00e9ticos \u201c<em>a pesar de los retos fiscales actuales, hemos elaborado un Presupuesto que cubre las necesidades b\u00e1sicas del pueblo y que permitir\u00e1 seguir avanzando<\/em>&#8220;, se\u00f1ala la edil de Hacienda; <strong>Marisa Abad<\/strong>.\u00a0Por su parte, el alcalde <strong>Jordi Pla<\/strong> subray\u00f3 que \u201c<em>es un Presupuesto realista y comprometido con los servicios p\u00fablicos esenciales para el futuro de Cocentaina<\/em>\u201d, lamentando las restricciones impuestas por normativas estatales que limitan el uso de los recursos econ\u00f3micos locales.<\/p>\n","protected":false},"excerpt":{"rendered":"<p>El pleno del Ayuntamiento de Cocentaina, celebrado el pasado 30 de abril, aprob\u00f3 el Presupuesto para 2025, que asciende a&#8230;<\/p>\n","protected":false},"author":1,"featured_media":152191,"comment_status":"closed","ping_status":"closed","sticky":false,"template":"","format":"standard","meta":{"footnotes":""},"categories":[6909,98,75],"tags":[276,132,2092,19125,1572],"class_list":["post-152190","post","type-post","status-publish","format-standard","has-post-thumbnail","hentry","category-actualidad","category-comarcas","category-noticias","tag-aprobacion","tag-cocentaina","tag-jordi-pla","tag-marisa-abad","tag-presupuestos-municipales"],"yoast_head":"<!-- This site is optimized with the Yoast SEO plugin v27.3 - https:\/\/yoast.com\/product\/yoast-seo-wordpress\/ -->\n<title>Cocentaina ya tiene Presupuesto para el a\u00f1o 2025 - COPE Alcoy<\/title>\n<meta name=\"description\" content=\"El pleno del Ayuntamiento de Cocentaina, celebrado el pasado 30 de abril, aprob\u00f3 el presupuesto para 2025, que asciende a un total de 13.679.384,24 euros, la cifra m\u00e1s alta en la historia del municipio\" \/>\n<meta name=\"robots\" content=\"index, follow, max-snippet:-1, max-image-preview:large, max-video-preview:-1\" \/>\n<link rel=\"canonical\" href=\"https:\/\/www.copealcoy.es\/es\/cocentaina-ya-tiene-presupuesto-para-el-ano-2025\/\" \/>\n<meta property=\"og:locale\" content=\"es_ES\" \/>\n<meta property=\"og:type\" content=\"article\" \/>\n<meta property=\"og:title\" content=\"Cocentaina ya tiene Presupuesto para el a\u00f1o 2025 - COPE Alcoy\" \/>\n<meta property=\"og:description\" content=\"El pleno del Ayuntamiento de Cocentaina, celebrado el pasado 30 de abril, aprob\u00f3 el presupuesto para 2025, que asciende a un total de 13.679.384,24 euros, la cifra m\u00e1s alta en la historia del municipio\" \/>\n<meta property=\"og:url\" content=\"https:\/\/www.copealcoy.es\/es\/cocentaina-ya-tiene-presupuesto-para-el-ano-2025\/\" \/>\n<meta property=\"og:site_name\" content=\"COPE Alcoy\" \/>\n<meta property=\"article:published_time\" content=\"2025-05-13T07:00:30+00:00\" \/>\n<meta property=\"article:modified_time\" content=\"2025-05-13T11:06:47+00:00\" \/>\n<meta property=\"og:image\" content=\"https:\/\/www.copealcoy.es\/wp-content\/uploads\/2025\/05\/votacion-presupuesto-cocentaina.jpg\" \/>\n\t<meta property=\"og:image:width\" content=\"820\" \/>\n\t<meta property=\"og:image:height\" content=\"526\" \/>\n\t<meta property=\"og:image:type\" content=\"image\/jpeg\" \/>\n<meta name=\"author\" content=\"Cope Alcoy\" \/>\n<meta name=\"twitter:label1\" content=\"Escrito por\" \/>\n\t<meta name=\"twitter:data1\" content=\"Cope Alcoy\" \/>\n\t<meta name=\"twitter:label2\" content=\"Tiempo de lectura\" \/>\n\t<meta name=\"twitter:data2\" content=\"3 minutos\" \/>\n<script type=\"application\/ld+json\" class=\"yoast-schema-graph\">{\"@context\":\"https:\\\/\\\/schema.org\",\"@graph\":[{\"@type\":\"Article\",\"@id\":\"https:\\\/\\\/www.copealcoy.es\\\/es\\\/cocentaina-ya-tiene-presupuesto-para-el-ano-2025\\\/#article\",\"isPartOf\":{\"@id\":\"https:\\\/\\\/www.copealcoy.es\\\/es\\\/cocentaina-ya-tiene-presupuesto-para-el-ano-2025\\\/\"},\"author\":{\"name\":\"Cope Alcoy\",\"@id\":\"https:\\\/\\\/www.copealcoy.es\\\/es\\\/#\\\/schema\\\/person\\\/e777c87fa024e57d40170af9df39882c\"},\"headline\":\"Cocentaina ya tiene Presupuesto para el a\u00f1o 2025\",\"datePublished\":\"2025-05-13T07:00:30+00:00\",\"dateModified\":\"2025-05-13T11:06:47+00:00\",\"mainEntityOfPage\":{\"@id\":\"https:\\\/\\\/www.copealcoy.es\\\/es\\\/cocentaina-ya-tiene-presupuesto-para-el-ano-2025\\\/\"},\"wordCount\":488,\"image\":{\"@id\":\"https:\\\/\\\/www.copealcoy.es\\\/es\\\/cocentaina-ya-tiene-presupuesto-para-el-ano-2025\\\/#primaryimage\"},\"thumbnailUrl\":\"https:\\\/\\\/www.copealcoy.es\\\/wp-content\\\/uploads\\\/2025\\\/05\\\/votacion-presupuesto-cocentaina.jpg\",\"keywords\":[\"Aprobaci\u00f3n\",\"Cocentaina\",\"Jordi Pla\",\"Marisa Abad\",\"Presupuestos Municipales\"],\"articleSection\":[\"Actualidad\",\"Comarcas\",\"Noticias\"],\"inLanguage\":\"es\"},{\"@type\":\"WebPage\",\"@id\":\"https:\\\/\\\/www.copealcoy.es\\\/es\\\/cocentaina-ya-tiene-presupuesto-para-el-ano-2025\\\/\",\"url\":\"https:\\\/\\\/www.copealcoy.es\\\/es\\\/cocentaina-ya-tiene-presupuesto-para-el-ano-2025\\\/\",\"name\":\"Cocentaina ya tiene Presupuesto para el a\u00f1o 2025 - COPE Alcoy\",\"isPartOf\":{\"@id\":\"https:\\\/\\\/www.copealcoy.es\\\/es\\\/#website\"},\"primaryImageOfPage\":{\"@id\":\"https:\\\/\\\/www.copealcoy.es\\\/es\\\/cocentaina-ya-tiene-presupuesto-para-el-ano-2025\\\/#primaryimage\"},\"image\":{\"@id\":\"https:\\\/\\\/www.copealcoy.es\\\/es\\\/cocentaina-ya-tiene-presupuesto-para-el-ano-2025\\\/#primaryimage\"},\"thumbnailUrl\":\"https:\\\/\\\/www.copealcoy.es\\\/wp-content\\\/uploads\\\/2025\\\/05\\\/votacion-presupuesto-cocentaina.jpg\",\"datePublished\":\"2025-05-13T07:00:30+00:00\",\"dateModified\":\"2025-05-13T11:06:47+00:00\",\"author\":{\"@id\":\"https:\\\/\\\/www.copealcoy.es\\\/es\\\/#\\\/schema\\\/person\\\/e777c87fa024e57d40170af9df39882c\"},\"description\":\"El pleno del Ayuntamiento de Cocentaina, celebrado el pasado 30 de abril, aprob\u00f3 el presupuesto para 2025, que asciende a un total de 13.679.384,24 euros, la cifra m\u00e1s alta en la historia del municipio\",\"breadcrumb\":{\"@id\":\"https:\\\/\\\/www.copealcoy.es\\\/es\\\/cocentaina-ya-tiene-presupuesto-para-el-ano-2025\\\/#breadcrumb\"},\"inLanguage\":\"es\",\"potentialAction\":[{\"@type\":\"ReadAction\",\"target\":[\"https:\\\/\\\/www.copealcoy.es\\\/es\\\/cocentaina-ya-tiene-presupuesto-para-el-ano-2025\\\/\"]}]},{\"@type\":\"ImageObject\",\"inLanguage\":\"es\",\"@id\":\"https:\\\/\\\/www.copealcoy.es\\\/es\\\/cocentaina-ya-tiene-presupuesto-para-el-ano-2025\\\/#primaryimage\",\"url\":\"https:\\\/\\\/www.copealcoy.es\\\/wp-content\\\/uploads\\\/2025\\\/05\\\/votacion-presupuesto-cocentaina.jpg\",\"contentUrl\":\"https:\\\/\\\/www.copealcoy.es\\\/wp-content\\\/uploads\\\/2025\\\/05\\\/votacion-presupuesto-cocentaina.jpg\",\"width\":820,\"height\":526},{\"@type\":\"BreadcrumbList\",\"@id\":\"https:\\\/\\\/www.copealcoy.es\\\/es\\\/cocentaina-ya-tiene-presupuesto-para-el-ano-2025\\\/#breadcrumb\",\"itemListElement\":[{\"@type\":\"ListItem\",\"position\":1,\"name\":\"Portada\",\"item\":\"https:\\\/\\\/www.copealcoy.es\\\/es\\\/\"},{\"@type\":\"ListItem\",\"position\":2,\"name\":\"Cocentaina ya tiene Presupuesto para el a\u00f1o 2025\"}]},{\"@type\":\"WebSite\",\"@id\":\"https:\\\/\\\/www.copealcoy.es\\\/es\\\/#website\",\"url\":\"https:\\\/\\\/www.copealcoy.es\\\/es\\\/\",\"name\":\"COPE Alcoy\",\"description\":\"Emisora COPE de radio local con emisi\u00f3n online. Pont de Sant Jordi 8-10 03803 Alcoy\",\"potentialAction\":[{\"@type\":\"SearchAction\",\"target\":{\"@type\":\"EntryPoint\",\"urlTemplate\":\"https:\\\/\\\/www.copealcoy.es\\\/es\\\/?s={search_term_string}\"},\"query-input\":{\"@type\":\"PropertyValueSpecification\",\"valueRequired\":true,\"valueName\":\"search_term_string\"}}],\"inLanguage\":\"es\"},{\"@type\":\"Person\",\"@id\":\"https:\\\/\\\/www.copealcoy.es\\\/es\\\/#\\\/schema\\\/person\\\/e777c87fa024e57d40170af9df39882c\",\"name\":\"Cope Alcoy\",\"image\":{\"@type\":\"ImageObject\",\"inLanguage\":\"es\",\"@id\":\"https:\\\/\\\/secure.gravatar.com\\\/avatar\\\/bb65d0283347e303893ba14f0692005417c1e0e690a325a4c5d8bb2b3943ee14?s=96&d=mm&r=g\",\"url\":\"https:\\\/\\\/secure.gravatar.com\\\/avatar\\\/bb65d0283347e303893ba14f0692005417c1e0e690a325a4c5d8bb2b3943ee14?s=96&d=mm&r=g\",\"contentUrl\":\"https:\\\/\\\/secure.gravatar.com\\\/avatar\\\/bb65d0283347e303893ba14f0692005417c1e0e690a325a4c5d8bb2b3943ee14?s=96&d=mm&r=g\",\"caption\":\"Cope Alcoy\"}}]}<\/script>\n<!-- \/ Yoast SEO plugin. -->","yoast_head_json":{"title":"Cocentaina ya tiene Presupuesto para el a\u00f1o 2025 - COPE Alcoy","description":"El pleno del Ayuntamiento de Cocentaina, celebrado el pasado 30 de abril, aprob\u00f3 el presupuesto para 2025, que asciende a un total de 13.679.384,24 euros, la cifra m\u00e1s alta en la historia del municipio","robots":{"index":"index","follow":"follow","max-snippet":"max-snippet:-1","max-image-preview":"max-image-preview:large","max-video-preview":"max-video-preview:-1"},"canonical":"https:\/\/www.copealcoy.es\/es\/cocentaina-ya-tiene-presupuesto-para-el-ano-2025\/","og_locale":"es_ES","og_type":"article","og_title":"Cocentaina ya tiene Presupuesto para el a\u00f1o 2025 - COPE Alcoy","og_description":"El pleno del Ayuntamiento de Cocentaina, celebrado el pasado 30 de abril, aprob\u00f3 el presupuesto para 2025, que asciende a un total de 13.679.384,24 euros, la cifra m\u00e1s alta en la historia del municipio","og_url":"https:\/\/www.copealcoy.es\/es\/cocentaina-ya-tiene-presupuesto-para-el-ano-2025\/","og_site_name":"COPE Alcoy","article_published_time":"2025-05-13T07:00:30+00:00","article_modified_time":"2025-05-13T11:06:47+00:00","og_image":[{"width":820,"height":526,"url":"https:\/\/www.copealcoy.es\/wp-content\/uploads\/2025\/05\/votacion-presupuesto-cocentaina.jpg","type":"image\/jpeg"}],"author":"Cope Alcoy","twitter_misc":{"Escrito por":"Cope Alcoy","Tiempo de lectura":"3 minutos"},"schema":{"@context":"https:\/\/schema.org","@graph":[{"@type":"Article","@id":"https:\/\/www.copealcoy.es\/es\/cocentaina-ya-tiene-presupuesto-para-el-ano-2025\/#article","isPartOf":{"@id":"https:\/\/www.copealcoy.es\/es\/cocentaina-ya-tiene-presupuesto-para-el-ano-2025\/"},"author":{"name":"Cope Alcoy","@id":"https:\/\/www.copealcoy.es\/es\/#\/schema\/person\/e777c87fa024e57d40170af9df39882c"},"headline":"Cocentaina ya tiene Presupuesto para el a\u00f1o 2025","datePublished":"2025-05-13T07:00:30+00:00","dateModified":"2025-05-13T11:06:47+00:00","mainEntityOfPage":{"@id":"https:\/\/www.copealcoy.es\/es\/cocentaina-ya-tiene-presupuesto-para-el-ano-2025\/"},"wordCount":488,"image":{"@id":"https:\/\/www.copealcoy.es\/es\/cocentaina-ya-tiene-presupuesto-para-el-ano-2025\/#primaryimage"},"thumbnailUrl":"https:\/\/www.copealcoy.es\/wp-content\/uploads\/2025\/05\/votacion-presupuesto-cocentaina.jpg","keywords":["Aprobaci\u00f3n","Cocentaina","Jordi Pla","Marisa Abad","Presupuestos Municipales"],"articleSection":["Actualidad","Comarcas","Noticias"],"inLanguage":"es"},{"@type":"WebPage","@id":"https:\/\/www.copealcoy.es\/es\/cocentaina-ya-tiene-presupuesto-para-el-ano-2025\/","url":"https:\/\/www.copealcoy.es\/es\/cocentaina-ya-tiene-presupuesto-para-el-ano-2025\/","name":"Cocentaina ya tiene Presupuesto para el a\u00f1o 2025 - COPE Alcoy","isPartOf":{"@id":"https:\/\/www.copealcoy.es\/es\/#website"},"primaryImageOfPage":{"@id":"https:\/\/www.copealcoy.es\/es\/cocentaina-ya-tiene-presupuesto-para-el-ano-2025\/#primaryimage"},"image":{"@id":"https:\/\/www.copealcoy.es\/es\/cocentaina-ya-tiene-presupuesto-para-el-ano-2025\/#primaryimage"},"thumbnailUrl":"https:\/\/www.copealcoy.es\/wp-content\/uploads\/2025\/05\/votacion-presupuesto-cocentaina.jpg","datePublished":"2025-05-13T07:00:30+00:00","dateModified":"2025-05-13T11:06:47+00:00","author":{"@id":"https:\/\/www.copealcoy.es\/es\/#\/schema\/person\/e777c87fa024e57d40170af9df39882c"},"description":"El pleno del Ayuntamiento de Cocentaina, celebrado el pasado 30 de abril, aprob\u00f3 el presupuesto para 2025, que asciende a un total de 13.679.384,24 euros, la cifra m\u00e1s alta en la historia del municipio","breadcrumb":{"@id":"https:\/\/www.copealcoy.es\/es\/cocentaina-ya-tiene-presupuesto-para-el-ano-2025\/#breadcrumb"},"inLanguage":"es","potentialAction":[{"@type":"ReadAction","target":["https:\/\/www.copealcoy.es\/es\/cocentaina-ya-tiene-presupuesto-para-el-ano-2025\/"]}]},{"@type":"ImageObject","inLanguage":"es","@id":"https:\/\/www.copealcoy.es\/es\/cocentaina-ya-tiene-presupuesto-para-el-ano-2025\/#primaryimage","url":"https:\/\/www.copealcoy.es\/wp-content\/uploads\/2025\/05\/votacion-presupuesto-cocentaina.jpg","contentUrl":"https:\/\/www.copealcoy.es\/wp-content\/uploads\/2025\/05\/votacion-presupuesto-cocentaina.jpg","width":820,"height":526},{"@type":"BreadcrumbList","@id":"https:\/\/www.copealcoy.es\/es\/cocentaina-ya-tiene-presupuesto-para-el-ano-2025\/#breadcrumb","itemListElement":[{"@type":"ListItem","position":1,"name":"Portada","item":"https:\/\/www.copealcoy.es\/es\/"},{"@type":"ListItem","position":2,"name":"Cocentaina ya tiene Presupuesto para el a\u00f1o 2025"}]},{"@type":"WebSite","@id":"https:\/\/www.copealcoy.es\/es\/#website","url":"https:\/\/www.copealcoy.es\/es\/","name":"COPE Alcoy","description":"Emisora COPE de radio local con emisi\u00f3n online. Pont de Sant Jordi 8-10 03803 Alcoy","potentialAction":[{"@type":"SearchAction","target":{"@type":"EntryPoint","urlTemplate":"https:\/\/www.copealcoy.es\/es\/?s={search_term_string}"},"query-input":{"@type":"PropertyValueSpecification","valueRequired":true,"valueName":"search_term_string"}}],"inLanguage":"es"},{"@type":"Person","@id":"https:\/\/www.copealcoy.es\/es\/#\/schema\/person\/e777c87fa024e57d40170af9df39882c","name":"Cope Alcoy","image":{"@type":"ImageObject","inLanguage":"es","@id":"https:\/\/secure.gravatar.com\/avatar\/bb65d0283347e303893ba14f0692005417c1e0e690a325a4c5d8bb2b3943ee14?s=96&d=mm&r=g","url":"https:\/\/secure.gravatar.com\/avatar\/bb65d0283347e303893ba14f0692005417c1e0e690a325a4c5d8bb2b3943ee14?s=96&d=mm&r=g","contentUrl":"https:\/\/secure.gravatar.com\/avatar\/bb65d0283347e303893ba14f0692005417c1e0e690a325a4c5d8bb2b3943ee14?s=96&d=mm&r=g","caption":"Cope Alcoy"}}]}},"_links":{"self":[{"href":"https:\/\/www.copealcoy.es\/es\/wp-json\/wp\/v2\/posts\/152190","targetHints":{"allow":["GET"]}}],"collection":[{"href":"https:\/\/www.copealcoy.es\/es\/wp-json\/wp\/v2\/posts"}],"about":[{"href":"https:\/\/www.copealcoy.es\/es\/wp-json\/wp\/v2\/types\/post"}],"author":[{"embeddable":true,"href":"https:\/\/www.copealcoy.es\/es\/wp-json\/wp\/v2\/users\/1"}],"replies":[{"embeddable":true,"href":"https:\/\/www.copealcoy.es\/es\/wp-json\/wp\/v2\/comments?post=152190"}],"version-history":[{"count":3,"href":"https:\/\/www.copealcoy.es\/es\/wp-json\/wp\/v2\/posts\/152190\/revisions"}],"predecessor-version":[{"id":152196,"href":"https:\/\/www.copealcoy.es\/es\/wp-json\/wp\/v2\/posts\/152190\/revisions\/152196"}],"wp:featuredmedia":[{"embeddable":true,"href":"https:\/\/www.copealcoy.es\/es\/wp-json\/wp\/v2\/media\/152191"}],"wp:attachment":[{"href":"https:\/\/www.copealcoy.es\/es\/wp-json\/wp\/v2\/media?parent=152190"}],"wp:term":[{"taxonomy":"category","embeddable":true,"href":"https:\/\/www.copealcoy.es\/es\/wp-json\/wp\/v2\/categories?post=152190"},{"taxonomy":"post_tag","embeddable":true,"href":"https:\/\/www.copealcoy.es\/es\/wp-json\/wp\/v2\/tags?post=152190"}],"curies":[{"name":"wp","href":"https:\/\/api.w.org\/{rel}","templated":true}]}}