{"id":15203,"date":"2015-08-25T14:46:04","date_gmt":"2015-08-25T14:46:04","guid":{"rendered":"http:\/\/copealcoi.es\/new\/?p=15203"},"modified":"2015-08-25T14:48:34","modified_gmt":"2015-08-25T14:48:34","slug":"el-desvio-de-un-poste-electrico-retrasa-las-obras-de-la-calle-calderon","status":"publish","type":"post","link":"https:\/\/www.copealcoy.es\/es\/el-desvio-de-un-poste-electrico-retrasa-las-obras-de-la-calle-calderon\/","title":{"rendered":"El desv\u00edo de un poste el\u00e9ctrico retrasa las obras de la calle Calder\u00f3n"},"content":{"rendered":"<p style=\"text-align: justify;\">El inicio de las obras de la calle Calder\u00f3n de Alcoy, cerrada al tr\u00e1fico desde el 2012, tendr\u00e1 que demorarse m\u00e1s en el tiempo a la espera de la retirada de una l\u00ednea de luz\u00a0que suministra a la zona de Algezares. El alcalde, Antonio Franc\u00e9s, explicaba semana atr\u00e1s en la Ma\u00f1ana de Cope Alcoy que el pasado mes de mayo se adjudic\u00f3 con car\u00e1cter de urgencia la demolici\u00f3n de un inmueble y que ahora se ha constatado la necesidad de desviar el poste el\u00e9ctrico para poder comenzar la intervenci\u00f3n. El primer edil resalta que estos trabajos se iniciar\u00e1n cuanto antes &#8220;la intenci\u00f3n es que en oto\u00f1o ya pueda comenzar la reparaci\u00f3n\u00a0de la calle que acumula un importante retraso ya que la gesti\u00f3n de las obras ha estado plagada de inconvenientes&#8221;, matiza.<\/p>\n<p style=\"text-align: justify;\">Recordar que este vial, que conecta el Centro con el barrio de la Zona Norte, lleva tres a\u00f1os sin poder ser utilizado debido a las intensas lluvias del 17 de enero del 2012 que\u00a0generaron un enorme socav\u00f3n en la ladera. Desde aquel momento el Gobierno Local ha estado llevando a cabo varios tr\u00e1mites, entre ellos expropiaciones de terrenos, para solventar la situaci\u00f3n sumando inconvenientes y problemas presupuestarios. A pesar de esto la obra fue aprobada en Junta de Gobierno\u00a0a mediados del mes de mayo\u00a0por un importe de 230.000 euros, IVA incluido, \u00a0y con un plazo de ejecuci\u00f3n de tres meses. Tambi\u00e9n la oposici\u00f3n, Partido Popular y Comprom\u00eds, fueron cr\u00edticos en la pasada legislatura con el Ejecutivo denunciando falta de celeridad a la hora de plantear una soluci\u00f3n a la reforma de la calle.<\/p>\n","protected":false},"excerpt":{"rendered":"<p>El inicio de las obras de la calle Calder\u00f3n de Alcoy, cerrada al tr\u00e1fico desde el 2012, tendr\u00e1 que demorarse&#8230;<\/p>\n","protected":false},"author":1,"featured_media":15206,"comment_status":"open","ping_status":"open","sticky":false,"template":"","format":"standard","meta":{"footnotes":""},"categories":[97,75,125],"tags":[1494,229,333,145],"class_list":["post-15203","post","type-post","status-publish","format-standard","has-post-thumbnail","hentry","category-alcoy","category-noticias","category-portada","tag-alcoy","tag-ayuntamiento","tag-calderon","tag-obras"],"yoast_head":"<!-- This site is optimized with the Yoast SEO plugin v27.3 - https:\/\/yoast.com\/product\/yoast-seo-wordpress\/ -->\n<title>El desv\u00edo de un poste el\u00e9ctrico retrasa las obras de la calle Calder\u00f3n - COPE Alcoy<\/title>\n<meta name=\"robots\" content=\"index, follow, max-snippet:-1, max-image-preview:large, max-video-preview:-1\" \/>\n<link rel=\"canonical\" href=\"https:\/\/www.copealcoy.es\/es\/el-desvio-de-un-poste-electrico-retrasa-las-obras-de-la-calle-calderon\/\" \/>\n<meta property=\"og:locale\" content=\"es_ES\" \/>\n<meta property=\"og:type\" content=\"article\" \/>\n<meta property=\"og:title\" content=\"El desv\u00edo de un poste el\u00e9ctrico retrasa las obras de la calle Calder\u00f3n - COPE Alcoy\" \/>\n<meta property=\"og:description\" content=\"El inicio de las obras de la calle Calder\u00f3n de Alcoy, cerrada al tr\u00e1fico desde el 2012, tendr\u00e1 que demorarse...\" \/>\n<meta property=\"og:url\" content=\"https:\/\/www.copealcoy.es\/es\/el-desvio-de-un-poste-electrico-retrasa-las-obras-de-la-calle-calderon\/\" \/>\n<meta property=\"og:site_name\" content=\"COPE Alcoy\" \/>\n<meta property=\"article:published_time\" content=\"2015-08-25T14:46:04+00:00\" \/>\n<meta property=\"article:modified_time\" content=\"2015-08-25T14:48:34+00:00\" \/>\n<meta property=\"og:image\" content=\"https:\/\/www.copealcoy.es\/wp-content\/uploads\/2015\/08\/MAY004AC001201110.jpg.jpg\" \/>\n\t<meta property=\"og:image:width\" content=\"646\" \/>\n\t<meta property=\"og:image:height\" content=\"354\" \/>\n\t<meta property=\"og:image:type\" content=\"image\/jpeg\" \/>\n<meta name=\"author\" content=\"Cope Alcoy\" \/>\n<meta name=\"twitter:label1\" content=\"Escrito por\" \/>\n\t<meta name=\"twitter:data1\" content=\"Cope Alcoy\" \/>\n\t<meta name=\"twitter:label2\" content=\"Tiempo de lectura\" \/>\n\t<meta name=\"twitter:data2\" content=\"1 minuto\" \/>\n<script type=\"application\/ld+json\" class=\"yoast-schema-graph\">{\"@context\":\"https:\\\/\\\/schema.org\",\"@graph\":[{\"@type\":\"Article\",\"@id\":\"https:\\\/\\\/www.copealcoy.es\\\/es\\\/el-desvio-de-un-poste-electrico-retrasa-las-obras-de-la-calle-calderon\\\/#article\",\"isPartOf\":{\"@id\":\"https:\\\/\\\/www.copealcoy.es\\\/es\\\/el-desvio-de-un-poste-electrico-retrasa-las-obras-de-la-calle-calderon\\\/\"},\"author\":{\"name\":\"Cope Alcoy\",\"@id\":\"https:\\\/\\\/www.copealcoy.es\\\/es\\\/#\\\/schema\\\/person\\\/e777c87fa024e57d40170af9df39882c\"},\"headline\":\"El desv\u00edo de un poste el\u00e9ctrico retrasa las obras de la calle Calder\u00f3n\",\"datePublished\":\"2015-08-25T14:46:04+00:00\",\"dateModified\":\"2015-08-25T14:48:34+00:00\",\"mainEntityOfPage\":{\"@id\":\"https:\\\/\\\/www.copealcoy.es\\\/es\\\/el-desvio-de-un-poste-electrico-retrasa-las-obras-de-la-calle-calderon\\\/\"},\"wordCount\":307,\"commentCount\":0,\"image\":{\"@id\":\"https:\\\/\\\/www.copealcoy.es\\\/es\\\/el-desvio-de-un-poste-electrico-retrasa-las-obras-de-la-calle-calderon\\\/#primaryimage\"},\"thumbnailUrl\":\"https:\\\/\\\/www.copealcoy.es\\\/wp-content\\\/uploads\\\/2015\\\/08\\\/MAY004AC001201110.jpg.jpg\",\"keywords\":[\"Alcoy\",\"Ayuntamiento\",\"calder\u00f3n\",\"Obras\"],\"articleSection\":[\"Alcoy\",\"Noticias\",\"Portada\"],\"inLanguage\":\"es\"},{\"@type\":\"WebPage\",\"@id\":\"https:\\\/\\\/www.copealcoy.es\\\/es\\\/el-desvio-de-un-poste-electrico-retrasa-las-obras-de-la-calle-calderon\\\/\",\"url\":\"https:\\\/\\\/www.copealcoy.es\\\/es\\\/el-desvio-de-un-poste-electrico-retrasa-las-obras-de-la-calle-calderon\\\/\",\"name\":\"El desv\u00edo de un poste el\u00e9ctrico retrasa las obras de la calle Calder\u00f3n - COPE Alcoy\",\"isPartOf\":{\"@id\":\"https:\\\/\\\/www.copealcoy.es\\\/es\\\/#website\"},\"primaryImageOfPage\":{\"@id\":\"https:\\\/\\\/www.copealcoy.es\\\/es\\\/el-desvio-de-un-poste-electrico-retrasa-las-obras-de-la-calle-calderon\\\/#primaryimage\"},\"image\":{\"@id\":\"https:\\\/\\\/www.copealcoy.es\\\/es\\\/el-desvio-de-un-poste-electrico-retrasa-las-obras-de-la-calle-calderon\\\/#primaryimage\"},\"thumbnailUrl\":\"https:\\\/\\\/www.copealcoy.es\\\/wp-content\\\/uploads\\\/2015\\\/08\\\/MAY004AC001201110.jpg.jpg\",\"datePublished\":\"2015-08-25T14:46:04+00:00\",\"dateModified\":\"2015-08-25T14:48:34+00:00\",\"author\":{\"@id\":\"https:\\\/\\\/www.copealcoy.es\\\/es\\\/#\\\/schema\\\/person\\\/e777c87fa024e57d40170af9df39882c\"},\"breadcrumb\":{\"@id\":\"https:\\\/\\\/www.copealcoy.es\\\/es\\\/el-desvio-de-un-poste-electrico-retrasa-las-obras-de-la-calle-calderon\\\/#breadcrumb\"},\"inLanguage\":\"es\",\"potentialAction\":[{\"@type\":\"ReadAction\",\"target\":[\"https:\\\/\\\/www.copealcoy.es\\\/es\\\/el-desvio-de-un-poste-electrico-retrasa-las-obras-de-la-calle-calderon\\\/\"]}]},{\"@type\":\"ImageObject\",\"inLanguage\":\"es\",\"@id\":\"https:\\\/\\\/www.copealcoy.es\\\/es\\\/el-desvio-de-un-poste-electrico-retrasa-las-obras-de-la-calle-calderon\\\/#primaryimage\",\"url\":\"https:\\\/\\\/www.copealcoy.es\\\/wp-content\\\/uploads\\\/2015\\\/08\\\/MAY004AC001201110.jpg.jpg\",\"contentUrl\":\"https:\\\/\\\/www.copealcoy.es\\\/wp-content\\\/uploads\\\/2015\\\/08\\\/MAY004AC001201110.jpg.jpg\",\"width\":646,\"height\":354,\"caption\":\"La Calle Calder\u00f3n lleva tres a\u00f1os cerrada al tr\u00e1fico \\\/ Foto: NEBUR\"},{\"@type\":\"BreadcrumbList\",\"@id\":\"https:\\\/\\\/www.copealcoy.es\\\/es\\\/el-desvio-de-un-poste-electrico-retrasa-las-obras-de-la-calle-calderon\\\/#breadcrumb\",\"itemListElement\":[{\"@type\":\"ListItem\",\"position\":1,\"name\":\"Portada\",\"item\":\"https:\\\/\\\/www.copealcoy.es\\\/es\\\/\"},{\"@type\":\"ListItem\",\"position\":2,\"name\":\"El desv\u00edo de un poste el\u00e9ctrico retrasa las obras de la calle Calder\u00f3n\"}]},{\"@type\":\"WebSite\",\"@id\":\"https:\\\/\\\/www.copealcoy.es\\\/es\\\/#website\",\"url\":\"https:\\\/\\\/www.copealcoy.es\\\/es\\\/\",\"name\":\"COPE Alcoy\",\"description\":\"Emisora COPE de radio local con emisi\u00f3n online. Pont de Sant Jordi 8-10 03803 Alcoy\",\"potentialAction\":[{\"@type\":\"SearchAction\",\"target\":{\"@type\":\"EntryPoint\",\"urlTemplate\":\"https:\\\/\\\/www.copealcoy.es\\\/es\\\/?s={search_term_string}\"},\"query-input\":{\"@type\":\"PropertyValueSpecification\",\"valueRequired\":true,\"valueName\":\"search_term_string\"}}],\"inLanguage\":\"es\"},{\"@type\":\"Person\",\"@id\":\"https:\\\/\\\/www.copealcoy.es\\\/es\\\/#\\\/schema\\\/person\\\/e777c87fa024e57d40170af9df39882c\",\"name\":\"Cope Alcoy\",\"image\":{\"@type\":\"ImageObject\",\"inLanguage\":\"es\",\"@id\":\"https:\\\/\\\/secure.gravatar.com\\\/avatar\\\/bb65d0283347e303893ba14f0692005417c1e0e690a325a4c5d8bb2b3943ee14?s=96&d=mm&r=g\",\"url\":\"https:\\\/\\\/secure.gravatar.com\\\/avatar\\\/bb65d0283347e303893ba14f0692005417c1e0e690a325a4c5d8bb2b3943ee14?s=96&d=mm&r=g\",\"contentUrl\":\"https:\\\/\\\/secure.gravatar.com\\\/avatar\\\/bb65d0283347e303893ba14f0692005417c1e0e690a325a4c5d8bb2b3943ee14?s=96&d=mm&r=g\",\"caption\":\"Cope Alcoy\"}}]}<\/script>\n<!-- \/ Yoast SEO plugin. -->","yoast_head_json":{"title":"El desv\u00edo de un poste el\u00e9ctrico retrasa las obras de la calle Calder\u00f3n - COPE Alcoy","robots":{"index":"index","follow":"follow","max-snippet":"max-snippet:-1","max-image-preview":"max-image-preview:large","max-video-preview":"max-video-preview:-1"},"canonical":"https:\/\/www.copealcoy.es\/es\/el-desvio-de-un-poste-electrico-retrasa-las-obras-de-la-calle-calderon\/","og_locale":"es_ES","og_type":"article","og_title":"El desv\u00edo de un poste el\u00e9ctrico retrasa las obras de la calle Calder\u00f3n - COPE Alcoy","og_description":"El inicio de las obras de la calle Calder\u00f3n de Alcoy, cerrada al tr\u00e1fico desde el 2012, tendr\u00e1 que demorarse...","og_url":"https:\/\/www.copealcoy.es\/es\/el-desvio-de-un-poste-electrico-retrasa-las-obras-de-la-calle-calderon\/","og_site_name":"COPE Alcoy","article_published_time":"2015-08-25T14:46:04+00:00","article_modified_time":"2015-08-25T14:48:34+00:00","og_image":[{"width":646,"height":354,"url":"https:\/\/www.copealcoy.es\/wp-content\/uploads\/2015\/08\/MAY004AC001201110.jpg.jpg","type":"image\/jpeg"}],"author":"Cope Alcoy","twitter_misc":{"Escrito por":"Cope Alcoy","Tiempo de lectura":"1 minuto"},"schema":{"@context":"https:\/\/schema.org","@graph":[{"@type":"Article","@id":"https:\/\/www.copealcoy.es\/es\/el-desvio-de-un-poste-electrico-retrasa-las-obras-de-la-calle-calderon\/#article","isPartOf":{"@id":"https:\/\/www.copealcoy.es\/es\/el-desvio-de-un-poste-electrico-retrasa-las-obras-de-la-calle-calderon\/"},"author":{"name":"Cope Alcoy","@id":"https:\/\/www.copealcoy.es\/es\/#\/schema\/person\/e777c87fa024e57d40170af9df39882c"},"headline":"El desv\u00edo de un poste el\u00e9ctrico retrasa las obras de la calle Calder\u00f3n","datePublished":"2015-08-25T14:46:04+00:00","dateModified":"2015-08-25T14:48:34+00:00","mainEntityOfPage":{"@id":"https:\/\/www.copealcoy.es\/es\/el-desvio-de-un-poste-electrico-retrasa-las-obras-de-la-calle-calderon\/"},"wordCount":307,"commentCount":0,"image":{"@id":"https:\/\/www.copealcoy.es\/es\/el-desvio-de-un-poste-electrico-retrasa-las-obras-de-la-calle-calderon\/#primaryimage"},"thumbnailUrl":"https:\/\/www.copealcoy.es\/wp-content\/uploads\/2015\/08\/MAY004AC001201110.jpg.jpg","keywords":["Alcoy","Ayuntamiento","calder\u00f3n","Obras"],"articleSection":["Alcoy","Noticias","Portada"],"inLanguage":"es"},{"@type":"WebPage","@id":"https:\/\/www.copealcoy.es\/es\/el-desvio-de-un-poste-electrico-retrasa-las-obras-de-la-calle-calderon\/","url":"https:\/\/www.copealcoy.es\/es\/el-desvio-de-un-poste-electrico-retrasa-las-obras-de-la-calle-calderon\/","name":"El desv\u00edo de un poste el\u00e9ctrico retrasa las obras de la calle Calder\u00f3n - COPE Alcoy","isPartOf":{"@id":"https:\/\/www.copealcoy.es\/es\/#website"},"primaryImageOfPage":{"@id":"https:\/\/www.copealcoy.es\/es\/el-desvio-de-un-poste-electrico-retrasa-las-obras-de-la-calle-calderon\/#primaryimage"},"image":{"@id":"https:\/\/www.copealcoy.es\/es\/el-desvio-de-un-poste-electrico-retrasa-las-obras-de-la-calle-calderon\/#primaryimage"},"thumbnailUrl":"https:\/\/www.copealcoy.es\/wp-content\/uploads\/2015\/08\/MAY004AC001201110.jpg.jpg","datePublished":"2015-08-25T14:46:04+00:00","dateModified":"2015-08-25T14:48:34+00:00","author":{"@id":"https:\/\/www.copealcoy.es\/es\/#\/schema\/person\/e777c87fa024e57d40170af9df39882c"},"breadcrumb":{"@id":"https:\/\/www.copealcoy.es\/es\/el-desvio-de-un-poste-electrico-retrasa-las-obras-de-la-calle-calderon\/#breadcrumb"},"inLanguage":"es","potentialAction":[{"@type":"ReadAction","target":["https:\/\/www.copealcoy.es\/es\/el-desvio-de-un-poste-electrico-retrasa-las-obras-de-la-calle-calderon\/"]}]},{"@type":"ImageObject","inLanguage":"es","@id":"https:\/\/www.copealcoy.es\/es\/el-desvio-de-un-poste-electrico-retrasa-las-obras-de-la-calle-calderon\/#primaryimage","url":"https:\/\/www.copealcoy.es\/wp-content\/uploads\/2015\/08\/MAY004AC001201110.jpg.jpg","contentUrl":"https:\/\/www.copealcoy.es\/wp-content\/uploads\/2015\/08\/MAY004AC001201110.jpg.jpg","width":646,"height":354,"caption":"La Calle Calder\u00f3n lleva tres a\u00f1os cerrada al tr\u00e1fico \/ Foto: NEBUR"},{"@type":"BreadcrumbList","@id":"https:\/\/www.copealcoy.es\/es\/el-desvio-de-un-poste-electrico-retrasa-las-obras-de-la-calle-calderon\/#breadcrumb","itemListElement":[{"@type":"ListItem","position":1,"name":"Portada","item":"https:\/\/www.copealcoy.es\/es\/"},{"@type":"ListItem","position":2,"name":"El desv\u00edo de un poste el\u00e9ctrico retrasa las obras de la calle Calder\u00f3n"}]},{"@type":"WebSite","@id":"https:\/\/www.copealcoy.es\/es\/#website","url":"https:\/\/www.copealcoy.es\/es\/","name":"COPE Alcoy","description":"Emisora COPE de radio local con emisi\u00f3n online. Pont de Sant Jordi 8-10 03803 Alcoy","potentialAction":[{"@type":"SearchAction","target":{"@type":"EntryPoint","urlTemplate":"https:\/\/www.copealcoy.es\/es\/?s={search_term_string}"},"query-input":{"@type":"PropertyValueSpecification","valueRequired":true,"valueName":"search_term_string"}}],"inLanguage":"es"},{"@type":"Person","@id":"https:\/\/www.copealcoy.es\/es\/#\/schema\/person\/e777c87fa024e57d40170af9df39882c","name":"Cope Alcoy","image":{"@type":"ImageObject","inLanguage":"es","@id":"https:\/\/secure.gravatar.com\/avatar\/bb65d0283347e303893ba14f0692005417c1e0e690a325a4c5d8bb2b3943ee14?s=96&d=mm&r=g","url":"https:\/\/secure.gravatar.com\/avatar\/bb65d0283347e303893ba14f0692005417c1e0e690a325a4c5d8bb2b3943ee14?s=96&d=mm&r=g","contentUrl":"https:\/\/secure.gravatar.com\/avatar\/bb65d0283347e303893ba14f0692005417c1e0e690a325a4c5d8bb2b3943ee14?s=96&d=mm&r=g","caption":"Cope Alcoy"}}]}},"_links":{"self":[{"href":"https:\/\/www.copealcoy.es\/es\/wp-json\/wp\/v2\/posts\/15203","targetHints":{"allow":["GET"]}}],"collection":[{"href":"https:\/\/www.copealcoy.es\/es\/wp-json\/wp\/v2\/posts"}],"about":[{"href":"https:\/\/www.copealcoy.es\/es\/wp-json\/wp\/v2\/types\/post"}],"author":[{"embeddable":true,"href":"https:\/\/www.copealcoy.es\/es\/wp-json\/wp\/v2\/users\/1"}],"replies":[{"embeddable":true,"href":"https:\/\/www.copealcoy.es\/es\/wp-json\/wp\/v2\/comments?post=15203"}],"version-history":[{"count":0,"href":"https:\/\/www.copealcoy.es\/es\/wp-json\/wp\/v2\/posts\/15203\/revisions"}],"wp:featuredmedia":[{"embeddable":true,"href":"https:\/\/www.copealcoy.es\/es\/wp-json\/wp\/v2\/media\/15206"}],"wp:attachment":[{"href":"https:\/\/www.copealcoy.es\/es\/wp-json\/wp\/v2\/media?parent=15203"}],"wp:term":[{"taxonomy":"category","embeddable":true,"href":"https:\/\/www.copealcoy.es\/es\/wp-json\/wp\/v2\/categories?post=15203"},{"taxonomy":"post_tag","embeddable":true,"href":"https:\/\/www.copealcoy.es\/es\/wp-json\/wp\/v2\/tags?post=15203"}],"curies":[{"name":"wp","href":"https:\/\/api.w.org\/{rel}","templated":true}]}}