{"id":151977,"date":"2025-05-08T09:00:27","date_gmt":"2025-05-08T08:00:27","guid":{"rendered":"https:\/\/www.copealcoy.es\/?p=151977"},"modified":"2025-05-31T23:01:47","modified_gmt":"2025-05-31T22:01:47","slug":"homenaje-a-san-hipolito-425-anos-despues-de-su-eleccion-como-patron-de-cocentaina","status":"publish","type":"post","link":"https:\/\/www.copealcoy.es\/es\/homenaje-a-san-hipolito-425-anos-despues-de-su-eleccion-como-patron-de-cocentaina\/","title":{"rendered":"Homenaje a San Hip\u00f3lito 425 a\u00f1os despu\u00e9s de su elecci\u00f3n como patr\u00f3n de Cocentaina"},"content":{"rendered":"<p style=\"text-align: justify;\">Cocentaina record\u00f3 ayer mi\u00e9rcoles <strong>el 425 aniversario de la elecci\u00f3n de San Hip\u00f3lito M\u00e1rtir<\/strong> como patr\u00f3n del municipio. Y es que <strong>fue el 7 de mayo de 1600<\/strong> cuando los vecinos de la Villa Condal, ante la grave peste que azotaba a la misma, decidieron buscar la intercesi\u00f3n de un patrono que les librara de una situaci\u00f3n tan temida. Cuenta <strong>la historia local<\/strong> que en el interior de una bolsa se colocaron diversos nombres de santos de devoci\u00f3n popular siendo la mano inocente de un ni\u00f1o la que se encargar\u00eda de extraer el papel en el que iba a figurar qui\u00e9n seria el patr\u00f3n de Cocentaina. Por tres veces se repiti\u00f3 el proceso, saliendo en cada una de ellas San Hip\u00f3lito M\u00e1rtir, y aceptando finalmente el pueblo al m\u00e1rtir como patrono tras manifestar inicialmente su disconformidad afirmando que no conoc\u00edan al santo. D\u00edas despu\u00e9s, el 10 de mayo, se le proclam\u00f3 oficialmente como patr\u00f3n ante las autoridades municipales de la \u00e9poca.<\/p>\n<p style=\"text-align: justify;\">Para conmemorar esta efem\u00e9ride <strong>se ha preparado <span style=\"color: #0000ff;\"><a style=\"color: #0000ff;\" href=\"https:\/\/www.copealcoy.es\/wp-content\/uploads\/2025\/04\/Actes-7-de-maig.pdf\" target=\"_blank\" rel=\"noopener\">una programaci\u00f3n<\/a><\/span> de actos especiales<\/strong>, que tienen lugar en este mes de mayo, siendo ayer una de las jornadas m\u00e1s destacadas. A mediod\u00eda <strong>sonaron las campanas en todas las iglesias de Cocentaina<\/strong>, recordando al pueblo el dia tan significativo, y por la tarde tuvo lugar <strong>la misa mayor<\/strong> en acci\u00f3n de gracias a San Hip\u00f3lito tras los 425 a\u00f1os de patronazgo. La parroquia de Santa Mar\u00eda se qued\u00f3 peque\u00f1a durante esta celebraci\u00f3n que <strong>presidi\u00f3 el Arzobispo de Valencia<\/strong> &#8220;<em>San Hip\u00f3lito M\u00e1rtir forma parte de la historia de la Fe de Cocentaina y ver que esa devoci\u00f3n se conserva tan viva, y forma parte de la vida de los contestanos, es un motivo de alegr\u00eda<\/em>&#8220;, dijo <strong>Don Enrique Benavent<\/strong> a los micr\u00f3fonos de COPE ALCOY.<\/p>\n<audio class=\"wp-audio-shortcode\" id=\"audio-151977-1\" preload=\"none\" style=\"width: 100%;\" controls=\"controls\"><source type=\"audio\/mpeg\" src=\"https:\/\/www.copealcoy.es\/wp-content\/uploads\/2025\/05\/Entrevista-Monsenor-Enrique-Benavent.mp3?_=1\" \/><a href=\"https:\/\/www.copealcoy.es\/wp-content\/uploads\/2025\/05\/Entrevista-Monsenor-Enrique-Benavent.mp3\">https:\/\/www.copealcoy.es\/wp-content\/uploads\/2025\/05\/Entrevista-Monsenor-Enrique-Benavent.mp3<\/a><\/audio>\n<p>&nbsp;<\/p>\n<p style=\"text-align: justify;\">La celebraci\u00f3n incluy\u00f3 <strong>la presentaci\u00f3n de los reci\u00e9n nacidos a San Hip\u00f3lito M\u00e1rtir<\/strong> y <strong>la veneraci\u00f3n de la reliquia<\/strong>. Por \u00faltimo, ante la iglesia de Santa Mar\u00eda, <strong>se dispararon salvas de arcabucer\u00eda<\/strong> con la participaci\u00f3n de dos festeros de cada Fil\u00e0 de Cocentaina portando la indumentaria al completo. Se record\u00f3 as\u00ed u<strong>no de los primeros actos que dan origen a los Moros y Cristianos de la poblaci\u00f3n<\/strong>, los disparos en honor al Santo que abrieron camino siglos atr\u00e1s a lo que son hoy en d\u00eda los festejos que se celebran cada segundo fin de semana de agosto.<\/p>\n<div id='gallery-1' class='gallery galleryid-151977 gallery-columns-2 gallery-size-large'><figure class='gallery-item'>\n\t\t\t<div class='gallery-icon landscape'>\n\t\t\t\t<a href='https:\/\/www.copealcoy.es\/es\/homenaje-a-san-hipolito-425-anos-despues-de-su-eleccion-como-patron-de-cocentaina\/unnamed-1-741\/'><img loading=\"lazy\" decoding=\"async\" width=\"980\" height=\"588\" src=\"https:\/\/www.copealcoy.es\/wp-content\/uploads\/2025\/05\/unnamed-1-12-980x588.jpg\" class=\"attachment-large size-large\" alt=\"\" \/><\/a>\n\t\t\t<\/div><\/figure><figure class='gallery-item'>\n\t\t\t<div class='gallery-icon landscape'>\n\t\t\t\t<a href='https:\/\/www.copealcoy.es\/es\/homenaje-a-san-hipolito-425-anos-despues-de-su-eleccion-como-patron-de-cocentaina\/a73ceae4-5935-492e-a72d-49846572dd58\/'><img loading=\"lazy\" decoding=\"async\" width=\"980\" height=\"588\" src=\"https:\/\/www.copealcoy.es\/wp-content\/uploads\/2025\/05\/a73ceae4-5935-492e-a72d-49846572dd58-980x588.jpg\" class=\"attachment-large size-large\" alt=\"\" \/><\/a>\n\t\t\t<\/div><\/figure><figure class='gallery-item'>\n\t\t\t<div class='gallery-icon landscape'>\n\t\t\t\t<a href='https:\/\/www.copealcoy.es\/es\/homenaje-a-san-hipolito-425-anos-despues-de-su-eleccion-como-patron-de-cocentaina\/0-2-17\/'><img loading=\"lazy\" decoding=\"async\" width=\"894\" height=\"588\" src=\"https:\/\/www.copealcoy.es\/wp-content\/uploads\/2025\/05\/0-2-1-894x588.jpg\" class=\"attachment-large size-large\" alt=\"\" \/><\/a>\n\t\t\t<\/div><\/figure><figure class='gallery-item'>\n\t\t\t<div class='gallery-icon landscape'>\n\t\t\t\t<a href='https:\/\/www.copealcoy.es\/es\/homenaje-a-san-hipolito-425-anos-despues-de-su-eleccion-como-patron-de-cocentaina\/425-anos-san-hipolito\/'><img loading=\"lazy\" decoding=\"async\" width=\"893\" height=\"588\" src=\"https:\/\/www.copealcoy.es\/wp-content\/uploads\/2025\/05\/0-3-893x588.jpg\" class=\"attachment-large size-large\" alt=\"\" \/><\/a>\n\t\t\t<\/div><\/figure><figure class='gallery-item'>\n\t\t\t<div class='gallery-icon landscape'>\n\t\t\t\t<a href='https:\/\/www.copealcoy.es\/es\/homenaje-a-san-hipolito-425-anos-despues-de-su-eleccion-como-patron-de-cocentaina\/0-1-20\/'><img loading=\"lazy\" decoding=\"async\" width=\"976\" height=\"588\" src=\"https:\/\/www.copealcoy.es\/wp-content\/uploads\/2025\/05\/0-1-1-976x588.jpg\" class=\"attachment-large size-large\" alt=\"\" \/><\/a>\n\t\t\t<\/div><\/figure><figure class='gallery-item'>\n\t\t\t<div class='gallery-icon landscape'>\n\t\t\t\t<a href='https:\/\/www.copealcoy.es\/es\/homenaje-a-san-hipolito-425-anos-despues-de-su-eleccion-como-patron-de-cocentaina\/img_2071-2\/'><img loading=\"lazy\" decoding=\"async\" width=\"980\" height=\"588\" src=\"https:\/\/www.copealcoy.es\/wp-content\/uploads\/2025\/05\/IMG_2071-980x588.jpg\" class=\"attachment-large size-large\" alt=\"\" \/><\/a>\n\t\t\t<\/div><\/figure>\n\t\t<\/div>\n\n","protected":false},"excerpt":{"rendered":"<p>Cocentaina record\u00f3 ayer mi\u00e9rcoles el 425 aniversario de la elecci\u00f3n de San Hip\u00f3lito M\u00e1rtir como patr\u00f3n del municipio. Y es&#8230;<\/p>\n","protected":false},"author":1,"featured_media":151978,"comment_status":"closed","ping_status":"closed","sticky":false,"template":"","format":"standard","meta":{"footnotes":""},"categories":[6909,98,75],"tags":[19543,132,4087,19544,126,4488],"class_list":["post-151977","post","type-post","status-publish","format-standard","has-post-thumbnail","hentry","category-actualidad","category-comarcas","category-noticias","tag-425-anos","tag-cocentaina","tag-eleccion","tag-monsenor-don-enrique-benavent","tag-patron","tag-san-hipolito-martir"],"yoast_head":"<!-- This site is optimized with the Yoast SEO plugin v27.3 - https:\/\/yoast.com\/product\/yoast-seo-wordpress\/ -->\n<title>Homenaje a San Hip\u00f3lito 425 a\u00f1os despu\u00e9s de su elecci\u00f3n como patr\u00f3n de Cocentaina - COPE Alcoy<\/title>\n<meta name=\"description\" content=\"Cocentaina record\u00f3 ayer mi\u00e9rcoles el 425 aniversario de la elecci\u00f3n de San Hip\u00f3lito M\u00e1rtir como patr\u00f3n del municipio\" \/>\n<meta name=\"robots\" content=\"index, follow, max-snippet:-1, max-image-preview:large, max-video-preview:-1\" \/>\n<link rel=\"canonical\" href=\"https:\/\/www.copealcoy.es\/es\/homenaje-a-san-hipolito-425-anos-despues-de-su-eleccion-como-patron-de-cocentaina\/\" \/>\n<meta property=\"og:locale\" content=\"es_ES\" \/>\n<meta property=\"og:type\" content=\"article\" \/>\n<meta property=\"og:title\" content=\"Homenaje a San Hip\u00f3lito 425 a\u00f1os despu\u00e9s de su elecci\u00f3n como patr\u00f3n de Cocentaina - COPE Alcoy\" \/>\n<meta property=\"og:description\" content=\"Cocentaina record\u00f3 ayer mi\u00e9rcoles el 425 aniversario de la elecci\u00f3n de San Hip\u00f3lito M\u00e1rtir como patr\u00f3n del municipio\" \/>\n<meta property=\"og:url\" content=\"https:\/\/www.copealcoy.es\/es\/homenaje-a-san-hipolito-425-anos-despues-de-su-eleccion-como-patron-de-cocentaina\/\" \/>\n<meta property=\"og:site_name\" content=\"COPE Alcoy\" \/>\n<meta property=\"article:published_time\" content=\"2025-05-08T08:00:27+00:00\" \/>\n<meta property=\"article:modified_time\" content=\"2025-05-31T22:01:47+00:00\" \/>\n<meta property=\"og:image\" content=\"https:\/\/www.copealcoy.es\/wp-content\/uploads\/2025\/05\/unnamed-1-12-scaled-e1746701056200.jpg\" \/>\n\t<meta property=\"og:image:width\" content=\"800\" \/>\n\t<meta property=\"og:image:height\" content=\"601\" \/>\n\t<meta property=\"og:image:type\" content=\"image\/jpeg\" \/>\n<meta name=\"author\" content=\"Cope Alcoy\" \/>\n<meta name=\"twitter:label1\" content=\"Escrito por\" \/>\n\t<meta name=\"twitter:data1\" content=\"Cope Alcoy\" \/>\n\t<meta name=\"twitter:label2\" content=\"Tiempo de lectura\" \/>\n\t<meta name=\"twitter:data2\" content=\"3 minutos\" \/>\n<script type=\"application\/ld+json\" class=\"yoast-schema-graph\">{\"@context\":\"https:\\\/\\\/schema.org\",\"@graph\":[{\"@type\":\"Article\",\"@id\":\"https:\\\/\\\/www.copealcoy.es\\\/es\\\/homenaje-a-san-hipolito-425-anos-despues-de-su-eleccion-como-patron-de-cocentaina\\\/#article\",\"isPartOf\":{\"@id\":\"https:\\\/\\\/www.copealcoy.es\\\/es\\\/homenaje-a-san-hipolito-425-anos-despues-de-su-eleccion-como-patron-de-cocentaina\\\/\"},\"author\":{\"name\":\"Cope Alcoy\",\"@id\":\"https:\\\/\\\/www.copealcoy.es\\\/es\\\/#\\\/schema\\\/person\\\/e777c87fa024e57d40170af9df39882c\"},\"headline\":\"Homenaje a San Hip\u00f3lito 425 a\u00f1os despu\u00e9s de su elecci\u00f3n como patr\u00f3n de Cocentaina\",\"datePublished\":\"2025-05-08T08:00:27+00:00\",\"dateModified\":\"2025-05-31T22:01:47+00:00\",\"mainEntityOfPage\":{\"@id\":\"https:\\\/\\\/www.copealcoy.es\\\/es\\\/homenaje-a-san-hipolito-425-anos-despues-de-su-eleccion-como-patron-de-cocentaina\\\/\"},\"wordCount\":465,\"image\":{\"@id\":\"https:\\\/\\\/www.copealcoy.es\\\/es\\\/homenaje-a-san-hipolito-425-anos-despues-de-su-eleccion-como-patron-de-cocentaina\\\/#primaryimage\"},\"thumbnailUrl\":\"https:\\\/\\\/www.copealcoy.es\\\/wp-content\\\/uploads\\\/2025\\\/05\\\/unnamed-1-12-scaled-e1746701056200.jpg\",\"keywords\":[\"425 a\u00f1os\",\"Cocentaina\",\"elecci\u00f3n\",\"Monse\u00f1or Don Enrique Benavent\",\"patr\u00f3n\",\"San Hip\u00f3lito M\u00e1rtir\"],\"articleSection\":[\"Actualidad\",\"Comarcas\",\"Noticias\"],\"inLanguage\":\"es\"},{\"@type\":\"WebPage\",\"@id\":\"https:\\\/\\\/www.copealcoy.es\\\/es\\\/homenaje-a-san-hipolito-425-anos-despues-de-su-eleccion-como-patron-de-cocentaina\\\/\",\"url\":\"https:\\\/\\\/www.copealcoy.es\\\/es\\\/homenaje-a-san-hipolito-425-anos-despues-de-su-eleccion-como-patron-de-cocentaina\\\/\",\"name\":\"Homenaje a San Hip\u00f3lito 425 a\u00f1os despu\u00e9s de su elecci\u00f3n como patr\u00f3n de Cocentaina - COPE Alcoy\",\"isPartOf\":{\"@id\":\"https:\\\/\\\/www.copealcoy.es\\\/es\\\/#website\"},\"primaryImageOfPage\":{\"@id\":\"https:\\\/\\\/www.copealcoy.es\\\/es\\\/homenaje-a-san-hipolito-425-anos-despues-de-su-eleccion-como-patron-de-cocentaina\\\/#primaryimage\"},\"image\":{\"@id\":\"https:\\\/\\\/www.copealcoy.es\\\/es\\\/homenaje-a-san-hipolito-425-anos-despues-de-su-eleccion-como-patron-de-cocentaina\\\/#primaryimage\"},\"thumbnailUrl\":\"https:\\\/\\\/www.copealcoy.es\\\/wp-content\\\/uploads\\\/2025\\\/05\\\/unnamed-1-12-scaled-e1746701056200.jpg\",\"datePublished\":\"2025-05-08T08:00:27+00:00\",\"dateModified\":\"2025-05-31T22:01:47+00:00\",\"author\":{\"@id\":\"https:\\\/\\\/www.copealcoy.es\\\/es\\\/#\\\/schema\\\/person\\\/e777c87fa024e57d40170af9df39882c\"},\"description\":\"Cocentaina record\u00f3 ayer mi\u00e9rcoles el 425 aniversario de la elecci\u00f3n de San Hip\u00f3lito M\u00e1rtir como patr\u00f3n del municipio\",\"breadcrumb\":{\"@id\":\"https:\\\/\\\/www.copealcoy.es\\\/es\\\/homenaje-a-san-hipolito-425-anos-despues-de-su-eleccion-como-patron-de-cocentaina\\\/#breadcrumb\"},\"inLanguage\":\"es\",\"potentialAction\":[{\"@type\":\"ReadAction\",\"target\":[\"https:\\\/\\\/www.copealcoy.es\\\/es\\\/homenaje-a-san-hipolito-425-anos-despues-de-su-eleccion-como-patron-de-cocentaina\\\/\"]}]},{\"@type\":\"ImageObject\",\"inLanguage\":\"es\",\"@id\":\"https:\\\/\\\/www.copealcoy.es\\\/es\\\/homenaje-a-san-hipolito-425-anos-despues-de-su-eleccion-como-patron-de-cocentaina\\\/#primaryimage\",\"url\":\"https:\\\/\\\/www.copealcoy.es\\\/wp-content\\\/uploads\\\/2025\\\/05\\\/unnamed-1-12-scaled-e1746701056200.jpg\",\"contentUrl\":\"https:\\\/\\\/www.copealcoy.es\\\/wp-content\\\/uploads\\\/2025\\\/05\\\/unnamed-1-12-scaled-e1746701056200.jpg\",\"width\":800,\"height\":601},{\"@type\":\"BreadcrumbList\",\"@id\":\"https:\\\/\\\/www.copealcoy.es\\\/es\\\/homenaje-a-san-hipolito-425-anos-despues-de-su-eleccion-como-patron-de-cocentaina\\\/#breadcrumb\",\"itemListElement\":[{\"@type\":\"ListItem\",\"position\":1,\"name\":\"Portada\",\"item\":\"https:\\\/\\\/www.copealcoy.es\\\/es\\\/\"},{\"@type\":\"ListItem\",\"position\":2,\"name\":\"Homenaje a San Hip\u00f3lito 425 a\u00f1os despu\u00e9s de su elecci\u00f3n como patr\u00f3n de Cocentaina\"}]},{\"@type\":\"WebSite\",\"@id\":\"https:\\\/\\\/www.copealcoy.es\\\/es\\\/#website\",\"url\":\"https:\\\/\\\/www.copealcoy.es\\\/es\\\/\",\"name\":\"COPE Alcoy\",\"description\":\"Emisora COPE de radio local con emisi\u00f3n online. Pont de Sant Jordi 8-10 03803 Alcoy\",\"potentialAction\":[{\"@type\":\"SearchAction\",\"target\":{\"@type\":\"EntryPoint\",\"urlTemplate\":\"https:\\\/\\\/www.copealcoy.es\\\/es\\\/?s={search_term_string}\"},\"query-input\":{\"@type\":\"PropertyValueSpecification\",\"valueRequired\":true,\"valueName\":\"search_term_string\"}}],\"inLanguage\":\"es\"},{\"@type\":\"Person\",\"@id\":\"https:\\\/\\\/www.copealcoy.es\\\/es\\\/#\\\/schema\\\/person\\\/e777c87fa024e57d40170af9df39882c\",\"name\":\"Cope Alcoy\",\"image\":{\"@type\":\"ImageObject\",\"inLanguage\":\"es\",\"@id\":\"https:\\\/\\\/secure.gravatar.com\\\/avatar\\\/bb65d0283347e303893ba14f0692005417c1e0e690a325a4c5d8bb2b3943ee14?s=96&d=mm&r=g\",\"url\":\"https:\\\/\\\/secure.gravatar.com\\\/avatar\\\/bb65d0283347e303893ba14f0692005417c1e0e690a325a4c5d8bb2b3943ee14?s=96&d=mm&r=g\",\"contentUrl\":\"https:\\\/\\\/secure.gravatar.com\\\/avatar\\\/bb65d0283347e303893ba14f0692005417c1e0e690a325a4c5d8bb2b3943ee14?s=96&d=mm&r=g\",\"caption\":\"Cope Alcoy\"}}]}<\/script>\n<!-- \/ Yoast SEO plugin. -->","yoast_head_json":{"title":"Homenaje a San Hip\u00f3lito 425 a\u00f1os despu\u00e9s de su elecci\u00f3n como patr\u00f3n de Cocentaina - COPE Alcoy","description":"Cocentaina record\u00f3 ayer mi\u00e9rcoles el 425 aniversario de la elecci\u00f3n de San Hip\u00f3lito M\u00e1rtir como patr\u00f3n del municipio","robots":{"index":"index","follow":"follow","max-snippet":"max-snippet:-1","max-image-preview":"max-image-preview:large","max-video-preview":"max-video-preview:-1"},"canonical":"https:\/\/www.copealcoy.es\/es\/homenaje-a-san-hipolito-425-anos-despues-de-su-eleccion-como-patron-de-cocentaina\/","og_locale":"es_ES","og_type":"article","og_title":"Homenaje a San Hip\u00f3lito 425 a\u00f1os despu\u00e9s de su elecci\u00f3n como patr\u00f3n de Cocentaina - COPE Alcoy","og_description":"Cocentaina record\u00f3 ayer mi\u00e9rcoles el 425 aniversario de la elecci\u00f3n de San Hip\u00f3lito M\u00e1rtir como patr\u00f3n del municipio","og_url":"https:\/\/www.copealcoy.es\/es\/homenaje-a-san-hipolito-425-anos-despues-de-su-eleccion-como-patron-de-cocentaina\/","og_site_name":"COPE Alcoy","article_published_time":"2025-05-08T08:00:27+00:00","article_modified_time":"2025-05-31T22:01:47+00:00","og_image":[{"width":800,"height":601,"url":"https:\/\/www.copealcoy.es\/wp-content\/uploads\/2025\/05\/unnamed-1-12-scaled-e1746701056200.jpg","type":"image\/jpeg"}],"author":"Cope Alcoy","twitter_misc":{"Escrito por":"Cope Alcoy","Tiempo de lectura":"3 minutos"},"schema":{"@context":"https:\/\/schema.org","@graph":[{"@type":"Article","@id":"https:\/\/www.copealcoy.es\/es\/homenaje-a-san-hipolito-425-anos-despues-de-su-eleccion-como-patron-de-cocentaina\/#article","isPartOf":{"@id":"https:\/\/www.copealcoy.es\/es\/homenaje-a-san-hipolito-425-anos-despues-de-su-eleccion-como-patron-de-cocentaina\/"},"author":{"name":"Cope Alcoy","@id":"https:\/\/www.copealcoy.es\/es\/#\/schema\/person\/e777c87fa024e57d40170af9df39882c"},"headline":"Homenaje a San Hip\u00f3lito 425 a\u00f1os despu\u00e9s de su elecci\u00f3n como patr\u00f3n de Cocentaina","datePublished":"2025-05-08T08:00:27+00:00","dateModified":"2025-05-31T22:01:47+00:00","mainEntityOfPage":{"@id":"https:\/\/www.copealcoy.es\/es\/homenaje-a-san-hipolito-425-anos-despues-de-su-eleccion-como-patron-de-cocentaina\/"},"wordCount":465,"image":{"@id":"https:\/\/www.copealcoy.es\/es\/homenaje-a-san-hipolito-425-anos-despues-de-su-eleccion-como-patron-de-cocentaina\/#primaryimage"},"thumbnailUrl":"https:\/\/www.copealcoy.es\/wp-content\/uploads\/2025\/05\/unnamed-1-12-scaled-e1746701056200.jpg","keywords":["425 a\u00f1os","Cocentaina","elecci\u00f3n","Monse\u00f1or Don Enrique Benavent","patr\u00f3n","San Hip\u00f3lito M\u00e1rtir"],"articleSection":["Actualidad","Comarcas","Noticias"],"inLanguage":"es"},{"@type":"WebPage","@id":"https:\/\/www.copealcoy.es\/es\/homenaje-a-san-hipolito-425-anos-despues-de-su-eleccion-como-patron-de-cocentaina\/","url":"https:\/\/www.copealcoy.es\/es\/homenaje-a-san-hipolito-425-anos-despues-de-su-eleccion-como-patron-de-cocentaina\/","name":"Homenaje a San Hip\u00f3lito 425 a\u00f1os despu\u00e9s de su elecci\u00f3n como patr\u00f3n de Cocentaina - COPE Alcoy","isPartOf":{"@id":"https:\/\/www.copealcoy.es\/es\/#website"},"primaryImageOfPage":{"@id":"https:\/\/www.copealcoy.es\/es\/homenaje-a-san-hipolito-425-anos-despues-de-su-eleccion-como-patron-de-cocentaina\/#primaryimage"},"image":{"@id":"https:\/\/www.copealcoy.es\/es\/homenaje-a-san-hipolito-425-anos-despues-de-su-eleccion-como-patron-de-cocentaina\/#primaryimage"},"thumbnailUrl":"https:\/\/www.copealcoy.es\/wp-content\/uploads\/2025\/05\/unnamed-1-12-scaled-e1746701056200.jpg","datePublished":"2025-05-08T08:00:27+00:00","dateModified":"2025-05-31T22:01:47+00:00","author":{"@id":"https:\/\/www.copealcoy.es\/es\/#\/schema\/person\/e777c87fa024e57d40170af9df39882c"},"description":"Cocentaina record\u00f3 ayer mi\u00e9rcoles el 425 aniversario de la elecci\u00f3n de San Hip\u00f3lito M\u00e1rtir como patr\u00f3n del municipio","breadcrumb":{"@id":"https:\/\/www.copealcoy.es\/es\/homenaje-a-san-hipolito-425-anos-despues-de-su-eleccion-como-patron-de-cocentaina\/#breadcrumb"},"inLanguage":"es","potentialAction":[{"@type":"ReadAction","target":["https:\/\/www.copealcoy.es\/es\/homenaje-a-san-hipolito-425-anos-despues-de-su-eleccion-como-patron-de-cocentaina\/"]}]},{"@type":"ImageObject","inLanguage":"es","@id":"https:\/\/www.copealcoy.es\/es\/homenaje-a-san-hipolito-425-anos-despues-de-su-eleccion-como-patron-de-cocentaina\/#primaryimage","url":"https:\/\/www.copealcoy.es\/wp-content\/uploads\/2025\/05\/unnamed-1-12-scaled-e1746701056200.jpg","contentUrl":"https:\/\/www.copealcoy.es\/wp-content\/uploads\/2025\/05\/unnamed-1-12-scaled-e1746701056200.jpg","width":800,"height":601},{"@type":"BreadcrumbList","@id":"https:\/\/www.copealcoy.es\/es\/homenaje-a-san-hipolito-425-anos-despues-de-su-eleccion-como-patron-de-cocentaina\/#breadcrumb","itemListElement":[{"@type":"ListItem","position":1,"name":"Portada","item":"https:\/\/www.copealcoy.es\/es\/"},{"@type":"ListItem","position":2,"name":"Homenaje a San Hip\u00f3lito 425 a\u00f1os despu\u00e9s de su elecci\u00f3n como patr\u00f3n de Cocentaina"}]},{"@type":"WebSite","@id":"https:\/\/www.copealcoy.es\/es\/#website","url":"https:\/\/www.copealcoy.es\/es\/","name":"COPE Alcoy","description":"Emisora COPE de radio local con emisi\u00f3n online. Pont de Sant Jordi 8-10 03803 Alcoy","potentialAction":[{"@type":"SearchAction","target":{"@type":"EntryPoint","urlTemplate":"https:\/\/www.copealcoy.es\/es\/?s={search_term_string}"},"query-input":{"@type":"PropertyValueSpecification","valueRequired":true,"valueName":"search_term_string"}}],"inLanguage":"es"},{"@type":"Person","@id":"https:\/\/www.copealcoy.es\/es\/#\/schema\/person\/e777c87fa024e57d40170af9df39882c","name":"Cope Alcoy","image":{"@type":"ImageObject","inLanguage":"es","@id":"https:\/\/secure.gravatar.com\/avatar\/bb65d0283347e303893ba14f0692005417c1e0e690a325a4c5d8bb2b3943ee14?s=96&d=mm&r=g","url":"https:\/\/secure.gravatar.com\/avatar\/bb65d0283347e303893ba14f0692005417c1e0e690a325a4c5d8bb2b3943ee14?s=96&d=mm&r=g","contentUrl":"https:\/\/secure.gravatar.com\/avatar\/bb65d0283347e303893ba14f0692005417c1e0e690a325a4c5d8bb2b3943ee14?s=96&d=mm&r=g","caption":"Cope Alcoy"}}]}},"_links":{"self":[{"href":"https:\/\/www.copealcoy.es\/es\/wp-json\/wp\/v2\/posts\/151977","targetHints":{"allow":["GET"]}}],"collection":[{"href":"https:\/\/www.copealcoy.es\/es\/wp-json\/wp\/v2\/posts"}],"about":[{"href":"https:\/\/www.copealcoy.es\/es\/wp-json\/wp\/v2\/types\/post"}],"author":[{"embeddable":true,"href":"https:\/\/www.copealcoy.es\/es\/wp-json\/wp\/v2\/users\/1"}],"replies":[{"embeddable":true,"href":"https:\/\/www.copealcoy.es\/es\/wp-json\/wp\/v2\/comments?post=151977"}],"version-history":[{"count":3,"href":"https:\/\/www.copealcoy.es\/es\/wp-json\/wp\/v2\/posts\/151977\/revisions"}],"predecessor-version":[{"id":153099,"href":"https:\/\/www.copealcoy.es\/es\/wp-json\/wp\/v2\/posts\/151977\/revisions\/153099"}],"wp:featuredmedia":[{"embeddable":true,"href":"https:\/\/www.copealcoy.es\/es\/wp-json\/wp\/v2\/media\/151978"}],"wp:attachment":[{"href":"https:\/\/www.copealcoy.es\/es\/wp-json\/wp\/v2\/media?parent=151977"}],"wp:term":[{"taxonomy":"category","embeddable":true,"href":"https:\/\/www.copealcoy.es\/es\/wp-json\/wp\/v2\/categories?post=151977"},{"taxonomy":"post_tag","embeddable":true,"href":"https:\/\/www.copealcoy.es\/es\/wp-json\/wp\/v2\/tags?post=151977"}],"curies":[{"name":"wp","href":"https:\/\/api.w.org\/{rel}","templated":true}]}}