{"id":151911,"date":"2025-05-07T08:30:54","date_gmt":"2025-05-07T07:30:54","guid":{"rendered":"https:\/\/www.copealcoy.es\/?p=151911"},"modified":"2025-05-08T10:34:22","modified_gmt":"2025-05-08T09:34:22","slug":"el-monumento-de-san-hipolito-de-cocentaina-cumple-25-anos","status":"publish","type":"post","link":"https:\/\/www.copealcoy.es\/es\/el-monumento-de-san-hipolito-de-cocentaina-cumple-25-anos\/","title":{"rendered":"El Monumento de San Hip\u00f3lito M\u00e1rtir de Cocentaina cumple 25 a\u00f1os"},"content":{"rendered":"<p style=\"text-align: justify;\"><span style=\"color: #333333;\">Cocentaina<\/span> <strong>sigue celebrando el 425 aniversario de la elecci\u00f3n y proclamaci\u00f3n de San Hip\u00f3lito M\u00e1rtir<\/strong> como patr\u00f3n del municipio <strong>con diferentes actos culturales y religiosos<\/strong> que se est\u00e1n llevando a cabo en este mes de mayo. La jornada de ayer, <strong>en la v\u00edspera del 7 de mayo y del d\u00eda en el que santo fue escogido como patrono de la Villa Condal en 1600 <\/strong>ante la grave peste que sufr\u00eda el pueblo, estuvo reservada para <strong>rendir homenaje a un emblema de la localidad<\/strong> que ha cumplido nada m\u00e1s y nada menos que veinticinco a\u00f1os.<\/p>\n<p style=\"text-align: justify;\">Se trata del <strong>Monumento dedicado a San Hip\u00f3lito<\/strong> que desde el a\u00f1o 2000 se alza en la plaza Alcalde Reig de la capital del Comtat. La pieza, creada por Ana Reig Castell\u00f3, <strong>se estren\u00f3 con motivo del IV Centenario del patronazgo de San Hip\u00f3lito el 6 de mayo de hace un cuarto de siglo<\/strong> y para conmemorar esta efem\u00e9ride <strong>se llev\u00f3 a cabo una ofrenda floral<\/strong> por parte de la Corporaci\u00f3n Municipal y la <a href=\"https:\/\/www.facebook.com\/federacionjuntafiestas.cocentaina\" target=\"_blank\" rel=\"noopener\"><strong><span style=\"color: #0000ff;\">Junta de Festes<\/span><\/strong><\/a>, al mismo desde la parroquia del Salvador nada m\u00e1s finalizar el triduo que se ha estado celebrando esta semana como antesala al citado 425 aniversario de la elecci\u00f3n del m\u00e1rtir como patr\u00f3n. La <strong>Colla Mal Passet<\/strong> puso el acompa\u00f1amiento musical a este pasacalle que finaliz\u00f3 con el estreno de la nueva iluminaci\u00f3n de la plaza, <strong>la actuaci\u00f3n de la Muixeranga Penyeta Blanca<\/strong> y <strong>bailes populares de la mano del Grup de Danses Cocentaina<\/strong> as\u00ed como del <strong>Grup de Danses El Convent<\/strong>.<\/p>\n<p style=\"text-align: justify;\">Por \u00faltimo <strong>se dispar\u00f3 un vistosos castillo de fuegos artificiales<\/strong> al inicio de la avinguda de Benilloba frente a la misma plaza Alcalde Reig en la que se ubica el Monumento dedicado al Santo. La <strong>Pirotecnia Aitana<\/strong> inund\u00f3 de colorido la noche de Cocentaina <strong>anunciando a todo el pueblo<\/strong> que este mi\u00e9rcoles 7 de mayo se cumplen esos 425 a\u00f1os de la elecci\u00f3n de San Hip\u00f3lito M\u00e1rtir como patr\u00f3n del municipio.<\/p>\n<div id='gallery-1' class='gallery galleryid-151911 gallery-columns-2 gallery-size-large'><figure class='gallery-item'>\n\t\t\t<div class='gallery-icon landscape'>\n\t\t\t\t<a href='https:\/\/www.copealcoy.es\/es\/el-monumento-de-san-hipolito-de-cocentaina-cumple-25-anos\/img_3150\/'><img loading=\"lazy\" decoding=\"async\" width=\"980\" height=\"588\" src=\"https:\/\/www.copealcoy.es\/wp-content\/uploads\/2025\/05\/IMG_3150-980x588.jpg\" class=\"attachment-large size-large\" alt=\"\" \/><\/a>\n\t\t\t<\/div><\/figure><figure class='gallery-item'>\n\t\t\t<div class='gallery-icon landscape'>\n\t\t\t\t<a href='https:\/\/www.copealcoy.es\/es\/el-monumento-de-san-hipolito-de-cocentaina-cumple-25-anos\/img_3157\/'><img loading=\"lazy\" decoding=\"async\" width=\"980\" height=\"588\" src=\"https:\/\/www.copealcoy.es\/wp-content\/uploads\/2025\/05\/IMG_3157-980x588.jpg\" class=\"attachment-large size-large\" alt=\"\" \/><\/a>\n\t\t\t<\/div><\/figure><figure class='gallery-item'>\n\t\t\t<div class='gallery-icon landscape'>\n\t\t\t\t<a href='https:\/\/www.copealcoy.es\/es\/el-monumento-de-san-hipolito-de-cocentaina-cumple-25-anos\/img_3160\/'><img loading=\"lazy\" decoding=\"async\" width=\"980\" height=\"588\" src=\"https:\/\/www.copealcoy.es\/wp-content\/uploads\/2025\/05\/IMG_3160-980x588.jpg\" class=\"attachment-large size-large\" alt=\"\" \/><\/a>\n\t\t\t<\/div><\/figure><figure class='gallery-item'>\n\t\t\t<div class='gallery-icon landscape'>\n\t\t\t\t<a href='https:\/\/www.copealcoy.es\/es\/el-monumento-de-san-hipolito-de-cocentaina-cumple-25-anos\/img_3206-2\/'><img loading=\"lazy\" decoding=\"async\" width=\"980\" height=\"588\" src=\"https:\/\/www.copealcoy.es\/wp-content\/uploads\/2025\/05\/IMG_3206-980x588.jpg\" class=\"attachment-large size-large\" alt=\"\" \/><\/a>\n\t\t\t<\/div><\/figure><figure class='gallery-item'>\n\t\t\t<div class='gallery-icon landscape'>\n\t\t\t\t<a href='https:\/\/www.copealcoy.es\/es\/el-monumento-de-san-hipolito-de-cocentaina-cumple-25-anos\/unnamed-3-62\/'><img loading=\"lazy\" decoding=\"async\" width=\"980\" height=\"588\" src=\"https:\/\/www.copealcoy.es\/wp-content\/uploads\/2025\/05\/unnamed-3-2-980x588.jpg\" class=\"attachment-large size-large\" alt=\"\" \/><\/a>\n\t\t\t<\/div><\/figure><figure class='gallery-item'>\n\t\t\t<div class='gallery-icon landscape'>\n\t\t\t\t<a href='https:\/\/www.copealcoy.es\/es\/el-monumento-de-san-hipolito-de-cocentaina-cumple-25-anos\/unnamed-2-155\/'><img loading=\"lazy\" decoding=\"async\" width=\"980\" height=\"588\" src=\"https:\/\/www.copealcoy.es\/wp-content\/uploads\/2025\/05\/unnamed-2-3-980x588.jpg\" class=\"attachment-large size-large\" alt=\"\" \/><\/a>\n\t\t\t<\/div><\/figure>\n\t\t<\/div>\n\n","protected":false},"excerpt":{"rendered":"<p>Cocentaina sigue celebrando el 425 aniversario de la elecci\u00f3n y proclamaci\u00f3n de San Hip\u00f3lito M\u00e1rtir como patr\u00f3n del municipio con&#8230;<\/p>\n","protected":false},"author":1,"featured_media":151950,"comment_status":"closed","ping_status":"closed","sticky":false,"template":"","format":"standard","meta":{"footnotes":""},"categories":[6909,98,75],"tags":[19067,132,4087,126,4488],"class_list":["post-151911","post","type-post","status-publish","format-standard","has-post-thumbnail","hentry","category-actualidad","category-comarcas","category-noticias","tag-425-aniversario","tag-cocentaina","tag-eleccion","tag-patron","tag-san-hipolito-martir"],"yoast_head":"<!-- This site is optimized with the Yoast SEO plugin v27.3 - https:\/\/yoast.com\/product\/yoast-seo-wordpress\/ -->\n<title>El Monumento de San Hip\u00f3lito M\u00e1rtir de Cocentaina cumple 25 a\u00f1os - COPE Alcoy<\/title>\n<meta name=\"description\" content=\"Cocentaina sigue celebrando el 425 aniversario de la elecci\u00f3n y proclamaci\u00f3n de San Hip\u00f3lito M\u00e1rtir como patr\u00f3n del municipio con diferentes actos culturales y religiosos que se est\u00e1n llevando a cabo en este mes de mayo\" \/>\n<meta name=\"robots\" content=\"index, follow, max-snippet:-1, max-image-preview:large, max-video-preview:-1\" \/>\n<link rel=\"canonical\" href=\"https:\/\/www.copealcoy.es\/es\/el-monumento-de-san-hipolito-de-cocentaina-cumple-25-anos\/\" \/>\n<meta property=\"og:locale\" content=\"es_ES\" \/>\n<meta property=\"og:type\" content=\"article\" \/>\n<meta property=\"og:title\" content=\"El Monumento de San Hip\u00f3lito M\u00e1rtir de Cocentaina cumple 25 a\u00f1os - COPE Alcoy\" \/>\n<meta property=\"og:description\" content=\"Cocentaina sigue celebrando el 425 aniversario de la elecci\u00f3n y proclamaci\u00f3n de San Hip\u00f3lito M\u00e1rtir como patr\u00f3n del municipio con diferentes actos culturales y religiosos que se est\u00e1n llevando a cabo en este mes de mayo\" \/>\n<meta property=\"og:url\" content=\"https:\/\/www.copealcoy.es\/es\/el-monumento-de-san-hipolito-de-cocentaina-cumple-25-anos\/\" \/>\n<meta property=\"og:site_name\" content=\"COPE Alcoy\" \/>\n<meta property=\"article:published_time\" content=\"2025-05-07T07:30:54+00:00\" \/>\n<meta property=\"article:modified_time\" content=\"2025-05-08T09:34:22+00:00\" \/>\n<meta property=\"og:image\" content=\"https:\/\/www.copealcoy.es\/wp-content\/uploads\/2025\/05\/IMG_3166-1-scaled.jpg\" \/>\n\t<meta property=\"og:image:width\" content=\"2560\" \/>\n\t<meta property=\"og:image:height\" content=\"1467\" \/>\n\t<meta property=\"og:image:type\" content=\"image\/jpeg\" \/>\n<meta name=\"author\" content=\"Cope Alcoy\" \/>\n<meta name=\"twitter:label1\" content=\"Escrito por\" \/>\n\t<meta name=\"twitter:data1\" content=\"Cope Alcoy\" \/>\n\t<meta name=\"twitter:label2\" content=\"Tiempo de lectura\" \/>\n\t<meta name=\"twitter:data2\" content=\"2 minutos\" \/>\n<script type=\"application\/ld+json\" class=\"yoast-schema-graph\">{\"@context\":\"https:\\\/\\\/schema.org\",\"@graph\":[{\"@type\":\"Article\",\"@id\":\"https:\\\/\\\/www.copealcoy.es\\\/es\\\/el-monumento-de-san-hipolito-de-cocentaina-cumple-25-anos\\\/#article\",\"isPartOf\":{\"@id\":\"https:\\\/\\\/www.copealcoy.es\\\/es\\\/el-monumento-de-san-hipolito-de-cocentaina-cumple-25-anos\\\/\"},\"author\":{\"name\":\"Cope Alcoy\",\"@id\":\"https:\\\/\\\/www.copealcoy.es\\\/es\\\/#\\\/schema\\\/person\\\/e777c87fa024e57d40170af9df39882c\"},\"headline\":\"El Monumento de San Hip\u00f3lito M\u00e1rtir de Cocentaina cumple 25 a\u00f1os\",\"datePublished\":\"2025-05-07T07:30:54+00:00\",\"dateModified\":\"2025-05-08T09:34:22+00:00\",\"mainEntityOfPage\":{\"@id\":\"https:\\\/\\\/www.copealcoy.es\\\/es\\\/el-monumento-de-san-hipolito-de-cocentaina-cumple-25-anos\\\/\"},\"wordCount\":362,\"image\":{\"@id\":\"https:\\\/\\\/www.copealcoy.es\\\/es\\\/el-monumento-de-san-hipolito-de-cocentaina-cumple-25-anos\\\/#primaryimage\"},\"thumbnailUrl\":\"https:\\\/\\\/www.copealcoy.es\\\/wp-content\\\/uploads\\\/2025\\\/05\\\/IMG_3166-1-scaled.jpg\",\"keywords\":[\"425 aniversario\",\"Cocentaina\",\"elecci\u00f3n\",\"patr\u00f3n\",\"San Hip\u00f3lito M\u00e1rtir\"],\"articleSection\":[\"Actualidad\",\"Comarcas\",\"Noticias\"],\"inLanguage\":\"es\"},{\"@type\":\"WebPage\",\"@id\":\"https:\\\/\\\/www.copealcoy.es\\\/es\\\/el-monumento-de-san-hipolito-de-cocentaina-cumple-25-anos\\\/\",\"url\":\"https:\\\/\\\/www.copealcoy.es\\\/es\\\/el-monumento-de-san-hipolito-de-cocentaina-cumple-25-anos\\\/\",\"name\":\"El Monumento de San Hip\u00f3lito M\u00e1rtir de Cocentaina cumple 25 a\u00f1os - COPE Alcoy\",\"isPartOf\":{\"@id\":\"https:\\\/\\\/www.copealcoy.es\\\/es\\\/#website\"},\"primaryImageOfPage\":{\"@id\":\"https:\\\/\\\/www.copealcoy.es\\\/es\\\/el-monumento-de-san-hipolito-de-cocentaina-cumple-25-anos\\\/#primaryimage\"},\"image\":{\"@id\":\"https:\\\/\\\/www.copealcoy.es\\\/es\\\/el-monumento-de-san-hipolito-de-cocentaina-cumple-25-anos\\\/#primaryimage\"},\"thumbnailUrl\":\"https:\\\/\\\/www.copealcoy.es\\\/wp-content\\\/uploads\\\/2025\\\/05\\\/IMG_3166-1-scaled.jpg\",\"datePublished\":\"2025-05-07T07:30:54+00:00\",\"dateModified\":\"2025-05-08T09:34:22+00:00\",\"author\":{\"@id\":\"https:\\\/\\\/www.copealcoy.es\\\/es\\\/#\\\/schema\\\/person\\\/e777c87fa024e57d40170af9df39882c\"},\"description\":\"Cocentaina sigue celebrando el 425 aniversario de la elecci\u00f3n y proclamaci\u00f3n de San Hip\u00f3lito M\u00e1rtir como patr\u00f3n del municipio con diferentes actos culturales y religiosos que se est\u00e1n llevando a cabo en este mes de mayo\",\"breadcrumb\":{\"@id\":\"https:\\\/\\\/www.copealcoy.es\\\/es\\\/el-monumento-de-san-hipolito-de-cocentaina-cumple-25-anos\\\/#breadcrumb\"},\"inLanguage\":\"es\",\"potentialAction\":[{\"@type\":\"ReadAction\",\"target\":[\"https:\\\/\\\/www.copealcoy.es\\\/es\\\/el-monumento-de-san-hipolito-de-cocentaina-cumple-25-anos\\\/\"]}]},{\"@type\":\"ImageObject\",\"inLanguage\":\"es\",\"@id\":\"https:\\\/\\\/www.copealcoy.es\\\/es\\\/el-monumento-de-san-hipolito-de-cocentaina-cumple-25-anos\\\/#primaryimage\",\"url\":\"https:\\\/\\\/www.copealcoy.es\\\/wp-content\\\/uploads\\\/2025\\\/05\\\/IMG_3166-1-scaled.jpg\",\"contentUrl\":\"https:\\\/\\\/www.copealcoy.es\\\/wp-content\\\/uploads\\\/2025\\\/05\\\/IMG_3166-1-scaled.jpg\",\"width\":2560,\"height\":1467},{\"@type\":\"BreadcrumbList\",\"@id\":\"https:\\\/\\\/www.copealcoy.es\\\/es\\\/el-monumento-de-san-hipolito-de-cocentaina-cumple-25-anos\\\/#breadcrumb\",\"itemListElement\":[{\"@type\":\"ListItem\",\"position\":1,\"name\":\"Portada\",\"item\":\"https:\\\/\\\/www.copealcoy.es\\\/es\\\/\"},{\"@type\":\"ListItem\",\"position\":2,\"name\":\"El Monumento de San Hip\u00f3lito M\u00e1rtir de Cocentaina cumple 25 a\u00f1os\"}]},{\"@type\":\"WebSite\",\"@id\":\"https:\\\/\\\/www.copealcoy.es\\\/es\\\/#website\",\"url\":\"https:\\\/\\\/www.copealcoy.es\\\/es\\\/\",\"name\":\"COPE Alcoy\",\"description\":\"Emisora COPE de radio local con emisi\u00f3n online. Pont de Sant Jordi 8-10 03803 Alcoy\",\"potentialAction\":[{\"@type\":\"SearchAction\",\"target\":{\"@type\":\"EntryPoint\",\"urlTemplate\":\"https:\\\/\\\/www.copealcoy.es\\\/es\\\/?s={search_term_string}\"},\"query-input\":{\"@type\":\"PropertyValueSpecification\",\"valueRequired\":true,\"valueName\":\"search_term_string\"}}],\"inLanguage\":\"es\"},{\"@type\":\"Person\",\"@id\":\"https:\\\/\\\/www.copealcoy.es\\\/es\\\/#\\\/schema\\\/person\\\/e777c87fa024e57d40170af9df39882c\",\"name\":\"Cope Alcoy\",\"image\":{\"@type\":\"ImageObject\",\"inLanguage\":\"es\",\"@id\":\"https:\\\/\\\/secure.gravatar.com\\\/avatar\\\/bb65d0283347e303893ba14f0692005417c1e0e690a325a4c5d8bb2b3943ee14?s=96&d=mm&r=g\",\"url\":\"https:\\\/\\\/secure.gravatar.com\\\/avatar\\\/bb65d0283347e303893ba14f0692005417c1e0e690a325a4c5d8bb2b3943ee14?s=96&d=mm&r=g\",\"contentUrl\":\"https:\\\/\\\/secure.gravatar.com\\\/avatar\\\/bb65d0283347e303893ba14f0692005417c1e0e690a325a4c5d8bb2b3943ee14?s=96&d=mm&r=g\",\"caption\":\"Cope Alcoy\"}}]}<\/script>\n<!-- \/ Yoast SEO plugin. -->","yoast_head_json":{"title":"El Monumento de San Hip\u00f3lito M\u00e1rtir de Cocentaina cumple 25 a\u00f1os - COPE Alcoy","description":"Cocentaina sigue celebrando el 425 aniversario de la elecci\u00f3n y proclamaci\u00f3n de San Hip\u00f3lito M\u00e1rtir como patr\u00f3n del municipio con diferentes actos culturales y religiosos que se est\u00e1n llevando a cabo en este mes de mayo","robots":{"index":"index","follow":"follow","max-snippet":"max-snippet:-1","max-image-preview":"max-image-preview:large","max-video-preview":"max-video-preview:-1"},"canonical":"https:\/\/www.copealcoy.es\/es\/el-monumento-de-san-hipolito-de-cocentaina-cumple-25-anos\/","og_locale":"es_ES","og_type":"article","og_title":"El Monumento de San Hip\u00f3lito M\u00e1rtir de Cocentaina cumple 25 a\u00f1os - COPE Alcoy","og_description":"Cocentaina sigue celebrando el 425 aniversario de la elecci\u00f3n y proclamaci\u00f3n de San Hip\u00f3lito M\u00e1rtir como patr\u00f3n del municipio con diferentes actos culturales y religiosos que se est\u00e1n llevando a cabo en este mes de mayo","og_url":"https:\/\/www.copealcoy.es\/es\/el-monumento-de-san-hipolito-de-cocentaina-cumple-25-anos\/","og_site_name":"COPE Alcoy","article_published_time":"2025-05-07T07:30:54+00:00","article_modified_time":"2025-05-08T09:34:22+00:00","og_image":[{"width":2560,"height":1467,"url":"https:\/\/www.copealcoy.es\/wp-content\/uploads\/2025\/05\/IMG_3166-1-scaled.jpg","type":"image\/jpeg"}],"author":"Cope Alcoy","twitter_misc":{"Escrito por":"Cope Alcoy","Tiempo de lectura":"2 minutos"},"schema":{"@context":"https:\/\/schema.org","@graph":[{"@type":"Article","@id":"https:\/\/www.copealcoy.es\/es\/el-monumento-de-san-hipolito-de-cocentaina-cumple-25-anos\/#article","isPartOf":{"@id":"https:\/\/www.copealcoy.es\/es\/el-monumento-de-san-hipolito-de-cocentaina-cumple-25-anos\/"},"author":{"name":"Cope Alcoy","@id":"https:\/\/www.copealcoy.es\/es\/#\/schema\/person\/e777c87fa024e57d40170af9df39882c"},"headline":"El Monumento de San Hip\u00f3lito M\u00e1rtir de Cocentaina cumple 25 a\u00f1os","datePublished":"2025-05-07T07:30:54+00:00","dateModified":"2025-05-08T09:34:22+00:00","mainEntityOfPage":{"@id":"https:\/\/www.copealcoy.es\/es\/el-monumento-de-san-hipolito-de-cocentaina-cumple-25-anos\/"},"wordCount":362,"image":{"@id":"https:\/\/www.copealcoy.es\/es\/el-monumento-de-san-hipolito-de-cocentaina-cumple-25-anos\/#primaryimage"},"thumbnailUrl":"https:\/\/www.copealcoy.es\/wp-content\/uploads\/2025\/05\/IMG_3166-1-scaled.jpg","keywords":["425 aniversario","Cocentaina","elecci\u00f3n","patr\u00f3n","San Hip\u00f3lito M\u00e1rtir"],"articleSection":["Actualidad","Comarcas","Noticias"],"inLanguage":"es"},{"@type":"WebPage","@id":"https:\/\/www.copealcoy.es\/es\/el-monumento-de-san-hipolito-de-cocentaina-cumple-25-anos\/","url":"https:\/\/www.copealcoy.es\/es\/el-monumento-de-san-hipolito-de-cocentaina-cumple-25-anos\/","name":"El Monumento de San Hip\u00f3lito M\u00e1rtir de Cocentaina cumple 25 a\u00f1os - COPE Alcoy","isPartOf":{"@id":"https:\/\/www.copealcoy.es\/es\/#website"},"primaryImageOfPage":{"@id":"https:\/\/www.copealcoy.es\/es\/el-monumento-de-san-hipolito-de-cocentaina-cumple-25-anos\/#primaryimage"},"image":{"@id":"https:\/\/www.copealcoy.es\/es\/el-monumento-de-san-hipolito-de-cocentaina-cumple-25-anos\/#primaryimage"},"thumbnailUrl":"https:\/\/www.copealcoy.es\/wp-content\/uploads\/2025\/05\/IMG_3166-1-scaled.jpg","datePublished":"2025-05-07T07:30:54+00:00","dateModified":"2025-05-08T09:34:22+00:00","author":{"@id":"https:\/\/www.copealcoy.es\/es\/#\/schema\/person\/e777c87fa024e57d40170af9df39882c"},"description":"Cocentaina sigue celebrando el 425 aniversario de la elecci\u00f3n y proclamaci\u00f3n de San Hip\u00f3lito M\u00e1rtir como patr\u00f3n del municipio con diferentes actos culturales y religiosos que se est\u00e1n llevando a cabo en este mes de mayo","breadcrumb":{"@id":"https:\/\/www.copealcoy.es\/es\/el-monumento-de-san-hipolito-de-cocentaina-cumple-25-anos\/#breadcrumb"},"inLanguage":"es","potentialAction":[{"@type":"ReadAction","target":["https:\/\/www.copealcoy.es\/es\/el-monumento-de-san-hipolito-de-cocentaina-cumple-25-anos\/"]}]},{"@type":"ImageObject","inLanguage":"es","@id":"https:\/\/www.copealcoy.es\/es\/el-monumento-de-san-hipolito-de-cocentaina-cumple-25-anos\/#primaryimage","url":"https:\/\/www.copealcoy.es\/wp-content\/uploads\/2025\/05\/IMG_3166-1-scaled.jpg","contentUrl":"https:\/\/www.copealcoy.es\/wp-content\/uploads\/2025\/05\/IMG_3166-1-scaled.jpg","width":2560,"height":1467},{"@type":"BreadcrumbList","@id":"https:\/\/www.copealcoy.es\/es\/el-monumento-de-san-hipolito-de-cocentaina-cumple-25-anos\/#breadcrumb","itemListElement":[{"@type":"ListItem","position":1,"name":"Portada","item":"https:\/\/www.copealcoy.es\/es\/"},{"@type":"ListItem","position":2,"name":"El Monumento de San Hip\u00f3lito M\u00e1rtir de Cocentaina cumple 25 a\u00f1os"}]},{"@type":"WebSite","@id":"https:\/\/www.copealcoy.es\/es\/#website","url":"https:\/\/www.copealcoy.es\/es\/","name":"COPE Alcoy","description":"Emisora COPE de radio local con emisi\u00f3n online. Pont de Sant Jordi 8-10 03803 Alcoy","potentialAction":[{"@type":"SearchAction","target":{"@type":"EntryPoint","urlTemplate":"https:\/\/www.copealcoy.es\/es\/?s={search_term_string}"},"query-input":{"@type":"PropertyValueSpecification","valueRequired":true,"valueName":"search_term_string"}}],"inLanguage":"es"},{"@type":"Person","@id":"https:\/\/www.copealcoy.es\/es\/#\/schema\/person\/e777c87fa024e57d40170af9df39882c","name":"Cope Alcoy","image":{"@type":"ImageObject","inLanguage":"es","@id":"https:\/\/secure.gravatar.com\/avatar\/bb65d0283347e303893ba14f0692005417c1e0e690a325a4c5d8bb2b3943ee14?s=96&d=mm&r=g","url":"https:\/\/secure.gravatar.com\/avatar\/bb65d0283347e303893ba14f0692005417c1e0e690a325a4c5d8bb2b3943ee14?s=96&d=mm&r=g","contentUrl":"https:\/\/secure.gravatar.com\/avatar\/bb65d0283347e303893ba14f0692005417c1e0e690a325a4c5d8bb2b3943ee14?s=96&d=mm&r=g","caption":"Cope Alcoy"}}]}},"_links":{"self":[{"href":"https:\/\/www.copealcoy.es\/es\/wp-json\/wp\/v2\/posts\/151911","targetHints":{"allow":["GET"]}}],"collection":[{"href":"https:\/\/www.copealcoy.es\/es\/wp-json\/wp\/v2\/posts"}],"about":[{"href":"https:\/\/www.copealcoy.es\/es\/wp-json\/wp\/v2\/types\/post"}],"author":[{"embeddable":true,"href":"https:\/\/www.copealcoy.es\/es\/wp-json\/wp\/v2\/users\/1"}],"replies":[{"embeddable":true,"href":"https:\/\/www.copealcoy.es\/es\/wp-json\/wp\/v2\/comments?post=151911"}],"version-history":[{"count":4,"href":"https:\/\/www.copealcoy.es\/es\/wp-json\/wp\/v2\/posts\/151911\/revisions"}],"predecessor-version":[{"id":151957,"href":"https:\/\/www.copealcoy.es\/es\/wp-json\/wp\/v2\/posts\/151911\/revisions\/151957"}],"wp:featuredmedia":[{"embeddable":true,"href":"https:\/\/www.copealcoy.es\/es\/wp-json\/wp\/v2\/media\/151950"}],"wp:attachment":[{"href":"https:\/\/www.copealcoy.es\/es\/wp-json\/wp\/v2\/media?parent=151911"}],"wp:term":[{"taxonomy":"category","embeddable":true,"href":"https:\/\/www.copealcoy.es\/es\/wp-json\/wp\/v2\/categories?post=151911"},{"taxonomy":"post_tag","embeddable":true,"href":"https:\/\/www.copealcoy.es\/es\/wp-json\/wp\/v2\/tags?post=151911"}],"curies":[{"name":"wp","href":"https:\/\/api.w.org\/{rel}","templated":true}]}}