{"id":15191,"date":"2015-08-24T09:04:56","date_gmt":"2015-08-24T09:04:56","guid":{"rendered":"http:\/\/copealcoi.es\/new\/?p=15191"},"modified":"2015-08-24T17:07:10","modified_gmt":"2015-08-24T17:07:10","slug":"un-fuego-arrasa-una-hectarea-de-pinar-y-matorral-en-penaguila","status":"publish","type":"post","link":"https:\/\/www.copealcoy.es\/es\/un-fuego-arrasa-una-hectarea-de-pinar-y-matorral-en-penaguila\/","title":{"rendered":"Un incendio arrasa una hect\u00e1rea de pinar y matorral en Pen\u00e1guila"},"content":{"rendered":"<p style=\"text-align: justify;\">Un incendio forestal arras\u00f3 ayer domingo una hect\u00e1rea de pino y matorral en una zona de Barranco entre los municipios de Pen\u00e1guila y Benilloba conocida como el Mas de la Carrasca. El fuego se origin\u00f3 a mediod\u00eda, por causas que todav\u00eda de desconocen, y en la extinci\u00f3n del mismo\u00a0participaron cuatro medios a\u00e9reos as\u00ed como dos brigadas de Emergencia, dos autobombas y tres veh\u00edculos de bomberos.\u00a0Todo ello propici\u00f3 que las llamas quedaran controladas al filo de las seis y media de la tarde seg\u00fan informaron desde Emergencias de la Generalitat Valenciana. El incendio ha quedado definitivamente extinguido a las nueve de la ma\u00f1ana de este lunes.<\/p>\n<p style=\"text-align: justify;\">\n","protected":false},"excerpt":{"rendered":"<p>Un incendio forestal arras\u00f3 ayer domingo una hect\u00e1rea de pino y matorral en una zona de Barranco entre los municipios&#8230;<\/p>\n","protected":false},"author":1,"featured_media":15192,"comment_status":"open","ping_status":"open","sticky":false,"template":"","format":"standard","meta":{"footnotes":""},"categories":[98,75,80],"tags":[482,615,764,612,660,1358],"class_list":["post-15191","post","type-post","status-publish","format-standard","has-post-thumbnail","hentry","category-comarcas","category-noticias","category-sucesos","tag-alcoia","tag-bomberos","tag-fuego","tag-incendio","tag-penaguila","tag-siniestro"],"yoast_head":"<!-- This site is optimized with the Yoast SEO plugin v27.3 - https:\/\/yoast.com\/product\/yoast-seo-wordpress\/ -->\n<title>Un incendio arrasa una hect\u00e1rea de pinar y matorral en Pen\u00e1guila - COPE Alcoy<\/title>\n<meta name=\"robots\" content=\"index, follow, max-snippet:-1, max-image-preview:large, max-video-preview:-1\" \/>\n<link rel=\"canonical\" href=\"https:\/\/www.copealcoy.es\/es\/un-fuego-arrasa-una-hectarea-de-pinar-y-matorral-en-penaguila\/\" \/>\n<meta property=\"og:locale\" content=\"es_ES\" \/>\n<meta property=\"og:type\" content=\"article\" \/>\n<meta property=\"og:title\" content=\"Un incendio arrasa una hect\u00e1rea de pinar y matorral en Pen\u00e1guila - COPE Alcoy\" \/>\n<meta property=\"og:description\" content=\"Un incendio forestal arras\u00f3 ayer domingo una hect\u00e1rea de pino y matorral en una zona de Barranco entre los municipios...\" \/>\n<meta property=\"og:url\" content=\"https:\/\/www.copealcoy.es\/es\/un-fuego-arrasa-una-hectarea-de-pinar-y-matorral-en-penaguila\/\" \/>\n<meta property=\"og:site_name\" content=\"COPE Alcoy\" \/>\n<meta property=\"article:published_time\" content=\"2015-08-24T09:04:56+00:00\" \/>\n<meta property=\"article:modified_time\" content=\"2015-08-24T17:07:10+00:00\" \/>\n<meta property=\"og:image\" content=\"https:\/\/www.copealcoy.es\/wp-content\/uploads\/2015\/08\/10999892_1631899763753867_3276097502634225512_n_20150824075601.jpg\" \/>\n\t<meta property=\"og:image:width\" content=\"571\" \/>\n\t<meta property=\"og:image:height\" content=\"416\" \/>\n\t<meta property=\"og:image:type\" content=\"image\/jpeg\" \/>\n<meta name=\"author\" content=\"Cope Alcoy\" \/>\n<meta name=\"twitter:label1\" content=\"Escrito por\" \/>\n\t<meta name=\"twitter:data1\" content=\"Cope Alcoy\" \/>\n\t<meta name=\"twitter:label2\" content=\"Tiempo de lectura\" \/>\n\t<meta name=\"twitter:data2\" content=\"1 minuto\" \/>\n<script type=\"application\/ld+json\" class=\"yoast-schema-graph\">{\"@context\":\"https:\\\/\\\/schema.org\",\"@graph\":[{\"@type\":\"Article\",\"@id\":\"https:\\\/\\\/www.copealcoy.es\\\/es\\\/un-fuego-arrasa-una-hectarea-de-pinar-y-matorral-en-penaguila\\\/#article\",\"isPartOf\":{\"@id\":\"https:\\\/\\\/www.copealcoy.es\\\/es\\\/un-fuego-arrasa-una-hectarea-de-pinar-y-matorral-en-penaguila\\\/\"},\"author\":{\"name\":\"Cope Alcoy\",\"@id\":\"https:\\\/\\\/www.copealcoy.es\\\/es\\\/#\\\/schema\\\/person\\\/e777c87fa024e57d40170af9df39882c\"},\"headline\":\"Un incendio arrasa una hect\u00e1rea de pinar y matorral en Pen\u00e1guila\",\"datePublished\":\"2015-08-24T09:04:56+00:00\",\"dateModified\":\"2015-08-24T17:07:10+00:00\",\"mainEntityOfPage\":{\"@id\":\"https:\\\/\\\/www.copealcoy.es\\\/es\\\/un-fuego-arrasa-una-hectarea-de-pinar-y-matorral-en-penaguila\\\/\"},\"wordCount\":129,\"commentCount\":0,\"image\":{\"@id\":\"https:\\\/\\\/www.copealcoy.es\\\/es\\\/un-fuego-arrasa-una-hectarea-de-pinar-y-matorral-en-penaguila\\\/#primaryimage\"},\"thumbnailUrl\":\"https:\\\/\\\/www.copealcoy.es\\\/wp-content\\\/uploads\\\/2015\\\/08\\\/10999892_1631899763753867_3276097502634225512_n_20150824075601.jpg\",\"keywords\":[\"Alcoi\u00e0\",\"Bomberos\",\"Fuego\",\"Incendio\",\"Penaguila\",\"siniestro\"],\"articleSection\":[\"Comarcas\",\"Noticias\",\"Sucesos\"],\"inLanguage\":\"es\"},{\"@type\":\"WebPage\",\"@id\":\"https:\\\/\\\/www.copealcoy.es\\\/es\\\/un-fuego-arrasa-una-hectarea-de-pinar-y-matorral-en-penaguila\\\/\",\"url\":\"https:\\\/\\\/www.copealcoy.es\\\/es\\\/un-fuego-arrasa-una-hectarea-de-pinar-y-matorral-en-penaguila\\\/\",\"name\":\"Un incendio arrasa una hect\u00e1rea de pinar y matorral en Pen\u00e1guila - COPE Alcoy\",\"isPartOf\":{\"@id\":\"https:\\\/\\\/www.copealcoy.es\\\/es\\\/#website\"},\"primaryImageOfPage\":{\"@id\":\"https:\\\/\\\/www.copealcoy.es\\\/es\\\/un-fuego-arrasa-una-hectarea-de-pinar-y-matorral-en-penaguila\\\/#primaryimage\"},\"image\":{\"@id\":\"https:\\\/\\\/www.copealcoy.es\\\/es\\\/un-fuego-arrasa-una-hectarea-de-pinar-y-matorral-en-penaguila\\\/#primaryimage\"},\"thumbnailUrl\":\"https:\\\/\\\/www.copealcoy.es\\\/wp-content\\\/uploads\\\/2015\\\/08\\\/10999892_1631899763753867_3276097502634225512_n_20150824075601.jpg\",\"datePublished\":\"2015-08-24T09:04:56+00:00\",\"dateModified\":\"2015-08-24T17:07:10+00:00\",\"author\":{\"@id\":\"https:\\\/\\\/www.copealcoy.es\\\/es\\\/#\\\/schema\\\/person\\\/e777c87fa024e57d40170af9df39882c\"},\"breadcrumb\":{\"@id\":\"https:\\\/\\\/www.copealcoy.es\\\/es\\\/un-fuego-arrasa-una-hectarea-de-pinar-y-matorral-en-penaguila\\\/#breadcrumb\"},\"inLanguage\":\"es\",\"potentialAction\":[{\"@type\":\"ReadAction\",\"target\":[\"https:\\\/\\\/www.copealcoy.es\\\/es\\\/un-fuego-arrasa-una-hectarea-de-pinar-y-matorral-en-penaguila\\\/\"]}]},{\"@type\":\"ImageObject\",\"inLanguage\":\"es\",\"@id\":\"https:\\\/\\\/www.copealcoy.es\\\/es\\\/un-fuego-arrasa-una-hectarea-de-pinar-y-matorral-en-penaguila\\\/#primaryimage\",\"url\":\"https:\\\/\\\/www.copealcoy.es\\\/wp-content\\\/uploads\\\/2015\\\/08\\\/10999892_1631899763753867_3276097502634225512_n_20150824075601.jpg\",\"contentUrl\":\"https:\\\/\\\/www.copealcoy.es\\\/wp-content\\\/uploads\\\/2015\\\/08\\\/10999892_1631899763753867_3276097502634225512_n_20150824075601.jpg\",\"width\":571,\"height\":416,\"caption\":\"Efectivos trabajando durante la extinci\u00f3n del fuego \\\/ Foto: ACIF\"},{\"@type\":\"BreadcrumbList\",\"@id\":\"https:\\\/\\\/www.copealcoy.es\\\/es\\\/un-fuego-arrasa-una-hectarea-de-pinar-y-matorral-en-penaguila\\\/#breadcrumb\",\"itemListElement\":[{\"@type\":\"ListItem\",\"position\":1,\"name\":\"Portada\",\"item\":\"https:\\\/\\\/www.copealcoy.es\\\/es\\\/\"},{\"@type\":\"ListItem\",\"position\":2,\"name\":\"Un incendio arrasa una hect\u00e1rea de pinar y matorral en Pen\u00e1guila\"}]},{\"@type\":\"WebSite\",\"@id\":\"https:\\\/\\\/www.copealcoy.es\\\/es\\\/#website\",\"url\":\"https:\\\/\\\/www.copealcoy.es\\\/es\\\/\",\"name\":\"COPE Alcoy\",\"description\":\"Emisora COPE de radio local con emisi\u00f3n online. Pont de Sant Jordi 8-10 03803 Alcoy\",\"potentialAction\":[{\"@type\":\"SearchAction\",\"target\":{\"@type\":\"EntryPoint\",\"urlTemplate\":\"https:\\\/\\\/www.copealcoy.es\\\/es\\\/?s={search_term_string}\"},\"query-input\":{\"@type\":\"PropertyValueSpecification\",\"valueRequired\":true,\"valueName\":\"search_term_string\"}}],\"inLanguage\":\"es\"},{\"@type\":\"Person\",\"@id\":\"https:\\\/\\\/www.copealcoy.es\\\/es\\\/#\\\/schema\\\/person\\\/e777c87fa024e57d40170af9df39882c\",\"name\":\"Cope Alcoy\",\"image\":{\"@type\":\"ImageObject\",\"inLanguage\":\"es\",\"@id\":\"https:\\\/\\\/secure.gravatar.com\\\/avatar\\\/bb65d0283347e303893ba14f0692005417c1e0e690a325a4c5d8bb2b3943ee14?s=96&d=mm&r=g\",\"url\":\"https:\\\/\\\/secure.gravatar.com\\\/avatar\\\/bb65d0283347e303893ba14f0692005417c1e0e690a325a4c5d8bb2b3943ee14?s=96&d=mm&r=g\",\"contentUrl\":\"https:\\\/\\\/secure.gravatar.com\\\/avatar\\\/bb65d0283347e303893ba14f0692005417c1e0e690a325a4c5d8bb2b3943ee14?s=96&d=mm&r=g\",\"caption\":\"Cope Alcoy\"}}]}<\/script>\n<!-- \/ Yoast SEO plugin. -->","yoast_head_json":{"title":"Un incendio arrasa una hect\u00e1rea de pinar y matorral en Pen\u00e1guila - COPE Alcoy","robots":{"index":"index","follow":"follow","max-snippet":"max-snippet:-1","max-image-preview":"max-image-preview:large","max-video-preview":"max-video-preview:-1"},"canonical":"https:\/\/www.copealcoy.es\/es\/un-fuego-arrasa-una-hectarea-de-pinar-y-matorral-en-penaguila\/","og_locale":"es_ES","og_type":"article","og_title":"Un incendio arrasa una hect\u00e1rea de pinar y matorral en Pen\u00e1guila - COPE Alcoy","og_description":"Un incendio forestal arras\u00f3 ayer domingo una hect\u00e1rea de pino y matorral en una zona de Barranco entre los municipios...","og_url":"https:\/\/www.copealcoy.es\/es\/un-fuego-arrasa-una-hectarea-de-pinar-y-matorral-en-penaguila\/","og_site_name":"COPE Alcoy","article_published_time":"2015-08-24T09:04:56+00:00","article_modified_time":"2015-08-24T17:07:10+00:00","og_image":[{"width":571,"height":416,"url":"https:\/\/www.copealcoy.es\/wp-content\/uploads\/2015\/08\/10999892_1631899763753867_3276097502634225512_n_20150824075601.jpg","type":"image\/jpeg"}],"author":"Cope Alcoy","twitter_misc":{"Escrito por":"Cope Alcoy","Tiempo de lectura":"1 minuto"},"schema":{"@context":"https:\/\/schema.org","@graph":[{"@type":"Article","@id":"https:\/\/www.copealcoy.es\/es\/un-fuego-arrasa-una-hectarea-de-pinar-y-matorral-en-penaguila\/#article","isPartOf":{"@id":"https:\/\/www.copealcoy.es\/es\/un-fuego-arrasa-una-hectarea-de-pinar-y-matorral-en-penaguila\/"},"author":{"name":"Cope Alcoy","@id":"https:\/\/www.copealcoy.es\/es\/#\/schema\/person\/e777c87fa024e57d40170af9df39882c"},"headline":"Un incendio arrasa una hect\u00e1rea de pinar y matorral en Pen\u00e1guila","datePublished":"2015-08-24T09:04:56+00:00","dateModified":"2015-08-24T17:07:10+00:00","mainEntityOfPage":{"@id":"https:\/\/www.copealcoy.es\/es\/un-fuego-arrasa-una-hectarea-de-pinar-y-matorral-en-penaguila\/"},"wordCount":129,"commentCount":0,"image":{"@id":"https:\/\/www.copealcoy.es\/es\/un-fuego-arrasa-una-hectarea-de-pinar-y-matorral-en-penaguila\/#primaryimage"},"thumbnailUrl":"https:\/\/www.copealcoy.es\/wp-content\/uploads\/2015\/08\/10999892_1631899763753867_3276097502634225512_n_20150824075601.jpg","keywords":["Alcoi\u00e0","Bomberos","Fuego","Incendio","Penaguila","siniestro"],"articleSection":["Comarcas","Noticias","Sucesos"],"inLanguage":"es"},{"@type":"WebPage","@id":"https:\/\/www.copealcoy.es\/es\/un-fuego-arrasa-una-hectarea-de-pinar-y-matorral-en-penaguila\/","url":"https:\/\/www.copealcoy.es\/es\/un-fuego-arrasa-una-hectarea-de-pinar-y-matorral-en-penaguila\/","name":"Un incendio arrasa una hect\u00e1rea de pinar y matorral en Pen\u00e1guila - COPE Alcoy","isPartOf":{"@id":"https:\/\/www.copealcoy.es\/es\/#website"},"primaryImageOfPage":{"@id":"https:\/\/www.copealcoy.es\/es\/un-fuego-arrasa-una-hectarea-de-pinar-y-matorral-en-penaguila\/#primaryimage"},"image":{"@id":"https:\/\/www.copealcoy.es\/es\/un-fuego-arrasa-una-hectarea-de-pinar-y-matorral-en-penaguila\/#primaryimage"},"thumbnailUrl":"https:\/\/www.copealcoy.es\/wp-content\/uploads\/2015\/08\/10999892_1631899763753867_3276097502634225512_n_20150824075601.jpg","datePublished":"2015-08-24T09:04:56+00:00","dateModified":"2015-08-24T17:07:10+00:00","author":{"@id":"https:\/\/www.copealcoy.es\/es\/#\/schema\/person\/e777c87fa024e57d40170af9df39882c"},"breadcrumb":{"@id":"https:\/\/www.copealcoy.es\/es\/un-fuego-arrasa-una-hectarea-de-pinar-y-matorral-en-penaguila\/#breadcrumb"},"inLanguage":"es","potentialAction":[{"@type":"ReadAction","target":["https:\/\/www.copealcoy.es\/es\/un-fuego-arrasa-una-hectarea-de-pinar-y-matorral-en-penaguila\/"]}]},{"@type":"ImageObject","inLanguage":"es","@id":"https:\/\/www.copealcoy.es\/es\/un-fuego-arrasa-una-hectarea-de-pinar-y-matorral-en-penaguila\/#primaryimage","url":"https:\/\/www.copealcoy.es\/wp-content\/uploads\/2015\/08\/10999892_1631899763753867_3276097502634225512_n_20150824075601.jpg","contentUrl":"https:\/\/www.copealcoy.es\/wp-content\/uploads\/2015\/08\/10999892_1631899763753867_3276097502634225512_n_20150824075601.jpg","width":571,"height":416,"caption":"Efectivos trabajando durante la extinci\u00f3n del fuego \/ Foto: ACIF"},{"@type":"BreadcrumbList","@id":"https:\/\/www.copealcoy.es\/es\/un-fuego-arrasa-una-hectarea-de-pinar-y-matorral-en-penaguila\/#breadcrumb","itemListElement":[{"@type":"ListItem","position":1,"name":"Portada","item":"https:\/\/www.copealcoy.es\/es\/"},{"@type":"ListItem","position":2,"name":"Un incendio arrasa una hect\u00e1rea de pinar y matorral en Pen\u00e1guila"}]},{"@type":"WebSite","@id":"https:\/\/www.copealcoy.es\/es\/#website","url":"https:\/\/www.copealcoy.es\/es\/","name":"COPE Alcoy","description":"Emisora COPE de radio local con emisi\u00f3n online. Pont de Sant Jordi 8-10 03803 Alcoy","potentialAction":[{"@type":"SearchAction","target":{"@type":"EntryPoint","urlTemplate":"https:\/\/www.copealcoy.es\/es\/?s={search_term_string}"},"query-input":{"@type":"PropertyValueSpecification","valueRequired":true,"valueName":"search_term_string"}}],"inLanguage":"es"},{"@type":"Person","@id":"https:\/\/www.copealcoy.es\/es\/#\/schema\/person\/e777c87fa024e57d40170af9df39882c","name":"Cope Alcoy","image":{"@type":"ImageObject","inLanguage":"es","@id":"https:\/\/secure.gravatar.com\/avatar\/bb65d0283347e303893ba14f0692005417c1e0e690a325a4c5d8bb2b3943ee14?s=96&d=mm&r=g","url":"https:\/\/secure.gravatar.com\/avatar\/bb65d0283347e303893ba14f0692005417c1e0e690a325a4c5d8bb2b3943ee14?s=96&d=mm&r=g","contentUrl":"https:\/\/secure.gravatar.com\/avatar\/bb65d0283347e303893ba14f0692005417c1e0e690a325a4c5d8bb2b3943ee14?s=96&d=mm&r=g","caption":"Cope Alcoy"}}]}},"_links":{"self":[{"href":"https:\/\/www.copealcoy.es\/es\/wp-json\/wp\/v2\/posts\/15191","targetHints":{"allow":["GET"]}}],"collection":[{"href":"https:\/\/www.copealcoy.es\/es\/wp-json\/wp\/v2\/posts"}],"about":[{"href":"https:\/\/www.copealcoy.es\/es\/wp-json\/wp\/v2\/types\/post"}],"author":[{"embeddable":true,"href":"https:\/\/www.copealcoy.es\/es\/wp-json\/wp\/v2\/users\/1"}],"replies":[{"embeddable":true,"href":"https:\/\/www.copealcoy.es\/es\/wp-json\/wp\/v2\/comments?post=15191"}],"version-history":[{"count":0,"href":"https:\/\/www.copealcoy.es\/es\/wp-json\/wp\/v2\/posts\/15191\/revisions"}],"wp:featuredmedia":[{"embeddable":true,"href":"https:\/\/www.copealcoy.es\/es\/wp-json\/wp\/v2\/media\/15192"}],"wp:attachment":[{"href":"https:\/\/www.copealcoy.es\/es\/wp-json\/wp\/v2\/media?parent=15191"}],"wp:term":[{"taxonomy":"category","embeddable":true,"href":"https:\/\/www.copealcoy.es\/es\/wp-json\/wp\/v2\/categories?post=15191"},{"taxonomy":"post_tag","embeddable":true,"href":"https:\/\/www.copealcoy.es\/es\/wp-json\/wp\/v2\/tags?post=15191"}],"curies":[{"name":"wp","href":"https:\/\/api.w.org\/{rel}","templated":true}]}}