{"id":151903,"date":"2025-05-08T08:05:06","date_gmt":"2025-05-08T07:05:06","guid":{"rendered":"https:\/\/www.copealcoy.es\/?p=151903"},"modified":"2025-05-08T09:19:40","modified_gmt":"2025-05-08T08:19:40","slug":"por-que-ha-aparecido-un-buitre-leonado-en-una-piscina-de-ibi","status":"publish","type":"post","link":"https:\/\/www.copealcoy.es\/es\/por-que-ha-aparecido-un-buitre-leonado-en-una-piscina-de-ibi\/","title":{"rendered":"Por qu\u00e9 ha aparecido un buitre leonado en una piscina de Ibi"},"content":{"rendered":"<p style=\"text-align: justify;\">Un ejemplar adulto de<strong> buitre leonado (Gyps fulvus)<\/strong> fue rescatado el pasado 22 de abril en una zona rural de Ibi, Alicante, tras quedar atrapado en el interior de una piscina pr\u00e1cticamente vac\u00eda. La intervenci\u00f3n, llevada a cabo por el <a href=\"https:\/\/www.miteco.gob.es\/es\/actuaciones-seprona\/el-seprona.html\" target=\"_blank\" rel=\"noopener\"><span style=\"color: #0000ff;\"><strong>Servicio de Protecci\u00f3n de la Naturaleza (Seprona) de la Guardia Civil<\/strong><\/span><\/a> y que hemos conocido hoy, se realiz\u00f3 despu\u00e9s de que el propietario de la finca alertara sobre la presencia del ave.<\/p>\n<p style=\"text-align: justify;\">El <strong>primer avistamiento<\/strong> fue realizado por el hijo del propietario, quien encontr\u00f3 al buitre posado sobre un juguete en el fondo de la piscina, que conten\u00eda unos cinco cent\u00edmetros de agua. La patrulla del Seprona acudi\u00f3 r\u00e1pidamente al lugar, evalu\u00f3 la situaci\u00f3n y, tras equiparse con material de protecci\u00f3n, logr\u00f3 rescatar al animal sin causarle lesiones ni aumentar su estr\u00e9s.<\/p>\n<p style=\"text-align: justify;\">El buitre, un ejemplar adulto con una envergadura notable, s<strong>e encontraba aparentemente sano aunque desorientado<\/strong>. Se sospecha que pudo haber sufrido un shock tras una ca\u00edda accidental mientras sobrevolaba la zona. Tras su rescate, fue entregado al Centro de Recuperaci\u00f3n de Fauna Silvestre de Santa Faz, dependiente de la Conselleria de Medio Ambiente, Agua, Infraestructuras y Territorio. All\u00ed se le est\u00e1 realizando una evaluaci\u00f3n veterinaria completa para determinar su estado y planificar su posible futura reintroducci\u00f3n en su h\u00e1bitat natural.<\/p>\n","protected":false},"excerpt":{"rendered":"<p>Un ejemplar adulto de buitre leonado (Gyps fulvus) fue rescatado el pasado 22 de abril en una zona rural de&#8230;<\/p>\n","protected":false},"author":1,"featured_media":151904,"comment_status":"closed","ping_status":"closed","sticky":false,"template":"","format":"standard","meta":{"footnotes":""},"categories":[6909,98,75],"tags":[19535,2187,474,10640],"class_list":["post-151903","post","type-post","status-publish","format-standard","has-post-thumbnail","hentry","category-actualidad","category-comarcas","category-noticias","tag-buitre-leonado","tag-guardia-civil","tag-ibi","tag-rescate"],"yoast_head":"<!-- This site is optimized with the Yoast SEO plugin v27.3 - https:\/\/yoast.com\/product\/yoast-seo-wordpress\/ -->\n<title>Por qu\u00e9 ha aparecido un buitre leonado en una piscina de Ibi - COPE Alcoy<\/title>\n<meta name=\"description\" content=\"Un ejemplar adulto de buitre leonado (Gyps fulvus) fue rescatado el pasado 22 de abril en una zona rural de Ibi, Alicante, tras quedar atrapado en el interior de una piscina pr\u00e1cticamente vac\u00eda\" \/>\n<meta name=\"robots\" content=\"index, follow, max-snippet:-1, max-image-preview:large, max-video-preview:-1\" \/>\n<link rel=\"canonical\" href=\"https:\/\/www.copealcoy.es\/es\/por-que-ha-aparecido-un-buitre-leonado-en-una-piscina-de-ibi\/\" \/>\n<meta property=\"og:locale\" content=\"es_ES\" \/>\n<meta property=\"og:type\" content=\"article\" \/>\n<meta property=\"og:title\" content=\"Por qu\u00e9 ha aparecido un buitre leonado en una piscina de Ibi - COPE Alcoy\" \/>\n<meta property=\"og:description\" content=\"Un ejemplar adulto de buitre leonado (Gyps fulvus) fue rescatado el pasado 22 de abril en una zona rural de Ibi, Alicante, tras quedar atrapado en el interior de una piscina pr\u00e1cticamente vac\u00eda\" \/>\n<meta property=\"og:url\" content=\"https:\/\/www.copealcoy.es\/es\/por-que-ha-aparecido-un-buitre-leonado-en-una-piscina-de-ibi\/\" \/>\n<meta property=\"og:site_name\" content=\"COPE Alcoy\" \/>\n<meta property=\"article:published_time\" content=\"2025-05-08T07:05:06+00:00\" \/>\n<meta property=\"article:modified_time\" content=\"2025-05-08T08:19:40+00:00\" \/>\n<meta property=\"og:image\" content=\"https:\/\/www.copealcoy.es\/wp-content\/uploads\/2025\/05\/Y7OQFVF37BAD5OPYKADBWE2YSA.jpg\" \/>\n\t<meta property=\"og:image:width\" content=\"1920\" \/>\n\t<meta property=\"og:image:height\" content=\"1080\" \/>\n\t<meta property=\"og:image:type\" content=\"image\/jpeg\" \/>\n<meta name=\"author\" content=\"Cope Alcoy\" \/>\n<meta name=\"twitter:label1\" content=\"Escrito por\" \/>\n\t<meta name=\"twitter:data1\" content=\"Cope Alcoy\" \/>\n\t<meta name=\"twitter:label2\" content=\"Tiempo de lectura\" \/>\n\t<meta name=\"twitter:data2\" content=\"2 minutos\" \/>\n<script type=\"application\/ld+json\" class=\"yoast-schema-graph\">{\"@context\":\"https:\\\/\\\/schema.org\",\"@graph\":[{\"@type\":\"Article\",\"@id\":\"https:\\\/\\\/www.copealcoy.es\\\/es\\\/por-que-ha-aparecido-un-buitre-leonado-en-una-piscina-de-ibi\\\/#article\",\"isPartOf\":{\"@id\":\"https:\\\/\\\/www.copealcoy.es\\\/es\\\/por-que-ha-aparecido-un-buitre-leonado-en-una-piscina-de-ibi\\\/\"},\"author\":{\"name\":\"Cope Alcoy\",\"@id\":\"https:\\\/\\\/www.copealcoy.es\\\/es\\\/#\\\/schema\\\/person\\\/e777c87fa024e57d40170af9df39882c\"},\"headline\":\"Por qu\u00e9 ha aparecido un buitre leonado en una piscina de Ibi\",\"datePublished\":\"2025-05-08T07:05:06+00:00\",\"dateModified\":\"2025-05-08T08:19:40+00:00\",\"mainEntityOfPage\":{\"@id\":\"https:\\\/\\\/www.copealcoy.es\\\/es\\\/por-que-ha-aparecido-un-buitre-leonado-en-una-piscina-de-ibi\\\/\"},\"wordCount\":239,\"image\":{\"@id\":\"https:\\\/\\\/www.copealcoy.es\\\/es\\\/por-que-ha-aparecido-un-buitre-leonado-en-una-piscina-de-ibi\\\/#primaryimage\"},\"thumbnailUrl\":\"https:\\\/\\\/www.copealcoy.es\\\/wp-content\\\/uploads\\\/2025\\\/05\\\/Y7OQFVF37BAD5OPYKADBWE2YSA.jpg\",\"keywords\":[\"buitre leonado\",\"Guardia Civil\",\"Ibi\",\"Rescate\"],\"articleSection\":[\"Actualidad\",\"Comarcas\",\"Noticias\"],\"inLanguage\":\"es\"},{\"@type\":\"WebPage\",\"@id\":\"https:\\\/\\\/www.copealcoy.es\\\/es\\\/por-que-ha-aparecido-un-buitre-leonado-en-una-piscina-de-ibi\\\/\",\"url\":\"https:\\\/\\\/www.copealcoy.es\\\/es\\\/por-que-ha-aparecido-un-buitre-leonado-en-una-piscina-de-ibi\\\/\",\"name\":\"Por qu\u00e9 ha aparecido un buitre leonado en una piscina de Ibi - COPE Alcoy\",\"isPartOf\":{\"@id\":\"https:\\\/\\\/www.copealcoy.es\\\/es\\\/#website\"},\"primaryImageOfPage\":{\"@id\":\"https:\\\/\\\/www.copealcoy.es\\\/es\\\/por-que-ha-aparecido-un-buitre-leonado-en-una-piscina-de-ibi\\\/#primaryimage\"},\"image\":{\"@id\":\"https:\\\/\\\/www.copealcoy.es\\\/es\\\/por-que-ha-aparecido-un-buitre-leonado-en-una-piscina-de-ibi\\\/#primaryimage\"},\"thumbnailUrl\":\"https:\\\/\\\/www.copealcoy.es\\\/wp-content\\\/uploads\\\/2025\\\/05\\\/Y7OQFVF37BAD5OPYKADBWE2YSA.jpg\",\"datePublished\":\"2025-05-08T07:05:06+00:00\",\"dateModified\":\"2025-05-08T08:19:40+00:00\",\"author\":{\"@id\":\"https:\\\/\\\/www.copealcoy.es\\\/es\\\/#\\\/schema\\\/person\\\/e777c87fa024e57d40170af9df39882c\"},\"description\":\"Un ejemplar adulto de buitre leonado (Gyps fulvus) fue rescatado el pasado 22 de abril en una zona rural de Ibi, Alicante, tras quedar atrapado en el interior de una piscina pr\u00e1cticamente vac\u00eda\",\"breadcrumb\":{\"@id\":\"https:\\\/\\\/www.copealcoy.es\\\/es\\\/por-que-ha-aparecido-un-buitre-leonado-en-una-piscina-de-ibi\\\/#breadcrumb\"},\"inLanguage\":\"es\",\"potentialAction\":[{\"@type\":\"ReadAction\",\"target\":[\"https:\\\/\\\/www.copealcoy.es\\\/es\\\/por-que-ha-aparecido-un-buitre-leonado-en-una-piscina-de-ibi\\\/\"]}]},{\"@type\":\"ImageObject\",\"inLanguage\":\"es\",\"@id\":\"https:\\\/\\\/www.copealcoy.es\\\/es\\\/por-que-ha-aparecido-un-buitre-leonado-en-una-piscina-de-ibi\\\/#primaryimage\",\"url\":\"https:\\\/\\\/www.copealcoy.es\\\/wp-content\\\/uploads\\\/2025\\\/05\\\/Y7OQFVF37BAD5OPYKADBWE2YSA.jpg\",\"contentUrl\":\"https:\\\/\\\/www.copealcoy.es\\\/wp-content\\\/uploads\\\/2025\\\/05\\\/Y7OQFVF37BAD5OPYKADBWE2YSA.jpg\",\"width\":1920,\"height\":1080},{\"@type\":\"BreadcrumbList\",\"@id\":\"https:\\\/\\\/www.copealcoy.es\\\/es\\\/por-que-ha-aparecido-un-buitre-leonado-en-una-piscina-de-ibi\\\/#breadcrumb\",\"itemListElement\":[{\"@type\":\"ListItem\",\"position\":1,\"name\":\"Portada\",\"item\":\"https:\\\/\\\/www.copealcoy.es\\\/es\\\/\"},{\"@type\":\"ListItem\",\"position\":2,\"name\":\"Por qu\u00e9 ha aparecido un buitre leonado en una piscina de Ibi\"}]},{\"@type\":\"WebSite\",\"@id\":\"https:\\\/\\\/www.copealcoy.es\\\/es\\\/#website\",\"url\":\"https:\\\/\\\/www.copealcoy.es\\\/es\\\/\",\"name\":\"COPE Alcoy\",\"description\":\"Emisora COPE de radio local con emisi\u00f3n online. Pont de Sant Jordi 8-10 03803 Alcoy\",\"potentialAction\":[{\"@type\":\"SearchAction\",\"target\":{\"@type\":\"EntryPoint\",\"urlTemplate\":\"https:\\\/\\\/www.copealcoy.es\\\/es\\\/?s={search_term_string}\"},\"query-input\":{\"@type\":\"PropertyValueSpecification\",\"valueRequired\":true,\"valueName\":\"search_term_string\"}}],\"inLanguage\":\"es\"},{\"@type\":\"Person\",\"@id\":\"https:\\\/\\\/www.copealcoy.es\\\/es\\\/#\\\/schema\\\/person\\\/e777c87fa024e57d40170af9df39882c\",\"name\":\"Cope Alcoy\",\"image\":{\"@type\":\"ImageObject\",\"inLanguage\":\"es\",\"@id\":\"https:\\\/\\\/secure.gravatar.com\\\/avatar\\\/bb65d0283347e303893ba14f0692005417c1e0e690a325a4c5d8bb2b3943ee14?s=96&d=mm&r=g\",\"url\":\"https:\\\/\\\/secure.gravatar.com\\\/avatar\\\/bb65d0283347e303893ba14f0692005417c1e0e690a325a4c5d8bb2b3943ee14?s=96&d=mm&r=g\",\"contentUrl\":\"https:\\\/\\\/secure.gravatar.com\\\/avatar\\\/bb65d0283347e303893ba14f0692005417c1e0e690a325a4c5d8bb2b3943ee14?s=96&d=mm&r=g\",\"caption\":\"Cope Alcoy\"}}]}<\/script>\n<!-- \/ Yoast SEO plugin. -->","yoast_head_json":{"title":"Por qu\u00e9 ha aparecido un buitre leonado en una piscina de Ibi - COPE Alcoy","description":"Un ejemplar adulto de buitre leonado (Gyps fulvus) fue rescatado el pasado 22 de abril en una zona rural de Ibi, Alicante, tras quedar atrapado en el interior de una piscina pr\u00e1cticamente vac\u00eda","robots":{"index":"index","follow":"follow","max-snippet":"max-snippet:-1","max-image-preview":"max-image-preview:large","max-video-preview":"max-video-preview:-1"},"canonical":"https:\/\/www.copealcoy.es\/es\/por-que-ha-aparecido-un-buitre-leonado-en-una-piscina-de-ibi\/","og_locale":"es_ES","og_type":"article","og_title":"Por qu\u00e9 ha aparecido un buitre leonado en una piscina de Ibi - COPE Alcoy","og_description":"Un ejemplar adulto de buitre leonado (Gyps fulvus) fue rescatado el pasado 22 de abril en una zona rural de Ibi, Alicante, tras quedar atrapado en el interior de una piscina pr\u00e1cticamente vac\u00eda","og_url":"https:\/\/www.copealcoy.es\/es\/por-que-ha-aparecido-un-buitre-leonado-en-una-piscina-de-ibi\/","og_site_name":"COPE Alcoy","article_published_time":"2025-05-08T07:05:06+00:00","article_modified_time":"2025-05-08T08:19:40+00:00","og_image":[{"width":1920,"height":1080,"url":"https:\/\/www.copealcoy.es\/wp-content\/uploads\/2025\/05\/Y7OQFVF37BAD5OPYKADBWE2YSA.jpg","type":"image\/jpeg"}],"author":"Cope Alcoy","twitter_misc":{"Escrito por":"Cope Alcoy","Tiempo de lectura":"2 minutos"},"schema":{"@context":"https:\/\/schema.org","@graph":[{"@type":"Article","@id":"https:\/\/www.copealcoy.es\/es\/por-que-ha-aparecido-un-buitre-leonado-en-una-piscina-de-ibi\/#article","isPartOf":{"@id":"https:\/\/www.copealcoy.es\/es\/por-que-ha-aparecido-un-buitre-leonado-en-una-piscina-de-ibi\/"},"author":{"name":"Cope Alcoy","@id":"https:\/\/www.copealcoy.es\/es\/#\/schema\/person\/e777c87fa024e57d40170af9df39882c"},"headline":"Por qu\u00e9 ha aparecido un buitre leonado en una piscina de Ibi","datePublished":"2025-05-08T07:05:06+00:00","dateModified":"2025-05-08T08:19:40+00:00","mainEntityOfPage":{"@id":"https:\/\/www.copealcoy.es\/es\/por-que-ha-aparecido-un-buitre-leonado-en-una-piscina-de-ibi\/"},"wordCount":239,"image":{"@id":"https:\/\/www.copealcoy.es\/es\/por-que-ha-aparecido-un-buitre-leonado-en-una-piscina-de-ibi\/#primaryimage"},"thumbnailUrl":"https:\/\/www.copealcoy.es\/wp-content\/uploads\/2025\/05\/Y7OQFVF37BAD5OPYKADBWE2YSA.jpg","keywords":["buitre leonado","Guardia Civil","Ibi","Rescate"],"articleSection":["Actualidad","Comarcas","Noticias"],"inLanguage":"es"},{"@type":"WebPage","@id":"https:\/\/www.copealcoy.es\/es\/por-que-ha-aparecido-un-buitre-leonado-en-una-piscina-de-ibi\/","url":"https:\/\/www.copealcoy.es\/es\/por-que-ha-aparecido-un-buitre-leonado-en-una-piscina-de-ibi\/","name":"Por qu\u00e9 ha aparecido un buitre leonado en una piscina de Ibi - COPE Alcoy","isPartOf":{"@id":"https:\/\/www.copealcoy.es\/es\/#website"},"primaryImageOfPage":{"@id":"https:\/\/www.copealcoy.es\/es\/por-que-ha-aparecido-un-buitre-leonado-en-una-piscina-de-ibi\/#primaryimage"},"image":{"@id":"https:\/\/www.copealcoy.es\/es\/por-que-ha-aparecido-un-buitre-leonado-en-una-piscina-de-ibi\/#primaryimage"},"thumbnailUrl":"https:\/\/www.copealcoy.es\/wp-content\/uploads\/2025\/05\/Y7OQFVF37BAD5OPYKADBWE2YSA.jpg","datePublished":"2025-05-08T07:05:06+00:00","dateModified":"2025-05-08T08:19:40+00:00","author":{"@id":"https:\/\/www.copealcoy.es\/es\/#\/schema\/person\/e777c87fa024e57d40170af9df39882c"},"description":"Un ejemplar adulto de buitre leonado (Gyps fulvus) fue rescatado el pasado 22 de abril en una zona rural de Ibi, Alicante, tras quedar atrapado en el interior de una piscina pr\u00e1cticamente vac\u00eda","breadcrumb":{"@id":"https:\/\/www.copealcoy.es\/es\/por-que-ha-aparecido-un-buitre-leonado-en-una-piscina-de-ibi\/#breadcrumb"},"inLanguage":"es","potentialAction":[{"@type":"ReadAction","target":["https:\/\/www.copealcoy.es\/es\/por-que-ha-aparecido-un-buitre-leonado-en-una-piscina-de-ibi\/"]}]},{"@type":"ImageObject","inLanguage":"es","@id":"https:\/\/www.copealcoy.es\/es\/por-que-ha-aparecido-un-buitre-leonado-en-una-piscina-de-ibi\/#primaryimage","url":"https:\/\/www.copealcoy.es\/wp-content\/uploads\/2025\/05\/Y7OQFVF37BAD5OPYKADBWE2YSA.jpg","contentUrl":"https:\/\/www.copealcoy.es\/wp-content\/uploads\/2025\/05\/Y7OQFVF37BAD5OPYKADBWE2YSA.jpg","width":1920,"height":1080},{"@type":"BreadcrumbList","@id":"https:\/\/www.copealcoy.es\/es\/por-que-ha-aparecido-un-buitre-leonado-en-una-piscina-de-ibi\/#breadcrumb","itemListElement":[{"@type":"ListItem","position":1,"name":"Portada","item":"https:\/\/www.copealcoy.es\/es\/"},{"@type":"ListItem","position":2,"name":"Por qu\u00e9 ha aparecido un buitre leonado en una piscina de Ibi"}]},{"@type":"WebSite","@id":"https:\/\/www.copealcoy.es\/es\/#website","url":"https:\/\/www.copealcoy.es\/es\/","name":"COPE Alcoy","description":"Emisora COPE de radio local con emisi\u00f3n online. Pont de Sant Jordi 8-10 03803 Alcoy","potentialAction":[{"@type":"SearchAction","target":{"@type":"EntryPoint","urlTemplate":"https:\/\/www.copealcoy.es\/es\/?s={search_term_string}"},"query-input":{"@type":"PropertyValueSpecification","valueRequired":true,"valueName":"search_term_string"}}],"inLanguage":"es"},{"@type":"Person","@id":"https:\/\/www.copealcoy.es\/es\/#\/schema\/person\/e777c87fa024e57d40170af9df39882c","name":"Cope Alcoy","image":{"@type":"ImageObject","inLanguage":"es","@id":"https:\/\/secure.gravatar.com\/avatar\/bb65d0283347e303893ba14f0692005417c1e0e690a325a4c5d8bb2b3943ee14?s=96&d=mm&r=g","url":"https:\/\/secure.gravatar.com\/avatar\/bb65d0283347e303893ba14f0692005417c1e0e690a325a4c5d8bb2b3943ee14?s=96&d=mm&r=g","contentUrl":"https:\/\/secure.gravatar.com\/avatar\/bb65d0283347e303893ba14f0692005417c1e0e690a325a4c5d8bb2b3943ee14?s=96&d=mm&r=g","caption":"Cope Alcoy"}}]}},"_links":{"self":[{"href":"https:\/\/www.copealcoy.es\/es\/wp-json\/wp\/v2\/posts\/151903","targetHints":{"allow":["GET"]}}],"collection":[{"href":"https:\/\/www.copealcoy.es\/es\/wp-json\/wp\/v2\/posts"}],"about":[{"href":"https:\/\/www.copealcoy.es\/es\/wp-json\/wp\/v2\/types\/post"}],"author":[{"embeddable":true,"href":"https:\/\/www.copealcoy.es\/es\/wp-json\/wp\/v2\/users\/1"}],"replies":[{"embeddable":true,"href":"https:\/\/www.copealcoy.es\/es\/wp-json\/wp\/v2\/comments?post=151903"}],"version-history":[{"count":1,"href":"https:\/\/www.copealcoy.es\/es\/wp-json\/wp\/v2\/posts\/151903\/revisions"}],"predecessor-version":[{"id":151906,"href":"https:\/\/www.copealcoy.es\/es\/wp-json\/wp\/v2\/posts\/151903\/revisions\/151906"}],"wp:featuredmedia":[{"embeddable":true,"href":"https:\/\/www.copealcoy.es\/es\/wp-json\/wp\/v2\/media\/151904"}],"wp:attachment":[{"href":"https:\/\/www.copealcoy.es\/es\/wp-json\/wp\/v2\/media?parent=151903"}],"wp:term":[{"taxonomy":"category","embeddable":true,"href":"https:\/\/www.copealcoy.es\/es\/wp-json\/wp\/v2\/categories?post=151903"},{"taxonomy":"post_tag","embeddable":true,"href":"https:\/\/www.copealcoy.es\/es\/wp-json\/wp\/v2\/tags?post=151903"}],"curies":[{"name":"wp","href":"https:\/\/api.w.org\/{rel}","templated":true}]}}