{"id":151866,"date":"2025-05-06T09:00:16","date_gmt":"2025-05-06T08:00:16","guid":{"rendered":"https:\/\/www.copealcoy.es\/?p=151866"},"modified":"2025-05-09T17:40:19","modified_gmt":"2025-05-09T16:40:19","slug":"el-triduo-portico-del-425-aniversario-de-la-eleccion-de-san-hipolito-como-patron-de-cocentaina","status":"publish","type":"post","link":"https:\/\/www.copealcoy.es\/es\/el-triduo-portico-del-425-aniversario-de-la-eleccion-de-san-hipolito-como-patron-de-cocentaina\/","title":{"rendered":"El triduo, p\u00f3rtico del 425 aniversario de la elecci\u00f3n de San Hip\u00f3lito como patr\u00f3n de Cocentaina"},"content":{"rendered":"<p style=\"text-align: justify;\">Cocentaina <strong>est\u00e1 inmersa en las celebraciones del 425 aniversario de la elecci\u00f3n de San Hip\u00f3lito M\u00e1rtir como patr\u00f3n del municipio<\/strong>, una efem\u00e9ride que se conmemora en este mi\u00e9rcoles 7 de mayo. Antes de ello, <strong>se est\u00e1 llevando a cabo un triduo preparatorio <\/strong>que cada tarde, a las 19:30h; tiene lugar en una de las iglesias de la capital del Comtat.<\/p>\n<p style=\"text-align: justify;\">El domingo el triduo tuvo lugar en el <strong>Monasterio de las Clarisas<\/strong> y, ante el icono de la Mare de D\u00e9u del Miracle y la imagen peque\u00f1a de San Hip\u00f3lito M\u00e1rtir, se celebr\u00f3 la eucarist\u00eda ejerciendo en esta ocasi\u00f3n de predicador el Guardi\u00e1n del Convento de los Padres Franciscanos; <strong>Fray Fernando Fuertes<\/strong>. Seguidamente, en la sala del Palau Comtal que anta\u00f1o albergaba la Biblioteca Municipal, <a href=\"https:\/\/www.copealcoy.es\/es\/artistas-contestanos-aportan-su-vision-sobre-san-hipolito-en-una-exposicion\/\" target=\"_blank\" rel=\"noopener\"><span style=\"color: #0000ff;\"><strong>se inaugur\u00f3 una exposici\u00f3n cultural<\/strong><\/span><\/a> en la que se pueden ver diferentes obras cuya tem\u00e1tica gira en torno al patr\u00f3n contestano.<\/p>\n<p style=\"text-align: justify;\">Ya el lunes el triduo se traslad\u00f3 al<strong> Convento de los Padres Franciscanos<\/strong> donde, de nuevo, predic\u00f3 en la eucarist\u00eda el Guardi\u00e1n; <strong>Fray Fernando Fuertes<\/strong>. La celebraci\u00f3n finaliz\u00f3 con <strong>la bendici\u00f3n de las medallas de San Hip\u00f3lito y su posterior imposici\u00f3n<\/strong> a quienes ser\u00e1n mayorales en las Fiestas de Moros y Cristianos de este a\u00f1o 2025. Tambi\u00e9n recibieron esta medalla Don Diego Pascual, nuevo titular de la parroquia del Salvador, y el Guardi\u00e1n de los franciscanos.<\/p>\n<p style=\"text-align: justify;\">Los cultos del triduo terminan esta tarde, tambi\u00e9n a las 19:30h, en<strong> la mencionada iglesia del Salvador<\/strong>. Al finalizar, saldr\u00e1 desde el barrio del Raval un pasacalles en direcci\u00f3n al Passeig del Comtat y el desfile finalizar\u00e1 en la plaza Alcalde Reig con<strong> una ofrenda floral al Monumento dedicado a San Hip\u00f3lito<\/strong> M\u00e1rtir que encontramos en este punto de la Villa Condal. Se conmemorar\u00e1 as\u00ed <strong>el 25 aniversario de la escultura<\/strong> creada por Ana Reig Castell\u00f3, que fue inaugurada un d\u00eda como hoy del a\u00f1o 2000 dentro del IV Centenario de la elecci\u00f3n y proclamaci\u00f3n de San Hip\u00f3lito M\u00e1rtir, y la jornada finalizar\u00e1 con bailes populares e incluso un castillo de fuegos artificiales.<\/p>\n","protected":false},"excerpt":{"rendered":"<p>Cocentaina est\u00e1 inmersa en las celebraciones del 425 aniversario de la elecci\u00f3n de San Hip\u00f3lito M\u00e1rtir como patr\u00f3n del municipio,&#8230;<\/p>\n","protected":false},"author":1,"featured_media":151867,"comment_status":"closed","ping_status":"closed","sticky":false,"template":"","format":"standard","meta":{"footnotes":""},"categories":[6909,98,75],"tags":[19067,132,4087,4088,4488,129],"class_list":["post-151866","post","type-post","status-publish","format-standard","has-post-thumbnail","hentry","category-actualidad","category-comarcas","category-noticias","tag-425-aniversario","tag-cocentaina","tag-eleccion","tag-proclamacion","tag-san-hipolito-martir","tag-triduo"],"yoast_head":"<!-- This site is optimized with the Yoast SEO plugin v27.3 - https:\/\/yoast.com\/product\/yoast-seo-wordpress\/ -->\n<title>El triduo, p\u00f3rtico del 425 aniversario de la elecci\u00f3n de San Hip\u00f3lito como patr\u00f3n de Cocentaina - COPE Alcoy<\/title>\n<meta name=\"description\" content=\"El triduo, p\u00f3rtico del 425 aniversario de la elecci\u00f3n de San Hip\u00f3lito como patr\u00f3n de Cocentaina\" \/>\n<meta name=\"robots\" content=\"index, follow, max-snippet:-1, max-image-preview:large, max-video-preview:-1\" \/>\n<link rel=\"canonical\" href=\"https:\/\/www.copealcoy.es\/es\/el-triduo-portico-del-425-aniversario-de-la-eleccion-de-san-hipolito-como-patron-de-cocentaina\/\" \/>\n<meta property=\"og:locale\" content=\"es_ES\" \/>\n<meta property=\"og:type\" content=\"article\" \/>\n<meta property=\"og:title\" content=\"El triduo, p\u00f3rtico del 425 aniversario de la elecci\u00f3n de San Hip\u00f3lito como patr\u00f3n de Cocentaina - COPE Alcoy\" \/>\n<meta property=\"og:description\" content=\"El triduo, p\u00f3rtico del 425 aniversario de la elecci\u00f3n de San Hip\u00f3lito como patr\u00f3n de Cocentaina\" \/>\n<meta property=\"og:url\" content=\"https:\/\/www.copealcoy.es\/es\/el-triduo-portico-del-425-aniversario-de-la-eleccion-de-san-hipolito-como-patron-de-cocentaina\/\" \/>\n<meta property=\"og:site_name\" content=\"COPE Alcoy\" \/>\n<meta property=\"article:published_time\" content=\"2025-05-06T08:00:16+00:00\" \/>\n<meta property=\"article:modified_time\" content=\"2025-05-09T16:40:19+00:00\" \/>\n<meta property=\"og:image\" content=\"https:\/\/www.copealcoy.es\/wp-content\/uploads\/2025\/05\/IMG_3125-scaled-e1746808812540.jpg\" \/>\n\t<meta property=\"og:image:width\" content=\"800\" \/>\n\t<meta property=\"og:image:height\" content=\"472\" \/>\n\t<meta property=\"og:image:type\" content=\"image\/jpeg\" \/>\n<meta name=\"author\" content=\"Cope Alcoy\" \/>\n<meta name=\"twitter:label1\" content=\"Escrito por\" \/>\n\t<meta name=\"twitter:data1\" content=\"Cope Alcoy\" \/>\n\t<meta name=\"twitter:label2\" content=\"Tiempo de lectura\" \/>\n\t<meta name=\"twitter:data2\" content=\"3 minutos\" \/>\n<script type=\"application\/ld+json\" class=\"yoast-schema-graph\">{\"@context\":\"https:\\\/\\\/schema.org\",\"@graph\":[{\"@type\":\"Article\",\"@id\":\"https:\\\/\\\/www.copealcoy.es\\\/es\\\/el-triduo-portico-del-425-aniversario-de-la-eleccion-de-san-hipolito-como-patron-de-cocentaina\\\/#article\",\"isPartOf\":{\"@id\":\"https:\\\/\\\/www.copealcoy.es\\\/es\\\/el-triduo-portico-del-425-aniversario-de-la-eleccion-de-san-hipolito-como-patron-de-cocentaina\\\/\"},\"author\":{\"name\":\"Cope Alcoy\",\"@id\":\"https:\\\/\\\/www.copealcoy.es\\\/es\\\/#\\\/schema\\\/person\\\/e777c87fa024e57d40170af9df39882c\"},\"headline\":\"El triduo, p\u00f3rtico del 425 aniversario de la elecci\u00f3n de San Hip\u00f3lito como patr\u00f3n de Cocentaina\",\"datePublished\":\"2025-05-06T08:00:16+00:00\",\"dateModified\":\"2025-05-09T16:40:19+00:00\",\"mainEntityOfPage\":{\"@id\":\"https:\\\/\\\/www.copealcoy.es\\\/es\\\/el-triduo-portico-del-425-aniversario-de-la-eleccion-de-san-hipolito-como-patron-de-cocentaina\\\/\"},\"wordCount\":386,\"image\":{\"@id\":\"https:\\\/\\\/www.copealcoy.es\\\/es\\\/el-triduo-portico-del-425-aniversario-de-la-eleccion-de-san-hipolito-como-patron-de-cocentaina\\\/#primaryimage\"},\"thumbnailUrl\":\"https:\\\/\\\/www.copealcoy.es\\\/wp-content\\\/uploads\\\/2025\\\/05\\\/IMG_3125-scaled-e1746808812540.jpg\",\"keywords\":[\"425 aniversario\",\"Cocentaina\",\"elecci\u00f3n\",\"proclamaci\u00f3n\",\"San Hip\u00f3lito M\u00e1rtir\",\"triduo\"],\"articleSection\":[\"Actualidad\",\"Comarcas\",\"Noticias\"],\"inLanguage\":\"es\"},{\"@type\":\"WebPage\",\"@id\":\"https:\\\/\\\/www.copealcoy.es\\\/es\\\/el-triduo-portico-del-425-aniversario-de-la-eleccion-de-san-hipolito-como-patron-de-cocentaina\\\/\",\"url\":\"https:\\\/\\\/www.copealcoy.es\\\/es\\\/el-triduo-portico-del-425-aniversario-de-la-eleccion-de-san-hipolito-como-patron-de-cocentaina\\\/\",\"name\":\"El triduo, p\u00f3rtico del 425 aniversario de la elecci\u00f3n de San Hip\u00f3lito como patr\u00f3n de Cocentaina - COPE Alcoy\",\"isPartOf\":{\"@id\":\"https:\\\/\\\/www.copealcoy.es\\\/es\\\/#website\"},\"primaryImageOfPage\":{\"@id\":\"https:\\\/\\\/www.copealcoy.es\\\/es\\\/el-triduo-portico-del-425-aniversario-de-la-eleccion-de-san-hipolito-como-patron-de-cocentaina\\\/#primaryimage\"},\"image\":{\"@id\":\"https:\\\/\\\/www.copealcoy.es\\\/es\\\/el-triduo-portico-del-425-aniversario-de-la-eleccion-de-san-hipolito-como-patron-de-cocentaina\\\/#primaryimage\"},\"thumbnailUrl\":\"https:\\\/\\\/www.copealcoy.es\\\/wp-content\\\/uploads\\\/2025\\\/05\\\/IMG_3125-scaled-e1746808812540.jpg\",\"datePublished\":\"2025-05-06T08:00:16+00:00\",\"dateModified\":\"2025-05-09T16:40:19+00:00\",\"author\":{\"@id\":\"https:\\\/\\\/www.copealcoy.es\\\/es\\\/#\\\/schema\\\/person\\\/e777c87fa024e57d40170af9df39882c\"},\"description\":\"El triduo, p\u00f3rtico del 425 aniversario de la elecci\u00f3n de San Hip\u00f3lito como patr\u00f3n de Cocentaina\",\"breadcrumb\":{\"@id\":\"https:\\\/\\\/www.copealcoy.es\\\/es\\\/el-triduo-portico-del-425-aniversario-de-la-eleccion-de-san-hipolito-como-patron-de-cocentaina\\\/#breadcrumb\"},\"inLanguage\":\"es\",\"potentialAction\":[{\"@type\":\"ReadAction\",\"target\":[\"https:\\\/\\\/www.copealcoy.es\\\/es\\\/el-triduo-portico-del-425-aniversario-de-la-eleccion-de-san-hipolito-como-patron-de-cocentaina\\\/\"]}]},{\"@type\":\"ImageObject\",\"inLanguage\":\"es\",\"@id\":\"https:\\\/\\\/www.copealcoy.es\\\/es\\\/el-triduo-portico-del-425-aniversario-de-la-eleccion-de-san-hipolito-como-patron-de-cocentaina\\\/#primaryimage\",\"url\":\"https:\\\/\\\/www.copealcoy.es\\\/wp-content\\\/uploads\\\/2025\\\/05\\\/IMG_3125-scaled-e1746808812540.jpg\",\"contentUrl\":\"https:\\\/\\\/www.copealcoy.es\\\/wp-content\\\/uploads\\\/2025\\\/05\\\/IMG_3125-scaled-e1746808812540.jpg\",\"width\":800,\"height\":472},{\"@type\":\"BreadcrumbList\",\"@id\":\"https:\\\/\\\/www.copealcoy.es\\\/es\\\/el-triduo-portico-del-425-aniversario-de-la-eleccion-de-san-hipolito-como-patron-de-cocentaina\\\/#breadcrumb\",\"itemListElement\":[{\"@type\":\"ListItem\",\"position\":1,\"name\":\"Portada\",\"item\":\"https:\\\/\\\/www.copealcoy.es\\\/es\\\/\"},{\"@type\":\"ListItem\",\"position\":2,\"name\":\"El triduo, p\u00f3rtico del 425 aniversario de la elecci\u00f3n de San Hip\u00f3lito como patr\u00f3n de Cocentaina\"}]},{\"@type\":\"WebSite\",\"@id\":\"https:\\\/\\\/www.copealcoy.es\\\/es\\\/#website\",\"url\":\"https:\\\/\\\/www.copealcoy.es\\\/es\\\/\",\"name\":\"COPE Alcoy\",\"description\":\"Emisora COPE de radio local con emisi\u00f3n online. Pont de Sant Jordi 8-10 03803 Alcoy\",\"potentialAction\":[{\"@type\":\"SearchAction\",\"target\":{\"@type\":\"EntryPoint\",\"urlTemplate\":\"https:\\\/\\\/www.copealcoy.es\\\/es\\\/?s={search_term_string}\"},\"query-input\":{\"@type\":\"PropertyValueSpecification\",\"valueRequired\":true,\"valueName\":\"search_term_string\"}}],\"inLanguage\":\"es\"},{\"@type\":\"Person\",\"@id\":\"https:\\\/\\\/www.copealcoy.es\\\/es\\\/#\\\/schema\\\/person\\\/e777c87fa024e57d40170af9df39882c\",\"name\":\"Cope Alcoy\",\"image\":{\"@type\":\"ImageObject\",\"inLanguage\":\"es\",\"@id\":\"https:\\\/\\\/secure.gravatar.com\\\/avatar\\\/bb65d0283347e303893ba14f0692005417c1e0e690a325a4c5d8bb2b3943ee14?s=96&d=mm&r=g\",\"url\":\"https:\\\/\\\/secure.gravatar.com\\\/avatar\\\/bb65d0283347e303893ba14f0692005417c1e0e690a325a4c5d8bb2b3943ee14?s=96&d=mm&r=g\",\"contentUrl\":\"https:\\\/\\\/secure.gravatar.com\\\/avatar\\\/bb65d0283347e303893ba14f0692005417c1e0e690a325a4c5d8bb2b3943ee14?s=96&d=mm&r=g\",\"caption\":\"Cope Alcoy\"}}]}<\/script>\n<!-- \/ Yoast SEO plugin. -->","yoast_head_json":{"title":"El triduo, p\u00f3rtico del 425 aniversario de la elecci\u00f3n de San Hip\u00f3lito como patr\u00f3n de Cocentaina - COPE Alcoy","description":"El triduo, p\u00f3rtico del 425 aniversario de la elecci\u00f3n de San Hip\u00f3lito como patr\u00f3n de Cocentaina","robots":{"index":"index","follow":"follow","max-snippet":"max-snippet:-1","max-image-preview":"max-image-preview:large","max-video-preview":"max-video-preview:-1"},"canonical":"https:\/\/www.copealcoy.es\/es\/el-triduo-portico-del-425-aniversario-de-la-eleccion-de-san-hipolito-como-patron-de-cocentaina\/","og_locale":"es_ES","og_type":"article","og_title":"El triduo, p\u00f3rtico del 425 aniversario de la elecci\u00f3n de San Hip\u00f3lito como patr\u00f3n de Cocentaina - COPE Alcoy","og_description":"El triduo, p\u00f3rtico del 425 aniversario de la elecci\u00f3n de San Hip\u00f3lito como patr\u00f3n de Cocentaina","og_url":"https:\/\/www.copealcoy.es\/es\/el-triduo-portico-del-425-aniversario-de-la-eleccion-de-san-hipolito-como-patron-de-cocentaina\/","og_site_name":"COPE Alcoy","article_published_time":"2025-05-06T08:00:16+00:00","article_modified_time":"2025-05-09T16:40:19+00:00","og_image":[{"width":800,"height":472,"url":"https:\/\/www.copealcoy.es\/wp-content\/uploads\/2025\/05\/IMG_3125-scaled-e1746808812540.jpg","type":"image\/jpeg"}],"author":"Cope Alcoy","twitter_misc":{"Escrito por":"Cope Alcoy","Tiempo de lectura":"3 minutos"},"schema":{"@context":"https:\/\/schema.org","@graph":[{"@type":"Article","@id":"https:\/\/www.copealcoy.es\/es\/el-triduo-portico-del-425-aniversario-de-la-eleccion-de-san-hipolito-como-patron-de-cocentaina\/#article","isPartOf":{"@id":"https:\/\/www.copealcoy.es\/es\/el-triduo-portico-del-425-aniversario-de-la-eleccion-de-san-hipolito-como-patron-de-cocentaina\/"},"author":{"name":"Cope Alcoy","@id":"https:\/\/www.copealcoy.es\/es\/#\/schema\/person\/e777c87fa024e57d40170af9df39882c"},"headline":"El triduo, p\u00f3rtico del 425 aniversario de la elecci\u00f3n de San Hip\u00f3lito como patr\u00f3n de Cocentaina","datePublished":"2025-05-06T08:00:16+00:00","dateModified":"2025-05-09T16:40:19+00:00","mainEntityOfPage":{"@id":"https:\/\/www.copealcoy.es\/es\/el-triduo-portico-del-425-aniversario-de-la-eleccion-de-san-hipolito-como-patron-de-cocentaina\/"},"wordCount":386,"image":{"@id":"https:\/\/www.copealcoy.es\/es\/el-triduo-portico-del-425-aniversario-de-la-eleccion-de-san-hipolito-como-patron-de-cocentaina\/#primaryimage"},"thumbnailUrl":"https:\/\/www.copealcoy.es\/wp-content\/uploads\/2025\/05\/IMG_3125-scaled-e1746808812540.jpg","keywords":["425 aniversario","Cocentaina","elecci\u00f3n","proclamaci\u00f3n","San Hip\u00f3lito M\u00e1rtir","triduo"],"articleSection":["Actualidad","Comarcas","Noticias"],"inLanguage":"es"},{"@type":"WebPage","@id":"https:\/\/www.copealcoy.es\/es\/el-triduo-portico-del-425-aniversario-de-la-eleccion-de-san-hipolito-como-patron-de-cocentaina\/","url":"https:\/\/www.copealcoy.es\/es\/el-triduo-portico-del-425-aniversario-de-la-eleccion-de-san-hipolito-como-patron-de-cocentaina\/","name":"El triduo, p\u00f3rtico del 425 aniversario de la elecci\u00f3n de San Hip\u00f3lito como patr\u00f3n de Cocentaina - COPE Alcoy","isPartOf":{"@id":"https:\/\/www.copealcoy.es\/es\/#website"},"primaryImageOfPage":{"@id":"https:\/\/www.copealcoy.es\/es\/el-triduo-portico-del-425-aniversario-de-la-eleccion-de-san-hipolito-como-patron-de-cocentaina\/#primaryimage"},"image":{"@id":"https:\/\/www.copealcoy.es\/es\/el-triduo-portico-del-425-aniversario-de-la-eleccion-de-san-hipolito-como-patron-de-cocentaina\/#primaryimage"},"thumbnailUrl":"https:\/\/www.copealcoy.es\/wp-content\/uploads\/2025\/05\/IMG_3125-scaled-e1746808812540.jpg","datePublished":"2025-05-06T08:00:16+00:00","dateModified":"2025-05-09T16:40:19+00:00","author":{"@id":"https:\/\/www.copealcoy.es\/es\/#\/schema\/person\/e777c87fa024e57d40170af9df39882c"},"description":"El triduo, p\u00f3rtico del 425 aniversario de la elecci\u00f3n de San Hip\u00f3lito como patr\u00f3n de Cocentaina","breadcrumb":{"@id":"https:\/\/www.copealcoy.es\/es\/el-triduo-portico-del-425-aniversario-de-la-eleccion-de-san-hipolito-como-patron-de-cocentaina\/#breadcrumb"},"inLanguage":"es","potentialAction":[{"@type":"ReadAction","target":["https:\/\/www.copealcoy.es\/es\/el-triduo-portico-del-425-aniversario-de-la-eleccion-de-san-hipolito-como-patron-de-cocentaina\/"]}]},{"@type":"ImageObject","inLanguage":"es","@id":"https:\/\/www.copealcoy.es\/es\/el-triduo-portico-del-425-aniversario-de-la-eleccion-de-san-hipolito-como-patron-de-cocentaina\/#primaryimage","url":"https:\/\/www.copealcoy.es\/wp-content\/uploads\/2025\/05\/IMG_3125-scaled-e1746808812540.jpg","contentUrl":"https:\/\/www.copealcoy.es\/wp-content\/uploads\/2025\/05\/IMG_3125-scaled-e1746808812540.jpg","width":800,"height":472},{"@type":"BreadcrumbList","@id":"https:\/\/www.copealcoy.es\/es\/el-triduo-portico-del-425-aniversario-de-la-eleccion-de-san-hipolito-como-patron-de-cocentaina\/#breadcrumb","itemListElement":[{"@type":"ListItem","position":1,"name":"Portada","item":"https:\/\/www.copealcoy.es\/es\/"},{"@type":"ListItem","position":2,"name":"El triduo, p\u00f3rtico del 425 aniversario de la elecci\u00f3n de San Hip\u00f3lito como patr\u00f3n de Cocentaina"}]},{"@type":"WebSite","@id":"https:\/\/www.copealcoy.es\/es\/#website","url":"https:\/\/www.copealcoy.es\/es\/","name":"COPE Alcoy","description":"Emisora COPE de radio local con emisi\u00f3n online. Pont de Sant Jordi 8-10 03803 Alcoy","potentialAction":[{"@type":"SearchAction","target":{"@type":"EntryPoint","urlTemplate":"https:\/\/www.copealcoy.es\/es\/?s={search_term_string}"},"query-input":{"@type":"PropertyValueSpecification","valueRequired":true,"valueName":"search_term_string"}}],"inLanguage":"es"},{"@type":"Person","@id":"https:\/\/www.copealcoy.es\/es\/#\/schema\/person\/e777c87fa024e57d40170af9df39882c","name":"Cope Alcoy","image":{"@type":"ImageObject","inLanguage":"es","@id":"https:\/\/secure.gravatar.com\/avatar\/bb65d0283347e303893ba14f0692005417c1e0e690a325a4c5d8bb2b3943ee14?s=96&d=mm&r=g","url":"https:\/\/secure.gravatar.com\/avatar\/bb65d0283347e303893ba14f0692005417c1e0e690a325a4c5d8bb2b3943ee14?s=96&d=mm&r=g","contentUrl":"https:\/\/secure.gravatar.com\/avatar\/bb65d0283347e303893ba14f0692005417c1e0e690a325a4c5d8bb2b3943ee14?s=96&d=mm&r=g","caption":"Cope Alcoy"}}]}},"_links":{"self":[{"href":"https:\/\/www.copealcoy.es\/es\/wp-json\/wp\/v2\/posts\/151866","targetHints":{"allow":["GET"]}}],"collection":[{"href":"https:\/\/www.copealcoy.es\/es\/wp-json\/wp\/v2\/posts"}],"about":[{"href":"https:\/\/www.copealcoy.es\/es\/wp-json\/wp\/v2\/types\/post"}],"author":[{"embeddable":true,"href":"https:\/\/www.copealcoy.es\/es\/wp-json\/wp\/v2\/users\/1"}],"replies":[{"embeddable":true,"href":"https:\/\/www.copealcoy.es\/es\/wp-json\/wp\/v2\/comments?post=151866"}],"version-history":[{"count":3,"href":"https:\/\/www.copealcoy.es\/es\/wp-json\/wp\/v2\/posts\/151866\/revisions"}],"predecessor-version":[{"id":151872,"href":"https:\/\/www.copealcoy.es\/es\/wp-json\/wp\/v2\/posts\/151866\/revisions\/151872"}],"wp:featuredmedia":[{"embeddable":true,"href":"https:\/\/www.copealcoy.es\/es\/wp-json\/wp\/v2\/media\/151867"}],"wp:attachment":[{"href":"https:\/\/www.copealcoy.es\/es\/wp-json\/wp\/v2\/media?parent=151866"}],"wp:term":[{"taxonomy":"category","embeddable":true,"href":"https:\/\/www.copealcoy.es\/es\/wp-json\/wp\/v2\/categories?post=151866"},{"taxonomy":"post_tag","embeddable":true,"href":"https:\/\/www.copealcoy.es\/es\/wp-json\/wp\/v2\/tags?post=151866"}],"curies":[{"name":"wp","href":"https:\/\/api.w.org\/{rel}","templated":true}]}}