{"id":151825,"date":"2025-05-07T09:00:51","date_gmt":"2025-05-07T08:00:51","guid":{"rendered":"https:\/\/www.copealcoy.es\/?p=151825"},"modified":"2025-05-07T16:26:59","modified_gmt":"2025-05-07T15:26:59","slug":"artistas-contestanos-aportan-su-vision-sobre-san-hipolito-en-una-exposicion","status":"publish","type":"post","link":"https:\/\/www.copealcoy.es\/es\/artistas-contestanos-aportan-su-vision-sobre-san-hipolito-en-una-exposicion\/","title":{"rendered":"Artistas contestanos aportan su visi\u00f3n sobre San Hip\u00f3lito en una exposici\u00f3n"},"content":{"rendered":"<p style=\"text-align: justify;\">Cocentaina est\u00e1 inmersa en <strong>la celebraci\u00f3n del 425 aniversario de la elecci\u00f3n y proclamaci\u00f3n de San Hip\u00f3lito M\u00e1rtir<\/strong> como patr\u00f3n de la localidad, una efem\u00e9ride que <strong>se est\u00e1 conmemorando a lo largo de este mes de mayo<\/strong> con un amplio abanico de actividades. Dentro de la programaci\u00f3n destaca <strong>una interesante propuesta cultural<\/strong> que fue inaugurada el pasado domingo y que podemos contemplar hasta mediados de mes.<\/p>\n<p style=\"text-align: justify;\">Se trata de <strong>una curiosa exposici\u00f3n<\/strong> que recoge varias obras de artistas contestanos y en las que se ha plasmado al patr\u00f3n por medio de diferentes t\u00e9cnicas e incluso soportes. En total se exponen<strong> 26 propuestas<\/strong> que giran en torno a San Hip\u00f3lito M\u00e1rtir <em>&#8220;encontramos desde pintura o escultura hasta fotograf\u00eda o dise\u00f1o a trav\u00e9s de las nuevas tecnolog\u00edas. Hay mucha obra en torno a nuestro patr\u00f3n y creemos que iniciativas como esta permiten darla a conocer a nuestro pueblo<\/em>&#8220;, explica <strong>Inma Ribelles<\/strong>, una de las personas que ha coordinado la muestra. La citada exposici\u00f3n <strong>se suma a los actos culturales<\/strong> que se est\u00e1n realizando en Cocentaina en estos d\u00edas con motivo del 425 aniversario de la elecci\u00f3n de San Hip\u00f3lito M\u00e1rtir como patr\u00f3n &#8220;<em>es el complemento a la programaci\u00f3n que estamos llevando a cabo y en la que tambi\u00e9n destacan actos religiosos como el triduo, la misa solemne del 7 de mayo o la romer\u00eda<\/em> del pr\u00f3ximo d\u00eda 18 <em>en la que acompa\u00f1aremos a Sant Hip\u00f2lit hasta el Cementerio Municipal<\/em>&#8220;, indica <strong>Don Eduardo Rengel<\/strong>; Asesor Religioso de la Junta de Festes y p\u00e1rroco de Santa Mar\u00eda. La muestra se puede visitar en la sala del Palau Comtal en la que se ubicaba antiguamente la Biblioteca Municipal &#8220;<em>est\u00e1 abierta en el horario habitual del mismo Palau y hasta el pr\u00f3ximo 18 de mayo<\/em>&#8220;, concluye <strong>Natxo Ferr\u00e1ndiz<\/strong>, vicepresidente de Culto en la<a href=\"https:\/\/www.facebook.com\/federacionjuntafiestas.cocentaina\" target=\"_blank\" rel=\"noopener\"><span style=\"color: #0000ff;\"><strong> Junta de Festes<\/strong><\/span><\/a> y al frente de la comisi\u00f3n organizadora de los actos del 425 aniversario del patronazgo de San Hip\u00f3lito.<\/p>\n<p style=\"text-align: justify;\">La <strong>inauguraci\u00f3n de la exposici\u00f3n<\/strong> se realiz\u00f3 el domingo por la tarde tras el primer d\u00eda del triduo dedicado al patr\u00f3n que se llev\u00f3 a cabo en el Monasterio de la Mare de D\u00e9u del Miracle. Al acto asistieron representantes de la Junta de Festes y parte de la Corporaci\u00f3n Municipal encabezada por el Primer Teniente de Alcalde (Rub\u00e9n Mu\u00f1oz), el concejal de Fiestas (Javi Sansalvador) y la edil de Tradiciones (Marcela Richart).<\/p>\n","protected":false},"excerpt":{"rendered":"<p>Cocentaina est\u00e1 inmersa en la celebraci\u00f3n del 425 aniversario de la elecci\u00f3n y proclamaci\u00f3n de San Hip\u00f3lito M\u00e1rtir como patr\u00f3n&#8230;<\/p>\n","protected":false},"author":1,"featured_media":151826,"comment_status":"closed","ping_status":"closed","sticky":false,"template":"","format":"standard","meta":{"footnotes":""},"categories":[6909,98,75],"tags":[19067,132,19068,565,609,4488],"class_list":["post-151825","post","type-post","status-publish","format-standard","has-post-thumbnail","hentry","category-actualidad","category-comarcas","category-noticias","tag-425-aniversario","tag-cocentaina","tag-eleccion-y-proclamacion","tag-fiestas","tag-moros-y-cristianos","tag-san-hipolito-martir"],"yoast_head":"<!-- This site is optimized with the Yoast SEO plugin v27.3 - https:\/\/yoast.com\/product\/yoast-seo-wordpress\/ -->\n<title>Artistas contestanos aportan su visi\u00f3n sobre San Hip\u00f3lito en una exposici\u00f3n - COPE Alcoy<\/title>\n<meta name=\"description\" content=\"Cocentaina est\u00e1 inmersa en la celebraci\u00f3n del 425 aniversario de la elecci\u00f3n y proclamaci\u00f3n de San Hip\u00f3lito M\u00e1rtir como patr\u00f3n de la localidad\" \/>\n<meta name=\"robots\" content=\"index, follow, max-snippet:-1, max-image-preview:large, max-video-preview:-1\" \/>\n<link rel=\"canonical\" href=\"https:\/\/www.copealcoy.es\/es\/artistas-contestanos-aportan-su-vision-sobre-san-hipolito-en-una-exposicion\/\" \/>\n<meta property=\"og:locale\" content=\"es_ES\" \/>\n<meta property=\"og:type\" content=\"article\" \/>\n<meta property=\"og:title\" content=\"Artistas contestanos aportan su visi\u00f3n sobre San Hip\u00f3lito en una exposici\u00f3n - COPE Alcoy\" \/>\n<meta property=\"og:description\" content=\"Cocentaina est\u00e1 inmersa en la celebraci\u00f3n del 425 aniversario de la elecci\u00f3n y proclamaci\u00f3n de San Hip\u00f3lito M\u00e1rtir como patr\u00f3n de la localidad\" \/>\n<meta property=\"og:url\" content=\"https:\/\/www.copealcoy.es\/es\/artistas-contestanos-aportan-su-vision-sobre-san-hipolito-en-una-exposicion\/\" \/>\n<meta property=\"og:site_name\" content=\"COPE Alcoy\" \/>\n<meta property=\"article:published_time\" content=\"2025-05-07T08:00:51+00:00\" \/>\n<meta property=\"article:modified_time\" content=\"2025-05-07T15:26:59+00:00\" \/>\n<meta property=\"og:image\" content=\"https:\/\/www.copealcoy.es\/wp-content\/uploads\/2025\/05\/unnamed-2-2.jpg\" \/>\n\t<meta property=\"og:image:width\" content=\"2048\" \/>\n\t<meta property=\"og:image:height\" content=\"1275\" \/>\n\t<meta property=\"og:image:type\" content=\"image\/jpeg\" \/>\n<meta name=\"author\" content=\"Cope Alcoy\" \/>\n<meta name=\"twitter:label1\" content=\"Escrito por\" \/>\n\t<meta name=\"twitter:data1\" content=\"Cope Alcoy\" \/>\n\t<meta name=\"twitter:label2\" content=\"Tiempo de lectura\" \/>\n\t<meta name=\"twitter:data2\" content=\"3 minutos\" \/>\n<script type=\"application\/ld+json\" class=\"yoast-schema-graph\">{\"@context\":\"https:\\\/\\\/schema.org\",\"@graph\":[{\"@type\":\"Article\",\"@id\":\"https:\\\/\\\/www.copealcoy.es\\\/es\\\/artistas-contestanos-aportan-su-vision-sobre-san-hipolito-en-una-exposicion\\\/#article\",\"isPartOf\":{\"@id\":\"https:\\\/\\\/www.copealcoy.es\\\/es\\\/artistas-contestanos-aportan-su-vision-sobre-san-hipolito-en-una-exposicion\\\/\"},\"author\":{\"name\":\"Cope Alcoy\",\"@id\":\"https:\\\/\\\/www.copealcoy.es\\\/es\\\/#\\\/schema\\\/person\\\/e777c87fa024e57d40170af9df39882c\"},\"headline\":\"Artistas contestanos aportan su visi\u00f3n sobre San Hip\u00f3lito en una exposici\u00f3n\",\"datePublished\":\"2025-05-07T08:00:51+00:00\",\"dateModified\":\"2025-05-07T15:26:59+00:00\",\"mainEntityOfPage\":{\"@id\":\"https:\\\/\\\/www.copealcoy.es\\\/es\\\/artistas-contestanos-aportan-su-vision-sobre-san-hipolito-en-una-exposicion\\\/\"},\"wordCount\":444,\"image\":{\"@id\":\"https:\\\/\\\/www.copealcoy.es\\\/es\\\/artistas-contestanos-aportan-su-vision-sobre-san-hipolito-en-una-exposicion\\\/#primaryimage\"},\"thumbnailUrl\":\"https:\\\/\\\/www.copealcoy.es\\\/wp-content\\\/uploads\\\/2025\\\/05\\\/unnamed-2-2.jpg\",\"keywords\":[\"425 aniversario\",\"Cocentaina\",\"elecci\u00f3n y proclamaci\u00f3n\",\"Fiestas\",\"Moros Y Cristianos\",\"San Hip\u00f3lito M\u00e1rtir\"],\"articleSection\":[\"Actualidad\",\"Comarcas\",\"Noticias\"],\"inLanguage\":\"es\"},{\"@type\":\"WebPage\",\"@id\":\"https:\\\/\\\/www.copealcoy.es\\\/es\\\/artistas-contestanos-aportan-su-vision-sobre-san-hipolito-en-una-exposicion\\\/\",\"url\":\"https:\\\/\\\/www.copealcoy.es\\\/es\\\/artistas-contestanos-aportan-su-vision-sobre-san-hipolito-en-una-exposicion\\\/\",\"name\":\"Artistas contestanos aportan su visi\u00f3n sobre San Hip\u00f3lito en una exposici\u00f3n - COPE Alcoy\",\"isPartOf\":{\"@id\":\"https:\\\/\\\/www.copealcoy.es\\\/es\\\/#website\"},\"primaryImageOfPage\":{\"@id\":\"https:\\\/\\\/www.copealcoy.es\\\/es\\\/artistas-contestanos-aportan-su-vision-sobre-san-hipolito-en-una-exposicion\\\/#primaryimage\"},\"image\":{\"@id\":\"https:\\\/\\\/www.copealcoy.es\\\/es\\\/artistas-contestanos-aportan-su-vision-sobre-san-hipolito-en-una-exposicion\\\/#primaryimage\"},\"thumbnailUrl\":\"https:\\\/\\\/www.copealcoy.es\\\/wp-content\\\/uploads\\\/2025\\\/05\\\/unnamed-2-2.jpg\",\"datePublished\":\"2025-05-07T08:00:51+00:00\",\"dateModified\":\"2025-05-07T15:26:59+00:00\",\"author\":{\"@id\":\"https:\\\/\\\/www.copealcoy.es\\\/es\\\/#\\\/schema\\\/person\\\/e777c87fa024e57d40170af9df39882c\"},\"description\":\"Cocentaina est\u00e1 inmersa en la celebraci\u00f3n del 425 aniversario de la elecci\u00f3n y proclamaci\u00f3n de San Hip\u00f3lito M\u00e1rtir como patr\u00f3n de la localidad\",\"breadcrumb\":{\"@id\":\"https:\\\/\\\/www.copealcoy.es\\\/es\\\/artistas-contestanos-aportan-su-vision-sobre-san-hipolito-en-una-exposicion\\\/#breadcrumb\"},\"inLanguage\":\"es\",\"potentialAction\":[{\"@type\":\"ReadAction\",\"target\":[\"https:\\\/\\\/www.copealcoy.es\\\/es\\\/artistas-contestanos-aportan-su-vision-sobre-san-hipolito-en-una-exposicion\\\/\"]}]},{\"@type\":\"ImageObject\",\"inLanguage\":\"es\",\"@id\":\"https:\\\/\\\/www.copealcoy.es\\\/es\\\/artistas-contestanos-aportan-su-vision-sobre-san-hipolito-en-una-exposicion\\\/#primaryimage\",\"url\":\"https:\\\/\\\/www.copealcoy.es\\\/wp-content\\\/uploads\\\/2025\\\/05\\\/unnamed-2-2.jpg\",\"contentUrl\":\"https:\\\/\\\/www.copealcoy.es\\\/wp-content\\\/uploads\\\/2025\\\/05\\\/unnamed-2-2.jpg\",\"width\":2048,\"height\":1275},{\"@type\":\"BreadcrumbList\",\"@id\":\"https:\\\/\\\/www.copealcoy.es\\\/es\\\/artistas-contestanos-aportan-su-vision-sobre-san-hipolito-en-una-exposicion\\\/#breadcrumb\",\"itemListElement\":[{\"@type\":\"ListItem\",\"position\":1,\"name\":\"Portada\",\"item\":\"https:\\\/\\\/www.copealcoy.es\\\/es\\\/\"},{\"@type\":\"ListItem\",\"position\":2,\"name\":\"Artistas contestanos aportan su visi\u00f3n sobre San Hip\u00f3lito en una exposici\u00f3n\"}]},{\"@type\":\"WebSite\",\"@id\":\"https:\\\/\\\/www.copealcoy.es\\\/es\\\/#website\",\"url\":\"https:\\\/\\\/www.copealcoy.es\\\/es\\\/\",\"name\":\"COPE Alcoy\",\"description\":\"Emisora COPE de radio local con emisi\u00f3n online. Pont de Sant Jordi 8-10 03803 Alcoy\",\"potentialAction\":[{\"@type\":\"SearchAction\",\"target\":{\"@type\":\"EntryPoint\",\"urlTemplate\":\"https:\\\/\\\/www.copealcoy.es\\\/es\\\/?s={search_term_string}\"},\"query-input\":{\"@type\":\"PropertyValueSpecification\",\"valueRequired\":true,\"valueName\":\"search_term_string\"}}],\"inLanguage\":\"es\"},{\"@type\":\"Person\",\"@id\":\"https:\\\/\\\/www.copealcoy.es\\\/es\\\/#\\\/schema\\\/person\\\/e777c87fa024e57d40170af9df39882c\",\"name\":\"Cope Alcoy\",\"image\":{\"@type\":\"ImageObject\",\"inLanguage\":\"es\",\"@id\":\"https:\\\/\\\/secure.gravatar.com\\\/avatar\\\/bb65d0283347e303893ba14f0692005417c1e0e690a325a4c5d8bb2b3943ee14?s=96&d=mm&r=g\",\"url\":\"https:\\\/\\\/secure.gravatar.com\\\/avatar\\\/bb65d0283347e303893ba14f0692005417c1e0e690a325a4c5d8bb2b3943ee14?s=96&d=mm&r=g\",\"contentUrl\":\"https:\\\/\\\/secure.gravatar.com\\\/avatar\\\/bb65d0283347e303893ba14f0692005417c1e0e690a325a4c5d8bb2b3943ee14?s=96&d=mm&r=g\",\"caption\":\"Cope Alcoy\"}}]}<\/script>\n<!-- \/ Yoast SEO plugin. -->","yoast_head_json":{"title":"Artistas contestanos aportan su visi\u00f3n sobre San Hip\u00f3lito en una exposici\u00f3n - COPE Alcoy","description":"Cocentaina est\u00e1 inmersa en la celebraci\u00f3n del 425 aniversario de la elecci\u00f3n y proclamaci\u00f3n de San Hip\u00f3lito M\u00e1rtir como patr\u00f3n de la localidad","robots":{"index":"index","follow":"follow","max-snippet":"max-snippet:-1","max-image-preview":"max-image-preview:large","max-video-preview":"max-video-preview:-1"},"canonical":"https:\/\/www.copealcoy.es\/es\/artistas-contestanos-aportan-su-vision-sobre-san-hipolito-en-una-exposicion\/","og_locale":"es_ES","og_type":"article","og_title":"Artistas contestanos aportan su visi\u00f3n sobre San Hip\u00f3lito en una exposici\u00f3n - COPE Alcoy","og_description":"Cocentaina est\u00e1 inmersa en la celebraci\u00f3n del 425 aniversario de la elecci\u00f3n y proclamaci\u00f3n de San Hip\u00f3lito M\u00e1rtir como patr\u00f3n de la localidad","og_url":"https:\/\/www.copealcoy.es\/es\/artistas-contestanos-aportan-su-vision-sobre-san-hipolito-en-una-exposicion\/","og_site_name":"COPE Alcoy","article_published_time":"2025-05-07T08:00:51+00:00","article_modified_time":"2025-05-07T15:26:59+00:00","og_image":[{"width":2048,"height":1275,"url":"https:\/\/www.copealcoy.es\/wp-content\/uploads\/2025\/05\/unnamed-2-2.jpg","type":"image\/jpeg"}],"author":"Cope Alcoy","twitter_misc":{"Escrito por":"Cope Alcoy","Tiempo de lectura":"3 minutos"},"schema":{"@context":"https:\/\/schema.org","@graph":[{"@type":"Article","@id":"https:\/\/www.copealcoy.es\/es\/artistas-contestanos-aportan-su-vision-sobre-san-hipolito-en-una-exposicion\/#article","isPartOf":{"@id":"https:\/\/www.copealcoy.es\/es\/artistas-contestanos-aportan-su-vision-sobre-san-hipolito-en-una-exposicion\/"},"author":{"name":"Cope Alcoy","@id":"https:\/\/www.copealcoy.es\/es\/#\/schema\/person\/e777c87fa024e57d40170af9df39882c"},"headline":"Artistas contestanos aportan su visi\u00f3n sobre San Hip\u00f3lito en una exposici\u00f3n","datePublished":"2025-05-07T08:00:51+00:00","dateModified":"2025-05-07T15:26:59+00:00","mainEntityOfPage":{"@id":"https:\/\/www.copealcoy.es\/es\/artistas-contestanos-aportan-su-vision-sobre-san-hipolito-en-una-exposicion\/"},"wordCount":444,"image":{"@id":"https:\/\/www.copealcoy.es\/es\/artistas-contestanos-aportan-su-vision-sobre-san-hipolito-en-una-exposicion\/#primaryimage"},"thumbnailUrl":"https:\/\/www.copealcoy.es\/wp-content\/uploads\/2025\/05\/unnamed-2-2.jpg","keywords":["425 aniversario","Cocentaina","elecci\u00f3n y proclamaci\u00f3n","Fiestas","Moros Y Cristianos","San Hip\u00f3lito M\u00e1rtir"],"articleSection":["Actualidad","Comarcas","Noticias"],"inLanguage":"es"},{"@type":"WebPage","@id":"https:\/\/www.copealcoy.es\/es\/artistas-contestanos-aportan-su-vision-sobre-san-hipolito-en-una-exposicion\/","url":"https:\/\/www.copealcoy.es\/es\/artistas-contestanos-aportan-su-vision-sobre-san-hipolito-en-una-exposicion\/","name":"Artistas contestanos aportan su visi\u00f3n sobre San Hip\u00f3lito en una exposici\u00f3n - COPE Alcoy","isPartOf":{"@id":"https:\/\/www.copealcoy.es\/es\/#website"},"primaryImageOfPage":{"@id":"https:\/\/www.copealcoy.es\/es\/artistas-contestanos-aportan-su-vision-sobre-san-hipolito-en-una-exposicion\/#primaryimage"},"image":{"@id":"https:\/\/www.copealcoy.es\/es\/artistas-contestanos-aportan-su-vision-sobre-san-hipolito-en-una-exposicion\/#primaryimage"},"thumbnailUrl":"https:\/\/www.copealcoy.es\/wp-content\/uploads\/2025\/05\/unnamed-2-2.jpg","datePublished":"2025-05-07T08:00:51+00:00","dateModified":"2025-05-07T15:26:59+00:00","author":{"@id":"https:\/\/www.copealcoy.es\/es\/#\/schema\/person\/e777c87fa024e57d40170af9df39882c"},"description":"Cocentaina est\u00e1 inmersa en la celebraci\u00f3n del 425 aniversario de la elecci\u00f3n y proclamaci\u00f3n de San Hip\u00f3lito M\u00e1rtir como patr\u00f3n de la localidad","breadcrumb":{"@id":"https:\/\/www.copealcoy.es\/es\/artistas-contestanos-aportan-su-vision-sobre-san-hipolito-en-una-exposicion\/#breadcrumb"},"inLanguage":"es","potentialAction":[{"@type":"ReadAction","target":["https:\/\/www.copealcoy.es\/es\/artistas-contestanos-aportan-su-vision-sobre-san-hipolito-en-una-exposicion\/"]}]},{"@type":"ImageObject","inLanguage":"es","@id":"https:\/\/www.copealcoy.es\/es\/artistas-contestanos-aportan-su-vision-sobre-san-hipolito-en-una-exposicion\/#primaryimage","url":"https:\/\/www.copealcoy.es\/wp-content\/uploads\/2025\/05\/unnamed-2-2.jpg","contentUrl":"https:\/\/www.copealcoy.es\/wp-content\/uploads\/2025\/05\/unnamed-2-2.jpg","width":2048,"height":1275},{"@type":"BreadcrumbList","@id":"https:\/\/www.copealcoy.es\/es\/artistas-contestanos-aportan-su-vision-sobre-san-hipolito-en-una-exposicion\/#breadcrumb","itemListElement":[{"@type":"ListItem","position":1,"name":"Portada","item":"https:\/\/www.copealcoy.es\/es\/"},{"@type":"ListItem","position":2,"name":"Artistas contestanos aportan su visi\u00f3n sobre San Hip\u00f3lito en una exposici\u00f3n"}]},{"@type":"WebSite","@id":"https:\/\/www.copealcoy.es\/es\/#website","url":"https:\/\/www.copealcoy.es\/es\/","name":"COPE Alcoy","description":"Emisora COPE de radio local con emisi\u00f3n online. Pont de Sant Jordi 8-10 03803 Alcoy","potentialAction":[{"@type":"SearchAction","target":{"@type":"EntryPoint","urlTemplate":"https:\/\/www.copealcoy.es\/es\/?s={search_term_string}"},"query-input":{"@type":"PropertyValueSpecification","valueRequired":true,"valueName":"search_term_string"}}],"inLanguage":"es"},{"@type":"Person","@id":"https:\/\/www.copealcoy.es\/es\/#\/schema\/person\/e777c87fa024e57d40170af9df39882c","name":"Cope Alcoy","image":{"@type":"ImageObject","inLanguage":"es","@id":"https:\/\/secure.gravatar.com\/avatar\/bb65d0283347e303893ba14f0692005417c1e0e690a325a4c5d8bb2b3943ee14?s=96&d=mm&r=g","url":"https:\/\/secure.gravatar.com\/avatar\/bb65d0283347e303893ba14f0692005417c1e0e690a325a4c5d8bb2b3943ee14?s=96&d=mm&r=g","contentUrl":"https:\/\/secure.gravatar.com\/avatar\/bb65d0283347e303893ba14f0692005417c1e0e690a325a4c5d8bb2b3943ee14?s=96&d=mm&r=g","caption":"Cope Alcoy"}}]}},"_links":{"self":[{"href":"https:\/\/www.copealcoy.es\/es\/wp-json\/wp\/v2\/posts\/151825","targetHints":{"allow":["GET"]}}],"collection":[{"href":"https:\/\/www.copealcoy.es\/es\/wp-json\/wp\/v2\/posts"}],"about":[{"href":"https:\/\/www.copealcoy.es\/es\/wp-json\/wp\/v2\/types\/post"}],"author":[{"embeddable":true,"href":"https:\/\/www.copealcoy.es\/es\/wp-json\/wp\/v2\/users\/1"}],"replies":[{"embeddable":true,"href":"https:\/\/www.copealcoy.es\/es\/wp-json\/wp\/v2\/comments?post=151825"}],"version-history":[{"count":1,"href":"https:\/\/www.copealcoy.es\/es\/wp-json\/wp\/v2\/posts\/151825\/revisions"}],"predecessor-version":[{"id":151828,"href":"https:\/\/www.copealcoy.es\/es\/wp-json\/wp\/v2\/posts\/151825\/revisions\/151828"}],"wp:featuredmedia":[{"embeddable":true,"href":"https:\/\/www.copealcoy.es\/es\/wp-json\/wp\/v2\/media\/151826"}],"wp:attachment":[{"href":"https:\/\/www.copealcoy.es\/es\/wp-json\/wp\/v2\/media?parent=151825"}],"wp:term":[{"taxonomy":"category","embeddable":true,"href":"https:\/\/www.copealcoy.es\/es\/wp-json\/wp\/v2\/categories?post=151825"},{"taxonomy":"post_tag","embeddable":true,"href":"https:\/\/www.copealcoy.es\/es\/wp-json\/wp\/v2\/tags?post=151825"}],"curies":[{"name":"wp","href":"https:\/\/api.w.org\/{rel}","templated":true}]}}