{"id":151708,"date":"2025-05-04T22:23:47","date_gmt":"2025-05-04T21:23:47","guid":{"rendered":"https:\/\/www.copealcoy.es\/?p=151708"},"modified":"2025-05-04T22:34:03","modified_gmt":"2025-05-04T21:34:03","slug":"la-diana-del-cavallet-un-acto-entranable-de-la-festa-de-alcoy","status":"publish","type":"post","link":"https:\/\/www.copealcoy.es\/es\/la-diana-del-cavallet-un-acto-entranable-de-la-festa-de-alcoy\/","title":{"rendered":"La Diana del Cavallet, un acto entra\u00f1able de la Festa de Alcoy"},"content":{"rendered":"<p style=\"text-align: justify;\">La jornada de este 4 de mayo <strong>ha estado repleta de actividades festivas en Alcoy<\/strong> en <strong>un intenso d\u00eda en la que la ciudad rinde homenaje a su patr\u00f3n, San Jorge<\/strong>, con diversos actos religiosos y celebraciones en su honor. Este a\u00f1o la festividad <strong>se ha retrasado respecto a su fecha habitual<\/strong> debido a que el 23 de abril cay\u00f3 nada m\u00e1s finalizar una Semana Santa que fue tard\u00eda en el calendario.<\/p>\n<p style=\"text-align: justify;\">La ma\u00f1ana ha comenzado con <strong>la Segunda Diana<\/strong>, una cita que ha dado protagonismo a los m\u00e1s peque\u00f1os, quienes han demostrado que el futuro de la Fiesta est\u00e1 m\u00e1s que asegurado. A continuaci\u00f3n, se ha llevado a cabo <strong>la Procesi\u00f3n de la Reliquia<\/strong>, que ha sido trasladada a la iglesia de Santa Mar\u00eda, donde se ha oficiado <strong>la Misa Mayor<\/strong> en honor a San Jorge.<\/p>\n<p style=\"text-align: justify;\">Mientras tanto, el ambiente festivo ha llenado las calles y al mediod\u00eda ha centrado todas las miradas en <strong>el disparo de una gran Masclet\u00e0<\/strong> en la Plaza de Espa\u00f1a. En el programa del D\u00eda de San Jorge de Alcoy no ha faltado este a\u00f1o uno de los actos m\u00e1s emblem\u00e1ticos y genuinos de nuestra trilog\u00eda festera: <strong>la Diana Vespertina del Cavallet<\/strong>. Este desfile ha vuelto a llenar las calles del Centro de la ciudad con un p\u00fablico entusiasmado en <strong>aplaudir a las Filaes Berberiscos y Realistas<\/strong>, las cuales han recorrido el breve trayecto existente entre la Font Redona y la Plaza de Espa\u00f1a. A ritmo de alegres pasodobles, <strong>los festeros han vuelto a portar los emblem\u00e1ticos caballitos de cart\u00f3n<\/strong> que tanto les identifican, realizando las habituales evoluciones mientras recib\u00edan grandes aplausos por parte del numeroso p\u00fablico que cada a\u00f1o no quiere perderse este singular momento.<\/p>\n<p style=\"text-align: justify;\">Tras la Diana Vespertina del Cavallet, <strong>la programaci\u00f3n del <a href=\"https:\/\/www.asjordi.org\/\" target=\"_blank\" rel=\"noopener\"><span style=\"color: #0000ff;\">d\u00eda central de nuestros Moros y Cristianos<\/span> <\/a>continuar\u00e1 con la Procesi\u00f3n General de San Jorge<\/strong>, que comenzar\u00e1 a las 19:30 horas desde las inmediaciones del Casal de Sant Jordi. Este completo domingo finalizar\u00e1 con <strong>la humor\u00edstica Retreta<\/strong>, poniendo as\u00ed punto y final a esta intensa jornada central de la trilog\u00eda festera alcoyana.<\/p>\n","protected":false},"excerpt":{"rendered":"<p>La jornada de este 4 de mayo ha estado repleta de actividades festivas en Alcoy en un intenso d\u00eda en&#8230;<\/p>\n","protected":false},"author":1,"featured_media":151709,"comment_status":"closed","ping_status":"closed","sticky":false,"template":"","format":"standard","meta":{"footnotes":""},"categories":[6909,97,78,75],"tags":[1494,855,16632,565,609,1996],"class_list":["post-151708","post","type-post","status-publish","format-standard","has-post-thumbnail","hentry","category-actualidad","category-alcoy","category-fiestaycultura","category-noticias","tag-alcoy","tag-berberiscos","tag-diana-vespertina-del-cavallet","tag-fiestas","tag-moros-y-cristianos","tag-realistas"],"yoast_head":"<!-- This site is optimized with the Yoast SEO plugin v27.3 - https:\/\/yoast.com\/product\/yoast-seo-wordpress\/ -->\n<title>La Diana del Cavallet, un acto entra\u00f1able de la Festa de Alcoy - COPE Alcoy<\/title>\n<meta name=\"description\" content=\"La Diana del Cavallet, un acto entra\u00f1able de la Festa de Alcoy\" \/>\n<meta name=\"robots\" content=\"index, follow, max-snippet:-1, max-image-preview:large, max-video-preview:-1\" \/>\n<link rel=\"canonical\" href=\"https:\/\/www.copealcoy.es\/es\/la-diana-del-cavallet-un-acto-entranable-de-la-festa-de-alcoy\/\" \/>\n<meta property=\"og:locale\" content=\"es_ES\" \/>\n<meta property=\"og:type\" content=\"article\" \/>\n<meta property=\"og:title\" content=\"La Diana del Cavallet, un acto entra\u00f1able de la Festa de Alcoy - COPE Alcoy\" \/>\n<meta property=\"og:description\" content=\"La Diana del Cavallet, un acto entra\u00f1able de la Festa de Alcoy\" \/>\n<meta property=\"og:url\" content=\"https:\/\/www.copealcoy.es\/es\/la-diana-del-cavallet-un-acto-entranable-de-la-festa-de-alcoy\/\" \/>\n<meta property=\"og:site_name\" content=\"COPE Alcoy\" \/>\n<meta property=\"article:published_time\" content=\"2025-05-04T21:23:47+00:00\" \/>\n<meta property=\"article:modified_time\" content=\"2025-05-04T21:34:03+00:00\" \/>\n<meta property=\"og:image\" content=\"https:\/\/www.copealcoy.es\/wp-content\/uploads\/2025\/05\/494861656_677266158347048_2282636899959359008_n.jpg\" \/>\n\t<meta property=\"og:image:width\" content=\"1218\" \/>\n\t<meta property=\"og:image:height\" content=\"709\" \/>\n\t<meta property=\"og:image:type\" content=\"image\/jpeg\" \/>\n<meta name=\"author\" content=\"Cope Alcoy\" \/>\n<meta name=\"twitter:label1\" content=\"Escrito por\" \/>\n\t<meta name=\"twitter:data1\" content=\"Cope Alcoy\" \/>\n\t<meta name=\"twitter:label2\" content=\"Tiempo de lectura\" \/>\n\t<meta name=\"twitter:data2\" content=\"3 minutos\" \/>\n<script type=\"application\/ld+json\" class=\"yoast-schema-graph\">{\"@context\":\"https:\\\/\\\/schema.org\",\"@graph\":[{\"@type\":\"Article\",\"@id\":\"https:\\\/\\\/www.copealcoy.es\\\/es\\\/la-diana-del-cavallet-un-acto-entranable-de-la-festa-de-alcoy\\\/#article\",\"isPartOf\":{\"@id\":\"https:\\\/\\\/www.copealcoy.es\\\/es\\\/la-diana-del-cavallet-un-acto-entranable-de-la-festa-de-alcoy\\\/\"},\"author\":{\"name\":\"Cope Alcoy\",\"@id\":\"https:\\\/\\\/www.copealcoy.es\\\/es\\\/#\\\/schema\\\/person\\\/e777c87fa024e57d40170af9df39882c\"},\"headline\":\"La Diana del Cavallet, un acto entra\u00f1able de la Festa de Alcoy\",\"datePublished\":\"2025-05-04T21:23:47+00:00\",\"dateModified\":\"2025-05-04T21:34:03+00:00\",\"mainEntityOfPage\":{\"@id\":\"https:\\\/\\\/www.copealcoy.es\\\/es\\\/la-diana-del-cavallet-un-acto-entranable-de-la-festa-de-alcoy\\\/\"},\"wordCount\":384,\"image\":{\"@id\":\"https:\\\/\\\/www.copealcoy.es\\\/es\\\/la-diana-del-cavallet-un-acto-entranable-de-la-festa-de-alcoy\\\/#primaryimage\"},\"thumbnailUrl\":\"https:\\\/\\\/www.copealcoy.es\\\/wp-content\\\/uploads\\\/2025\\\/05\\\/494861656_677266158347048_2282636899959359008_n.jpg\",\"keywords\":[\"Alcoy\",\"Berberiscos\",\"Diana Vespertina del Cavallet\",\"Fiestas\",\"Moros Y Cristianos\",\"Realistas\"],\"articleSection\":[\"Actualidad\",\"Alcoy\",\"Fiesta y Cultura\",\"Noticias\"],\"inLanguage\":\"es\"},{\"@type\":\"WebPage\",\"@id\":\"https:\\\/\\\/www.copealcoy.es\\\/es\\\/la-diana-del-cavallet-un-acto-entranable-de-la-festa-de-alcoy\\\/\",\"url\":\"https:\\\/\\\/www.copealcoy.es\\\/es\\\/la-diana-del-cavallet-un-acto-entranable-de-la-festa-de-alcoy\\\/\",\"name\":\"La Diana del Cavallet, un acto entra\u00f1able de la Festa de Alcoy - COPE Alcoy\",\"isPartOf\":{\"@id\":\"https:\\\/\\\/www.copealcoy.es\\\/es\\\/#website\"},\"primaryImageOfPage\":{\"@id\":\"https:\\\/\\\/www.copealcoy.es\\\/es\\\/la-diana-del-cavallet-un-acto-entranable-de-la-festa-de-alcoy\\\/#primaryimage\"},\"image\":{\"@id\":\"https:\\\/\\\/www.copealcoy.es\\\/es\\\/la-diana-del-cavallet-un-acto-entranable-de-la-festa-de-alcoy\\\/#primaryimage\"},\"thumbnailUrl\":\"https:\\\/\\\/www.copealcoy.es\\\/wp-content\\\/uploads\\\/2025\\\/05\\\/494861656_677266158347048_2282636899959359008_n.jpg\",\"datePublished\":\"2025-05-04T21:23:47+00:00\",\"dateModified\":\"2025-05-04T21:34:03+00:00\",\"author\":{\"@id\":\"https:\\\/\\\/www.copealcoy.es\\\/es\\\/#\\\/schema\\\/person\\\/e777c87fa024e57d40170af9df39882c\"},\"description\":\"La Diana del Cavallet, un acto entra\u00f1able de la Festa de Alcoy\",\"breadcrumb\":{\"@id\":\"https:\\\/\\\/www.copealcoy.es\\\/es\\\/la-diana-del-cavallet-un-acto-entranable-de-la-festa-de-alcoy\\\/#breadcrumb\"},\"inLanguage\":\"es\",\"potentialAction\":[{\"@type\":\"ReadAction\",\"target\":[\"https:\\\/\\\/www.copealcoy.es\\\/es\\\/la-diana-del-cavallet-un-acto-entranable-de-la-festa-de-alcoy\\\/\"]}]},{\"@type\":\"ImageObject\",\"inLanguage\":\"es\",\"@id\":\"https:\\\/\\\/www.copealcoy.es\\\/es\\\/la-diana-del-cavallet-un-acto-entranable-de-la-festa-de-alcoy\\\/#primaryimage\",\"url\":\"https:\\\/\\\/www.copealcoy.es\\\/wp-content\\\/uploads\\\/2025\\\/05\\\/494861656_677266158347048_2282636899959359008_n.jpg\",\"contentUrl\":\"https:\\\/\\\/www.copealcoy.es\\\/wp-content\\\/uploads\\\/2025\\\/05\\\/494861656_677266158347048_2282636899959359008_n.jpg\",\"width\":1218,\"height\":709},{\"@type\":\"BreadcrumbList\",\"@id\":\"https:\\\/\\\/www.copealcoy.es\\\/es\\\/la-diana-del-cavallet-un-acto-entranable-de-la-festa-de-alcoy\\\/#breadcrumb\",\"itemListElement\":[{\"@type\":\"ListItem\",\"position\":1,\"name\":\"Portada\",\"item\":\"https:\\\/\\\/www.copealcoy.es\\\/es\\\/\"},{\"@type\":\"ListItem\",\"position\":2,\"name\":\"La Diana del Cavallet, un acto entra\u00f1able de la Festa de Alcoy\"}]},{\"@type\":\"WebSite\",\"@id\":\"https:\\\/\\\/www.copealcoy.es\\\/es\\\/#website\",\"url\":\"https:\\\/\\\/www.copealcoy.es\\\/es\\\/\",\"name\":\"COPE Alcoy\",\"description\":\"Emisora COPE de radio local con emisi\u00f3n online. Pont de Sant Jordi 8-10 03803 Alcoy\",\"potentialAction\":[{\"@type\":\"SearchAction\",\"target\":{\"@type\":\"EntryPoint\",\"urlTemplate\":\"https:\\\/\\\/www.copealcoy.es\\\/es\\\/?s={search_term_string}\"},\"query-input\":{\"@type\":\"PropertyValueSpecification\",\"valueRequired\":true,\"valueName\":\"search_term_string\"}}],\"inLanguage\":\"es\"},{\"@type\":\"Person\",\"@id\":\"https:\\\/\\\/www.copealcoy.es\\\/es\\\/#\\\/schema\\\/person\\\/e777c87fa024e57d40170af9df39882c\",\"name\":\"Cope Alcoy\",\"image\":{\"@type\":\"ImageObject\",\"inLanguage\":\"es\",\"@id\":\"https:\\\/\\\/secure.gravatar.com\\\/avatar\\\/bb65d0283347e303893ba14f0692005417c1e0e690a325a4c5d8bb2b3943ee14?s=96&d=mm&r=g\",\"url\":\"https:\\\/\\\/secure.gravatar.com\\\/avatar\\\/bb65d0283347e303893ba14f0692005417c1e0e690a325a4c5d8bb2b3943ee14?s=96&d=mm&r=g\",\"contentUrl\":\"https:\\\/\\\/secure.gravatar.com\\\/avatar\\\/bb65d0283347e303893ba14f0692005417c1e0e690a325a4c5d8bb2b3943ee14?s=96&d=mm&r=g\",\"caption\":\"Cope Alcoy\"}}]}<\/script>\n<!-- \/ Yoast SEO plugin. -->","yoast_head_json":{"title":"La Diana del Cavallet, un acto entra\u00f1able de la Festa de Alcoy - COPE Alcoy","description":"La Diana del Cavallet, un acto entra\u00f1able de la Festa de Alcoy","robots":{"index":"index","follow":"follow","max-snippet":"max-snippet:-1","max-image-preview":"max-image-preview:large","max-video-preview":"max-video-preview:-1"},"canonical":"https:\/\/www.copealcoy.es\/es\/la-diana-del-cavallet-un-acto-entranable-de-la-festa-de-alcoy\/","og_locale":"es_ES","og_type":"article","og_title":"La Diana del Cavallet, un acto entra\u00f1able de la Festa de Alcoy - COPE Alcoy","og_description":"La Diana del Cavallet, un acto entra\u00f1able de la Festa de Alcoy","og_url":"https:\/\/www.copealcoy.es\/es\/la-diana-del-cavallet-un-acto-entranable-de-la-festa-de-alcoy\/","og_site_name":"COPE Alcoy","article_published_time":"2025-05-04T21:23:47+00:00","article_modified_time":"2025-05-04T21:34:03+00:00","og_image":[{"width":1218,"height":709,"url":"https:\/\/www.copealcoy.es\/wp-content\/uploads\/2025\/05\/494861656_677266158347048_2282636899959359008_n.jpg","type":"image\/jpeg"}],"author":"Cope Alcoy","twitter_misc":{"Escrito por":"Cope Alcoy","Tiempo de lectura":"3 minutos"},"schema":{"@context":"https:\/\/schema.org","@graph":[{"@type":"Article","@id":"https:\/\/www.copealcoy.es\/es\/la-diana-del-cavallet-un-acto-entranable-de-la-festa-de-alcoy\/#article","isPartOf":{"@id":"https:\/\/www.copealcoy.es\/es\/la-diana-del-cavallet-un-acto-entranable-de-la-festa-de-alcoy\/"},"author":{"name":"Cope Alcoy","@id":"https:\/\/www.copealcoy.es\/es\/#\/schema\/person\/e777c87fa024e57d40170af9df39882c"},"headline":"La Diana del Cavallet, un acto entra\u00f1able de la Festa de Alcoy","datePublished":"2025-05-04T21:23:47+00:00","dateModified":"2025-05-04T21:34:03+00:00","mainEntityOfPage":{"@id":"https:\/\/www.copealcoy.es\/es\/la-diana-del-cavallet-un-acto-entranable-de-la-festa-de-alcoy\/"},"wordCount":384,"image":{"@id":"https:\/\/www.copealcoy.es\/es\/la-diana-del-cavallet-un-acto-entranable-de-la-festa-de-alcoy\/#primaryimage"},"thumbnailUrl":"https:\/\/www.copealcoy.es\/wp-content\/uploads\/2025\/05\/494861656_677266158347048_2282636899959359008_n.jpg","keywords":["Alcoy","Berberiscos","Diana Vespertina del Cavallet","Fiestas","Moros Y Cristianos","Realistas"],"articleSection":["Actualidad","Alcoy","Fiesta y Cultura","Noticias"],"inLanguage":"es"},{"@type":"WebPage","@id":"https:\/\/www.copealcoy.es\/es\/la-diana-del-cavallet-un-acto-entranable-de-la-festa-de-alcoy\/","url":"https:\/\/www.copealcoy.es\/es\/la-diana-del-cavallet-un-acto-entranable-de-la-festa-de-alcoy\/","name":"La Diana del Cavallet, un acto entra\u00f1able de la Festa de Alcoy - COPE Alcoy","isPartOf":{"@id":"https:\/\/www.copealcoy.es\/es\/#website"},"primaryImageOfPage":{"@id":"https:\/\/www.copealcoy.es\/es\/la-diana-del-cavallet-un-acto-entranable-de-la-festa-de-alcoy\/#primaryimage"},"image":{"@id":"https:\/\/www.copealcoy.es\/es\/la-diana-del-cavallet-un-acto-entranable-de-la-festa-de-alcoy\/#primaryimage"},"thumbnailUrl":"https:\/\/www.copealcoy.es\/wp-content\/uploads\/2025\/05\/494861656_677266158347048_2282636899959359008_n.jpg","datePublished":"2025-05-04T21:23:47+00:00","dateModified":"2025-05-04T21:34:03+00:00","author":{"@id":"https:\/\/www.copealcoy.es\/es\/#\/schema\/person\/e777c87fa024e57d40170af9df39882c"},"description":"La Diana del Cavallet, un acto entra\u00f1able de la Festa de Alcoy","breadcrumb":{"@id":"https:\/\/www.copealcoy.es\/es\/la-diana-del-cavallet-un-acto-entranable-de-la-festa-de-alcoy\/#breadcrumb"},"inLanguage":"es","potentialAction":[{"@type":"ReadAction","target":["https:\/\/www.copealcoy.es\/es\/la-diana-del-cavallet-un-acto-entranable-de-la-festa-de-alcoy\/"]}]},{"@type":"ImageObject","inLanguage":"es","@id":"https:\/\/www.copealcoy.es\/es\/la-diana-del-cavallet-un-acto-entranable-de-la-festa-de-alcoy\/#primaryimage","url":"https:\/\/www.copealcoy.es\/wp-content\/uploads\/2025\/05\/494861656_677266158347048_2282636899959359008_n.jpg","contentUrl":"https:\/\/www.copealcoy.es\/wp-content\/uploads\/2025\/05\/494861656_677266158347048_2282636899959359008_n.jpg","width":1218,"height":709},{"@type":"BreadcrumbList","@id":"https:\/\/www.copealcoy.es\/es\/la-diana-del-cavallet-un-acto-entranable-de-la-festa-de-alcoy\/#breadcrumb","itemListElement":[{"@type":"ListItem","position":1,"name":"Portada","item":"https:\/\/www.copealcoy.es\/es\/"},{"@type":"ListItem","position":2,"name":"La Diana del Cavallet, un acto entra\u00f1able de la Festa de Alcoy"}]},{"@type":"WebSite","@id":"https:\/\/www.copealcoy.es\/es\/#website","url":"https:\/\/www.copealcoy.es\/es\/","name":"COPE Alcoy","description":"Emisora COPE de radio local con emisi\u00f3n online. Pont de Sant Jordi 8-10 03803 Alcoy","potentialAction":[{"@type":"SearchAction","target":{"@type":"EntryPoint","urlTemplate":"https:\/\/www.copealcoy.es\/es\/?s={search_term_string}"},"query-input":{"@type":"PropertyValueSpecification","valueRequired":true,"valueName":"search_term_string"}}],"inLanguage":"es"},{"@type":"Person","@id":"https:\/\/www.copealcoy.es\/es\/#\/schema\/person\/e777c87fa024e57d40170af9df39882c","name":"Cope Alcoy","image":{"@type":"ImageObject","inLanguage":"es","@id":"https:\/\/secure.gravatar.com\/avatar\/bb65d0283347e303893ba14f0692005417c1e0e690a325a4c5d8bb2b3943ee14?s=96&d=mm&r=g","url":"https:\/\/secure.gravatar.com\/avatar\/bb65d0283347e303893ba14f0692005417c1e0e690a325a4c5d8bb2b3943ee14?s=96&d=mm&r=g","contentUrl":"https:\/\/secure.gravatar.com\/avatar\/bb65d0283347e303893ba14f0692005417c1e0e690a325a4c5d8bb2b3943ee14?s=96&d=mm&r=g","caption":"Cope Alcoy"}}]}},"_links":{"self":[{"href":"https:\/\/www.copealcoy.es\/es\/wp-json\/wp\/v2\/posts\/151708","targetHints":{"allow":["GET"]}}],"collection":[{"href":"https:\/\/www.copealcoy.es\/es\/wp-json\/wp\/v2\/posts"}],"about":[{"href":"https:\/\/www.copealcoy.es\/es\/wp-json\/wp\/v2\/types\/post"}],"author":[{"embeddable":true,"href":"https:\/\/www.copealcoy.es\/es\/wp-json\/wp\/v2\/users\/1"}],"replies":[{"embeddable":true,"href":"https:\/\/www.copealcoy.es\/es\/wp-json\/wp\/v2\/comments?post=151708"}],"version-history":[{"count":1,"href":"https:\/\/www.copealcoy.es\/es\/wp-json\/wp\/v2\/posts\/151708\/revisions"}],"predecessor-version":[{"id":151711,"href":"https:\/\/www.copealcoy.es\/es\/wp-json\/wp\/v2\/posts\/151708\/revisions\/151711"}],"wp:featuredmedia":[{"embeddable":true,"href":"https:\/\/www.copealcoy.es\/es\/wp-json\/wp\/v2\/media\/151709"}],"wp:attachment":[{"href":"https:\/\/www.copealcoy.es\/es\/wp-json\/wp\/v2\/media?parent=151708"}],"wp:term":[{"taxonomy":"category","embeddable":true,"href":"https:\/\/www.copealcoy.es\/es\/wp-json\/wp\/v2\/categories?post=151708"},{"taxonomy":"post_tag","embeddable":true,"href":"https:\/\/www.copealcoy.es\/es\/wp-json\/wp\/v2\/tags?post=151708"}],"curies":[{"name":"wp","href":"https:\/\/api.w.org\/{rel}","templated":true}]}}