{"id":151682,"date":"2025-05-04T13:02:57","date_gmt":"2025-05-04T12:02:57","guid":{"rendered":"https:\/\/www.copealcoy.es\/?p=151682"},"modified":"2025-05-04T22:07:55","modified_gmt":"2025-05-04T21:07:55","slug":"alcoy-aclama-a-sant-jordiet-en-el-dia-grande-de-sus-fiestas","status":"publish","type":"post","link":"https:\/\/www.copealcoy.es\/es\/alcoy-aclama-a-sant-jordiet-en-el-dia-grande-de-sus-fiestas\/","title":{"rendered":"Alcoy aclama a Sant jordiet en el d\u00eda grande de sus Fiestas"},"content":{"rendered":"<p style=\"text-align: justify;\">La <strong>segunda jornada de<a href=\"https:\/\/www.asjordi.org\/\" target=\"_blank\" rel=\"noopener\"><span style=\"color: #0000ff;\"> la trilog\u00eda festera<\/span><\/a><\/strong> no da tregua y a partir de las once de la ma\u00f1ana ha tenido lugar <strong>uno de los actos m\u00e1s esperados<\/strong>, especialmente por <strong>el numeroso p\u00fablico<\/strong> que se ha congregado en las calles del Centro de la ciudad. Se trata de <strong>la matinal procesi\u00f3n del D\u00eda de San Jorge<\/strong> en la que <strong>se traslada la Reliquia del santo desde<\/strong> el templo del patr\u00f3n a la parroquia de Santa Mar\u00eda.<\/p>\n<p style=\"text-align: justify;\">Pasadas las once de la ma\u00f1ana han abierto la comitiva los heraldos de la ciudad dando paso a los cuatro cargos festeros de este a\u00f1o. Los aplausos resonaban con fuerza al paso de <strong>Salvador Albero Gonz\u00e1lez<\/strong> (Capit\u00e1n Cristiano de la Fil\u00e0 Aragonesos), <strong>Jos\u00e9 Cort\u00e9s Blasco<\/strong> (Alf\u00e9rez Cristiano de la Fil\u00e0 Andaluces), <strong>Indalecio Carbonell Pastor<\/strong> (Capit\u00e1n Moro de la Fil\u00e0 Abencerrajes) y <strong>Ana Gisbert Mira-Perceval<\/strong> (Alf\u00e9rez Moro de la Fil\u00e0 Marrakesch). El p\u00fablico <strong>ha observado con detalle sus indumentarias<\/strong> y ha aprovechado tambi\u00e9n <strong>para comentar la gran puesta en escena<\/strong> que nos brindaron ayer durante las Entradas de los bandos de la cruz y de la media luna.<\/p>\n<p style=\"text-align: justify;\">Tras ellos ha llegado, quiz\u00e1s, <strong>uno de los instantes m\u00e1s significativos<\/strong>. <strong>Mart\u00edn Bellver Sevila<\/strong>, acompa\u00f1ado de toda su familia, ha tomado las calles alcoyanas como <strong>Sant Jordiet 2025<\/strong>. Tambi\u00e9n se han sucedido las ovaciones hacia \u00e9l, <strong>como principal figura de la <em>Nostra Festa<\/em><\/strong> que encarna al insigne m\u00e1rtir, y el peque\u00f1o <strong>no ha dejado de saludar<\/strong> mientras en su mano portaba la bandera que tanto lo identifica en esta responsabilidad. Su llegada a la calle Sant Lloren\u00e7 <strong>ha sido recibida con el lanzamiento de centenares de claveles<\/strong>, en una iniciativa que desde ya hace muchos a\u00f1os promueve en este d\u00eda la Fil\u00e0 Benimerines, y cabe destacar que el Sant Jordiet <strong>ha lucido un dise\u00f1o de Juan Climent<\/strong> con claras referencias a la Fil\u00e0 Domingo Miques a la que pertenece el ni\u00f1o junto a sus familia.<\/p>\n<p style=\"text-align: justify;\">La procesi\u00f3n ha seguido con <strong>el paso de la Reliquia de San Jorge<\/strong> y tras ella<strong> la representaci\u00f3n clerical<\/strong> con los sacerdotes que ejercen su ministerio en Alcoy o son hijos de nuestra ciudad. Tambi\u00e9n ha tenido un papel central <strong>la Asamblea General de la Asociaci\u00f3n de San Jorge<\/strong>, presidida por <strong>Francisco Garc\u00eda<\/strong>, y <strong>una muestra de las entidades religiosas alcoyanas<\/strong> junto a <strong>los gremios<\/strong> representados con las im\u00e1genes de sus patronos. Por \u00faltimo, <strong>la Corporaci\u00f3n Municipal<\/strong>, con el alcalde <strong>Toni Franc\u00e9s<\/strong> al frente, ha cerrado la mencionada comitiva, y la Procesi\u00f3n de la Reliquia ha culminado en el interior del templo de Santa Mar\u00eda con la celebraci\u00f3n de la <strong>Misa Mayor<\/strong> en honor a San Jorge.<\/p>\n<div id='gallery-1' class='gallery galleryid-151682 gallery-columns-2 gallery-size-large'><figure class='gallery-item'>\n\t\t\t<div class='gallery-icon landscape'>\n\t\t\t\t<a href='https:\/\/www.copealcoy.es\/es\/alcoy-aclama-a-sant-jordiet-en-el-dia-grande-de-sus-fiestas\/unnamed-2-153\/'><img loading=\"lazy\" decoding=\"async\" width=\"980\" height=\"588\" src=\"https:\/\/www.copealcoy.es\/wp-content\/uploads\/2025\/05\/unnamed-2-1-980x588.jpg\" class=\"attachment-large size-large\" alt=\"\" \/><\/a>\n\t\t\t<\/div><\/figure><figure class='gallery-item'>\n\t\t\t<div class='gallery-icon landscape'>\n\t\t\t\t<a href='https:\/\/www.copealcoy.es\/es\/alcoy-aclama-a-sant-jordiet-en-el-dia-grande-de-sus-fiestas\/unnamed-4-48\/'><img loading=\"lazy\" decoding=\"async\" width=\"980\" height=\"588\" src=\"https:\/\/www.copealcoy.es\/wp-content\/uploads\/2025\/05\/unnamed-4-980x588.jpg\" class=\"attachment-large size-large\" alt=\"\" \/><\/a>\n\t\t\t<\/div><\/figure><figure class='gallery-item'>\n\t\t\t<div class='gallery-icon landscape'>\n\t\t\t\t<a href='https:\/\/www.copealcoy.es\/es\/alcoy-aclama-a-sant-jordiet-en-el-dia-grande-de-sus-fiestas\/unnamed-3-60\/'><img loading=\"lazy\" decoding=\"async\" width=\"980\" height=\"588\" src=\"https:\/\/www.copealcoy.es\/wp-content\/uploads\/2025\/05\/unnamed-3-980x588.jpg\" class=\"attachment-large size-large\" alt=\"\" \/><\/a>\n\t\t\t<\/div><\/figure><figure class='gallery-item'>\n\t\t\t<div class='gallery-icon landscape'>\n\t\t\t\t<a href='https:\/\/www.copealcoy.es\/es\/alcoy-aclama-a-sant-jordiet-en-el-dia-grande-de-sus-fiestas\/unnamed-5-32\/'><img loading=\"lazy\" decoding=\"async\" width=\"980\" height=\"588\" src=\"https:\/\/www.copealcoy.es\/wp-content\/uploads\/2025\/05\/unnamed-5-980x588.jpg\" class=\"attachment-large size-large\" alt=\"\" \/><\/a>\n\t\t\t<\/div><\/figure><figure class='gallery-item'>\n\t\t\t<div class='gallery-icon landscape'>\n\t\t\t\t<a href='https:\/\/www.copealcoy.es\/es\/alcoy-aclama-a-sant-jordiet-en-el-dia-grande-de-sus-fiestas\/unnamed-6-18\/'><img loading=\"lazy\" decoding=\"async\" width=\"980\" height=\"588\" src=\"https:\/\/www.copealcoy.es\/wp-content\/uploads\/2025\/05\/unnamed-6-980x588.jpg\" class=\"attachment-large size-large\" alt=\"\" \/><\/a>\n\t\t\t<\/div><\/figure><figure class='gallery-item'>\n\t\t\t<div class='gallery-icon landscape'>\n\t\t\t\t<a href='https:\/\/www.copealcoy.es\/es\/alcoy-aclama-a-sant-jordiet-en-el-dia-grande-de-sus-fiestas\/unnamed-7-13\/'><img loading=\"lazy\" decoding=\"async\" width=\"980\" height=\"588\" src=\"https:\/\/www.copealcoy.es\/wp-content\/uploads\/2025\/05\/unnamed-7-980x588.jpg\" class=\"attachment-large size-large\" alt=\"\" \/><\/a>\n\t\t\t<\/div><\/figure>\n\t\t<\/div>\n\n<p style=\"text-align: justify;\">\n","protected":false},"excerpt":{"rendered":"<p>La segunda jornada de la trilog\u00eda festera no da tregua y a partir de las once de la ma\u00f1ana ha&#8230;<\/p>\n","protected":false},"author":1,"featured_media":151683,"comment_status":"closed","ping_status":"closed","sticky":false,"template":"","format":"standard","meta":{"footnotes":""},"categories":[6909,97,75,125],"tags":[1494,565,19525,609,461,19526],"class_list":["post-151682","post","type-post","status-publish","format-standard","has-post-thumbnail","hentry","category-actualidad","category-alcoy","category-noticias","category-portada","tag-alcoy","tag-fiestas","tag-martin-bellver","tag-moros-y-cristianos","tag-sant-jordiet","tag-sevila"],"yoast_head":"<!-- This site is optimized with the Yoast SEO plugin v27.3 - https:\/\/yoast.com\/product\/yoast-seo-wordpress\/ -->\n<title>Alcoy aclama a Sant jordiet en el d\u00eda grande de sus Fiestas - COPE Alcoy<\/title>\n<meta name=\"robots\" content=\"index, follow, max-snippet:-1, max-image-preview:large, max-video-preview:-1\" \/>\n<link rel=\"canonical\" href=\"https:\/\/www.copealcoy.es\/es\/alcoy-aclama-a-sant-jordiet-en-el-dia-grande-de-sus-fiestas\/\" \/>\n<meta property=\"og:locale\" content=\"es_ES\" \/>\n<meta property=\"og:type\" content=\"article\" \/>\n<meta property=\"og:title\" content=\"Alcoy aclama a Sant jordiet en el d\u00eda grande de sus Fiestas - COPE Alcoy\" \/>\n<meta property=\"og:description\" content=\"La segunda jornada de la trilog\u00eda festera no da tregua y a partir de las once de la ma\u00f1ana ha...\" \/>\n<meta property=\"og:url\" content=\"https:\/\/www.copealcoy.es\/es\/alcoy-aclama-a-sant-jordiet-en-el-dia-grande-de-sus-fiestas\/\" \/>\n<meta property=\"og:site_name\" content=\"COPE Alcoy\" \/>\n<meta property=\"article:published_time\" content=\"2025-05-04T12:02:57+00:00\" \/>\n<meta property=\"article:modified_time\" content=\"2025-05-04T21:07:55+00:00\" \/>\n<meta property=\"og:image\" content=\"https:\/\/www.copealcoy.es\/wp-content\/uploads\/2025\/05\/unnamed-1-4-scaled.jpg\" \/>\n\t<meta property=\"og:image:width\" content=\"2560\" \/>\n\t<meta property=\"og:image:height\" content=\"1763\" \/>\n\t<meta property=\"og:image:type\" content=\"image\/jpeg\" \/>\n<meta name=\"author\" content=\"Cope Alcoy\" \/>\n<meta name=\"twitter:label1\" content=\"Escrito por\" \/>\n\t<meta name=\"twitter:data1\" content=\"Cope Alcoy\" \/>\n\t<meta name=\"twitter:label2\" content=\"Tiempo de lectura\" \/>\n\t<meta name=\"twitter:data2\" content=\"3 minutos\" \/>\n<script type=\"application\/ld+json\" class=\"yoast-schema-graph\">{\"@context\":\"https:\\\/\\\/schema.org\",\"@graph\":[{\"@type\":\"Article\",\"@id\":\"https:\\\/\\\/www.copealcoy.es\\\/es\\\/alcoy-aclama-a-sant-jordiet-en-el-dia-grande-de-sus-fiestas\\\/#article\",\"isPartOf\":{\"@id\":\"https:\\\/\\\/www.copealcoy.es\\\/es\\\/alcoy-aclama-a-sant-jordiet-en-el-dia-grande-de-sus-fiestas\\\/\"},\"author\":{\"name\":\"Cope Alcoy\",\"@id\":\"https:\\\/\\\/www.copealcoy.es\\\/es\\\/#\\\/schema\\\/person\\\/e777c87fa024e57d40170af9df39882c\"},\"headline\":\"Alcoy aclama a Sant jordiet en el d\u00eda grande de sus Fiestas\",\"datePublished\":\"2025-05-04T12:02:57+00:00\",\"dateModified\":\"2025-05-04T21:07:55+00:00\",\"mainEntityOfPage\":{\"@id\":\"https:\\\/\\\/www.copealcoy.es\\\/es\\\/alcoy-aclama-a-sant-jordiet-en-el-dia-grande-de-sus-fiestas\\\/\"},\"wordCount\":492,\"image\":{\"@id\":\"https:\\\/\\\/www.copealcoy.es\\\/es\\\/alcoy-aclama-a-sant-jordiet-en-el-dia-grande-de-sus-fiestas\\\/#primaryimage\"},\"thumbnailUrl\":\"https:\\\/\\\/www.copealcoy.es\\\/wp-content\\\/uploads\\\/2025\\\/05\\\/unnamed-1-4-scaled.jpg\",\"keywords\":[\"Alcoy\",\"Fiestas\",\"Mart\u00edn Bellver\",\"Moros Y Cristianos\",\"Sant Jordiet\",\"Sevila\"],\"articleSection\":[\"Actualidad\",\"Alcoy\",\"Noticias\",\"Portada\"],\"inLanguage\":\"es\"},{\"@type\":\"WebPage\",\"@id\":\"https:\\\/\\\/www.copealcoy.es\\\/es\\\/alcoy-aclama-a-sant-jordiet-en-el-dia-grande-de-sus-fiestas\\\/\",\"url\":\"https:\\\/\\\/www.copealcoy.es\\\/es\\\/alcoy-aclama-a-sant-jordiet-en-el-dia-grande-de-sus-fiestas\\\/\",\"name\":\"Alcoy aclama a Sant jordiet en el d\u00eda grande de sus Fiestas - COPE Alcoy\",\"isPartOf\":{\"@id\":\"https:\\\/\\\/www.copealcoy.es\\\/es\\\/#website\"},\"primaryImageOfPage\":{\"@id\":\"https:\\\/\\\/www.copealcoy.es\\\/es\\\/alcoy-aclama-a-sant-jordiet-en-el-dia-grande-de-sus-fiestas\\\/#primaryimage\"},\"image\":{\"@id\":\"https:\\\/\\\/www.copealcoy.es\\\/es\\\/alcoy-aclama-a-sant-jordiet-en-el-dia-grande-de-sus-fiestas\\\/#primaryimage\"},\"thumbnailUrl\":\"https:\\\/\\\/www.copealcoy.es\\\/wp-content\\\/uploads\\\/2025\\\/05\\\/unnamed-1-4-scaled.jpg\",\"datePublished\":\"2025-05-04T12:02:57+00:00\",\"dateModified\":\"2025-05-04T21:07:55+00:00\",\"author\":{\"@id\":\"https:\\\/\\\/www.copealcoy.es\\\/es\\\/#\\\/schema\\\/person\\\/e777c87fa024e57d40170af9df39882c\"},\"breadcrumb\":{\"@id\":\"https:\\\/\\\/www.copealcoy.es\\\/es\\\/alcoy-aclama-a-sant-jordiet-en-el-dia-grande-de-sus-fiestas\\\/#breadcrumb\"},\"inLanguage\":\"es\",\"potentialAction\":[{\"@type\":\"ReadAction\",\"target\":[\"https:\\\/\\\/www.copealcoy.es\\\/es\\\/alcoy-aclama-a-sant-jordiet-en-el-dia-grande-de-sus-fiestas\\\/\"]}]},{\"@type\":\"ImageObject\",\"inLanguage\":\"es\",\"@id\":\"https:\\\/\\\/www.copealcoy.es\\\/es\\\/alcoy-aclama-a-sant-jordiet-en-el-dia-grande-de-sus-fiestas\\\/#primaryimage\",\"url\":\"https:\\\/\\\/www.copealcoy.es\\\/wp-content\\\/uploads\\\/2025\\\/05\\\/unnamed-1-4-scaled.jpg\",\"contentUrl\":\"https:\\\/\\\/www.copealcoy.es\\\/wp-content\\\/uploads\\\/2025\\\/05\\\/unnamed-1-4-scaled.jpg\",\"width\":2560,\"height\":1763},{\"@type\":\"BreadcrumbList\",\"@id\":\"https:\\\/\\\/www.copealcoy.es\\\/es\\\/alcoy-aclama-a-sant-jordiet-en-el-dia-grande-de-sus-fiestas\\\/#breadcrumb\",\"itemListElement\":[{\"@type\":\"ListItem\",\"position\":1,\"name\":\"Portada\",\"item\":\"https:\\\/\\\/www.copealcoy.es\\\/es\\\/\"},{\"@type\":\"ListItem\",\"position\":2,\"name\":\"Alcoy aclama a Sant jordiet en el d\u00eda grande de sus Fiestas\"}]},{\"@type\":\"WebSite\",\"@id\":\"https:\\\/\\\/www.copealcoy.es\\\/es\\\/#website\",\"url\":\"https:\\\/\\\/www.copealcoy.es\\\/es\\\/\",\"name\":\"COPE Alcoy\",\"description\":\"Emisora COPE de radio local con emisi\u00f3n online. Pont de Sant Jordi 8-10 03803 Alcoy\",\"potentialAction\":[{\"@type\":\"SearchAction\",\"target\":{\"@type\":\"EntryPoint\",\"urlTemplate\":\"https:\\\/\\\/www.copealcoy.es\\\/es\\\/?s={search_term_string}\"},\"query-input\":{\"@type\":\"PropertyValueSpecification\",\"valueRequired\":true,\"valueName\":\"search_term_string\"}}],\"inLanguage\":\"es\"},{\"@type\":\"Person\",\"@id\":\"https:\\\/\\\/www.copealcoy.es\\\/es\\\/#\\\/schema\\\/person\\\/e777c87fa024e57d40170af9df39882c\",\"name\":\"Cope Alcoy\",\"image\":{\"@type\":\"ImageObject\",\"inLanguage\":\"es\",\"@id\":\"https:\\\/\\\/secure.gravatar.com\\\/avatar\\\/bb65d0283347e303893ba14f0692005417c1e0e690a325a4c5d8bb2b3943ee14?s=96&d=mm&r=g\",\"url\":\"https:\\\/\\\/secure.gravatar.com\\\/avatar\\\/bb65d0283347e303893ba14f0692005417c1e0e690a325a4c5d8bb2b3943ee14?s=96&d=mm&r=g\",\"contentUrl\":\"https:\\\/\\\/secure.gravatar.com\\\/avatar\\\/bb65d0283347e303893ba14f0692005417c1e0e690a325a4c5d8bb2b3943ee14?s=96&d=mm&r=g\",\"caption\":\"Cope Alcoy\"}}]}<\/script>\n<!-- \/ Yoast SEO plugin. -->","yoast_head_json":{"title":"Alcoy aclama a Sant jordiet en el d\u00eda grande de sus Fiestas - COPE Alcoy","robots":{"index":"index","follow":"follow","max-snippet":"max-snippet:-1","max-image-preview":"max-image-preview:large","max-video-preview":"max-video-preview:-1"},"canonical":"https:\/\/www.copealcoy.es\/es\/alcoy-aclama-a-sant-jordiet-en-el-dia-grande-de-sus-fiestas\/","og_locale":"es_ES","og_type":"article","og_title":"Alcoy aclama a Sant jordiet en el d\u00eda grande de sus Fiestas - COPE Alcoy","og_description":"La segunda jornada de la trilog\u00eda festera no da tregua y a partir de las once de la ma\u00f1ana ha...","og_url":"https:\/\/www.copealcoy.es\/es\/alcoy-aclama-a-sant-jordiet-en-el-dia-grande-de-sus-fiestas\/","og_site_name":"COPE Alcoy","article_published_time":"2025-05-04T12:02:57+00:00","article_modified_time":"2025-05-04T21:07:55+00:00","og_image":[{"width":2560,"height":1763,"url":"https:\/\/www.copealcoy.es\/wp-content\/uploads\/2025\/05\/unnamed-1-4-scaled.jpg","type":"image\/jpeg"}],"author":"Cope Alcoy","twitter_misc":{"Escrito por":"Cope Alcoy","Tiempo de lectura":"3 minutos"},"schema":{"@context":"https:\/\/schema.org","@graph":[{"@type":"Article","@id":"https:\/\/www.copealcoy.es\/es\/alcoy-aclama-a-sant-jordiet-en-el-dia-grande-de-sus-fiestas\/#article","isPartOf":{"@id":"https:\/\/www.copealcoy.es\/es\/alcoy-aclama-a-sant-jordiet-en-el-dia-grande-de-sus-fiestas\/"},"author":{"name":"Cope Alcoy","@id":"https:\/\/www.copealcoy.es\/es\/#\/schema\/person\/e777c87fa024e57d40170af9df39882c"},"headline":"Alcoy aclama a Sant jordiet en el d\u00eda grande de sus Fiestas","datePublished":"2025-05-04T12:02:57+00:00","dateModified":"2025-05-04T21:07:55+00:00","mainEntityOfPage":{"@id":"https:\/\/www.copealcoy.es\/es\/alcoy-aclama-a-sant-jordiet-en-el-dia-grande-de-sus-fiestas\/"},"wordCount":492,"image":{"@id":"https:\/\/www.copealcoy.es\/es\/alcoy-aclama-a-sant-jordiet-en-el-dia-grande-de-sus-fiestas\/#primaryimage"},"thumbnailUrl":"https:\/\/www.copealcoy.es\/wp-content\/uploads\/2025\/05\/unnamed-1-4-scaled.jpg","keywords":["Alcoy","Fiestas","Mart\u00edn Bellver","Moros Y Cristianos","Sant Jordiet","Sevila"],"articleSection":["Actualidad","Alcoy","Noticias","Portada"],"inLanguage":"es"},{"@type":"WebPage","@id":"https:\/\/www.copealcoy.es\/es\/alcoy-aclama-a-sant-jordiet-en-el-dia-grande-de-sus-fiestas\/","url":"https:\/\/www.copealcoy.es\/es\/alcoy-aclama-a-sant-jordiet-en-el-dia-grande-de-sus-fiestas\/","name":"Alcoy aclama a Sant jordiet en el d\u00eda grande de sus Fiestas - COPE Alcoy","isPartOf":{"@id":"https:\/\/www.copealcoy.es\/es\/#website"},"primaryImageOfPage":{"@id":"https:\/\/www.copealcoy.es\/es\/alcoy-aclama-a-sant-jordiet-en-el-dia-grande-de-sus-fiestas\/#primaryimage"},"image":{"@id":"https:\/\/www.copealcoy.es\/es\/alcoy-aclama-a-sant-jordiet-en-el-dia-grande-de-sus-fiestas\/#primaryimage"},"thumbnailUrl":"https:\/\/www.copealcoy.es\/wp-content\/uploads\/2025\/05\/unnamed-1-4-scaled.jpg","datePublished":"2025-05-04T12:02:57+00:00","dateModified":"2025-05-04T21:07:55+00:00","author":{"@id":"https:\/\/www.copealcoy.es\/es\/#\/schema\/person\/e777c87fa024e57d40170af9df39882c"},"breadcrumb":{"@id":"https:\/\/www.copealcoy.es\/es\/alcoy-aclama-a-sant-jordiet-en-el-dia-grande-de-sus-fiestas\/#breadcrumb"},"inLanguage":"es","potentialAction":[{"@type":"ReadAction","target":["https:\/\/www.copealcoy.es\/es\/alcoy-aclama-a-sant-jordiet-en-el-dia-grande-de-sus-fiestas\/"]}]},{"@type":"ImageObject","inLanguage":"es","@id":"https:\/\/www.copealcoy.es\/es\/alcoy-aclama-a-sant-jordiet-en-el-dia-grande-de-sus-fiestas\/#primaryimage","url":"https:\/\/www.copealcoy.es\/wp-content\/uploads\/2025\/05\/unnamed-1-4-scaled.jpg","contentUrl":"https:\/\/www.copealcoy.es\/wp-content\/uploads\/2025\/05\/unnamed-1-4-scaled.jpg","width":2560,"height":1763},{"@type":"BreadcrumbList","@id":"https:\/\/www.copealcoy.es\/es\/alcoy-aclama-a-sant-jordiet-en-el-dia-grande-de-sus-fiestas\/#breadcrumb","itemListElement":[{"@type":"ListItem","position":1,"name":"Portada","item":"https:\/\/www.copealcoy.es\/es\/"},{"@type":"ListItem","position":2,"name":"Alcoy aclama a Sant jordiet en el d\u00eda grande de sus Fiestas"}]},{"@type":"WebSite","@id":"https:\/\/www.copealcoy.es\/es\/#website","url":"https:\/\/www.copealcoy.es\/es\/","name":"COPE Alcoy","description":"Emisora COPE de radio local con emisi\u00f3n online. Pont de Sant Jordi 8-10 03803 Alcoy","potentialAction":[{"@type":"SearchAction","target":{"@type":"EntryPoint","urlTemplate":"https:\/\/www.copealcoy.es\/es\/?s={search_term_string}"},"query-input":{"@type":"PropertyValueSpecification","valueRequired":true,"valueName":"search_term_string"}}],"inLanguage":"es"},{"@type":"Person","@id":"https:\/\/www.copealcoy.es\/es\/#\/schema\/person\/e777c87fa024e57d40170af9df39882c","name":"Cope Alcoy","image":{"@type":"ImageObject","inLanguage":"es","@id":"https:\/\/secure.gravatar.com\/avatar\/bb65d0283347e303893ba14f0692005417c1e0e690a325a4c5d8bb2b3943ee14?s=96&d=mm&r=g","url":"https:\/\/secure.gravatar.com\/avatar\/bb65d0283347e303893ba14f0692005417c1e0e690a325a4c5d8bb2b3943ee14?s=96&d=mm&r=g","contentUrl":"https:\/\/secure.gravatar.com\/avatar\/bb65d0283347e303893ba14f0692005417c1e0e690a325a4c5d8bb2b3943ee14?s=96&d=mm&r=g","caption":"Cope Alcoy"}}]}},"_links":{"self":[{"href":"https:\/\/www.copealcoy.es\/es\/wp-json\/wp\/v2\/posts\/151682","targetHints":{"allow":["GET"]}}],"collection":[{"href":"https:\/\/www.copealcoy.es\/es\/wp-json\/wp\/v2\/posts"}],"about":[{"href":"https:\/\/www.copealcoy.es\/es\/wp-json\/wp\/v2\/types\/post"}],"author":[{"embeddable":true,"href":"https:\/\/www.copealcoy.es\/es\/wp-json\/wp\/v2\/users\/1"}],"replies":[{"embeddable":true,"href":"https:\/\/www.copealcoy.es\/es\/wp-json\/wp\/v2\/comments?post=151682"}],"version-history":[{"count":3,"href":"https:\/\/www.copealcoy.es\/es\/wp-json\/wp\/v2\/posts\/151682\/revisions"}],"predecessor-version":[{"id":151705,"href":"https:\/\/www.copealcoy.es\/es\/wp-json\/wp\/v2\/posts\/151682\/revisions\/151705"}],"wp:featuredmedia":[{"embeddable":true,"href":"https:\/\/www.copealcoy.es\/es\/wp-json\/wp\/v2\/media\/151683"}],"wp:attachment":[{"href":"https:\/\/www.copealcoy.es\/es\/wp-json\/wp\/v2\/media?parent=151682"}],"wp:term":[{"taxonomy":"category","embeddable":true,"href":"https:\/\/www.copealcoy.es\/es\/wp-json\/wp\/v2\/categories?post=151682"},{"taxonomy":"post_tag","embeddable":true,"href":"https:\/\/www.copealcoy.es\/es\/wp-json\/wp\/v2\/tags?post=151682"}],"curies":[{"name":"wp","href":"https:\/\/api.w.org\/{rel}","templated":true}]}}