{"id":151674,"date":"2025-05-04T09:52:05","date_gmt":"2025-05-04T08:52:05","guid":{"rendered":"https:\/\/www.copealcoy.es\/?p=151674"},"modified":"2025-05-04T12:36:56","modified_gmt":"2025-05-04T11:36:56","slug":"la-segunda-diana-estrena-en-alcoy-una-intensa-jornada-dedicada-a-san-jorge","status":"publish","type":"post","link":"https:\/\/www.copealcoy.es\/es\/la-segunda-diana-estrena-en-alcoy-una-intensa-jornada-dedicada-a-san-jorge\/","title":{"rendered":"La Segunda Diana estrena en Alcoy una intensa jornada dedicada a San Jorge"},"content":{"rendered":"<p style=\"text-align: justify;\">Alcoy vive de lleno <strong>el segundo d\u00eda de <a href=\"https:\/\/www.asjordi.org\/\" target=\"_blank\" rel=\"noopener\"><span style=\"color: #0000ff;\">las Fiestas de Moros y Cristianos<\/span><\/a> en honor a San Jorge<\/strong>, una jornada en la que <strong>la ciudad rendir\u00e1 homenaje a su patr\u00f3n<\/strong> destacando varios actos religiosos en su honor. Tras un merecido descanso, despu\u00e9s de la intensa jornada de ayer, ha comenzado la ma\u00f1ana con <strong>un acto entra\u00f1able<\/strong> en el que los m\u00e1s peque\u00f1os tienen todo el protagonismo.<\/p>\n<p style=\"text-align: justify;\">Se trata de <strong>la Segunda Diana<\/strong>, instante que ha arrancado en torno a ocho y media de la ma\u00f1ana. Desde la Font Redona han salido <strong>los cristianos<\/strong> encabezados por la Fil\u00e0 Aragonesos (Capit\u00e1n Cristiano) seguido de los Andaluces (Alf\u00e9rez Cristiano), Asturianos, Cides, Labradores, Guzmanes, Vascos, Moz\u00e1rabes, Almog\u00e1vares, Navarros, Tomasines, Muntanyesos, Cruzados y Alcodianos.\u00a0 A la misma hora, y desde la parte baja de l\u2019Avinguda del Pa\u00eds Valenci\u00e0, han iniciado el desfile <strong>los moros<\/strong> con la Fil\u00e0 Domingo Miques a la que ese a\u00f1o pertenece el Sant Jordiet 2025. Tras ellos han seguido los Abencerrajes (Capit\u00e1n Moro), Marrakesch (Alf\u00e9rez Moro), Benimerines, Llana, Magenta, Jud\u00edos, Chano, Verdes, Cord\u00f3n, Ligeros, Mud\u00e9jares, Realistes y Berberiscos. En esta Segunda <strong>Diana los m\u00e1s peque\u00f1os han acaparado todas las miradas<\/strong>, evidenciando que el futuro de las Fiestas de Alcoy est\u00e1 m\u00e1s que asegurado, y tambi\u00e9n han tenido un papel destacado las peque\u00f1as <strong>Ona Santonja y Valeria Abad<\/strong>, las cuales asumen el papel de Sargentos en los bandos de la media luna y de la cruz; respectivamente.<\/p>\n<p style=\"text-align: justify;\">Despu\u00e9s de este acto, <strong>las celebraciones del D\u00eda de San Jorge contin\u00faan<\/strong>. A las 11:00 de la ma\u00f1ana, se llevar\u00e1 a cabo <strong>la Procesi\u00f3n de la Reliquia<\/strong>, seguida de <strong>la Misa Mayor<\/strong> en la iglesia de Santa Mar\u00eda. Para concluir los actos matutinos, <strong>se disparar\u00e1<\/strong> <strong>una <em>Masclet\u00e0<\/em><\/strong>. La tarde estar\u00e1 dedicada a la <strong>Diana Vespertina del Cavallet<\/strong>, que ser\u00e1 protagonizada por los Berberiscos y Realistas a partir de las 18:00 horas. A las 19:30 horas, comenzar\u00e1 <strong>la Procesi\u00f3n General <\/strong>en honor al patr\u00f3n de nuestra ciudad desde los alrededores del Casal de Sant Jordi.<\/p>\n","protected":false},"excerpt":{"rendered":"<p>Alcoy vive de lleno el segundo d\u00eda de las Fiestas de Moros y Cristianos en honor a San Jorge, una&#8230;<\/p>\n","protected":false},"author":1,"featured_media":151679,"comment_status":"closed","ping_status":"closed","sticky":false,"template":"","format":"standard","meta":{"footnotes":""},"categories":[6909,97,78,75,125],"tags":[1494,14594,565,609,2161],"class_list":["post-151674","post","type-post","status-publish","format-standard","has-post-thumbnail","hentry","category-actualidad","category-alcoy","category-fiestaycultura","category-noticias","category-portada","tag-alcoy","tag-dia-de-san-jorge","tag-fiestas","tag-moros-y-cristianos","tag-segunda-diana"],"yoast_head":"<!-- This site is optimized with the Yoast SEO plugin v27.3 - https:\/\/yoast.com\/product\/yoast-seo-wordpress\/ -->\n<title>La Segunda Diana estrena en Alcoy una intensa jornada dedicada a San Jorge - COPE Alcoy<\/title>\n<meta name=\"description\" content=\"Alcoy vive de lleno el segundo d\u00eda de las Fiestas de Moros y Cristianos en honor a San Jorge, una jornada en la que la ciudad rendir\u00e1 homenaje a su patr\u00f3n\" \/>\n<meta name=\"robots\" content=\"index, follow, max-snippet:-1, max-image-preview:large, max-video-preview:-1\" \/>\n<link rel=\"canonical\" href=\"https:\/\/www.copealcoy.es\/es\/la-segunda-diana-estrena-en-alcoy-una-intensa-jornada-dedicada-a-san-jorge\/\" \/>\n<meta property=\"og:locale\" content=\"es_ES\" \/>\n<meta property=\"og:type\" content=\"article\" \/>\n<meta property=\"og:title\" content=\"La Segunda Diana estrena en Alcoy una intensa jornada dedicada a San Jorge - COPE Alcoy\" \/>\n<meta property=\"og:description\" content=\"Alcoy vive de lleno el segundo d\u00eda de las Fiestas de Moros y Cristianos en honor a San Jorge, una jornada en la que la ciudad rendir\u00e1 homenaje a su patr\u00f3n\" \/>\n<meta property=\"og:url\" content=\"https:\/\/www.copealcoy.es\/es\/la-segunda-diana-estrena-en-alcoy-una-intensa-jornada-dedicada-a-san-jorge\/\" \/>\n<meta property=\"og:site_name\" content=\"COPE Alcoy\" \/>\n<meta property=\"article:published_time\" content=\"2025-05-04T08:52:05+00:00\" \/>\n<meta property=\"article:modified_time\" content=\"2025-05-04T11:36:56+00:00\" \/>\n<meta property=\"og:image\" content=\"https:\/\/www.copealcoy.es\/wp-content\/uploads\/2025\/05\/df1835fc-f8ec-4650-ae9a-a24bf48ef1dc-e1746358575401.jpeg\" \/>\n\t<meta property=\"og:image:width\" content=\"1078\" \/>\n\t<meta property=\"og:image:height\" content=\"650\" \/>\n\t<meta property=\"og:image:type\" content=\"image\/jpeg\" \/>\n<meta name=\"author\" content=\"Cope Alcoy\" \/>\n<meta name=\"twitter:label1\" content=\"Escrito por\" \/>\n\t<meta name=\"twitter:data1\" content=\"Cope Alcoy\" \/>\n\t<meta name=\"twitter:label2\" content=\"Tiempo de lectura\" \/>\n\t<meta name=\"twitter:data2\" content=\"3 minutos\" \/>\n<script type=\"application\/ld+json\" class=\"yoast-schema-graph\">{\"@context\":\"https:\\\/\\\/schema.org\",\"@graph\":[{\"@type\":\"Article\",\"@id\":\"https:\\\/\\\/www.copealcoy.es\\\/es\\\/la-segunda-diana-estrena-en-alcoy-una-intensa-jornada-dedicada-a-san-jorge\\\/#article\",\"isPartOf\":{\"@id\":\"https:\\\/\\\/www.copealcoy.es\\\/es\\\/la-segunda-diana-estrena-en-alcoy-una-intensa-jornada-dedicada-a-san-jorge\\\/\"},\"author\":{\"name\":\"Cope Alcoy\",\"@id\":\"https:\\\/\\\/www.copealcoy.es\\\/es\\\/#\\\/schema\\\/person\\\/e777c87fa024e57d40170af9df39882c\"},\"headline\":\"La Segunda Diana estrena en Alcoy una intensa jornada dedicada a San Jorge\",\"datePublished\":\"2025-05-04T08:52:05+00:00\",\"dateModified\":\"2025-05-04T11:36:56+00:00\",\"mainEntityOfPage\":{\"@id\":\"https:\\\/\\\/www.copealcoy.es\\\/es\\\/la-segunda-diana-estrena-en-alcoy-una-intensa-jornada-dedicada-a-san-jorge\\\/\"},\"wordCount\":372,\"image\":{\"@id\":\"https:\\\/\\\/www.copealcoy.es\\\/es\\\/la-segunda-diana-estrena-en-alcoy-una-intensa-jornada-dedicada-a-san-jorge\\\/#primaryimage\"},\"thumbnailUrl\":\"https:\\\/\\\/www.copealcoy.es\\\/wp-content\\\/uploads\\\/2025\\\/05\\\/df1835fc-f8ec-4650-ae9a-a24bf48ef1dc-e1746358575401.jpeg\",\"keywords\":[\"Alcoy\",\"D\u00eda de San Jorge\",\"Fiestas\",\"Moros Y Cristianos\",\"Segunda Diana\"],\"articleSection\":[\"Actualidad\",\"Alcoy\",\"Fiesta y Cultura\",\"Noticias\",\"Portada\"],\"inLanguage\":\"es\"},{\"@type\":\"WebPage\",\"@id\":\"https:\\\/\\\/www.copealcoy.es\\\/es\\\/la-segunda-diana-estrena-en-alcoy-una-intensa-jornada-dedicada-a-san-jorge\\\/\",\"url\":\"https:\\\/\\\/www.copealcoy.es\\\/es\\\/la-segunda-diana-estrena-en-alcoy-una-intensa-jornada-dedicada-a-san-jorge\\\/\",\"name\":\"La Segunda Diana estrena en Alcoy una intensa jornada dedicada a San Jorge - COPE Alcoy\",\"isPartOf\":{\"@id\":\"https:\\\/\\\/www.copealcoy.es\\\/es\\\/#website\"},\"primaryImageOfPage\":{\"@id\":\"https:\\\/\\\/www.copealcoy.es\\\/es\\\/la-segunda-diana-estrena-en-alcoy-una-intensa-jornada-dedicada-a-san-jorge\\\/#primaryimage\"},\"image\":{\"@id\":\"https:\\\/\\\/www.copealcoy.es\\\/es\\\/la-segunda-diana-estrena-en-alcoy-una-intensa-jornada-dedicada-a-san-jorge\\\/#primaryimage\"},\"thumbnailUrl\":\"https:\\\/\\\/www.copealcoy.es\\\/wp-content\\\/uploads\\\/2025\\\/05\\\/df1835fc-f8ec-4650-ae9a-a24bf48ef1dc-e1746358575401.jpeg\",\"datePublished\":\"2025-05-04T08:52:05+00:00\",\"dateModified\":\"2025-05-04T11:36:56+00:00\",\"author\":{\"@id\":\"https:\\\/\\\/www.copealcoy.es\\\/es\\\/#\\\/schema\\\/person\\\/e777c87fa024e57d40170af9df39882c\"},\"description\":\"Alcoy vive de lleno el segundo d\u00eda de las Fiestas de Moros y Cristianos en honor a San Jorge, una jornada en la que la ciudad rendir\u00e1 homenaje a su patr\u00f3n\",\"breadcrumb\":{\"@id\":\"https:\\\/\\\/www.copealcoy.es\\\/es\\\/la-segunda-diana-estrena-en-alcoy-una-intensa-jornada-dedicada-a-san-jorge\\\/#breadcrumb\"},\"inLanguage\":\"es\",\"potentialAction\":[{\"@type\":\"ReadAction\",\"target\":[\"https:\\\/\\\/www.copealcoy.es\\\/es\\\/la-segunda-diana-estrena-en-alcoy-una-intensa-jornada-dedicada-a-san-jorge\\\/\"]}]},{\"@type\":\"ImageObject\",\"inLanguage\":\"es\",\"@id\":\"https:\\\/\\\/www.copealcoy.es\\\/es\\\/la-segunda-diana-estrena-en-alcoy-una-intensa-jornada-dedicada-a-san-jorge\\\/#primaryimage\",\"url\":\"https:\\\/\\\/www.copealcoy.es\\\/wp-content\\\/uploads\\\/2025\\\/05\\\/df1835fc-f8ec-4650-ae9a-a24bf48ef1dc-e1746358575401.jpeg\",\"contentUrl\":\"https:\\\/\\\/www.copealcoy.es\\\/wp-content\\\/uploads\\\/2025\\\/05\\\/df1835fc-f8ec-4650-ae9a-a24bf48ef1dc-e1746358575401.jpeg\",\"width\":1078,\"height\":650},{\"@type\":\"BreadcrumbList\",\"@id\":\"https:\\\/\\\/www.copealcoy.es\\\/es\\\/la-segunda-diana-estrena-en-alcoy-una-intensa-jornada-dedicada-a-san-jorge\\\/#breadcrumb\",\"itemListElement\":[{\"@type\":\"ListItem\",\"position\":1,\"name\":\"Portada\",\"item\":\"https:\\\/\\\/www.copealcoy.es\\\/es\\\/\"},{\"@type\":\"ListItem\",\"position\":2,\"name\":\"La Segunda Diana estrena en Alcoy una intensa jornada dedicada a San Jorge\"}]},{\"@type\":\"WebSite\",\"@id\":\"https:\\\/\\\/www.copealcoy.es\\\/es\\\/#website\",\"url\":\"https:\\\/\\\/www.copealcoy.es\\\/es\\\/\",\"name\":\"COPE Alcoy\",\"description\":\"Emisora COPE de radio local con emisi\u00f3n online. Pont de Sant Jordi 8-10 03803 Alcoy\",\"potentialAction\":[{\"@type\":\"SearchAction\",\"target\":{\"@type\":\"EntryPoint\",\"urlTemplate\":\"https:\\\/\\\/www.copealcoy.es\\\/es\\\/?s={search_term_string}\"},\"query-input\":{\"@type\":\"PropertyValueSpecification\",\"valueRequired\":true,\"valueName\":\"search_term_string\"}}],\"inLanguage\":\"es\"},{\"@type\":\"Person\",\"@id\":\"https:\\\/\\\/www.copealcoy.es\\\/es\\\/#\\\/schema\\\/person\\\/e777c87fa024e57d40170af9df39882c\",\"name\":\"Cope Alcoy\",\"image\":{\"@type\":\"ImageObject\",\"inLanguage\":\"es\",\"@id\":\"https:\\\/\\\/secure.gravatar.com\\\/avatar\\\/bb65d0283347e303893ba14f0692005417c1e0e690a325a4c5d8bb2b3943ee14?s=96&d=mm&r=g\",\"url\":\"https:\\\/\\\/secure.gravatar.com\\\/avatar\\\/bb65d0283347e303893ba14f0692005417c1e0e690a325a4c5d8bb2b3943ee14?s=96&d=mm&r=g\",\"contentUrl\":\"https:\\\/\\\/secure.gravatar.com\\\/avatar\\\/bb65d0283347e303893ba14f0692005417c1e0e690a325a4c5d8bb2b3943ee14?s=96&d=mm&r=g\",\"caption\":\"Cope Alcoy\"}}]}<\/script>\n<!-- \/ Yoast SEO plugin. -->","yoast_head_json":{"title":"La Segunda Diana estrena en Alcoy una intensa jornada dedicada a San Jorge - COPE Alcoy","description":"Alcoy vive de lleno el segundo d\u00eda de las Fiestas de Moros y Cristianos en honor a San Jorge, una jornada en la que la ciudad rendir\u00e1 homenaje a su patr\u00f3n","robots":{"index":"index","follow":"follow","max-snippet":"max-snippet:-1","max-image-preview":"max-image-preview:large","max-video-preview":"max-video-preview:-1"},"canonical":"https:\/\/www.copealcoy.es\/es\/la-segunda-diana-estrena-en-alcoy-una-intensa-jornada-dedicada-a-san-jorge\/","og_locale":"es_ES","og_type":"article","og_title":"La Segunda Diana estrena en Alcoy una intensa jornada dedicada a San Jorge - COPE Alcoy","og_description":"Alcoy vive de lleno el segundo d\u00eda de las Fiestas de Moros y Cristianos en honor a San Jorge, una jornada en la que la ciudad rendir\u00e1 homenaje a su patr\u00f3n","og_url":"https:\/\/www.copealcoy.es\/es\/la-segunda-diana-estrena-en-alcoy-una-intensa-jornada-dedicada-a-san-jorge\/","og_site_name":"COPE Alcoy","article_published_time":"2025-05-04T08:52:05+00:00","article_modified_time":"2025-05-04T11:36:56+00:00","og_image":[{"width":1078,"height":650,"url":"https:\/\/www.copealcoy.es\/wp-content\/uploads\/2025\/05\/df1835fc-f8ec-4650-ae9a-a24bf48ef1dc-e1746358575401.jpeg","type":"image\/jpeg"}],"author":"Cope Alcoy","twitter_misc":{"Escrito por":"Cope Alcoy","Tiempo de lectura":"3 minutos"},"schema":{"@context":"https:\/\/schema.org","@graph":[{"@type":"Article","@id":"https:\/\/www.copealcoy.es\/es\/la-segunda-diana-estrena-en-alcoy-una-intensa-jornada-dedicada-a-san-jorge\/#article","isPartOf":{"@id":"https:\/\/www.copealcoy.es\/es\/la-segunda-diana-estrena-en-alcoy-una-intensa-jornada-dedicada-a-san-jorge\/"},"author":{"name":"Cope Alcoy","@id":"https:\/\/www.copealcoy.es\/es\/#\/schema\/person\/e777c87fa024e57d40170af9df39882c"},"headline":"La Segunda Diana estrena en Alcoy una intensa jornada dedicada a San Jorge","datePublished":"2025-05-04T08:52:05+00:00","dateModified":"2025-05-04T11:36:56+00:00","mainEntityOfPage":{"@id":"https:\/\/www.copealcoy.es\/es\/la-segunda-diana-estrena-en-alcoy-una-intensa-jornada-dedicada-a-san-jorge\/"},"wordCount":372,"image":{"@id":"https:\/\/www.copealcoy.es\/es\/la-segunda-diana-estrena-en-alcoy-una-intensa-jornada-dedicada-a-san-jorge\/#primaryimage"},"thumbnailUrl":"https:\/\/www.copealcoy.es\/wp-content\/uploads\/2025\/05\/df1835fc-f8ec-4650-ae9a-a24bf48ef1dc-e1746358575401.jpeg","keywords":["Alcoy","D\u00eda de San Jorge","Fiestas","Moros Y Cristianos","Segunda Diana"],"articleSection":["Actualidad","Alcoy","Fiesta y Cultura","Noticias","Portada"],"inLanguage":"es"},{"@type":"WebPage","@id":"https:\/\/www.copealcoy.es\/es\/la-segunda-diana-estrena-en-alcoy-una-intensa-jornada-dedicada-a-san-jorge\/","url":"https:\/\/www.copealcoy.es\/es\/la-segunda-diana-estrena-en-alcoy-una-intensa-jornada-dedicada-a-san-jorge\/","name":"La Segunda Diana estrena en Alcoy una intensa jornada dedicada a San Jorge - COPE Alcoy","isPartOf":{"@id":"https:\/\/www.copealcoy.es\/es\/#website"},"primaryImageOfPage":{"@id":"https:\/\/www.copealcoy.es\/es\/la-segunda-diana-estrena-en-alcoy-una-intensa-jornada-dedicada-a-san-jorge\/#primaryimage"},"image":{"@id":"https:\/\/www.copealcoy.es\/es\/la-segunda-diana-estrena-en-alcoy-una-intensa-jornada-dedicada-a-san-jorge\/#primaryimage"},"thumbnailUrl":"https:\/\/www.copealcoy.es\/wp-content\/uploads\/2025\/05\/df1835fc-f8ec-4650-ae9a-a24bf48ef1dc-e1746358575401.jpeg","datePublished":"2025-05-04T08:52:05+00:00","dateModified":"2025-05-04T11:36:56+00:00","author":{"@id":"https:\/\/www.copealcoy.es\/es\/#\/schema\/person\/e777c87fa024e57d40170af9df39882c"},"description":"Alcoy vive de lleno el segundo d\u00eda de las Fiestas de Moros y Cristianos en honor a San Jorge, una jornada en la que la ciudad rendir\u00e1 homenaje a su patr\u00f3n","breadcrumb":{"@id":"https:\/\/www.copealcoy.es\/es\/la-segunda-diana-estrena-en-alcoy-una-intensa-jornada-dedicada-a-san-jorge\/#breadcrumb"},"inLanguage":"es","potentialAction":[{"@type":"ReadAction","target":["https:\/\/www.copealcoy.es\/es\/la-segunda-diana-estrena-en-alcoy-una-intensa-jornada-dedicada-a-san-jorge\/"]}]},{"@type":"ImageObject","inLanguage":"es","@id":"https:\/\/www.copealcoy.es\/es\/la-segunda-diana-estrena-en-alcoy-una-intensa-jornada-dedicada-a-san-jorge\/#primaryimage","url":"https:\/\/www.copealcoy.es\/wp-content\/uploads\/2025\/05\/df1835fc-f8ec-4650-ae9a-a24bf48ef1dc-e1746358575401.jpeg","contentUrl":"https:\/\/www.copealcoy.es\/wp-content\/uploads\/2025\/05\/df1835fc-f8ec-4650-ae9a-a24bf48ef1dc-e1746358575401.jpeg","width":1078,"height":650},{"@type":"BreadcrumbList","@id":"https:\/\/www.copealcoy.es\/es\/la-segunda-diana-estrena-en-alcoy-una-intensa-jornada-dedicada-a-san-jorge\/#breadcrumb","itemListElement":[{"@type":"ListItem","position":1,"name":"Portada","item":"https:\/\/www.copealcoy.es\/es\/"},{"@type":"ListItem","position":2,"name":"La Segunda Diana estrena en Alcoy una intensa jornada dedicada a San Jorge"}]},{"@type":"WebSite","@id":"https:\/\/www.copealcoy.es\/es\/#website","url":"https:\/\/www.copealcoy.es\/es\/","name":"COPE Alcoy","description":"Emisora COPE de radio local con emisi\u00f3n online. Pont de Sant Jordi 8-10 03803 Alcoy","potentialAction":[{"@type":"SearchAction","target":{"@type":"EntryPoint","urlTemplate":"https:\/\/www.copealcoy.es\/es\/?s={search_term_string}"},"query-input":{"@type":"PropertyValueSpecification","valueRequired":true,"valueName":"search_term_string"}}],"inLanguage":"es"},{"@type":"Person","@id":"https:\/\/www.copealcoy.es\/es\/#\/schema\/person\/e777c87fa024e57d40170af9df39882c","name":"Cope Alcoy","image":{"@type":"ImageObject","inLanguage":"es","@id":"https:\/\/secure.gravatar.com\/avatar\/bb65d0283347e303893ba14f0692005417c1e0e690a325a4c5d8bb2b3943ee14?s=96&d=mm&r=g","url":"https:\/\/secure.gravatar.com\/avatar\/bb65d0283347e303893ba14f0692005417c1e0e690a325a4c5d8bb2b3943ee14?s=96&d=mm&r=g","contentUrl":"https:\/\/secure.gravatar.com\/avatar\/bb65d0283347e303893ba14f0692005417c1e0e690a325a4c5d8bb2b3943ee14?s=96&d=mm&r=g","caption":"Cope Alcoy"}}]}},"_links":{"self":[{"href":"https:\/\/www.copealcoy.es\/es\/wp-json\/wp\/v2\/posts\/151674","targetHints":{"allow":["GET"]}}],"collection":[{"href":"https:\/\/www.copealcoy.es\/es\/wp-json\/wp\/v2\/posts"}],"about":[{"href":"https:\/\/www.copealcoy.es\/es\/wp-json\/wp\/v2\/types\/post"}],"author":[{"embeddable":true,"href":"https:\/\/www.copealcoy.es\/es\/wp-json\/wp\/v2\/users\/1"}],"replies":[{"embeddable":true,"href":"https:\/\/www.copealcoy.es\/es\/wp-json\/wp\/v2\/comments?post=151674"}],"version-history":[{"count":1,"href":"https:\/\/www.copealcoy.es\/es\/wp-json\/wp\/v2\/posts\/151674\/revisions"}],"predecessor-version":[{"id":151675,"href":"https:\/\/www.copealcoy.es\/es\/wp-json\/wp\/v2\/posts\/151674\/revisions\/151675"}],"wp:featuredmedia":[{"embeddable":true,"href":"https:\/\/www.copealcoy.es\/es\/wp-json\/wp\/v2\/media\/151679"}],"wp:attachment":[{"href":"https:\/\/www.copealcoy.es\/es\/wp-json\/wp\/v2\/media?parent=151674"}],"wp:term":[{"taxonomy":"category","embeddable":true,"href":"https:\/\/www.copealcoy.es\/es\/wp-json\/wp\/v2\/categories?post=151674"},{"taxonomy":"post_tag","embeddable":true,"href":"https:\/\/www.copealcoy.es\/es\/wp-json\/wp\/v2\/tags?post=151674"}],"curies":[{"name":"wp","href":"https:\/\/api.w.org\/{rel}","templated":true}]}}