{"id":151478,"date":"2025-05-03T19:00:42","date_gmt":"2025-05-03T18:00:42","guid":{"rendered":"https:\/\/www.copealcoy.es\/?p=151478"},"modified":"2025-05-03T21:08:31","modified_gmt":"2025-05-03T20:08:31","slug":"martin-bellver-sevila-un-sant-jordiet-miquero-a-caballo-entre-alcoy-y-valencia","status":"publish","type":"post","link":"https:\/\/www.copealcoy.es\/es\/martin-bellver-sevila-un-sant-jordiet-miquero-a-caballo-entre-alcoy-y-valencia\/","title":{"rendered":"Mart\u00edn Bellver Sevila, un Sant Jordiet Miquero a caballo entre Alcoy y Valencia"},"content":{"rendered":"<p style=\"text-align: justify;\">Durante <strong>la Entrada Mora<\/strong> se ha vivido tambi\u00e9n otro instante significativo, <strong>el paso del Sant Jordiet 2025<\/strong> por las calles de Alcoy acompa\u00f1ado por la <a href=\"https:\/\/www.facebook.com\/filadomingomiques\" target=\"_blank\" rel=\"noopener\"><span style=\"color: #0000ff;\"><strong>Fil\u00e0 Domingo Miques<\/strong><\/span><\/a>. La formaci\u00f3n festera <strong>ha arropado al principal protagonista de la trilog\u00eda alcoyana<\/strong> y el peque\u00f1o <strong>no ha dejado de saludar al p\u00fablico<\/strong> mientras recib\u00eda enormes ovaciones. Ha sido, tal vez, <strong>una especie de antesala para lo que vivir\u00e1 ma\u00f1ana<\/strong> en el momento en el que acapare todas las miradas durante las procesiones y actos religiosos del D\u00eda de San Jorge.<\/p>\n<p style=\"text-align: justify;\"><strong>Mart\u00edn Bellver Sevila<\/strong>, alcoyano residente en Valencia, vive unas Fiestas m\u00e1s que especiales rodeado de toda la Fil\u00e0, sus amigos y su familia. Su hermano<strong> Mauro<\/strong>, como fiel ayudante, y sus padres, <strong>Jara y Enrique<\/strong>, lo acompa\u00f1an en todo momento mientras el Sant Jordiet disfruta de cada instante que brinda esta experiencia \u00fanica. El momento que m\u00e1s espera el peque\u00f1o <strong>llegar\u00e1 al anochecer del pr\u00f3ximo lunes<\/strong> con <strong>La Aparici\u00f3n<\/strong> sobre las almenas del castillo &#8220;<em>me lo voy a pasar muy bien lanzando las flechas<\/em>&#8220;, afirm\u00f3 contundentemente en los d\u00edas previos a Fiestas a trav\u00e9s de los micr\u00f3fonos de COPE ALCOY.<\/p>\n","protected":false},"excerpt":{"rendered":"<p>Durante la Entrada Mora se ha vivido tambi\u00e9n otro instante significativo, el paso del Sant Jordiet 2025 por las calles&#8230;<\/p>\n","protected":false},"author":1,"featured_media":151668,"comment_status":"closed","ping_status":"closed","sticky":false,"template":"","format":"standard","meta":{"footnotes":""},"categories":[6909,97,78,75,125],"tags":[1494,565,7228,16921,609,16756],"class_list":["post-151478","post","type-post","status-publish","format-standard","has-post-thumbnail","hentry","category-actualidad","category-alcoy","category-fiestaycultura","category-noticias","category-portada","tag-alcoy","tag-fiestas","tag-fila-domingo-miques","tag-martin-bellver-sevila","tag-moros-y-cristianos","tag-sant-jordiet-2025"],"yoast_head":"<!-- This site is optimized with the Yoast SEO plugin v27.3 - https:\/\/yoast.com\/product\/yoast-seo-wordpress\/ -->\n<title>Mart\u00edn Bellver Sevila, un Sant Jordiet Miquero a caballo entre Alcoy y Valencia - COPE Alcoy<\/title>\n<meta name=\"description\" content=\"Mart\u00edn Bellver Sevila, un Sant Jordiet Miquero a caballo entre Alcoy y Valencia\" \/>\n<meta name=\"robots\" content=\"index, follow, max-snippet:-1, max-image-preview:large, max-video-preview:-1\" \/>\n<link rel=\"canonical\" href=\"https:\/\/www.copealcoy.es\/es\/martin-bellver-sevila-un-sant-jordiet-miquero-a-caballo-entre-alcoy-y-valencia\/\" \/>\n<meta property=\"og:locale\" content=\"es_ES\" \/>\n<meta property=\"og:type\" content=\"article\" \/>\n<meta property=\"og:title\" content=\"Mart\u00edn Bellver Sevila, un Sant Jordiet Miquero a caballo entre Alcoy y Valencia - COPE Alcoy\" \/>\n<meta property=\"og:description\" content=\"Mart\u00edn Bellver Sevila, un Sant Jordiet Miquero a caballo entre Alcoy y Valencia\" \/>\n<meta property=\"og:url\" content=\"https:\/\/www.copealcoy.es\/es\/martin-bellver-sevila-un-sant-jordiet-miquero-a-caballo-entre-alcoy-y-valencia\/\" \/>\n<meta property=\"og:site_name\" content=\"COPE Alcoy\" \/>\n<meta property=\"article:published_time\" content=\"2025-05-03T18:00:42+00:00\" \/>\n<meta property=\"article:modified_time\" content=\"2025-05-03T20:08:31+00:00\" \/>\n<meta property=\"og:image\" content=\"https:\/\/www.copealcoy.es\/wp-content\/uploads\/2025\/05\/IMG_1522-scaled.jpeg\" \/>\n\t<meta property=\"og:image:width\" content=\"2560\" \/>\n\t<meta property=\"og:image:height\" content=\"1920\" \/>\n\t<meta property=\"og:image:type\" content=\"image\/jpeg\" \/>\n<meta name=\"author\" content=\"Cope Alcoy\" \/>\n<meta name=\"twitter:label1\" content=\"Escrito por\" \/>\n\t<meta name=\"twitter:data1\" content=\"Cope Alcoy\" \/>\n\t<meta name=\"twitter:label2\" content=\"Tiempo de lectura\" \/>\n\t<meta name=\"twitter:data2\" content=\"2 minutos\" \/>\n<script type=\"application\/ld+json\" class=\"yoast-schema-graph\">{\"@context\":\"https:\\\/\\\/schema.org\",\"@graph\":[{\"@type\":\"Article\",\"@id\":\"https:\\\/\\\/www.copealcoy.es\\\/es\\\/martin-bellver-sevila-un-sant-jordiet-miquero-a-caballo-entre-alcoy-y-valencia\\\/#article\",\"isPartOf\":{\"@id\":\"https:\\\/\\\/www.copealcoy.es\\\/es\\\/martin-bellver-sevila-un-sant-jordiet-miquero-a-caballo-entre-alcoy-y-valencia\\\/\"},\"author\":{\"name\":\"Cope Alcoy\",\"@id\":\"https:\\\/\\\/www.copealcoy.es\\\/es\\\/#\\\/schema\\\/person\\\/e777c87fa024e57d40170af9df39882c\"},\"headline\":\"Mart\u00edn Bellver Sevila, un Sant Jordiet Miquero a caballo entre Alcoy y Valencia\",\"datePublished\":\"2025-05-03T18:00:42+00:00\",\"dateModified\":\"2025-05-03T20:08:31+00:00\",\"mainEntityOfPage\":{\"@id\":\"https:\\\/\\\/www.copealcoy.es\\\/es\\\/martin-bellver-sevila-un-sant-jordiet-miquero-a-caballo-entre-alcoy-y-valencia\\\/\"},\"wordCount\":220,\"image\":{\"@id\":\"https:\\\/\\\/www.copealcoy.es\\\/es\\\/martin-bellver-sevila-un-sant-jordiet-miquero-a-caballo-entre-alcoy-y-valencia\\\/#primaryimage\"},\"thumbnailUrl\":\"https:\\\/\\\/www.copealcoy.es\\\/wp-content\\\/uploads\\\/2025\\\/05\\\/IMG_1522-scaled.jpeg\",\"keywords\":[\"Alcoy\",\"Fiestas\",\"Fil\u00e0 Domingo Miques\",\"Mart\u00edn Bellver Sevila\",\"Moros Y Cristianos\",\"Sant Jordiet 2025\"],\"articleSection\":[\"Actualidad\",\"Alcoy\",\"Fiesta y Cultura\",\"Noticias\",\"Portada\"],\"inLanguage\":\"es\"},{\"@type\":\"WebPage\",\"@id\":\"https:\\\/\\\/www.copealcoy.es\\\/es\\\/martin-bellver-sevila-un-sant-jordiet-miquero-a-caballo-entre-alcoy-y-valencia\\\/\",\"url\":\"https:\\\/\\\/www.copealcoy.es\\\/es\\\/martin-bellver-sevila-un-sant-jordiet-miquero-a-caballo-entre-alcoy-y-valencia\\\/\",\"name\":\"Mart\u00edn Bellver Sevila, un Sant Jordiet Miquero a caballo entre Alcoy y Valencia - COPE Alcoy\",\"isPartOf\":{\"@id\":\"https:\\\/\\\/www.copealcoy.es\\\/es\\\/#website\"},\"primaryImageOfPage\":{\"@id\":\"https:\\\/\\\/www.copealcoy.es\\\/es\\\/martin-bellver-sevila-un-sant-jordiet-miquero-a-caballo-entre-alcoy-y-valencia\\\/#primaryimage\"},\"image\":{\"@id\":\"https:\\\/\\\/www.copealcoy.es\\\/es\\\/martin-bellver-sevila-un-sant-jordiet-miquero-a-caballo-entre-alcoy-y-valencia\\\/#primaryimage\"},\"thumbnailUrl\":\"https:\\\/\\\/www.copealcoy.es\\\/wp-content\\\/uploads\\\/2025\\\/05\\\/IMG_1522-scaled.jpeg\",\"datePublished\":\"2025-05-03T18:00:42+00:00\",\"dateModified\":\"2025-05-03T20:08:31+00:00\",\"author\":{\"@id\":\"https:\\\/\\\/www.copealcoy.es\\\/es\\\/#\\\/schema\\\/person\\\/e777c87fa024e57d40170af9df39882c\"},\"description\":\"Mart\u00edn Bellver Sevila, un Sant Jordiet Miquero a caballo entre Alcoy y Valencia\",\"breadcrumb\":{\"@id\":\"https:\\\/\\\/www.copealcoy.es\\\/es\\\/martin-bellver-sevila-un-sant-jordiet-miquero-a-caballo-entre-alcoy-y-valencia\\\/#breadcrumb\"},\"inLanguage\":\"es\",\"potentialAction\":[{\"@type\":\"ReadAction\",\"target\":[\"https:\\\/\\\/www.copealcoy.es\\\/es\\\/martin-bellver-sevila-un-sant-jordiet-miquero-a-caballo-entre-alcoy-y-valencia\\\/\"]}]},{\"@type\":\"ImageObject\",\"inLanguage\":\"es\",\"@id\":\"https:\\\/\\\/www.copealcoy.es\\\/es\\\/martin-bellver-sevila-un-sant-jordiet-miquero-a-caballo-entre-alcoy-y-valencia\\\/#primaryimage\",\"url\":\"https:\\\/\\\/www.copealcoy.es\\\/wp-content\\\/uploads\\\/2025\\\/05\\\/IMG_1522-scaled.jpeg\",\"contentUrl\":\"https:\\\/\\\/www.copealcoy.es\\\/wp-content\\\/uploads\\\/2025\\\/05\\\/IMG_1522-scaled.jpeg\",\"width\":2560,\"height\":1920},{\"@type\":\"BreadcrumbList\",\"@id\":\"https:\\\/\\\/www.copealcoy.es\\\/es\\\/martin-bellver-sevila-un-sant-jordiet-miquero-a-caballo-entre-alcoy-y-valencia\\\/#breadcrumb\",\"itemListElement\":[{\"@type\":\"ListItem\",\"position\":1,\"name\":\"Portada\",\"item\":\"https:\\\/\\\/www.copealcoy.es\\\/es\\\/\"},{\"@type\":\"ListItem\",\"position\":2,\"name\":\"Mart\u00edn Bellver Sevila, un Sant Jordiet Miquero a caballo entre Alcoy y Valencia\"}]},{\"@type\":\"WebSite\",\"@id\":\"https:\\\/\\\/www.copealcoy.es\\\/es\\\/#website\",\"url\":\"https:\\\/\\\/www.copealcoy.es\\\/es\\\/\",\"name\":\"COPE Alcoy\",\"description\":\"Emisora COPE de radio local con emisi\u00f3n online. Pont de Sant Jordi 8-10 03803 Alcoy\",\"potentialAction\":[{\"@type\":\"SearchAction\",\"target\":{\"@type\":\"EntryPoint\",\"urlTemplate\":\"https:\\\/\\\/www.copealcoy.es\\\/es\\\/?s={search_term_string}\"},\"query-input\":{\"@type\":\"PropertyValueSpecification\",\"valueRequired\":true,\"valueName\":\"search_term_string\"}}],\"inLanguage\":\"es\"},{\"@type\":\"Person\",\"@id\":\"https:\\\/\\\/www.copealcoy.es\\\/es\\\/#\\\/schema\\\/person\\\/e777c87fa024e57d40170af9df39882c\",\"name\":\"Cope Alcoy\",\"image\":{\"@type\":\"ImageObject\",\"inLanguage\":\"es\",\"@id\":\"https:\\\/\\\/secure.gravatar.com\\\/avatar\\\/bb65d0283347e303893ba14f0692005417c1e0e690a325a4c5d8bb2b3943ee14?s=96&d=mm&r=g\",\"url\":\"https:\\\/\\\/secure.gravatar.com\\\/avatar\\\/bb65d0283347e303893ba14f0692005417c1e0e690a325a4c5d8bb2b3943ee14?s=96&d=mm&r=g\",\"contentUrl\":\"https:\\\/\\\/secure.gravatar.com\\\/avatar\\\/bb65d0283347e303893ba14f0692005417c1e0e690a325a4c5d8bb2b3943ee14?s=96&d=mm&r=g\",\"caption\":\"Cope Alcoy\"}}]}<\/script>\n<!-- \/ Yoast SEO plugin. -->","yoast_head_json":{"title":"Mart\u00edn Bellver Sevila, un Sant Jordiet Miquero a caballo entre Alcoy y Valencia - COPE Alcoy","description":"Mart\u00edn Bellver Sevila, un Sant Jordiet Miquero a caballo entre Alcoy y Valencia","robots":{"index":"index","follow":"follow","max-snippet":"max-snippet:-1","max-image-preview":"max-image-preview:large","max-video-preview":"max-video-preview:-1"},"canonical":"https:\/\/www.copealcoy.es\/es\/martin-bellver-sevila-un-sant-jordiet-miquero-a-caballo-entre-alcoy-y-valencia\/","og_locale":"es_ES","og_type":"article","og_title":"Mart\u00edn Bellver Sevila, un Sant Jordiet Miquero a caballo entre Alcoy y Valencia - COPE Alcoy","og_description":"Mart\u00edn Bellver Sevila, un Sant Jordiet Miquero a caballo entre Alcoy y Valencia","og_url":"https:\/\/www.copealcoy.es\/es\/martin-bellver-sevila-un-sant-jordiet-miquero-a-caballo-entre-alcoy-y-valencia\/","og_site_name":"COPE Alcoy","article_published_time":"2025-05-03T18:00:42+00:00","article_modified_time":"2025-05-03T20:08:31+00:00","og_image":[{"width":2560,"height":1920,"url":"https:\/\/www.copealcoy.es\/wp-content\/uploads\/2025\/05\/IMG_1522-scaled.jpeg","type":"image\/jpeg"}],"author":"Cope Alcoy","twitter_misc":{"Escrito por":"Cope Alcoy","Tiempo de lectura":"2 minutos"},"schema":{"@context":"https:\/\/schema.org","@graph":[{"@type":"Article","@id":"https:\/\/www.copealcoy.es\/es\/martin-bellver-sevila-un-sant-jordiet-miquero-a-caballo-entre-alcoy-y-valencia\/#article","isPartOf":{"@id":"https:\/\/www.copealcoy.es\/es\/martin-bellver-sevila-un-sant-jordiet-miquero-a-caballo-entre-alcoy-y-valencia\/"},"author":{"name":"Cope Alcoy","@id":"https:\/\/www.copealcoy.es\/es\/#\/schema\/person\/e777c87fa024e57d40170af9df39882c"},"headline":"Mart\u00edn Bellver Sevila, un Sant Jordiet Miquero a caballo entre Alcoy y Valencia","datePublished":"2025-05-03T18:00:42+00:00","dateModified":"2025-05-03T20:08:31+00:00","mainEntityOfPage":{"@id":"https:\/\/www.copealcoy.es\/es\/martin-bellver-sevila-un-sant-jordiet-miquero-a-caballo-entre-alcoy-y-valencia\/"},"wordCount":220,"image":{"@id":"https:\/\/www.copealcoy.es\/es\/martin-bellver-sevila-un-sant-jordiet-miquero-a-caballo-entre-alcoy-y-valencia\/#primaryimage"},"thumbnailUrl":"https:\/\/www.copealcoy.es\/wp-content\/uploads\/2025\/05\/IMG_1522-scaled.jpeg","keywords":["Alcoy","Fiestas","Fil\u00e0 Domingo Miques","Mart\u00edn Bellver Sevila","Moros Y Cristianos","Sant Jordiet 2025"],"articleSection":["Actualidad","Alcoy","Fiesta y Cultura","Noticias","Portada"],"inLanguage":"es"},{"@type":"WebPage","@id":"https:\/\/www.copealcoy.es\/es\/martin-bellver-sevila-un-sant-jordiet-miquero-a-caballo-entre-alcoy-y-valencia\/","url":"https:\/\/www.copealcoy.es\/es\/martin-bellver-sevila-un-sant-jordiet-miquero-a-caballo-entre-alcoy-y-valencia\/","name":"Mart\u00edn Bellver Sevila, un Sant Jordiet Miquero a caballo entre Alcoy y Valencia - COPE Alcoy","isPartOf":{"@id":"https:\/\/www.copealcoy.es\/es\/#website"},"primaryImageOfPage":{"@id":"https:\/\/www.copealcoy.es\/es\/martin-bellver-sevila-un-sant-jordiet-miquero-a-caballo-entre-alcoy-y-valencia\/#primaryimage"},"image":{"@id":"https:\/\/www.copealcoy.es\/es\/martin-bellver-sevila-un-sant-jordiet-miquero-a-caballo-entre-alcoy-y-valencia\/#primaryimage"},"thumbnailUrl":"https:\/\/www.copealcoy.es\/wp-content\/uploads\/2025\/05\/IMG_1522-scaled.jpeg","datePublished":"2025-05-03T18:00:42+00:00","dateModified":"2025-05-03T20:08:31+00:00","author":{"@id":"https:\/\/www.copealcoy.es\/es\/#\/schema\/person\/e777c87fa024e57d40170af9df39882c"},"description":"Mart\u00edn Bellver Sevila, un Sant Jordiet Miquero a caballo entre Alcoy y Valencia","breadcrumb":{"@id":"https:\/\/www.copealcoy.es\/es\/martin-bellver-sevila-un-sant-jordiet-miquero-a-caballo-entre-alcoy-y-valencia\/#breadcrumb"},"inLanguage":"es","potentialAction":[{"@type":"ReadAction","target":["https:\/\/www.copealcoy.es\/es\/martin-bellver-sevila-un-sant-jordiet-miquero-a-caballo-entre-alcoy-y-valencia\/"]}]},{"@type":"ImageObject","inLanguage":"es","@id":"https:\/\/www.copealcoy.es\/es\/martin-bellver-sevila-un-sant-jordiet-miquero-a-caballo-entre-alcoy-y-valencia\/#primaryimage","url":"https:\/\/www.copealcoy.es\/wp-content\/uploads\/2025\/05\/IMG_1522-scaled.jpeg","contentUrl":"https:\/\/www.copealcoy.es\/wp-content\/uploads\/2025\/05\/IMG_1522-scaled.jpeg","width":2560,"height":1920},{"@type":"BreadcrumbList","@id":"https:\/\/www.copealcoy.es\/es\/martin-bellver-sevila-un-sant-jordiet-miquero-a-caballo-entre-alcoy-y-valencia\/#breadcrumb","itemListElement":[{"@type":"ListItem","position":1,"name":"Portada","item":"https:\/\/www.copealcoy.es\/es\/"},{"@type":"ListItem","position":2,"name":"Mart\u00edn Bellver Sevila, un Sant Jordiet Miquero a caballo entre Alcoy y Valencia"}]},{"@type":"WebSite","@id":"https:\/\/www.copealcoy.es\/es\/#website","url":"https:\/\/www.copealcoy.es\/es\/","name":"COPE Alcoy","description":"Emisora COPE de radio local con emisi\u00f3n online. Pont de Sant Jordi 8-10 03803 Alcoy","potentialAction":[{"@type":"SearchAction","target":{"@type":"EntryPoint","urlTemplate":"https:\/\/www.copealcoy.es\/es\/?s={search_term_string}"},"query-input":{"@type":"PropertyValueSpecification","valueRequired":true,"valueName":"search_term_string"}}],"inLanguage":"es"},{"@type":"Person","@id":"https:\/\/www.copealcoy.es\/es\/#\/schema\/person\/e777c87fa024e57d40170af9df39882c","name":"Cope Alcoy","image":{"@type":"ImageObject","inLanguage":"es","@id":"https:\/\/secure.gravatar.com\/avatar\/bb65d0283347e303893ba14f0692005417c1e0e690a325a4c5d8bb2b3943ee14?s=96&d=mm&r=g","url":"https:\/\/secure.gravatar.com\/avatar\/bb65d0283347e303893ba14f0692005417c1e0e690a325a4c5d8bb2b3943ee14?s=96&d=mm&r=g","contentUrl":"https:\/\/secure.gravatar.com\/avatar\/bb65d0283347e303893ba14f0692005417c1e0e690a325a4c5d8bb2b3943ee14?s=96&d=mm&r=g","caption":"Cope Alcoy"}}]}},"_links":{"self":[{"href":"https:\/\/www.copealcoy.es\/es\/wp-json\/wp\/v2\/posts\/151478","targetHints":{"allow":["GET"]}}],"collection":[{"href":"https:\/\/www.copealcoy.es\/es\/wp-json\/wp\/v2\/posts"}],"about":[{"href":"https:\/\/www.copealcoy.es\/es\/wp-json\/wp\/v2\/types\/post"}],"author":[{"embeddable":true,"href":"https:\/\/www.copealcoy.es\/es\/wp-json\/wp\/v2\/users\/1"}],"replies":[{"embeddable":true,"href":"https:\/\/www.copealcoy.es\/es\/wp-json\/wp\/v2\/comments?post=151478"}],"version-history":[{"count":2,"href":"https:\/\/www.copealcoy.es\/es\/wp-json\/wp\/v2\/posts\/151478\/revisions"}],"predecessor-version":[{"id":151483,"href":"https:\/\/www.copealcoy.es\/es\/wp-json\/wp\/v2\/posts\/151478\/revisions\/151483"}],"wp:featuredmedia":[{"embeddable":true,"href":"https:\/\/www.copealcoy.es\/es\/wp-json\/wp\/v2\/media\/151668"}],"wp:attachment":[{"href":"https:\/\/www.copealcoy.es\/es\/wp-json\/wp\/v2\/media?parent=151478"}],"wp:term":[{"taxonomy":"category","embeddable":true,"href":"https:\/\/www.copealcoy.es\/es\/wp-json\/wp\/v2\/categories?post=151478"},{"taxonomy":"post_tag","embeddable":true,"href":"https:\/\/www.copealcoy.es\/es\/wp-json\/wp\/v2\/tags?post=151478"}],"curies":[{"name":"wp","href":"https:\/\/api.w.org\/{rel}","templated":true}]}}