{"id":151386,"date":"2025-04-30T08:46:14","date_gmt":"2025-04-30T07:46:14","guid":{"rendered":"https:\/\/www.copealcoy.es\/?p=151386"},"modified":"2025-04-30T16:18:48","modified_gmt":"2025-04-30T15:18:48","slug":"cocentaina-conmemora-el-425-aniversario-del-patronazgo-de-san-hipolito-2","status":"publish","type":"post","link":"https:\/\/www.copealcoy.es\/es\/cocentaina-conmemora-el-425-aniversario-del-patronazgo-de-san-hipolito-2\/","title":{"rendered":"Cocentaina conmemora el 425 aniversario del patronazgo de San Hip\u00f3lito"},"content":{"rendered":"<p style=\"text-align: justify;\">Cocentaina se prepara para celebrar <strong>el 425 aniversario de la elecci\u00f3n y posterior proclamaci\u00f3n de San Hip\u00f3lito M\u00e1rtir<\/strong> como patr\u00f3n del municipio, una efem\u00e9ride que <strong>se conmemora durante todo este 2025<\/strong> y que <strong>se va a recordar tambi\u00e9n de forma muy especial a lo largo del mes de mayo<\/strong>. Y es que fue <strong>el 7 de mayo de 1600<\/strong> cuando, ante la grave peste que sufr\u00eda la capital del Comtat, <strong>se decidi\u00f3 escoger a un patr\u00f3n entre varias papeletas con nombres de santos colocadas en el interior de un saco<\/strong> siendo la mano inocente de un ni\u00f1o<strong> la que extrajo por tres veces<\/strong> el nombre de San Hip\u00f3lito. Cuenta la historia local que la gente del pueblo <strong>no ve\u00eda al principio con buenos ojos al m\u00e1rtir como intercesor frente a la peste llamada &#8216;De X\u00e0tiva&#8217;<\/strong>, al considerar que era un santo desconocido, pero finalmente <strong>lo acept\u00f3 como tal<\/strong> siendo proclamado <strong>el 10 de mayo de 1600<\/strong> en el Ayuntamiento como patrono oficial de la Villa Condal junto a la Mare de D\u00e9u del Miracle.<\/p>\n<p style=\"text-align: justify;\">Para recordar los 425 a\u00f1os de aquellos hechos <strong>se han preparado diferentes actos<\/strong> de cara a los pr\u00f3ximos d\u00edas como <strong>un triduo<\/strong> que se llevar\u00e1 a cabo entre el 4 y el 5 de mayo a las 19:30h. El <strong>domingo 4<\/strong> ser\u00e1 en el Monasterio de la Mare de D\u00e9u del Miracle, dando paso despu\u00e9s a la inauguraci\u00f3n de una exposici\u00f3n en el Palau Comtal que recoge obras de artistas contestanos basadas en San Hip\u00f3lito M\u00e1rtir, mientras que en el <strong>lunes 5<\/strong>\u00a0 la celebraci\u00f3n ser\u00e1 en el Convento de los Padres Franciscanos con la posterior imposici\u00f3n de medallas a los mayorales de las Fiestas de Moros y Cristianos 2025. El <strong>martes 6\u00a0<\/strong>los cultos tendr\u00e1n lugar en la parroquia del Salvador, con la entrega de una imagen de San Hip\u00f3lito al asociado devoto que result\u00f3 elegido por sorteo para este fin, y despu\u00e9s se llevar\u00e1 a cabo una ofrenda hasta la plaza Alcalde Reig para conmemorar el 25 aniversario de la inauguraci\u00f3n del Monumento dedicado al patr\u00f3n que encontramos en este c\u00e9ntrico punto de la capital del Comtat. La jornada finalizar\u00e1 con bailes populares y el disparo de fuegos artificiales.<\/p>\n<p style=\"text-align: justify;\">El <strong>7 de mayo<\/strong>, jornada en la que San Hip\u00f3lito M\u00e1rtir fue escogido patr\u00f3n en 1600, habr\u00e1 volteo general de campanas a mediod\u00eda en todas las iglesias contestanas mientras que a las 19:00h se celebrar\u00e1 una misa mayor en la parroquia de Santa Mar\u00eda. La eucarist\u00eda estar\u00e1 oficiada por <strong>Monse\u00f1or Don Enrique Benavent Vidal<\/strong>, Arzobispo de Valencia, y la jornada finalizar\u00e1 con la presentaci\u00f3n de los reci\u00e9n nacidos al patr\u00f3n seguido del disparo de salvas de arcabucer\u00eda en la plaza de la iglesia a cargo de dos festeros de cada una de las 16 Filaes con la indumentaria al completo.<\/p>\n<p style=\"text-align: justify;\">Los <strong>actos extraordinarios<\/strong> seguir\u00e1n con m\u00e1s iniciativas durante el mes de mayo destacando l<strong>a Romer\u00eda del domingo 18 de mayo<\/strong> a partir de las 10:00h de la ma\u00f1ana en la que se acompa\u00f1ar\u00e1 a San Hip\u00f3lito M\u00e1rtir hasta el Cementerio Municipal, punto en el que se llevar\u00e1 a cabo una eucarist\u00eda en memoria de las contestanas y los contestanos difuntos. Toda <strong>la programaci\u00f3n<\/strong> la puedes consultar <a href=\"https:\/\/www.copealcoy.es\/wp-content\/uploads\/2025\/04\/Actes-7-de-maig.pdf\" target=\"_blank\" rel=\"noopener\"><span style=\"color: #0000ff;\"><strong>aqu\u00ed<\/strong><\/span><\/a>.<\/p>\n","protected":false},"excerpt":{"rendered":"<p>Cocentaina se prepara para celebrar el 425 aniversario de la elecci\u00f3n y posterior proclamaci\u00f3n de San Hip\u00f3lito M\u00e1rtir como patr\u00f3n&#8230;<\/p>\n","protected":false},"author":1,"featured_media":53749,"comment_status":"closed","ping_status":"closed","sticky":false,"template":"","format":"standard","meta":{"footnotes":""},"categories":[6909,98,75],"tags":[19067,132,19068,4488],"class_list":["post-151386","post","type-post","status-publish","format-standard","has-post-thumbnail","hentry","category-actualidad","category-comarcas","category-noticias","tag-425-aniversario","tag-cocentaina","tag-eleccion-y-proclamacion","tag-san-hipolito-martir"],"yoast_head":"<!-- This site is optimized with the Yoast SEO plugin v27.3 - https:\/\/yoast.com\/product\/yoast-seo-wordpress\/ -->\n<title>Cocentaina conmemora el 425 aniversario del patronazgo de San Hip\u00f3lito - COPE Alcoy<\/title>\n<meta name=\"robots\" content=\"index, follow, max-snippet:-1, max-image-preview:large, max-video-preview:-1\" \/>\n<link rel=\"canonical\" href=\"https:\/\/www.copealcoy.es\/es\/cocentaina-conmemora-el-425-aniversario-del-patronazgo-de-san-hipolito-2\/\" \/>\n<meta property=\"og:locale\" content=\"es_ES\" \/>\n<meta property=\"og:type\" content=\"article\" \/>\n<meta property=\"og:title\" content=\"Cocentaina conmemora el 425 aniversario del patronazgo de San Hip\u00f3lito - COPE Alcoy\" \/>\n<meta property=\"og:description\" content=\"Cocentaina se prepara para celebrar el 425 aniversario de la elecci\u00f3n y posterior proclamaci\u00f3n de San Hip\u00f3lito M\u00e1rtir como patr\u00f3n...\" \/>\n<meta property=\"og:url\" content=\"https:\/\/www.copealcoy.es\/es\/cocentaina-conmemora-el-425-aniversario-del-patronazgo-de-san-hipolito-2\/\" \/>\n<meta property=\"og:site_name\" content=\"COPE Alcoy\" \/>\n<meta property=\"article:published_time\" content=\"2025-04-30T07:46:14+00:00\" \/>\n<meta property=\"article:modified_time\" content=\"2025-04-30T15:18:48+00:00\" \/>\n<meta property=\"og:image\" content=\"https:\/\/www.copealcoy.es\/wp-content\/uploads\/2019\/07\/67352109_1725410314269113_4734330222608908288_n-1.jpg\" \/>\n\t<meta property=\"og:image:width\" content=\"960\" \/>\n\t<meta property=\"og:image:height\" content=\"720\" \/>\n\t<meta property=\"og:image:type\" content=\"image\/jpeg\" \/>\n<meta name=\"author\" content=\"Cope Alcoy\" \/>\n<meta name=\"twitter:label1\" content=\"Escrito por\" \/>\n\t<meta name=\"twitter:data1\" content=\"Cope Alcoy\" \/>\n\t<meta name=\"twitter:label2\" content=\"Tiempo de lectura\" \/>\n\t<meta name=\"twitter:data2\" content=\"4 minutos\" \/>\n<script type=\"application\/ld+json\" class=\"yoast-schema-graph\">{\"@context\":\"https:\\\/\\\/schema.org\",\"@graph\":[{\"@type\":\"Article\",\"@id\":\"https:\\\/\\\/www.copealcoy.es\\\/es\\\/cocentaina-conmemora-el-425-aniversario-del-patronazgo-de-san-hipolito-2\\\/#article\",\"isPartOf\":{\"@id\":\"https:\\\/\\\/www.copealcoy.es\\\/es\\\/cocentaina-conmemora-el-425-aniversario-del-patronazgo-de-san-hipolito-2\\\/\"},\"author\":{\"name\":\"Cope Alcoy\",\"@id\":\"https:\\\/\\\/www.copealcoy.es\\\/es\\\/#\\\/schema\\\/person\\\/e777c87fa024e57d40170af9df39882c\"},\"headline\":\"Cocentaina conmemora el 425 aniversario del patronazgo de San Hip\u00f3lito\",\"datePublished\":\"2025-04-30T07:46:14+00:00\",\"dateModified\":\"2025-04-30T15:18:48+00:00\",\"mainEntityOfPage\":{\"@id\":\"https:\\\/\\\/www.copealcoy.es\\\/es\\\/cocentaina-conmemora-el-425-aniversario-del-patronazgo-de-san-hipolito-2\\\/\"},\"wordCount\":575,\"image\":{\"@id\":\"https:\\\/\\\/www.copealcoy.es\\\/es\\\/cocentaina-conmemora-el-425-aniversario-del-patronazgo-de-san-hipolito-2\\\/#primaryimage\"},\"thumbnailUrl\":\"https:\\\/\\\/www.copealcoy.es\\\/wp-content\\\/uploads\\\/2019\\\/07\\\/67352109_1725410314269113_4734330222608908288_n-1.jpg\",\"keywords\":[\"425 aniversario\",\"Cocentaina\",\"elecci\u00f3n y proclamaci\u00f3n\",\"San Hip\u00f3lito M\u00e1rtir\"],\"articleSection\":[\"Actualidad\",\"Comarcas\",\"Noticias\"],\"inLanguage\":\"es\"},{\"@type\":\"WebPage\",\"@id\":\"https:\\\/\\\/www.copealcoy.es\\\/es\\\/cocentaina-conmemora-el-425-aniversario-del-patronazgo-de-san-hipolito-2\\\/\",\"url\":\"https:\\\/\\\/www.copealcoy.es\\\/es\\\/cocentaina-conmemora-el-425-aniversario-del-patronazgo-de-san-hipolito-2\\\/\",\"name\":\"Cocentaina conmemora el 425 aniversario del patronazgo de San Hip\u00f3lito - COPE Alcoy\",\"isPartOf\":{\"@id\":\"https:\\\/\\\/www.copealcoy.es\\\/es\\\/#website\"},\"primaryImageOfPage\":{\"@id\":\"https:\\\/\\\/www.copealcoy.es\\\/es\\\/cocentaina-conmemora-el-425-aniversario-del-patronazgo-de-san-hipolito-2\\\/#primaryimage\"},\"image\":{\"@id\":\"https:\\\/\\\/www.copealcoy.es\\\/es\\\/cocentaina-conmemora-el-425-aniversario-del-patronazgo-de-san-hipolito-2\\\/#primaryimage\"},\"thumbnailUrl\":\"https:\\\/\\\/www.copealcoy.es\\\/wp-content\\\/uploads\\\/2019\\\/07\\\/67352109_1725410314269113_4734330222608908288_n-1.jpg\",\"datePublished\":\"2025-04-30T07:46:14+00:00\",\"dateModified\":\"2025-04-30T15:18:48+00:00\",\"author\":{\"@id\":\"https:\\\/\\\/www.copealcoy.es\\\/es\\\/#\\\/schema\\\/person\\\/e777c87fa024e57d40170af9df39882c\"},\"breadcrumb\":{\"@id\":\"https:\\\/\\\/www.copealcoy.es\\\/es\\\/cocentaina-conmemora-el-425-aniversario-del-patronazgo-de-san-hipolito-2\\\/#breadcrumb\"},\"inLanguage\":\"es\",\"potentialAction\":[{\"@type\":\"ReadAction\",\"target\":[\"https:\\\/\\\/www.copealcoy.es\\\/es\\\/cocentaina-conmemora-el-425-aniversario-del-patronazgo-de-san-hipolito-2\\\/\"]}]},{\"@type\":\"ImageObject\",\"inLanguage\":\"es\",\"@id\":\"https:\\\/\\\/www.copealcoy.es\\\/es\\\/cocentaina-conmemora-el-425-aniversario-del-patronazgo-de-san-hipolito-2\\\/#primaryimage\",\"url\":\"https:\\\/\\\/www.copealcoy.es\\\/wp-content\\\/uploads\\\/2019\\\/07\\\/67352109_1725410314269113_4734330222608908288_n-1.jpg\",\"contentUrl\":\"https:\\\/\\\/www.copealcoy.es\\\/wp-content\\\/uploads\\\/2019\\\/07\\\/67352109_1725410314269113_4734330222608908288_n-1.jpg\",\"width\":960,\"height\":720,\"caption\":\"Nuevo aspecto que presenta la imagen del patr\u00f3n de Cocentaina \\\/ Foto: Gabriel Pascual\"},{\"@type\":\"BreadcrumbList\",\"@id\":\"https:\\\/\\\/www.copealcoy.es\\\/es\\\/cocentaina-conmemora-el-425-aniversario-del-patronazgo-de-san-hipolito-2\\\/#breadcrumb\",\"itemListElement\":[{\"@type\":\"ListItem\",\"position\":1,\"name\":\"Portada\",\"item\":\"https:\\\/\\\/www.copealcoy.es\\\/es\\\/\"},{\"@type\":\"ListItem\",\"position\":2,\"name\":\"Cocentaina conmemora el 425 aniversario del patronazgo de San Hip\u00f3lito\"}]},{\"@type\":\"WebSite\",\"@id\":\"https:\\\/\\\/www.copealcoy.es\\\/es\\\/#website\",\"url\":\"https:\\\/\\\/www.copealcoy.es\\\/es\\\/\",\"name\":\"COPE Alcoy\",\"description\":\"Emisora COPE de radio local con emisi\u00f3n online. Pont de Sant Jordi 8-10 03803 Alcoy\",\"potentialAction\":[{\"@type\":\"SearchAction\",\"target\":{\"@type\":\"EntryPoint\",\"urlTemplate\":\"https:\\\/\\\/www.copealcoy.es\\\/es\\\/?s={search_term_string}\"},\"query-input\":{\"@type\":\"PropertyValueSpecification\",\"valueRequired\":true,\"valueName\":\"search_term_string\"}}],\"inLanguage\":\"es\"},{\"@type\":\"Person\",\"@id\":\"https:\\\/\\\/www.copealcoy.es\\\/es\\\/#\\\/schema\\\/person\\\/e777c87fa024e57d40170af9df39882c\",\"name\":\"Cope Alcoy\",\"image\":{\"@type\":\"ImageObject\",\"inLanguage\":\"es\",\"@id\":\"https:\\\/\\\/secure.gravatar.com\\\/avatar\\\/bb65d0283347e303893ba14f0692005417c1e0e690a325a4c5d8bb2b3943ee14?s=96&d=mm&r=g\",\"url\":\"https:\\\/\\\/secure.gravatar.com\\\/avatar\\\/bb65d0283347e303893ba14f0692005417c1e0e690a325a4c5d8bb2b3943ee14?s=96&d=mm&r=g\",\"contentUrl\":\"https:\\\/\\\/secure.gravatar.com\\\/avatar\\\/bb65d0283347e303893ba14f0692005417c1e0e690a325a4c5d8bb2b3943ee14?s=96&d=mm&r=g\",\"caption\":\"Cope Alcoy\"}}]}<\/script>\n<!-- \/ Yoast SEO plugin. -->","yoast_head_json":{"title":"Cocentaina conmemora el 425 aniversario del patronazgo de San Hip\u00f3lito - COPE Alcoy","robots":{"index":"index","follow":"follow","max-snippet":"max-snippet:-1","max-image-preview":"max-image-preview:large","max-video-preview":"max-video-preview:-1"},"canonical":"https:\/\/www.copealcoy.es\/es\/cocentaina-conmemora-el-425-aniversario-del-patronazgo-de-san-hipolito-2\/","og_locale":"es_ES","og_type":"article","og_title":"Cocentaina conmemora el 425 aniversario del patronazgo de San Hip\u00f3lito - COPE Alcoy","og_description":"Cocentaina se prepara para celebrar el 425 aniversario de la elecci\u00f3n y posterior proclamaci\u00f3n de San Hip\u00f3lito M\u00e1rtir como patr\u00f3n...","og_url":"https:\/\/www.copealcoy.es\/es\/cocentaina-conmemora-el-425-aniversario-del-patronazgo-de-san-hipolito-2\/","og_site_name":"COPE Alcoy","article_published_time":"2025-04-30T07:46:14+00:00","article_modified_time":"2025-04-30T15:18:48+00:00","og_image":[{"width":960,"height":720,"url":"https:\/\/www.copealcoy.es\/wp-content\/uploads\/2019\/07\/67352109_1725410314269113_4734330222608908288_n-1.jpg","type":"image\/jpeg"}],"author":"Cope Alcoy","twitter_misc":{"Escrito por":"Cope Alcoy","Tiempo de lectura":"4 minutos"},"schema":{"@context":"https:\/\/schema.org","@graph":[{"@type":"Article","@id":"https:\/\/www.copealcoy.es\/es\/cocentaina-conmemora-el-425-aniversario-del-patronazgo-de-san-hipolito-2\/#article","isPartOf":{"@id":"https:\/\/www.copealcoy.es\/es\/cocentaina-conmemora-el-425-aniversario-del-patronazgo-de-san-hipolito-2\/"},"author":{"name":"Cope Alcoy","@id":"https:\/\/www.copealcoy.es\/es\/#\/schema\/person\/e777c87fa024e57d40170af9df39882c"},"headline":"Cocentaina conmemora el 425 aniversario del patronazgo de San Hip\u00f3lito","datePublished":"2025-04-30T07:46:14+00:00","dateModified":"2025-04-30T15:18:48+00:00","mainEntityOfPage":{"@id":"https:\/\/www.copealcoy.es\/es\/cocentaina-conmemora-el-425-aniversario-del-patronazgo-de-san-hipolito-2\/"},"wordCount":575,"image":{"@id":"https:\/\/www.copealcoy.es\/es\/cocentaina-conmemora-el-425-aniversario-del-patronazgo-de-san-hipolito-2\/#primaryimage"},"thumbnailUrl":"https:\/\/www.copealcoy.es\/wp-content\/uploads\/2019\/07\/67352109_1725410314269113_4734330222608908288_n-1.jpg","keywords":["425 aniversario","Cocentaina","elecci\u00f3n y proclamaci\u00f3n","San Hip\u00f3lito M\u00e1rtir"],"articleSection":["Actualidad","Comarcas","Noticias"],"inLanguage":"es"},{"@type":"WebPage","@id":"https:\/\/www.copealcoy.es\/es\/cocentaina-conmemora-el-425-aniversario-del-patronazgo-de-san-hipolito-2\/","url":"https:\/\/www.copealcoy.es\/es\/cocentaina-conmemora-el-425-aniversario-del-patronazgo-de-san-hipolito-2\/","name":"Cocentaina conmemora el 425 aniversario del patronazgo de San Hip\u00f3lito - COPE Alcoy","isPartOf":{"@id":"https:\/\/www.copealcoy.es\/es\/#website"},"primaryImageOfPage":{"@id":"https:\/\/www.copealcoy.es\/es\/cocentaina-conmemora-el-425-aniversario-del-patronazgo-de-san-hipolito-2\/#primaryimage"},"image":{"@id":"https:\/\/www.copealcoy.es\/es\/cocentaina-conmemora-el-425-aniversario-del-patronazgo-de-san-hipolito-2\/#primaryimage"},"thumbnailUrl":"https:\/\/www.copealcoy.es\/wp-content\/uploads\/2019\/07\/67352109_1725410314269113_4734330222608908288_n-1.jpg","datePublished":"2025-04-30T07:46:14+00:00","dateModified":"2025-04-30T15:18:48+00:00","author":{"@id":"https:\/\/www.copealcoy.es\/es\/#\/schema\/person\/e777c87fa024e57d40170af9df39882c"},"breadcrumb":{"@id":"https:\/\/www.copealcoy.es\/es\/cocentaina-conmemora-el-425-aniversario-del-patronazgo-de-san-hipolito-2\/#breadcrumb"},"inLanguage":"es","potentialAction":[{"@type":"ReadAction","target":["https:\/\/www.copealcoy.es\/es\/cocentaina-conmemora-el-425-aniversario-del-patronazgo-de-san-hipolito-2\/"]}]},{"@type":"ImageObject","inLanguage":"es","@id":"https:\/\/www.copealcoy.es\/es\/cocentaina-conmemora-el-425-aniversario-del-patronazgo-de-san-hipolito-2\/#primaryimage","url":"https:\/\/www.copealcoy.es\/wp-content\/uploads\/2019\/07\/67352109_1725410314269113_4734330222608908288_n-1.jpg","contentUrl":"https:\/\/www.copealcoy.es\/wp-content\/uploads\/2019\/07\/67352109_1725410314269113_4734330222608908288_n-1.jpg","width":960,"height":720,"caption":"Nuevo aspecto que presenta la imagen del patr\u00f3n de Cocentaina \/ Foto: Gabriel Pascual"},{"@type":"BreadcrumbList","@id":"https:\/\/www.copealcoy.es\/es\/cocentaina-conmemora-el-425-aniversario-del-patronazgo-de-san-hipolito-2\/#breadcrumb","itemListElement":[{"@type":"ListItem","position":1,"name":"Portada","item":"https:\/\/www.copealcoy.es\/es\/"},{"@type":"ListItem","position":2,"name":"Cocentaina conmemora el 425 aniversario del patronazgo de San Hip\u00f3lito"}]},{"@type":"WebSite","@id":"https:\/\/www.copealcoy.es\/es\/#website","url":"https:\/\/www.copealcoy.es\/es\/","name":"COPE Alcoy","description":"Emisora COPE de radio local con emisi\u00f3n online. Pont de Sant Jordi 8-10 03803 Alcoy","potentialAction":[{"@type":"SearchAction","target":{"@type":"EntryPoint","urlTemplate":"https:\/\/www.copealcoy.es\/es\/?s={search_term_string}"},"query-input":{"@type":"PropertyValueSpecification","valueRequired":true,"valueName":"search_term_string"}}],"inLanguage":"es"},{"@type":"Person","@id":"https:\/\/www.copealcoy.es\/es\/#\/schema\/person\/e777c87fa024e57d40170af9df39882c","name":"Cope Alcoy","image":{"@type":"ImageObject","inLanguage":"es","@id":"https:\/\/secure.gravatar.com\/avatar\/bb65d0283347e303893ba14f0692005417c1e0e690a325a4c5d8bb2b3943ee14?s=96&d=mm&r=g","url":"https:\/\/secure.gravatar.com\/avatar\/bb65d0283347e303893ba14f0692005417c1e0e690a325a4c5d8bb2b3943ee14?s=96&d=mm&r=g","contentUrl":"https:\/\/secure.gravatar.com\/avatar\/bb65d0283347e303893ba14f0692005417c1e0e690a325a4c5d8bb2b3943ee14?s=96&d=mm&r=g","caption":"Cope Alcoy"}}]}},"_links":{"self":[{"href":"https:\/\/www.copealcoy.es\/es\/wp-json\/wp\/v2\/posts\/151386","targetHints":{"allow":["GET"]}}],"collection":[{"href":"https:\/\/www.copealcoy.es\/es\/wp-json\/wp\/v2\/posts"}],"about":[{"href":"https:\/\/www.copealcoy.es\/es\/wp-json\/wp\/v2\/types\/post"}],"author":[{"embeddable":true,"href":"https:\/\/www.copealcoy.es\/es\/wp-json\/wp\/v2\/users\/1"}],"replies":[{"embeddable":true,"href":"https:\/\/www.copealcoy.es\/es\/wp-json\/wp\/v2\/comments?post=151386"}],"version-history":[{"count":2,"href":"https:\/\/www.copealcoy.es\/es\/wp-json\/wp\/v2\/posts\/151386\/revisions"}],"predecessor-version":[{"id":151431,"href":"https:\/\/www.copealcoy.es\/es\/wp-json\/wp\/v2\/posts\/151386\/revisions\/151431"}],"wp:featuredmedia":[{"embeddable":true,"href":"https:\/\/www.copealcoy.es\/es\/wp-json\/wp\/v2\/media\/53749"}],"wp:attachment":[{"href":"https:\/\/www.copealcoy.es\/es\/wp-json\/wp\/v2\/media?parent=151386"}],"wp:term":[{"taxonomy":"category","embeddable":true,"href":"https:\/\/www.copealcoy.es\/es\/wp-json\/wp\/v2\/categories?post=151386"},{"taxonomy":"post_tag","embeddable":true,"href":"https:\/\/www.copealcoy.es\/es\/wp-json\/wp\/v2\/tags?post=151386"}],"curies":[{"name":"wp","href":"https:\/\/api.w.org\/{rel}","templated":true}]}}