{"id":151334,"date":"2025-04-29T22:04:20","date_gmt":"2025-04-29T21:04:20","guid":{"rendered":"https:\/\/www.copealcoy.es\/?p=151334"},"modified":"2025-04-29T22:12:39","modified_gmt":"2025-04-29T21:12:39","slug":"detenido-tras-huir-desde-muro-hacia-alcoy-y-recorrer-algunos-tramos-en-direccion-contraria","status":"publish","type":"post","link":"https:\/\/www.copealcoy.es\/es\/detenido-tras-huir-desde-muro-hacia-alcoy-y-recorrer-algunos-tramos-en-direccion-contraria\/","title":{"rendered":"Detenido tras huir desde Muro hacia Alcoy y recorrer algunos tramos en direcci\u00f3n contraria"},"content":{"rendered":"<p style=\"text-align: justify;\">Una<strong> intensa persecuci\u00f3n policial en nuestras comarcas<\/strong> culmin\u00f3 con <strong>la detenci\u00f3n de un conductor extranjero<\/strong> tras una peligrosa conducci\u00f3n en sentido contrario <strong>por la autov\u00eda A7<\/strong>. El incidente comenz\u00f3 cuando <strong><a href=\"https:\/\/www.guardiacivil.es\/es\/index.html\" target=\"_blank\" rel=\"noopener\"><span style=\"color: #0000ff;\">la Guardia Civil<\/span> <\/a>recibi\u00f3 un aviso del 112 sobre un veh\u00edculo que circulaba en direcci\u00f3n contraria en el kil\u00f3metro 432 de la A7<\/strong>, en direcci\u00f3n a Alicante, pero en realidad avanzaba hacia Valencia. El coche se sali\u00f3 de la autov\u00eda y <strong>tom\u00f3 la N-340 en Muro<\/strong>, iniciando una huida que involucr\u00f3 a varias fuerzas de seguridad, incluyendo Polic\u00eda Local, Guardia Civil y Polic\u00eda Nacional.<\/p>\n<p style=\"text-align: justify;\">El conductor, un hombre de 49 a\u00f1os de nacionalidad inglesa, <strong>recorri\u00f3 diferentes calles en contra direcci\u00f3n en Alcoy hasta llegar a la avenida Hispanidad<\/strong>, donde fue finalmente interceptado por los agentes. Durante la huida, el veh\u00edculo <strong>caus\u00f3 da\u00f1os materiales en al menos una decena de coches estacionados y gener\u00f3 gran expectaci\u00f3n<\/strong> entre los vecinos que presenciaron la escena. Afortunadamente, <strong>no se registraron heridos<\/strong>.<\/p>\n<p style=\"text-align: justify;\">Tras ser detenido, se le realiz\u00f3 un control de drogas y alcohol, <strong>arrojando positivo en estupefacientes<\/strong>. Adem\u00e1s, se le imputan cargos por conducci\u00f3n temeraria y atentado contra agentes de la autoridad. La investigaci\u00f3n contin\u00faa a cargo del equipo de siniestros de la Guardia Civil de Tr\u00e1fico de Benidorm para <strong>esclarecer<\/strong> todos los detalles del suceso. La r\u00e1pida intervenci\u00f3n y coordinaci\u00f3n entre las fuerzas policiales evit\u00f3 que esta peligrosa acci\u00f3n terminara en tragedia, <strong>dejando solo da\u00f1os materiales.\u00a0<\/strong>Las im\u00e1genes de la detenci\u00f3n <strong>han circulado r\u00e1pidamente por las redes sociales<\/strong> ya que la persecuci\u00f3n ha generado mucha sorpresa entre quienes han contemplado la escena.<\/p>\n","protected":false},"excerpt":{"rendered":"<p>Una intensa persecuci\u00f3n policial en nuestras comarcas culmin\u00f3 con la detenci\u00f3n de un conductor extranjero tras una peligrosa conducci\u00f3n en&#8230;<\/p>\n","protected":false},"author":1,"featured_media":151337,"comment_status":"closed","ping_status":"closed","sticky":false,"template":"","format":"standard","meta":{"footnotes":""},"categories":[6909,75,125,80],"tags":[1494,3097,1393,135,19511],"class_list":["post-151334","post","type-post","status-publish","format-standard","has-post-thumbnail","hentry","category-actualidad","category-noticias","category-portada","category-sucesos","tag-alcoy","tag-circulacion","tag-detencion","tag-muro","tag-sentido-contrario"],"yoast_head":"<!-- This site is optimized with the Yoast SEO plugin v27.3 - https:\/\/yoast.com\/product\/yoast-seo-wordpress\/ -->\n<title>Detenido tras huir desde Muro hacia Alcoy y recorrer algunos tramos en direcci\u00f3n contraria - COPE Alcoy<\/title>\n<meta name=\"description\" content=\"Una intensa persecuci\u00f3n policial en nuestras comarcas culmin\u00f3 con la detenci\u00f3n de un conductor extranjero tras una peligrosa conducci\u00f3n en sentido contrario por la autov\u00eda A7\" \/>\n<meta name=\"robots\" content=\"index, follow, max-snippet:-1, max-image-preview:large, max-video-preview:-1\" \/>\n<link rel=\"canonical\" href=\"https:\/\/www.copealcoy.es\/es\/detenido-tras-huir-desde-muro-hacia-alcoy-y-recorrer-algunos-tramos-en-direccion-contraria\/\" \/>\n<meta property=\"og:locale\" content=\"es_ES\" \/>\n<meta property=\"og:type\" content=\"article\" \/>\n<meta property=\"og:title\" content=\"Detenido tras huir desde Muro hacia Alcoy y recorrer algunos tramos en direcci\u00f3n contraria - COPE Alcoy\" \/>\n<meta property=\"og:description\" content=\"Una intensa persecuci\u00f3n policial en nuestras comarcas culmin\u00f3 con la detenci\u00f3n de un conductor extranjero tras una peligrosa conducci\u00f3n en sentido contrario por la autov\u00eda A7\" \/>\n<meta property=\"og:url\" content=\"https:\/\/www.copealcoy.es\/es\/detenido-tras-huir-desde-muro-hacia-alcoy-y-recorrer-algunos-tramos-en-direccion-contraria\/\" \/>\n<meta property=\"og:site_name\" content=\"COPE Alcoy\" \/>\n<meta property=\"article:published_time\" content=\"2025-04-29T21:04:20+00:00\" \/>\n<meta property=\"article:modified_time\" content=\"2025-04-29T21:12:39+00:00\" \/>\n<meta property=\"og:image\" content=\"https:\/\/www.copealcoy.es\/wp-content\/uploads\/2025\/04\/Captura-de-Pantalla-2025-04-29-a-las-22.41.32-1.png\" \/>\n\t<meta property=\"og:image:width\" content=\"707\" \/>\n\t<meta property=\"og:image:height\" content=\"421\" \/>\n\t<meta property=\"og:image:type\" content=\"image\/png\" \/>\n<meta name=\"author\" content=\"Cope Alcoy\" \/>\n<meta name=\"twitter:label1\" content=\"Escrito por\" \/>\n\t<meta name=\"twitter:data1\" content=\"Cope Alcoy\" \/>\n\t<meta name=\"twitter:label2\" content=\"Tiempo de lectura\" \/>\n\t<meta name=\"twitter:data2\" content=\"2 minutos\" \/>\n<script type=\"application\/ld+json\" class=\"yoast-schema-graph\">{\"@context\":\"https:\\\/\\\/schema.org\",\"@graph\":[{\"@type\":\"Article\",\"@id\":\"https:\\\/\\\/www.copealcoy.es\\\/es\\\/detenido-tras-huir-desde-muro-hacia-alcoy-y-recorrer-algunos-tramos-en-direccion-contraria\\\/#article\",\"isPartOf\":{\"@id\":\"https:\\\/\\\/www.copealcoy.es\\\/es\\\/detenido-tras-huir-desde-muro-hacia-alcoy-y-recorrer-algunos-tramos-en-direccion-contraria\\\/\"},\"author\":{\"name\":\"Cope Alcoy\",\"@id\":\"https:\\\/\\\/www.copealcoy.es\\\/es\\\/#\\\/schema\\\/person\\\/e777c87fa024e57d40170af9df39882c\"},\"headline\":\"Detenido tras huir desde Muro hacia Alcoy y recorrer algunos tramos en direcci\u00f3n contraria\",\"datePublished\":\"2025-04-29T21:04:20+00:00\",\"dateModified\":\"2025-04-29T21:12:39+00:00\",\"mainEntityOfPage\":{\"@id\":\"https:\\\/\\\/www.copealcoy.es\\\/es\\\/detenido-tras-huir-desde-muro-hacia-alcoy-y-recorrer-algunos-tramos-en-direccion-contraria\\\/\"},\"wordCount\":301,\"image\":{\"@id\":\"https:\\\/\\\/www.copealcoy.es\\\/es\\\/detenido-tras-huir-desde-muro-hacia-alcoy-y-recorrer-algunos-tramos-en-direccion-contraria\\\/#primaryimage\"},\"thumbnailUrl\":\"https:\\\/\\\/www.copealcoy.es\\\/wp-content\\\/uploads\\\/2025\\\/04\\\/Captura-de-Pantalla-2025-04-29-a-las-22.41.32-1.png\",\"keywords\":[\"Alcoy\",\"Circulaci\u00f3n\",\"detenci\u00f3n\",\"Muro\",\"sentido contrario\"],\"articleSection\":[\"Actualidad\",\"Noticias\",\"Portada\",\"Sucesos\"],\"inLanguage\":\"es\"},{\"@type\":\"WebPage\",\"@id\":\"https:\\\/\\\/www.copealcoy.es\\\/es\\\/detenido-tras-huir-desde-muro-hacia-alcoy-y-recorrer-algunos-tramos-en-direccion-contraria\\\/\",\"url\":\"https:\\\/\\\/www.copealcoy.es\\\/es\\\/detenido-tras-huir-desde-muro-hacia-alcoy-y-recorrer-algunos-tramos-en-direccion-contraria\\\/\",\"name\":\"Detenido tras huir desde Muro hacia Alcoy y recorrer algunos tramos en direcci\u00f3n contraria - COPE Alcoy\",\"isPartOf\":{\"@id\":\"https:\\\/\\\/www.copealcoy.es\\\/es\\\/#website\"},\"primaryImageOfPage\":{\"@id\":\"https:\\\/\\\/www.copealcoy.es\\\/es\\\/detenido-tras-huir-desde-muro-hacia-alcoy-y-recorrer-algunos-tramos-en-direccion-contraria\\\/#primaryimage\"},\"image\":{\"@id\":\"https:\\\/\\\/www.copealcoy.es\\\/es\\\/detenido-tras-huir-desde-muro-hacia-alcoy-y-recorrer-algunos-tramos-en-direccion-contraria\\\/#primaryimage\"},\"thumbnailUrl\":\"https:\\\/\\\/www.copealcoy.es\\\/wp-content\\\/uploads\\\/2025\\\/04\\\/Captura-de-Pantalla-2025-04-29-a-las-22.41.32-1.png\",\"datePublished\":\"2025-04-29T21:04:20+00:00\",\"dateModified\":\"2025-04-29T21:12:39+00:00\",\"author\":{\"@id\":\"https:\\\/\\\/www.copealcoy.es\\\/es\\\/#\\\/schema\\\/person\\\/e777c87fa024e57d40170af9df39882c\"},\"description\":\"Una intensa persecuci\u00f3n policial en nuestras comarcas culmin\u00f3 con la detenci\u00f3n de un conductor extranjero tras una peligrosa conducci\u00f3n en sentido contrario por la autov\u00eda A7\",\"breadcrumb\":{\"@id\":\"https:\\\/\\\/www.copealcoy.es\\\/es\\\/detenido-tras-huir-desde-muro-hacia-alcoy-y-recorrer-algunos-tramos-en-direccion-contraria\\\/#breadcrumb\"},\"inLanguage\":\"es\",\"potentialAction\":[{\"@type\":\"ReadAction\",\"target\":[\"https:\\\/\\\/www.copealcoy.es\\\/es\\\/detenido-tras-huir-desde-muro-hacia-alcoy-y-recorrer-algunos-tramos-en-direccion-contraria\\\/\"]}]},{\"@type\":\"ImageObject\",\"inLanguage\":\"es\",\"@id\":\"https:\\\/\\\/www.copealcoy.es\\\/es\\\/detenido-tras-huir-desde-muro-hacia-alcoy-y-recorrer-algunos-tramos-en-direccion-contraria\\\/#primaryimage\",\"url\":\"https:\\\/\\\/www.copealcoy.es\\\/wp-content\\\/uploads\\\/2025\\\/04\\\/Captura-de-Pantalla-2025-04-29-a-las-22.41.32-1.png\",\"contentUrl\":\"https:\\\/\\\/www.copealcoy.es\\\/wp-content\\\/uploads\\\/2025\\\/04\\\/Captura-de-Pantalla-2025-04-29-a-las-22.41.32-1.png\",\"width\":707,\"height\":421},{\"@type\":\"BreadcrumbList\",\"@id\":\"https:\\\/\\\/www.copealcoy.es\\\/es\\\/detenido-tras-huir-desde-muro-hacia-alcoy-y-recorrer-algunos-tramos-en-direccion-contraria\\\/#breadcrumb\",\"itemListElement\":[{\"@type\":\"ListItem\",\"position\":1,\"name\":\"Portada\",\"item\":\"https:\\\/\\\/www.copealcoy.es\\\/es\\\/\"},{\"@type\":\"ListItem\",\"position\":2,\"name\":\"Detenido tras huir desde Muro hacia Alcoy y recorrer algunos tramos en direcci\u00f3n contraria\"}]},{\"@type\":\"WebSite\",\"@id\":\"https:\\\/\\\/www.copealcoy.es\\\/es\\\/#website\",\"url\":\"https:\\\/\\\/www.copealcoy.es\\\/es\\\/\",\"name\":\"COPE Alcoy\",\"description\":\"Emisora COPE de radio local con emisi\u00f3n online. Pont de Sant Jordi 8-10 03803 Alcoy\",\"potentialAction\":[{\"@type\":\"SearchAction\",\"target\":{\"@type\":\"EntryPoint\",\"urlTemplate\":\"https:\\\/\\\/www.copealcoy.es\\\/es\\\/?s={search_term_string}\"},\"query-input\":{\"@type\":\"PropertyValueSpecification\",\"valueRequired\":true,\"valueName\":\"search_term_string\"}}],\"inLanguage\":\"es\"},{\"@type\":\"Person\",\"@id\":\"https:\\\/\\\/www.copealcoy.es\\\/es\\\/#\\\/schema\\\/person\\\/e777c87fa024e57d40170af9df39882c\",\"name\":\"Cope Alcoy\",\"image\":{\"@type\":\"ImageObject\",\"inLanguage\":\"es\",\"@id\":\"https:\\\/\\\/secure.gravatar.com\\\/avatar\\\/bb65d0283347e303893ba14f0692005417c1e0e690a325a4c5d8bb2b3943ee14?s=96&d=mm&r=g\",\"url\":\"https:\\\/\\\/secure.gravatar.com\\\/avatar\\\/bb65d0283347e303893ba14f0692005417c1e0e690a325a4c5d8bb2b3943ee14?s=96&d=mm&r=g\",\"contentUrl\":\"https:\\\/\\\/secure.gravatar.com\\\/avatar\\\/bb65d0283347e303893ba14f0692005417c1e0e690a325a4c5d8bb2b3943ee14?s=96&d=mm&r=g\",\"caption\":\"Cope Alcoy\"}}]}<\/script>\n<!-- \/ Yoast SEO plugin. -->","yoast_head_json":{"title":"Detenido tras huir desde Muro hacia Alcoy y recorrer algunos tramos en direcci\u00f3n contraria - COPE Alcoy","description":"Una intensa persecuci\u00f3n policial en nuestras comarcas culmin\u00f3 con la detenci\u00f3n de un conductor extranjero tras una peligrosa conducci\u00f3n en sentido contrario por la autov\u00eda A7","robots":{"index":"index","follow":"follow","max-snippet":"max-snippet:-1","max-image-preview":"max-image-preview:large","max-video-preview":"max-video-preview:-1"},"canonical":"https:\/\/www.copealcoy.es\/es\/detenido-tras-huir-desde-muro-hacia-alcoy-y-recorrer-algunos-tramos-en-direccion-contraria\/","og_locale":"es_ES","og_type":"article","og_title":"Detenido tras huir desde Muro hacia Alcoy y recorrer algunos tramos en direcci\u00f3n contraria - COPE Alcoy","og_description":"Una intensa persecuci\u00f3n policial en nuestras comarcas culmin\u00f3 con la detenci\u00f3n de un conductor extranjero tras una peligrosa conducci\u00f3n en sentido contrario por la autov\u00eda A7","og_url":"https:\/\/www.copealcoy.es\/es\/detenido-tras-huir-desde-muro-hacia-alcoy-y-recorrer-algunos-tramos-en-direccion-contraria\/","og_site_name":"COPE Alcoy","article_published_time":"2025-04-29T21:04:20+00:00","article_modified_time":"2025-04-29T21:12:39+00:00","og_image":[{"width":707,"height":421,"url":"https:\/\/www.copealcoy.es\/wp-content\/uploads\/2025\/04\/Captura-de-Pantalla-2025-04-29-a-las-22.41.32-1.png","type":"image\/png"}],"author":"Cope Alcoy","twitter_misc":{"Escrito por":"Cope Alcoy","Tiempo de lectura":"2 minutos"},"schema":{"@context":"https:\/\/schema.org","@graph":[{"@type":"Article","@id":"https:\/\/www.copealcoy.es\/es\/detenido-tras-huir-desde-muro-hacia-alcoy-y-recorrer-algunos-tramos-en-direccion-contraria\/#article","isPartOf":{"@id":"https:\/\/www.copealcoy.es\/es\/detenido-tras-huir-desde-muro-hacia-alcoy-y-recorrer-algunos-tramos-en-direccion-contraria\/"},"author":{"name":"Cope Alcoy","@id":"https:\/\/www.copealcoy.es\/es\/#\/schema\/person\/e777c87fa024e57d40170af9df39882c"},"headline":"Detenido tras huir desde Muro hacia Alcoy y recorrer algunos tramos en direcci\u00f3n contraria","datePublished":"2025-04-29T21:04:20+00:00","dateModified":"2025-04-29T21:12:39+00:00","mainEntityOfPage":{"@id":"https:\/\/www.copealcoy.es\/es\/detenido-tras-huir-desde-muro-hacia-alcoy-y-recorrer-algunos-tramos-en-direccion-contraria\/"},"wordCount":301,"image":{"@id":"https:\/\/www.copealcoy.es\/es\/detenido-tras-huir-desde-muro-hacia-alcoy-y-recorrer-algunos-tramos-en-direccion-contraria\/#primaryimage"},"thumbnailUrl":"https:\/\/www.copealcoy.es\/wp-content\/uploads\/2025\/04\/Captura-de-Pantalla-2025-04-29-a-las-22.41.32-1.png","keywords":["Alcoy","Circulaci\u00f3n","detenci\u00f3n","Muro","sentido contrario"],"articleSection":["Actualidad","Noticias","Portada","Sucesos"],"inLanguage":"es"},{"@type":"WebPage","@id":"https:\/\/www.copealcoy.es\/es\/detenido-tras-huir-desde-muro-hacia-alcoy-y-recorrer-algunos-tramos-en-direccion-contraria\/","url":"https:\/\/www.copealcoy.es\/es\/detenido-tras-huir-desde-muro-hacia-alcoy-y-recorrer-algunos-tramos-en-direccion-contraria\/","name":"Detenido tras huir desde Muro hacia Alcoy y recorrer algunos tramos en direcci\u00f3n contraria - COPE Alcoy","isPartOf":{"@id":"https:\/\/www.copealcoy.es\/es\/#website"},"primaryImageOfPage":{"@id":"https:\/\/www.copealcoy.es\/es\/detenido-tras-huir-desde-muro-hacia-alcoy-y-recorrer-algunos-tramos-en-direccion-contraria\/#primaryimage"},"image":{"@id":"https:\/\/www.copealcoy.es\/es\/detenido-tras-huir-desde-muro-hacia-alcoy-y-recorrer-algunos-tramos-en-direccion-contraria\/#primaryimage"},"thumbnailUrl":"https:\/\/www.copealcoy.es\/wp-content\/uploads\/2025\/04\/Captura-de-Pantalla-2025-04-29-a-las-22.41.32-1.png","datePublished":"2025-04-29T21:04:20+00:00","dateModified":"2025-04-29T21:12:39+00:00","author":{"@id":"https:\/\/www.copealcoy.es\/es\/#\/schema\/person\/e777c87fa024e57d40170af9df39882c"},"description":"Una intensa persecuci\u00f3n policial en nuestras comarcas culmin\u00f3 con la detenci\u00f3n de un conductor extranjero tras una peligrosa conducci\u00f3n en sentido contrario por la autov\u00eda A7","breadcrumb":{"@id":"https:\/\/www.copealcoy.es\/es\/detenido-tras-huir-desde-muro-hacia-alcoy-y-recorrer-algunos-tramos-en-direccion-contraria\/#breadcrumb"},"inLanguage":"es","potentialAction":[{"@type":"ReadAction","target":["https:\/\/www.copealcoy.es\/es\/detenido-tras-huir-desde-muro-hacia-alcoy-y-recorrer-algunos-tramos-en-direccion-contraria\/"]}]},{"@type":"ImageObject","inLanguage":"es","@id":"https:\/\/www.copealcoy.es\/es\/detenido-tras-huir-desde-muro-hacia-alcoy-y-recorrer-algunos-tramos-en-direccion-contraria\/#primaryimage","url":"https:\/\/www.copealcoy.es\/wp-content\/uploads\/2025\/04\/Captura-de-Pantalla-2025-04-29-a-las-22.41.32-1.png","contentUrl":"https:\/\/www.copealcoy.es\/wp-content\/uploads\/2025\/04\/Captura-de-Pantalla-2025-04-29-a-las-22.41.32-1.png","width":707,"height":421},{"@type":"BreadcrumbList","@id":"https:\/\/www.copealcoy.es\/es\/detenido-tras-huir-desde-muro-hacia-alcoy-y-recorrer-algunos-tramos-en-direccion-contraria\/#breadcrumb","itemListElement":[{"@type":"ListItem","position":1,"name":"Portada","item":"https:\/\/www.copealcoy.es\/es\/"},{"@type":"ListItem","position":2,"name":"Detenido tras huir desde Muro hacia Alcoy y recorrer algunos tramos en direcci\u00f3n contraria"}]},{"@type":"WebSite","@id":"https:\/\/www.copealcoy.es\/es\/#website","url":"https:\/\/www.copealcoy.es\/es\/","name":"COPE Alcoy","description":"Emisora COPE de radio local con emisi\u00f3n online. Pont de Sant Jordi 8-10 03803 Alcoy","potentialAction":[{"@type":"SearchAction","target":{"@type":"EntryPoint","urlTemplate":"https:\/\/www.copealcoy.es\/es\/?s={search_term_string}"},"query-input":{"@type":"PropertyValueSpecification","valueRequired":true,"valueName":"search_term_string"}}],"inLanguage":"es"},{"@type":"Person","@id":"https:\/\/www.copealcoy.es\/es\/#\/schema\/person\/e777c87fa024e57d40170af9df39882c","name":"Cope Alcoy","image":{"@type":"ImageObject","inLanguage":"es","@id":"https:\/\/secure.gravatar.com\/avatar\/bb65d0283347e303893ba14f0692005417c1e0e690a325a4c5d8bb2b3943ee14?s=96&d=mm&r=g","url":"https:\/\/secure.gravatar.com\/avatar\/bb65d0283347e303893ba14f0692005417c1e0e690a325a4c5d8bb2b3943ee14?s=96&d=mm&r=g","contentUrl":"https:\/\/secure.gravatar.com\/avatar\/bb65d0283347e303893ba14f0692005417c1e0e690a325a4c5d8bb2b3943ee14?s=96&d=mm&r=g","caption":"Cope Alcoy"}}]}},"_links":{"self":[{"href":"https:\/\/www.copealcoy.es\/es\/wp-json\/wp\/v2\/posts\/151334","targetHints":{"allow":["GET"]}}],"collection":[{"href":"https:\/\/www.copealcoy.es\/es\/wp-json\/wp\/v2\/posts"}],"about":[{"href":"https:\/\/www.copealcoy.es\/es\/wp-json\/wp\/v2\/types\/post"}],"author":[{"embeddable":true,"href":"https:\/\/www.copealcoy.es\/es\/wp-json\/wp\/v2\/users\/1"}],"replies":[{"embeddable":true,"href":"https:\/\/www.copealcoy.es\/es\/wp-json\/wp\/v2\/comments?post=151334"}],"version-history":[{"count":0,"href":"https:\/\/www.copealcoy.es\/es\/wp-json\/wp\/v2\/posts\/151334\/revisions"}],"wp:featuredmedia":[{"embeddable":true,"href":"https:\/\/www.copealcoy.es\/es\/wp-json\/wp\/v2\/media\/151337"}],"wp:attachment":[{"href":"https:\/\/www.copealcoy.es\/es\/wp-json\/wp\/v2\/media?parent=151334"}],"wp:term":[{"taxonomy":"category","embeddable":true,"href":"https:\/\/www.copealcoy.es\/es\/wp-json\/wp\/v2\/categories?post=151334"},{"taxonomy":"post_tag","embeddable":true,"href":"https:\/\/www.copealcoy.es\/es\/wp-json\/wp\/v2\/tags?post=151334"}],"curies":[{"name":"wp","href":"https:\/\/api.w.org\/{rel}","templated":true}]}}