{"id":151280,"date":"2025-04-29T15:21:00","date_gmt":"2025-04-29T14:21:00","guid":{"rendered":"https:\/\/www.copealcoy.es\/?p=151280"},"modified":"2025-05-01T13:50:40","modified_gmt":"2025-05-01T12:50:40","slug":"alcoy-y-nuestras-comarcas-recuperan-la-normalidad-tras-el-gran-apagon","status":"publish","type":"post","link":"https:\/\/www.copealcoy.es\/es\/alcoy-y-nuestras-comarcas-recuperan-la-normalidad-tras-el-gran-apagon\/","title":{"rendered":"Alcoy y nuestras comarcas recuperan la normalidad tras el gran apag\u00f3n"},"content":{"rendered":"<p style=\"text-align: justify;\">Alcoy, junto con las poblaciones de las comarcas de L&#8217;Alcoi\u00e0 y El Comtat, <strong>tratan de recuperar la normalidad<\/strong> tras el <a href=\"https:\/\/www.copealcoy.es\/es\/alcoy-y-nuestras-comarcas-sufren-tambien-el-apagon\/\" target=\"_blank\" rel=\"noopener\"><span style=\"color: #0000ff;\"><strong>apag\u00f3n generalizado en el suministro el\u00e9ctrico<\/strong><\/span><\/a> que sufri\u00f3 ayer nuestro pa\u00eds. La incidencia se produjo en torno a las 12:30h del mediod\u00eda y <strong>el abastecimiento de electricidad pr\u00e1cticamente qued\u00f3 restablecido 12 horas despu\u00e9s<\/strong> volviendo la luz a medianoche en poblaciones como Cocentaina.<\/p>\n<p style=\"text-align: justify;\">En el caso de <strong>Alcoy<\/strong>, el Ayuntamiento puso en marcha de inmediato una serie de medidas nada m\u00e1s reportarse el fallo el\u00e9ctrico y tanto la Polic\u00eda Local, como los agentes de la Polic\u00eda Nacional, se desplegaron para regular el tr\u00e1fico en arter\u00edas de enorme afluencia de veh\u00edculos como La Alameda. Se registraron numerosas incidencias relacionadas con personas atrapadas dentro de ascensores y comercios que no pod\u00edan bajar las persianas el\u00e9ctricas, acciones en las cuales intervinieron los agentes. Adem\u00e1s, Protecci\u00f3n Civil instal\u00f3 3 puntos de atenci\u00f3n repartidos por la ciudad para apoyar en la poblaci\u00f3n. Tambi\u00e9n se hizo llegar gas\u00f3leo al CEEM del Barranquet de Soler y linternas a la residencia Mariola La Asunci\u00f3n para garantizar la seguridad de los usuarios. Por otro lado, la empresa encargada de la gesti\u00f3n del alumbrado p\u00fablico trabaj\u00f3 durante toda la noche para restablecer el funcionamiento de la red semaf\u00f3rica de la ciudad y tambi\u00e9n se actu\u00f3 hasta las dos de la madrugada para garantizar que el servicio de agua potable llegaba a todos los domicilios sin problemas.\u00a0El autob\u00fas urbano funcion\u00f3 con normalidad durante todo el d\u00eda y contin\u00faa prestando servicio. Por el contrario, el Complejo Deportivo Municipal Eduardo Latorre permanecer\u00e1 cerrado hasta que se recupere completamente la normalidad &#8220;<em>pese a todos los inconvenientes, no hubo que lamentar ninguna incidencia grave y la jornada transcurri\u00f3 con relativa tranquilidad<\/em>&#8220;, comentaba este martes en COPE ALCOY el alcalde; <strong>Toni Franc\u00e9s<\/strong>.<\/p>\n<p style=\"text-align: justify;\">Durante este martes <strong>abrir\u00e1n los colegios<\/strong>, habiendo transporte escolar y servicio de comedor, pero no se llevar\u00e1 a cabo actividad lectiva. Los Bomberos del Consorcio Provincial realizaron tambi\u00e9n 4 intervenciones ayer en el conjunto de nuestras comarcas.<\/p>\n<p><strong><span style=\"color: #0000ff;\">&#8216;Entradetes&#8217; suspendidas a causa del apag\u00f3n\u00a0<\/span><\/strong><\/p>\n<p style=\"text-align: justify;\">Desde el Consistorio <strong>tambi\u00e9n se acord\u00f3 la suspensi\u00f3n de las &#8216;Entradetes&#8217;<\/strong> previas a nuestras Fiestas de Moros y Cristianos, previstas para ayer, y algunas de las Filaes que iban a salir a la calle han pedido poder desfilar hoy. De esta forma, seg\u00fan informan desde la Asociaci\u00f3n de San Jorge, <strong>al horario de hoy se a\u00f1ade<\/strong> la Fil\u00e0 Aragonesos a las 00:30h por Sant Nicolau mientras que por Pa\u00eds Valenci\u00e0 se sumar\u00e1n Berberiscos a las 23:10h y Navarros a las 00:30h.<\/p>\n<p><strong><span style=\"color: #0000ff;\">El Hospital Virgen de los Lirios funcionando &#8220;con absoluta normalidad&#8221;<\/span><\/strong><\/p>\n<p style=\"text-align: justify;\">El Hospital de Alcoy <strong>garantiz\u00f3 la atenci\u00f3n sanitaria sin interrupciones durante el apag\u00f3n<\/strong>. Se alquil\u00f3 un grupo electr\u00f3geno adicional e Iberdrola cedi\u00f3 otro apoyo que, finalmente, no hizo falta emplear tal y como han explicado desde nuestro Departamento de Salud. Hoy 29 de abril, en el d\u00eda despu\u00e9s, la actividad sanitaria en la comarca funciona con &#8220;<em>absoluta normalidad<\/em>&#8220;.<\/p>\n<p><strong><span style=\"color: #0000ff;\">Normalidad en el conjunto de la comarca<\/span><\/strong><\/p>\n<p style=\"text-align: justify;\">En general, <strong>la normalidad ha sido la t\u00f3nica dominante en el conjunto de L&#8217;Alcoi\u00e0 y El Comtat<\/strong> sin incidencias destacables m\u00e1s all\u00e1 de los contratiempos generados por la falta de luz. Las empresas solo han sufrido p\u00e9rdidas de horas y de producci\u00f3n que tratar\u00e1n de recuperar en estos d\u00edas, <strong>seg\u00fan informaba en COPE ALCOY el presidente de FEDAC Natxo G\u00f3mez<\/strong>, y en los municipios se adoptaron tambi\u00e9n todo tipo de medidas desde el minuto cero. Entre ellas <strong>destacaron<\/strong> la regulaci\u00f3n del tr\u00e1fico en v\u00edas principales, reforzar la vigilancia al caer la noche para evitar robos o actos vand\u00e1licos y supervisar que hab\u00eda servicio en espacios como los Centros de Salud &#8220;<em>hoy recuperamos ya la normalidad despu\u00e9s de un d\u00eda de ayer que, fue complicado, pero en el que al final no hubo que lamentar mayores consecuencias<\/em>&#8220;, concluye el alcalde de Cocentaina; <strong>Jordi Pla<\/strong>.<\/p>\n<p><em>Imagen: \u00c0lex Cerradelo<\/em><\/p>\n","protected":false},"excerpt":{"rendered":"<p>Alcoy, junto con las poblaciones de las comarcas de L&#8217;Alcoi\u00e0 y El Comtat, tratan de recuperar la normalidad tras el&#8230;<\/p>\n","protected":false},"author":1,"featured_media":151277,"comment_status":"closed","ping_status":"closed","sticky":false,"template":"","format":"standard","meta":{"footnotes":""},"categories":[6909,75,125],"tags":[482,1494,19500,237,1186,4810],"class_list":["post-151280","post","type-post","status-publish","format-standard","has-post-thumbnail","hentry","category-actualidad","category-noticias","category-portada","tag-alcoia","tag-alcoy","tag-apagon","tag-comtat","tag-normalidad","tag-recuperacion"],"yoast_head":"<!-- This site is optimized with the Yoast SEO plugin v27.3 - https:\/\/yoast.com\/product\/yoast-seo-wordpress\/ -->\n<title>Alcoy y nuestras comarcas recuperan la normalidad tras el gran apag\u00f3n - COPE Alcoy<\/title>\n<meta name=\"robots\" content=\"index, follow, max-snippet:-1, max-image-preview:large, max-video-preview:-1\" \/>\n<link rel=\"canonical\" href=\"https:\/\/www.copealcoy.es\/es\/alcoy-y-nuestras-comarcas-recuperan-la-normalidad-tras-el-gran-apagon\/\" \/>\n<meta property=\"og:locale\" content=\"es_ES\" \/>\n<meta property=\"og:type\" content=\"article\" \/>\n<meta property=\"og:title\" content=\"Alcoy y nuestras comarcas recuperan la normalidad tras el gran apag\u00f3n - COPE Alcoy\" \/>\n<meta property=\"og:description\" content=\"Alcoy, junto con las poblaciones de las comarcas de L&#8217;Alcoi\u00e0 y El Comtat, tratan de recuperar la normalidad tras el...\" \/>\n<meta property=\"og:url\" content=\"https:\/\/www.copealcoy.es\/es\/alcoy-y-nuestras-comarcas-recuperan-la-normalidad-tras-el-gran-apagon\/\" \/>\n<meta property=\"og:site_name\" content=\"COPE Alcoy\" \/>\n<meta property=\"article:published_time\" content=\"2025-04-29T14:21:00+00:00\" \/>\n<meta property=\"article:modified_time\" content=\"2025-05-01T12:50:40+00:00\" \/>\n<meta property=\"og:image\" content=\"https:\/\/www.copealcoy.es\/wp-content\/uploads\/2025\/04\/unnamed-1-40.jpg\" \/>\n\t<meta property=\"og:image:width\" content=\"1179\" \/>\n\t<meta property=\"og:image:height\" content=\"793\" \/>\n\t<meta property=\"og:image:type\" content=\"image\/jpeg\" \/>\n<meta name=\"author\" content=\"Cope Alcoy\" \/>\n<meta name=\"twitter:label1\" content=\"Escrito por\" \/>\n\t<meta name=\"twitter:data1\" content=\"Cope Alcoy\" \/>\n\t<meta name=\"twitter:label2\" content=\"Tiempo de lectura\" \/>\n\t<meta name=\"twitter:data2\" content=\"4 minutos\" \/>\n<script type=\"application\/ld+json\" class=\"yoast-schema-graph\">{\"@context\":\"https:\\\/\\\/schema.org\",\"@graph\":[{\"@type\":\"Article\",\"@id\":\"https:\\\/\\\/www.copealcoy.es\\\/es\\\/alcoy-y-nuestras-comarcas-recuperan-la-normalidad-tras-el-gran-apagon\\\/#article\",\"isPartOf\":{\"@id\":\"https:\\\/\\\/www.copealcoy.es\\\/es\\\/alcoy-y-nuestras-comarcas-recuperan-la-normalidad-tras-el-gran-apagon\\\/\"},\"author\":{\"name\":\"Cope Alcoy\",\"@id\":\"https:\\\/\\\/www.copealcoy.es\\\/es\\\/#\\\/schema\\\/person\\\/e777c87fa024e57d40170af9df39882c\"},\"headline\":\"Alcoy y nuestras comarcas recuperan la normalidad tras el gran apag\u00f3n\",\"datePublished\":\"2025-04-29T14:21:00+00:00\",\"dateModified\":\"2025-05-01T12:50:40+00:00\",\"mainEntityOfPage\":{\"@id\":\"https:\\\/\\\/www.copealcoy.es\\\/es\\\/alcoy-y-nuestras-comarcas-recuperan-la-normalidad-tras-el-gran-apagon\\\/\"},\"wordCount\":712,\"image\":{\"@id\":\"https:\\\/\\\/www.copealcoy.es\\\/es\\\/alcoy-y-nuestras-comarcas-recuperan-la-normalidad-tras-el-gran-apagon\\\/#primaryimage\"},\"thumbnailUrl\":\"https:\\\/\\\/www.copealcoy.es\\\/wp-content\\\/uploads\\\/2025\\\/04\\\/unnamed-1-40.jpg\",\"keywords\":[\"Alcoi\u00e0\",\"Alcoy\",\"apag\u00f3n\",\"Comtat\",\"normalidad\",\"recuperaci\u00f3n\"],\"articleSection\":[\"Actualidad\",\"Noticias\",\"Portada\"],\"inLanguage\":\"es\"},{\"@type\":\"WebPage\",\"@id\":\"https:\\\/\\\/www.copealcoy.es\\\/es\\\/alcoy-y-nuestras-comarcas-recuperan-la-normalidad-tras-el-gran-apagon\\\/\",\"url\":\"https:\\\/\\\/www.copealcoy.es\\\/es\\\/alcoy-y-nuestras-comarcas-recuperan-la-normalidad-tras-el-gran-apagon\\\/\",\"name\":\"Alcoy y nuestras comarcas recuperan la normalidad tras el gran apag\u00f3n - COPE Alcoy\",\"isPartOf\":{\"@id\":\"https:\\\/\\\/www.copealcoy.es\\\/es\\\/#website\"},\"primaryImageOfPage\":{\"@id\":\"https:\\\/\\\/www.copealcoy.es\\\/es\\\/alcoy-y-nuestras-comarcas-recuperan-la-normalidad-tras-el-gran-apagon\\\/#primaryimage\"},\"image\":{\"@id\":\"https:\\\/\\\/www.copealcoy.es\\\/es\\\/alcoy-y-nuestras-comarcas-recuperan-la-normalidad-tras-el-gran-apagon\\\/#primaryimage\"},\"thumbnailUrl\":\"https:\\\/\\\/www.copealcoy.es\\\/wp-content\\\/uploads\\\/2025\\\/04\\\/unnamed-1-40.jpg\",\"datePublished\":\"2025-04-29T14:21:00+00:00\",\"dateModified\":\"2025-05-01T12:50:40+00:00\",\"author\":{\"@id\":\"https:\\\/\\\/www.copealcoy.es\\\/es\\\/#\\\/schema\\\/person\\\/e777c87fa024e57d40170af9df39882c\"},\"breadcrumb\":{\"@id\":\"https:\\\/\\\/www.copealcoy.es\\\/es\\\/alcoy-y-nuestras-comarcas-recuperan-la-normalidad-tras-el-gran-apagon\\\/#breadcrumb\"},\"inLanguage\":\"es\",\"potentialAction\":[{\"@type\":\"ReadAction\",\"target\":[\"https:\\\/\\\/www.copealcoy.es\\\/es\\\/alcoy-y-nuestras-comarcas-recuperan-la-normalidad-tras-el-gran-apagon\\\/\"]}]},{\"@type\":\"ImageObject\",\"inLanguage\":\"es\",\"@id\":\"https:\\\/\\\/www.copealcoy.es\\\/es\\\/alcoy-y-nuestras-comarcas-recuperan-la-normalidad-tras-el-gran-apagon\\\/#primaryimage\",\"url\":\"https:\\\/\\\/www.copealcoy.es\\\/wp-content\\\/uploads\\\/2025\\\/04\\\/unnamed-1-40.jpg\",\"contentUrl\":\"https:\\\/\\\/www.copealcoy.es\\\/wp-content\\\/uploads\\\/2025\\\/04\\\/unnamed-1-40.jpg\",\"width\":1179,\"height\":793},{\"@type\":\"BreadcrumbList\",\"@id\":\"https:\\\/\\\/www.copealcoy.es\\\/es\\\/alcoy-y-nuestras-comarcas-recuperan-la-normalidad-tras-el-gran-apagon\\\/#breadcrumb\",\"itemListElement\":[{\"@type\":\"ListItem\",\"position\":1,\"name\":\"Portada\",\"item\":\"https:\\\/\\\/www.copealcoy.es\\\/es\\\/\"},{\"@type\":\"ListItem\",\"position\":2,\"name\":\"Alcoy y nuestras comarcas recuperan la normalidad tras el gran apag\u00f3n\"}]},{\"@type\":\"WebSite\",\"@id\":\"https:\\\/\\\/www.copealcoy.es\\\/es\\\/#website\",\"url\":\"https:\\\/\\\/www.copealcoy.es\\\/es\\\/\",\"name\":\"COPE Alcoy\",\"description\":\"Emisora COPE de radio local con emisi\u00f3n online. Pont de Sant Jordi 8-10 03803 Alcoy\",\"potentialAction\":[{\"@type\":\"SearchAction\",\"target\":{\"@type\":\"EntryPoint\",\"urlTemplate\":\"https:\\\/\\\/www.copealcoy.es\\\/es\\\/?s={search_term_string}\"},\"query-input\":{\"@type\":\"PropertyValueSpecification\",\"valueRequired\":true,\"valueName\":\"search_term_string\"}}],\"inLanguage\":\"es\"},{\"@type\":\"Person\",\"@id\":\"https:\\\/\\\/www.copealcoy.es\\\/es\\\/#\\\/schema\\\/person\\\/e777c87fa024e57d40170af9df39882c\",\"name\":\"Cope Alcoy\",\"image\":{\"@type\":\"ImageObject\",\"inLanguage\":\"es\",\"@id\":\"https:\\\/\\\/secure.gravatar.com\\\/avatar\\\/bb65d0283347e303893ba14f0692005417c1e0e690a325a4c5d8bb2b3943ee14?s=96&d=mm&r=g\",\"url\":\"https:\\\/\\\/secure.gravatar.com\\\/avatar\\\/bb65d0283347e303893ba14f0692005417c1e0e690a325a4c5d8bb2b3943ee14?s=96&d=mm&r=g\",\"contentUrl\":\"https:\\\/\\\/secure.gravatar.com\\\/avatar\\\/bb65d0283347e303893ba14f0692005417c1e0e690a325a4c5d8bb2b3943ee14?s=96&d=mm&r=g\",\"caption\":\"Cope Alcoy\"}}]}<\/script>\n<!-- \/ Yoast SEO plugin. -->","yoast_head_json":{"title":"Alcoy y nuestras comarcas recuperan la normalidad tras el gran apag\u00f3n - COPE Alcoy","robots":{"index":"index","follow":"follow","max-snippet":"max-snippet:-1","max-image-preview":"max-image-preview:large","max-video-preview":"max-video-preview:-1"},"canonical":"https:\/\/www.copealcoy.es\/es\/alcoy-y-nuestras-comarcas-recuperan-la-normalidad-tras-el-gran-apagon\/","og_locale":"es_ES","og_type":"article","og_title":"Alcoy y nuestras comarcas recuperan la normalidad tras el gran apag\u00f3n - COPE Alcoy","og_description":"Alcoy, junto con las poblaciones de las comarcas de L&#8217;Alcoi\u00e0 y El Comtat, tratan de recuperar la normalidad tras el...","og_url":"https:\/\/www.copealcoy.es\/es\/alcoy-y-nuestras-comarcas-recuperan-la-normalidad-tras-el-gran-apagon\/","og_site_name":"COPE Alcoy","article_published_time":"2025-04-29T14:21:00+00:00","article_modified_time":"2025-05-01T12:50:40+00:00","og_image":[{"width":1179,"height":793,"url":"https:\/\/www.copealcoy.es\/wp-content\/uploads\/2025\/04\/unnamed-1-40.jpg","type":"image\/jpeg"}],"author":"Cope Alcoy","twitter_misc":{"Escrito por":"Cope Alcoy","Tiempo de lectura":"4 minutos"},"schema":{"@context":"https:\/\/schema.org","@graph":[{"@type":"Article","@id":"https:\/\/www.copealcoy.es\/es\/alcoy-y-nuestras-comarcas-recuperan-la-normalidad-tras-el-gran-apagon\/#article","isPartOf":{"@id":"https:\/\/www.copealcoy.es\/es\/alcoy-y-nuestras-comarcas-recuperan-la-normalidad-tras-el-gran-apagon\/"},"author":{"name":"Cope Alcoy","@id":"https:\/\/www.copealcoy.es\/es\/#\/schema\/person\/e777c87fa024e57d40170af9df39882c"},"headline":"Alcoy y nuestras comarcas recuperan la normalidad tras el gran apag\u00f3n","datePublished":"2025-04-29T14:21:00+00:00","dateModified":"2025-05-01T12:50:40+00:00","mainEntityOfPage":{"@id":"https:\/\/www.copealcoy.es\/es\/alcoy-y-nuestras-comarcas-recuperan-la-normalidad-tras-el-gran-apagon\/"},"wordCount":712,"image":{"@id":"https:\/\/www.copealcoy.es\/es\/alcoy-y-nuestras-comarcas-recuperan-la-normalidad-tras-el-gran-apagon\/#primaryimage"},"thumbnailUrl":"https:\/\/www.copealcoy.es\/wp-content\/uploads\/2025\/04\/unnamed-1-40.jpg","keywords":["Alcoi\u00e0","Alcoy","apag\u00f3n","Comtat","normalidad","recuperaci\u00f3n"],"articleSection":["Actualidad","Noticias","Portada"],"inLanguage":"es"},{"@type":"WebPage","@id":"https:\/\/www.copealcoy.es\/es\/alcoy-y-nuestras-comarcas-recuperan-la-normalidad-tras-el-gran-apagon\/","url":"https:\/\/www.copealcoy.es\/es\/alcoy-y-nuestras-comarcas-recuperan-la-normalidad-tras-el-gran-apagon\/","name":"Alcoy y nuestras comarcas recuperan la normalidad tras el gran apag\u00f3n - COPE Alcoy","isPartOf":{"@id":"https:\/\/www.copealcoy.es\/es\/#website"},"primaryImageOfPage":{"@id":"https:\/\/www.copealcoy.es\/es\/alcoy-y-nuestras-comarcas-recuperan-la-normalidad-tras-el-gran-apagon\/#primaryimage"},"image":{"@id":"https:\/\/www.copealcoy.es\/es\/alcoy-y-nuestras-comarcas-recuperan-la-normalidad-tras-el-gran-apagon\/#primaryimage"},"thumbnailUrl":"https:\/\/www.copealcoy.es\/wp-content\/uploads\/2025\/04\/unnamed-1-40.jpg","datePublished":"2025-04-29T14:21:00+00:00","dateModified":"2025-05-01T12:50:40+00:00","author":{"@id":"https:\/\/www.copealcoy.es\/es\/#\/schema\/person\/e777c87fa024e57d40170af9df39882c"},"breadcrumb":{"@id":"https:\/\/www.copealcoy.es\/es\/alcoy-y-nuestras-comarcas-recuperan-la-normalidad-tras-el-gran-apagon\/#breadcrumb"},"inLanguage":"es","potentialAction":[{"@type":"ReadAction","target":["https:\/\/www.copealcoy.es\/es\/alcoy-y-nuestras-comarcas-recuperan-la-normalidad-tras-el-gran-apagon\/"]}]},{"@type":"ImageObject","inLanguage":"es","@id":"https:\/\/www.copealcoy.es\/es\/alcoy-y-nuestras-comarcas-recuperan-la-normalidad-tras-el-gran-apagon\/#primaryimage","url":"https:\/\/www.copealcoy.es\/wp-content\/uploads\/2025\/04\/unnamed-1-40.jpg","contentUrl":"https:\/\/www.copealcoy.es\/wp-content\/uploads\/2025\/04\/unnamed-1-40.jpg","width":1179,"height":793},{"@type":"BreadcrumbList","@id":"https:\/\/www.copealcoy.es\/es\/alcoy-y-nuestras-comarcas-recuperan-la-normalidad-tras-el-gran-apagon\/#breadcrumb","itemListElement":[{"@type":"ListItem","position":1,"name":"Portada","item":"https:\/\/www.copealcoy.es\/es\/"},{"@type":"ListItem","position":2,"name":"Alcoy y nuestras comarcas recuperan la normalidad tras el gran apag\u00f3n"}]},{"@type":"WebSite","@id":"https:\/\/www.copealcoy.es\/es\/#website","url":"https:\/\/www.copealcoy.es\/es\/","name":"COPE Alcoy","description":"Emisora COPE de radio local con emisi\u00f3n online. Pont de Sant Jordi 8-10 03803 Alcoy","potentialAction":[{"@type":"SearchAction","target":{"@type":"EntryPoint","urlTemplate":"https:\/\/www.copealcoy.es\/es\/?s={search_term_string}"},"query-input":{"@type":"PropertyValueSpecification","valueRequired":true,"valueName":"search_term_string"}}],"inLanguage":"es"},{"@type":"Person","@id":"https:\/\/www.copealcoy.es\/es\/#\/schema\/person\/e777c87fa024e57d40170af9df39882c","name":"Cope Alcoy","image":{"@type":"ImageObject","inLanguage":"es","@id":"https:\/\/secure.gravatar.com\/avatar\/bb65d0283347e303893ba14f0692005417c1e0e690a325a4c5d8bb2b3943ee14?s=96&d=mm&r=g","url":"https:\/\/secure.gravatar.com\/avatar\/bb65d0283347e303893ba14f0692005417c1e0e690a325a4c5d8bb2b3943ee14?s=96&d=mm&r=g","contentUrl":"https:\/\/secure.gravatar.com\/avatar\/bb65d0283347e303893ba14f0692005417c1e0e690a325a4c5d8bb2b3943ee14?s=96&d=mm&r=g","caption":"Cope Alcoy"}}]}},"_links":{"self":[{"href":"https:\/\/www.copealcoy.es\/es\/wp-json\/wp\/v2\/posts\/151280","targetHints":{"allow":["GET"]}}],"collection":[{"href":"https:\/\/www.copealcoy.es\/es\/wp-json\/wp\/v2\/posts"}],"about":[{"href":"https:\/\/www.copealcoy.es\/es\/wp-json\/wp\/v2\/types\/post"}],"author":[{"embeddable":true,"href":"https:\/\/www.copealcoy.es\/es\/wp-json\/wp\/v2\/users\/1"}],"replies":[{"embeddable":true,"href":"https:\/\/www.copealcoy.es\/es\/wp-json\/wp\/v2\/comments?post=151280"}],"version-history":[{"count":1,"href":"https:\/\/www.copealcoy.es\/es\/wp-json\/wp\/v2\/posts\/151280\/revisions"}],"predecessor-version":[{"id":151459,"href":"https:\/\/www.copealcoy.es\/es\/wp-json\/wp\/v2\/posts\/151280\/revisions\/151459"}],"wp:featuredmedia":[{"embeddable":true,"href":"https:\/\/www.copealcoy.es\/es\/wp-json\/wp\/v2\/media\/151277"}],"wp:attachment":[{"href":"https:\/\/www.copealcoy.es\/es\/wp-json\/wp\/v2\/media?parent=151280"}],"wp:term":[{"taxonomy":"category","embeddable":true,"href":"https:\/\/www.copealcoy.es\/es\/wp-json\/wp\/v2\/categories?post=151280"},{"taxonomy":"post_tag","embeddable":true,"href":"https:\/\/www.copealcoy.es\/es\/wp-json\/wp\/v2\/tags?post=151280"}],"curies":[{"name":"wp","href":"https:\/\/api.w.org\/{rel}","templated":true}]}}