{"id":151267,"date":"2025-04-28T23:59:46","date_gmt":"2025-04-28T22:59:46","guid":{"rendered":"https:\/\/www.copealcoy.es\/?p=151267"},"modified":"2025-05-01T13:45:16","modified_gmt":"2025-05-01T12:45:16","slug":"alcoy-y-nuestras-comarcas-tambien-se-ven-afectadas-por-el-gran-apagon","status":"publish","type":"post","link":"https:\/\/www.copealcoy.es\/es\/alcoy-y-nuestras-comarcas-tambien-se-ven-afectadas-por-el-gran-apagon\/","title":{"rendered":"Alcoy y nuestras comarcas tambi\u00e9n se ven afectadas por el gran apag\u00f3n"},"content":{"rendered":"<p style=\"text-align: justify;\">Desde aproximadamente <strong>las 12:30h<\/strong> de la ma\u00f1ana\u00a0<strong>Espa\u00f1a se ha quedado sin suministro el\u00e9ctrico<\/strong>, un hecho sin precedentes que <strong>ha generado alarma y desconcierto<\/strong> entre la ciudadania. La totalidad de pueblos y ciudades\u00a0<strong>han estado durante gran parte del lunes 28 de abril sin luz<\/strong>\u00a0mientras <strong>desde el gobierno central<\/strong> se ha informado que\u00a0<em>\u201cno se descarta ninguna hip\u00f3tesis sobre lo que ha sucedido<\/em>\u201c, seg\u00fan ha afirmado el Presidente; <strong>Pedro S\u00e1nchez<\/strong>, en la comparecencia realizada pasadas las 22:00h.<\/p>\n<p style=\"text-align: justify;\">Desde el\u00a0<strong><span style=\"color: #0000ff;\"><a style=\"color: #0000ff;\" href=\"https:\/\/www.alcoi.org\/ca\/portal\/index.html\" target=\"_blank\" rel=\"noopener\" data-saferedirecturl=\"https:\/\/www.google.com\/url?q=https:\/\/www.alcoi.org\/ca\/portal\/index.html&amp;source=gmail&amp;ust=1746011844551000&amp;usg=AOvVaw1zTUWK7rCqJsssP5xsZkii\">Ayuntamiento de Alcoy<\/a>\u00a0<\/span><\/strong>se han adoptado<strong>\u00a0una serie de medidas<\/strong>\u00a0ante esta situaci\u00f3n y durante buena parte del d\u00eda la Polic\u00eda Local ha estado trabajando para controlar el tr\u00e1fico lanz\u00e1ndose la recomendaci\u00f3n de evitar circular con veh\u00edculos si no era estrictamente necesario.\u00a0 A media tarde, el Consistorio ha comunicado que\u00a0se suspend\u00edan los actos festivos para hoy\u00a0y que este martes\u00a0los centros educativos estar\u00e1n abiertos\u00a0con los servicios de comedor y transporte escolar funcionando, pero sin actividad lectiva. El apag\u00f3n <strong>ha dejado im\u00e1genes ins\u00f3litas<\/strong>, que no ve\u00edamos desde la pandemia, como\u00a0comercios cerrados\u00a0o colas en los supermercados ya que mucha gente ha querido abastecerse ante la incertidumbre de lo que pod\u00eda estar pasando.<\/p>\n<p style=\"text-align: justify;\">Desde los\u00a0Consistorios de la comarca\u00a0<strong>tambi\u00e9n han lanzado un mensaje de calma a los vecinos y vecinas<\/strong> a trav\u00e9s de las redes sociales o los medios de comunicaci\u00f3n. En\u00a0<strong>Cocentaina<\/strong>, por ejemplo, el Ayuntamiento ha reforzado la seguridad mientras durara el apag\u00f3n. El servicio\u00a0<strong>ha quedado restablecido<\/strong>\u00a0al filo de la media noche en casi todas las poblaciones.<\/p>\n","protected":false},"excerpt":{"rendered":"<p>Desde aproximadamente las 12:30h de la ma\u00f1ana\u00a0Espa\u00f1a se ha quedado sin suministro el\u00e9ctrico, un hecho sin precedentes que ha generado&#8230;<\/p>\n","protected":false},"author":1,"featured_media":151268,"comment_status":"closed","ping_status":"closed","sticky":false,"template":"","format":"standard","meta":{"footnotes":""},"categories":[6909,97,75,125],"tags":[482,1494,19500,237,19501],"class_list":["post-151267","post","type-post","status-publish","format-standard","has-post-thumbnail","hentry","category-actualidad","category-alcoy","category-noticias","category-portada","tag-alcoia","tag-alcoy","tag-apagon","tag-comtat","tag-servicio-electrico"],"yoast_head":"<!-- This site is optimized with the Yoast SEO plugin v27.3 - https:\/\/yoast.com\/product\/yoast-seo-wordpress\/ -->\n<title>Alcoy y nuestras comarcas tambi\u00e9n se ven afectadas por el gran apag\u00f3n - COPE Alcoy<\/title>\n<meta name=\"description\" content=\"Desde aproximadamente las 12:30h de la ma\u00f1ana\u00a0Espa\u00f1a se ha quedado sin suministro el\u00e9ctrico, un hecho sin precedentes que ha generado alarma y desconcierto entre la ciudadania\" \/>\n<meta name=\"robots\" content=\"index, follow, max-snippet:-1, max-image-preview:large, max-video-preview:-1\" \/>\n<link rel=\"canonical\" href=\"https:\/\/www.copealcoy.es\/es\/alcoy-y-nuestras-comarcas-tambien-se-ven-afectadas-por-el-gran-apagon\/\" \/>\n<meta property=\"og:locale\" content=\"es_ES\" \/>\n<meta property=\"og:type\" content=\"article\" \/>\n<meta property=\"og:title\" content=\"Alcoy y nuestras comarcas tambi\u00e9n se ven afectadas por el gran apag\u00f3n - COPE Alcoy\" \/>\n<meta property=\"og:description\" content=\"Desde aproximadamente las 12:30h de la ma\u00f1ana\u00a0Espa\u00f1a se ha quedado sin suministro el\u00e9ctrico, un hecho sin precedentes que ha generado alarma y desconcierto entre la ciudadania\" \/>\n<meta property=\"og:url\" content=\"https:\/\/www.copealcoy.es\/es\/alcoy-y-nuestras-comarcas-tambien-se-ven-afectadas-por-el-gran-apagon\/\" \/>\n<meta property=\"og:site_name\" content=\"COPE Alcoy\" \/>\n<meta property=\"article:published_time\" content=\"2025-04-28T22:59:46+00:00\" \/>\n<meta property=\"article:modified_time\" content=\"2025-05-01T12:45:16+00:00\" \/>\n<meta property=\"og:image\" content=\"https:\/\/www.copealcoy.es\/wp-content\/uploads\/2025\/04\/494140347_1275465741246162_4848037668134537990_n-e1746103507783.jpg\" \/>\n\t<meta property=\"og:image:width\" content=\"800\" \/>\n\t<meta property=\"og:image:height\" content=\"499\" \/>\n\t<meta property=\"og:image:type\" content=\"image\/jpeg\" \/>\n<meta name=\"author\" content=\"Cope Alcoy\" \/>\n<meta name=\"twitter:label1\" content=\"Escrito por\" \/>\n\t<meta name=\"twitter:data1\" content=\"Cope Alcoy\" \/>\n\t<meta name=\"twitter:label2\" content=\"Tiempo de lectura\" \/>\n\t<meta name=\"twitter:data2\" content=\"2 minutos\" \/>\n<script type=\"application\/ld+json\" class=\"yoast-schema-graph\">{\"@context\":\"https:\\\/\\\/schema.org\",\"@graph\":[{\"@type\":\"Article\",\"@id\":\"https:\\\/\\\/www.copealcoy.es\\\/es\\\/alcoy-y-nuestras-comarcas-tambien-se-ven-afectadas-por-el-gran-apagon\\\/#article\",\"isPartOf\":{\"@id\":\"https:\\\/\\\/www.copealcoy.es\\\/es\\\/alcoy-y-nuestras-comarcas-tambien-se-ven-afectadas-por-el-gran-apagon\\\/\"},\"author\":{\"name\":\"Cope Alcoy\",\"@id\":\"https:\\\/\\\/www.copealcoy.es\\\/es\\\/#\\\/schema\\\/person\\\/e777c87fa024e57d40170af9df39882c\"},\"headline\":\"Alcoy y nuestras comarcas tambi\u00e9n se ven afectadas por el gran apag\u00f3n\",\"datePublished\":\"2025-04-28T22:59:46+00:00\",\"dateModified\":\"2025-05-01T12:45:16+00:00\",\"mainEntityOfPage\":{\"@id\":\"https:\\\/\\\/www.copealcoy.es\\\/es\\\/alcoy-y-nuestras-comarcas-tambien-se-ven-afectadas-por-el-gran-apagon\\\/\"},\"wordCount\":291,\"image\":{\"@id\":\"https:\\\/\\\/www.copealcoy.es\\\/es\\\/alcoy-y-nuestras-comarcas-tambien-se-ven-afectadas-por-el-gran-apagon\\\/#primaryimage\"},\"thumbnailUrl\":\"https:\\\/\\\/www.copealcoy.es\\\/wp-content\\\/uploads\\\/2025\\\/04\\\/494140347_1275465741246162_4848037668134537990_n-e1746103507783.jpg\",\"keywords\":[\"Alcoi\u00e0\",\"Alcoy\",\"apag\u00f3n\",\"Comtat\",\"servicio el\u00e9ctrico\"],\"articleSection\":[\"Actualidad\",\"Alcoy\",\"Noticias\",\"Portada\"],\"inLanguage\":\"es\"},{\"@type\":\"WebPage\",\"@id\":\"https:\\\/\\\/www.copealcoy.es\\\/es\\\/alcoy-y-nuestras-comarcas-tambien-se-ven-afectadas-por-el-gran-apagon\\\/\",\"url\":\"https:\\\/\\\/www.copealcoy.es\\\/es\\\/alcoy-y-nuestras-comarcas-tambien-se-ven-afectadas-por-el-gran-apagon\\\/\",\"name\":\"Alcoy y nuestras comarcas tambi\u00e9n se ven afectadas por el gran apag\u00f3n - COPE Alcoy\",\"isPartOf\":{\"@id\":\"https:\\\/\\\/www.copealcoy.es\\\/es\\\/#website\"},\"primaryImageOfPage\":{\"@id\":\"https:\\\/\\\/www.copealcoy.es\\\/es\\\/alcoy-y-nuestras-comarcas-tambien-se-ven-afectadas-por-el-gran-apagon\\\/#primaryimage\"},\"image\":{\"@id\":\"https:\\\/\\\/www.copealcoy.es\\\/es\\\/alcoy-y-nuestras-comarcas-tambien-se-ven-afectadas-por-el-gran-apagon\\\/#primaryimage\"},\"thumbnailUrl\":\"https:\\\/\\\/www.copealcoy.es\\\/wp-content\\\/uploads\\\/2025\\\/04\\\/494140347_1275465741246162_4848037668134537990_n-e1746103507783.jpg\",\"datePublished\":\"2025-04-28T22:59:46+00:00\",\"dateModified\":\"2025-05-01T12:45:16+00:00\",\"author\":{\"@id\":\"https:\\\/\\\/www.copealcoy.es\\\/es\\\/#\\\/schema\\\/person\\\/e777c87fa024e57d40170af9df39882c\"},\"description\":\"Desde aproximadamente las 12:30h de la ma\u00f1ana\u00a0Espa\u00f1a se ha quedado sin suministro el\u00e9ctrico, un hecho sin precedentes que ha generado alarma y desconcierto entre la ciudadania\",\"breadcrumb\":{\"@id\":\"https:\\\/\\\/www.copealcoy.es\\\/es\\\/alcoy-y-nuestras-comarcas-tambien-se-ven-afectadas-por-el-gran-apagon\\\/#breadcrumb\"},\"inLanguage\":\"es\",\"potentialAction\":[{\"@type\":\"ReadAction\",\"target\":[\"https:\\\/\\\/www.copealcoy.es\\\/es\\\/alcoy-y-nuestras-comarcas-tambien-se-ven-afectadas-por-el-gran-apagon\\\/\"]}]},{\"@type\":\"ImageObject\",\"inLanguage\":\"es\",\"@id\":\"https:\\\/\\\/www.copealcoy.es\\\/es\\\/alcoy-y-nuestras-comarcas-tambien-se-ven-afectadas-por-el-gran-apagon\\\/#primaryimage\",\"url\":\"https:\\\/\\\/www.copealcoy.es\\\/wp-content\\\/uploads\\\/2025\\\/04\\\/494140347_1275465741246162_4848037668134537990_n-e1746103507783.jpg\",\"contentUrl\":\"https:\\\/\\\/www.copealcoy.es\\\/wp-content\\\/uploads\\\/2025\\\/04\\\/494140347_1275465741246162_4848037668134537990_n-e1746103507783.jpg\",\"width\":800,\"height\":499},{\"@type\":\"BreadcrumbList\",\"@id\":\"https:\\\/\\\/www.copealcoy.es\\\/es\\\/alcoy-y-nuestras-comarcas-tambien-se-ven-afectadas-por-el-gran-apagon\\\/#breadcrumb\",\"itemListElement\":[{\"@type\":\"ListItem\",\"position\":1,\"name\":\"Portada\",\"item\":\"https:\\\/\\\/www.copealcoy.es\\\/es\\\/\"},{\"@type\":\"ListItem\",\"position\":2,\"name\":\"Alcoy y nuestras comarcas tambi\u00e9n se ven afectadas por el gran apag\u00f3n\"}]},{\"@type\":\"WebSite\",\"@id\":\"https:\\\/\\\/www.copealcoy.es\\\/es\\\/#website\",\"url\":\"https:\\\/\\\/www.copealcoy.es\\\/es\\\/\",\"name\":\"COPE Alcoy\",\"description\":\"Emisora COPE de radio local con emisi\u00f3n online. Pont de Sant Jordi 8-10 03803 Alcoy\",\"potentialAction\":[{\"@type\":\"SearchAction\",\"target\":{\"@type\":\"EntryPoint\",\"urlTemplate\":\"https:\\\/\\\/www.copealcoy.es\\\/es\\\/?s={search_term_string}\"},\"query-input\":{\"@type\":\"PropertyValueSpecification\",\"valueRequired\":true,\"valueName\":\"search_term_string\"}}],\"inLanguage\":\"es\"},{\"@type\":\"Person\",\"@id\":\"https:\\\/\\\/www.copealcoy.es\\\/es\\\/#\\\/schema\\\/person\\\/e777c87fa024e57d40170af9df39882c\",\"name\":\"Cope Alcoy\",\"image\":{\"@type\":\"ImageObject\",\"inLanguage\":\"es\",\"@id\":\"https:\\\/\\\/secure.gravatar.com\\\/avatar\\\/bb65d0283347e303893ba14f0692005417c1e0e690a325a4c5d8bb2b3943ee14?s=96&d=mm&r=g\",\"url\":\"https:\\\/\\\/secure.gravatar.com\\\/avatar\\\/bb65d0283347e303893ba14f0692005417c1e0e690a325a4c5d8bb2b3943ee14?s=96&d=mm&r=g\",\"contentUrl\":\"https:\\\/\\\/secure.gravatar.com\\\/avatar\\\/bb65d0283347e303893ba14f0692005417c1e0e690a325a4c5d8bb2b3943ee14?s=96&d=mm&r=g\",\"caption\":\"Cope Alcoy\"}}]}<\/script>\n<!-- \/ Yoast SEO plugin. -->","yoast_head_json":{"title":"Alcoy y nuestras comarcas tambi\u00e9n se ven afectadas por el gran apag\u00f3n - COPE Alcoy","description":"Desde aproximadamente las 12:30h de la ma\u00f1ana\u00a0Espa\u00f1a se ha quedado sin suministro el\u00e9ctrico, un hecho sin precedentes que ha generado alarma y desconcierto entre la ciudadania","robots":{"index":"index","follow":"follow","max-snippet":"max-snippet:-1","max-image-preview":"max-image-preview:large","max-video-preview":"max-video-preview:-1"},"canonical":"https:\/\/www.copealcoy.es\/es\/alcoy-y-nuestras-comarcas-tambien-se-ven-afectadas-por-el-gran-apagon\/","og_locale":"es_ES","og_type":"article","og_title":"Alcoy y nuestras comarcas tambi\u00e9n se ven afectadas por el gran apag\u00f3n - COPE Alcoy","og_description":"Desde aproximadamente las 12:30h de la ma\u00f1ana\u00a0Espa\u00f1a se ha quedado sin suministro el\u00e9ctrico, un hecho sin precedentes que ha generado alarma y desconcierto entre la ciudadania","og_url":"https:\/\/www.copealcoy.es\/es\/alcoy-y-nuestras-comarcas-tambien-se-ven-afectadas-por-el-gran-apagon\/","og_site_name":"COPE Alcoy","article_published_time":"2025-04-28T22:59:46+00:00","article_modified_time":"2025-05-01T12:45:16+00:00","og_image":[{"width":800,"height":499,"url":"https:\/\/www.copealcoy.es\/wp-content\/uploads\/2025\/04\/494140347_1275465741246162_4848037668134537990_n-e1746103507783.jpg","type":"image\/jpeg"}],"author":"Cope Alcoy","twitter_misc":{"Escrito por":"Cope Alcoy","Tiempo de lectura":"2 minutos"},"schema":{"@context":"https:\/\/schema.org","@graph":[{"@type":"Article","@id":"https:\/\/www.copealcoy.es\/es\/alcoy-y-nuestras-comarcas-tambien-se-ven-afectadas-por-el-gran-apagon\/#article","isPartOf":{"@id":"https:\/\/www.copealcoy.es\/es\/alcoy-y-nuestras-comarcas-tambien-se-ven-afectadas-por-el-gran-apagon\/"},"author":{"name":"Cope Alcoy","@id":"https:\/\/www.copealcoy.es\/es\/#\/schema\/person\/e777c87fa024e57d40170af9df39882c"},"headline":"Alcoy y nuestras comarcas tambi\u00e9n se ven afectadas por el gran apag\u00f3n","datePublished":"2025-04-28T22:59:46+00:00","dateModified":"2025-05-01T12:45:16+00:00","mainEntityOfPage":{"@id":"https:\/\/www.copealcoy.es\/es\/alcoy-y-nuestras-comarcas-tambien-se-ven-afectadas-por-el-gran-apagon\/"},"wordCount":291,"image":{"@id":"https:\/\/www.copealcoy.es\/es\/alcoy-y-nuestras-comarcas-tambien-se-ven-afectadas-por-el-gran-apagon\/#primaryimage"},"thumbnailUrl":"https:\/\/www.copealcoy.es\/wp-content\/uploads\/2025\/04\/494140347_1275465741246162_4848037668134537990_n-e1746103507783.jpg","keywords":["Alcoi\u00e0","Alcoy","apag\u00f3n","Comtat","servicio el\u00e9ctrico"],"articleSection":["Actualidad","Alcoy","Noticias","Portada"],"inLanguage":"es"},{"@type":"WebPage","@id":"https:\/\/www.copealcoy.es\/es\/alcoy-y-nuestras-comarcas-tambien-se-ven-afectadas-por-el-gran-apagon\/","url":"https:\/\/www.copealcoy.es\/es\/alcoy-y-nuestras-comarcas-tambien-se-ven-afectadas-por-el-gran-apagon\/","name":"Alcoy y nuestras comarcas tambi\u00e9n se ven afectadas por el gran apag\u00f3n - COPE Alcoy","isPartOf":{"@id":"https:\/\/www.copealcoy.es\/es\/#website"},"primaryImageOfPage":{"@id":"https:\/\/www.copealcoy.es\/es\/alcoy-y-nuestras-comarcas-tambien-se-ven-afectadas-por-el-gran-apagon\/#primaryimage"},"image":{"@id":"https:\/\/www.copealcoy.es\/es\/alcoy-y-nuestras-comarcas-tambien-se-ven-afectadas-por-el-gran-apagon\/#primaryimage"},"thumbnailUrl":"https:\/\/www.copealcoy.es\/wp-content\/uploads\/2025\/04\/494140347_1275465741246162_4848037668134537990_n-e1746103507783.jpg","datePublished":"2025-04-28T22:59:46+00:00","dateModified":"2025-05-01T12:45:16+00:00","author":{"@id":"https:\/\/www.copealcoy.es\/es\/#\/schema\/person\/e777c87fa024e57d40170af9df39882c"},"description":"Desde aproximadamente las 12:30h de la ma\u00f1ana\u00a0Espa\u00f1a se ha quedado sin suministro el\u00e9ctrico, un hecho sin precedentes que ha generado alarma y desconcierto entre la ciudadania","breadcrumb":{"@id":"https:\/\/www.copealcoy.es\/es\/alcoy-y-nuestras-comarcas-tambien-se-ven-afectadas-por-el-gran-apagon\/#breadcrumb"},"inLanguage":"es","potentialAction":[{"@type":"ReadAction","target":["https:\/\/www.copealcoy.es\/es\/alcoy-y-nuestras-comarcas-tambien-se-ven-afectadas-por-el-gran-apagon\/"]}]},{"@type":"ImageObject","inLanguage":"es","@id":"https:\/\/www.copealcoy.es\/es\/alcoy-y-nuestras-comarcas-tambien-se-ven-afectadas-por-el-gran-apagon\/#primaryimage","url":"https:\/\/www.copealcoy.es\/wp-content\/uploads\/2025\/04\/494140347_1275465741246162_4848037668134537990_n-e1746103507783.jpg","contentUrl":"https:\/\/www.copealcoy.es\/wp-content\/uploads\/2025\/04\/494140347_1275465741246162_4848037668134537990_n-e1746103507783.jpg","width":800,"height":499},{"@type":"BreadcrumbList","@id":"https:\/\/www.copealcoy.es\/es\/alcoy-y-nuestras-comarcas-tambien-se-ven-afectadas-por-el-gran-apagon\/#breadcrumb","itemListElement":[{"@type":"ListItem","position":1,"name":"Portada","item":"https:\/\/www.copealcoy.es\/es\/"},{"@type":"ListItem","position":2,"name":"Alcoy y nuestras comarcas tambi\u00e9n se ven afectadas por el gran apag\u00f3n"}]},{"@type":"WebSite","@id":"https:\/\/www.copealcoy.es\/es\/#website","url":"https:\/\/www.copealcoy.es\/es\/","name":"COPE Alcoy","description":"Emisora COPE de radio local con emisi\u00f3n online. Pont de Sant Jordi 8-10 03803 Alcoy","potentialAction":[{"@type":"SearchAction","target":{"@type":"EntryPoint","urlTemplate":"https:\/\/www.copealcoy.es\/es\/?s={search_term_string}"},"query-input":{"@type":"PropertyValueSpecification","valueRequired":true,"valueName":"search_term_string"}}],"inLanguage":"es"},{"@type":"Person","@id":"https:\/\/www.copealcoy.es\/es\/#\/schema\/person\/e777c87fa024e57d40170af9df39882c","name":"Cope Alcoy","image":{"@type":"ImageObject","inLanguage":"es","@id":"https:\/\/secure.gravatar.com\/avatar\/bb65d0283347e303893ba14f0692005417c1e0e690a325a4c5d8bb2b3943ee14?s=96&d=mm&r=g","url":"https:\/\/secure.gravatar.com\/avatar\/bb65d0283347e303893ba14f0692005417c1e0e690a325a4c5d8bb2b3943ee14?s=96&d=mm&r=g","contentUrl":"https:\/\/secure.gravatar.com\/avatar\/bb65d0283347e303893ba14f0692005417c1e0e690a325a4c5d8bb2b3943ee14?s=96&d=mm&r=g","caption":"Cope Alcoy"}}]}},"_links":{"self":[{"href":"https:\/\/www.copealcoy.es\/es\/wp-json\/wp\/v2\/posts\/151267","targetHints":{"allow":["GET"]}}],"collection":[{"href":"https:\/\/www.copealcoy.es\/es\/wp-json\/wp\/v2\/posts"}],"about":[{"href":"https:\/\/www.copealcoy.es\/es\/wp-json\/wp\/v2\/types\/post"}],"author":[{"embeddable":true,"href":"https:\/\/www.copealcoy.es\/es\/wp-json\/wp\/v2\/users\/1"}],"replies":[{"embeddable":true,"href":"https:\/\/www.copealcoy.es\/es\/wp-json\/wp\/v2\/comments?post=151267"}],"version-history":[{"count":1,"href":"https:\/\/www.copealcoy.es\/es\/wp-json\/wp\/v2\/posts\/151267\/revisions"}],"predecessor-version":[{"id":151457,"href":"https:\/\/www.copealcoy.es\/es\/wp-json\/wp\/v2\/posts\/151267\/revisions\/151457"}],"wp:featuredmedia":[{"embeddable":true,"href":"https:\/\/www.copealcoy.es\/es\/wp-json\/wp\/v2\/media\/151268"}],"wp:attachment":[{"href":"https:\/\/www.copealcoy.es\/es\/wp-json\/wp\/v2\/media?parent=151267"}],"wp:term":[{"taxonomy":"category","embeddable":true,"href":"https:\/\/www.copealcoy.es\/es\/wp-json\/wp\/v2\/categories?post=151267"},{"taxonomy":"post_tag","embeddable":true,"href":"https:\/\/www.copealcoy.es\/es\/wp-json\/wp\/v2\/tags?post=151267"}],"curies":[{"name":"wp","href":"https:\/\/api.w.org\/{rel}","templated":true}]}}