{"id":15122,"date":"2015-08-19T18:44:36","date_gmt":"2015-08-19T18:44:36","guid":{"rendered":"http:\/\/copealcoi.es\/new\/?p=15122"},"modified":"2015-08-20T18:53:51","modified_gmt":"2015-08-20T18:53:51","slug":"emergencias-insta-a-eliminar-barreras-para-combatir-los-incendios-forestales","status":"publish","type":"post","link":"https:\/\/www.copealcoy.es\/es\/emergencias-insta-a-eliminar-barreras-para-combatir-los-incendios-forestales\/","title":{"rendered":"Emergencias insta a eliminar barreras para combatir los incendios forestales"},"content":{"rendered":"<p style=\"text-align: justify;\">El director general de la Agencia de Seguridad y Respuesta a las Emergencias, Jos\u00e9 Mar\u00eda \u00c1ngel, visit\u00f3 ayer\u00a0martes el Observatorio de la Font Roja de Alcoy y mantuvo un encuentro con las brigadas forestales anti incendios y con los representantes pol\u00edticos de la ciudad as\u00ed como de la comarca. \u00c1ngel se\u00f1al\u00f3 que las principales peticiones formuladas pasan por la mejora de equipamientos e infraestructuras para combatir de manera m\u00e1s efectiva y r\u00e1pida\u00a0los incendios. Por otra parte apunt\u00f3 que las divisiones territoriales como las provincias o t\u00e9rminos municipales no deben constituir una barrera a la hora de hacer frente a cualquier siniestro de estas caracter\u00edsticas.<\/p>\n<p style=\"text-align: justify;\">El director general de emergencias tambi\u00e9n se refiri\u00f3 a la campa\u00f1a estival y la defini\u00f3\u00a0como tranquila y satisfactoria aunque record\u00f3\u00a0que hay que estar siempre alerta. En este sentido resalt\u00f3 la importancia de la colaboraci\u00f3n entre las instituciones y administraciones para llevar a cabo las tareas de prevenci\u00f3n en una \u00e9poca del a\u00f1o, el verano, que se considera como la de mayor riesgo.<\/p>\n<p style=\"text-align: justify;\">Finalmente\u00a0Jos\u00e9 Mar\u00eda \u00c1ngel hizo un llamamiento a la colaboraci\u00f3n ciudadana para disfrutar de la naturaleza y mantener la conservaci\u00f3n de los montes para evitar que puedan originarse fuegos.<\/p>\n","protected":false},"excerpt":{"rendered":"<p>El director general de la Agencia de Seguridad y Respuesta a las Emergencias, Jos\u00e9 Mar\u00eda \u00c1ngel, visit\u00f3 ayer\u00a0martes el Observatorio&#8230;<\/p>\n","protected":false},"author":1,"featured_media":15123,"comment_status":"open","ping_status":"open","sticky":false,"template":"","format":"standard","meta":{"footnotes":""},"categories":[97,75,79],"tags":[1494,1350,437,1037],"class_list":["post-15122","post","type-post","status-publish","format-standard","has-post-thumbnail","hentry","category-alcoy","category-noticias","category-politicayeconomia","tag-alcoy","tag-emergencias","tag-font-roja","tag-incendios-forestales"],"yoast_head":"<!-- This site is optimized with the Yoast SEO plugin v27.3 - https:\/\/yoast.com\/product\/yoast-seo-wordpress\/ -->\n<title>Emergencias insta a eliminar barreras para combatir los incendios forestales - COPE Alcoy<\/title>\n<meta name=\"robots\" content=\"index, follow, max-snippet:-1, max-image-preview:large, max-video-preview:-1\" \/>\n<link rel=\"canonical\" href=\"https:\/\/www.copealcoy.es\/es\/emergencias-insta-a-eliminar-barreras-para-combatir-los-incendios-forestales\/\" \/>\n<meta property=\"og:locale\" content=\"es_ES\" \/>\n<meta property=\"og:type\" content=\"article\" \/>\n<meta property=\"og:title\" content=\"Emergencias insta a eliminar barreras para combatir los incendios forestales - COPE Alcoy\" \/>\n<meta property=\"og:description\" content=\"El director general de la Agencia de Seguridad y Respuesta a las Emergencias, Jos\u00e9 Mar\u00eda \u00c1ngel, visit\u00f3 ayer\u00a0martes el Observatorio...\" \/>\n<meta property=\"og:url\" content=\"https:\/\/www.copealcoy.es\/es\/emergencias-insta-a-eliminar-barreras-para-combatir-los-incendios-forestales\/\" \/>\n<meta property=\"og:site_name\" content=\"COPE Alcoy\" \/>\n<meta property=\"article:published_time\" content=\"2015-08-19T18:44:36+00:00\" \/>\n<meta property=\"article:modified_time\" content=\"2015-08-20T18:53:51+00:00\" \/>\n<meta property=\"og:image\" content=\"https:\/\/www.copealcoy.es\/wp-content\/uploads\/2015\/08\/11904091_10207787349429824_8644183068243379034_n.jpg\" \/>\n\t<meta property=\"og:image:width\" content=\"960\" \/>\n\t<meta property=\"og:image:height\" content=\"640\" \/>\n\t<meta property=\"og:image:type\" content=\"image\/jpeg\" \/>\n<meta name=\"author\" content=\"Cope Alcoy\" \/>\n<meta name=\"twitter:label1\" content=\"Escrito por\" \/>\n\t<meta name=\"twitter:data1\" content=\"Cope Alcoy\" \/>\n\t<meta name=\"twitter:label2\" content=\"Tiempo de lectura\" \/>\n\t<meta name=\"twitter:data2\" content=\"1 minuto\" \/>\n<script type=\"application\/ld+json\" class=\"yoast-schema-graph\">{\"@context\":\"https:\\\/\\\/schema.org\",\"@graph\":[{\"@type\":\"Article\",\"@id\":\"https:\\\/\\\/www.copealcoy.es\\\/es\\\/emergencias-insta-a-eliminar-barreras-para-combatir-los-incendios-forestales\\\/#article\",\"isPartOf\":{\"@id\":\"https:\\\/\\\/www.copealcoy.es\\\/es\\\/emergencias-insta-a-eliminar-barreras-para-combatir-los-incendios-forestales\\\/\"},\"author\":{\"name\":\"Cope Alcoy\",\"@id\":\"https:\\\/\\\/www.copealcoy.es\\\/es\\\/#\\\/schema\\\/person\\\/e777c87fa024e57d40170af9df39882c\"},\"headline\":\"Emergencias insta a eliminar barreras para combatir los incendios forestales\",\"datePublished\":\"2015-08-19T18:44:36+00:00\",\"dateModified\":\"2015-08-20T18:53:51+00:00\",\"mainEntityOfPage\":{\"@id\":\"https:\\\/\\\/www.copealcoy.es\\\/es\\\/emergencias-insta-a-eliminar-barreras-para-combatir-los-incendios-forestales\\\/\"},\"wordCount\":224,\"commentCount\":0,\"image\":{\"@id\":\"https:\\\/\\\/www.copealcoy.es\\\/es\\\/emergencias-insta-a-eliminar-barreras-para-combatir-los-incendios-forestales\\\/#primaryimage\"},\"thumbnailUrl\":\"https:\\\/\\\/www.copealcoy.es\\\/wp-content\\\/uploads\\\/2015\\\/08\\\/11904091_10207787349429824_8644183068243379034_n.jpg\",\"keywords\":[\"Alcoy\",\"emergencias\",\"Font Roja\",\"Incendios Forestales\"],\"articleSection\":[\"Alcoy\",\"Noticias\",\"Pol\u00edtica y Econom\u00eda\"],\"inLanguage\":\"es\"},{\"@type\":\"WebPage\",\"@id\":\"https:\\\/\\\/www.copealcoy.es\\\/es\\\/emergencias-insta-a-eliminar-barreras-para-combatir-los-incendios-forestales\\\/\",\"url\":\"https:\\\/\\\/www.copealcoy.es\\\/es\\\/emergencias-insta-a-eliminar-barreras-para-combatir-los-incendios-forestales\\\/\",\"name\":\"Emergencias insta a eliminar barreras para combatir los incendios forestales - COPE Alcoy\",\"isPartOf\":{\"@id\":\"https:\\\/\\\/www.copealcoy.es\\\/es\\\/#website\"},\"primaryImageOfPage\":{\"@id\":\"https:\\\/\\\/www.copealcoy.es\\\/es\\\/emergencias-insta-a-eliminar-barreras-para-combatir-los-incendios-forestales\\\/#primaryimage\"},\"image\":{\"@id\":\"https:\\\/\\\/www.copealcoy.es\\\/es\\\/emergencias-insta-a-eliminar-barreras-para-combatir-los-incendios-forestales\\\/#primaryimage\"},\"thumbnailUrl\":\"https:\\\/\\\/www.copealcoy.es\\\/wp-content\\\/uploads\\\/2015\\\/08\\\/11904091_10207787349429824_8644183068243379034_n.jpg\",\"datePublished\":\"2015-08-19T18:44:36+00:00\",\"dateModified\":\"2015-08-20T18:53:51+00:00\",\"author\":{\"@id\":\"https:\\\/\\\/www.copealcoy.es\\\/es\\\/#\\\/schema\\\/person\\\/e777c87fa024e57d40170af9df39882c\"},\"breadcrumb\":{\"@id\":\"https:\\\/\\\/www.copealcoy.es\\\/es\\\/emergencias-insta-a-eliminar-barreras-para-combatir-los-incendios-forestales\\\/#breadcrumb\"},\"inLanguage\":\"es\",\"potentialAction\":[{\"@type\":\"ReadAction\",\"target\":[\"https:\\\/\\\/www.copealcoy.es\\\/es\\\/emergencias-insta-a-eliminar-barreras-para-combatir-los-incendios-forestales\\\/\"]}]},{\"@type\":\"ImageObject\",\"inLanguage\":\"es\",\"@id\":\"https:\\\/\\\/www.copealcoy.es\\\/es\\\/emergencias-insta-a-eliminar-barreras-para-combatir-los-incendios-forestales\\\/#primaryimage\",\"url\":\"https:\\\/\\\/www.copealcoy.es\\\/wp-content\\\/uploads\\\/2015\\\/08\\\/11904091_10207787349429824_8644183068243379034_n.jpg\",\"contentUrl\":\"https:\\\/\\\/www.copealcoy.es\\\/wp-content\\\/uploads\\\/2015\\\/08\\\/11904091_10207787349429824_8644183068243379034_n.jpg\",\"width\":960,\"height\":640,\"caption\":\"El director en su visita a la Font Roja\"},{\"@type\":\"BreadcrumbList\",\"@id\":\"https:\\\/\\\/www.copealcoy.es\\\/es\\\/emergencias-insta-a-eliminar-barreras-para-combatir-los-incendios-forestales\\\/#breadcrumb\",\"itemListElement\":[{\"@type\":\"ListItem\",\"position\":1,\"name\":\"Portada\",\"item\":\"https:\\\/\\\/www.copealcoy.es\\\/es\\\/\"},{\"@type\":\"ListItem\",\"position\":2,\"name\":\"Emergencias insta a eliminar barreras para combatir los incendios forestales\"}]},{\"@type\":\"WebSite\",\"@id\":\"https:\\\/\\\/www.copealcoy.es\\\/es\\\/#website\",\"url\":\"https:\\\/\\\/www.copealcoy.es\\\/es\\\/\",\"name\":\"COPE Alcoy\",\"description\":\"Emisora COPE de radio local con emisi\u00f3n online. Pont de Sant Jordi 8-10 03803 Alcoy\",\"potentialAction\":[{\"@type\":\"SearchAction\",\"target\":{\"@type\":\"EntryPoint\",\"urlTemplate\":\"https:\\\/\\\/www.copealcoy.es\\\/es\\\/?s={search_term_string}\"},\"query-input\":{\"@type\":\"PropertyValueSpecification\",\"valueRequired\":true,\"valueName\":\"search_term_string\"}}],\"inLanguage\":\"es\"},{\"@type\":\"Person\",\"@id\":\"https:\\\/\\\/www.copealcoy.es\\\/es\\\/#\\\/schema\\\/person\\\/e777c87fa024e57d40170af9df39882c\",\"name\":\"Cope Alcoy\",\"image\":{\"@type\":\"ImageObject\",\"inLanguage\":\"es\",\"@id\":\"https:\\\/\\\/secure.gravatar.com\\\/avatar\\\/bb65d0283347e303893ba14f0692005417c1e0e690a325a4c5d8bb2b3943ee14?s=96&d=mm&r=g\",\"url\":\"https:\\\/\\\/secure.gravatar.com\\\/avatar\\\/bb65d0283347e303893ba14f0692005417c1e0e690a325a4c5d8bb2b3943ee14?s=96&d=mm&r=g\",\"contentUrl\":\"https:\\\/\\\/secure.gravatar.com\\\/avatar\\\/bb65d0283347e303893ba14f0692005417c1e0e690a325a4c5d8bb2b3943ee14?s=96&d=mm&r=g\",\"caption\":\"Cope Alcoy\"}}]}<\/script>\n<!-- \/ Yoast SEO plugin. -->","yoast_head_json":{"title":"Emergencias insta a eliminar barreras para combatir los incendios forestales - COPE Alcoy","robots":{"index":"index","follow":"follow","max-snippet":"max-snippet:-1","max-image-preview":"max-image-preview:large","max-video-preview":"max-video-preview:-1"},"canonical":"https:\/\/www.copealcoy.es\/es\/emergencias-insta-a-eliminar-barreras-para-combatir-los-incendios-forestales\/","og_locale":"es_ES","og_type":"article","og_title":"Emergencias insta a eliminar barreras para combatir los incendios forestales - COPE Alcoy","og_description":"El director general de la Agencia de Seguridad y Respuesta a las Emergencias, Jos\u00e9 Mar\u00eda \u00c1ngel, visit\u00f3 ayer\u00a0martes el Observatorio...","og_url":"https:\/\/www.copealcoy.es\/es\/emergencias-insta-a-eliminar-barreras-para-combatir-los-incendios-forestales\/","og_site_name":"COPE Alcoy","article_published_time":"2015-08-19T18:44:36+00:00","article_modified_time":"2015-08-20T18:53:51+00:00","og_image":[{"width":960,"height":640,"url":"https:\/\/www.copealcoy.es\/wp-content\/uploads\/2015\/08\/11904091_10207787349429824_8644183068243379034_n.jpg","type":"image\/jpeg"}],"author":"Cope Alcoy","twitter_misc":{"Escrito por":"Cope Alcoy","Tiempo de lectura":"1 minuto"},"schema":{"@context":"https:\/\/schema.org","@graph":[{"@type":"Article","@id":"https:\/\/www.copealcoy.es\/es\/emergencias-insta-a-eliminar-barreras-para-combatir-los-incendios-forestales\/#article","isPartOf":{"@id":"https:\/\/www.copealcoy.es\/es\/emergencias-insta-a-eliminar-barreras-para-combatir-los-incendios-forestales\/"},"author":{"name":"Cope Alcoy","@id":"https:\/\/www.copealcoy.es\/es\/#\/schema\/person\/e777c87fa024e57d40170af9df39882c"},"headline":"Emergencias insta a eliminar barreras para combatir los incendios forestales","datePublished":"2015-08-19T18:44:36+00:00","dateModified":"2015-08-20T18:53:51+00:00","mainEntityOfPage":{"@id":"https:\/\/www.copealcoy.es\/es\/emergencias-insta-a-eliminar-barreras-para-combatir-los-incendios-forestales\/"},"wordCount":224,"commentCount":0,"image":{"@id":"https:\/\/www.copealcoy.es\/es\/emergencias-insta-a-eliminar-barreras-para-combatir-los-incendios-forestales\/#primaryimage"},"thumbnailUrl":"https:\/\/www.copealcoy.es\/wp-content\/uploads\/2015\/08\/11904091_10207787349429824_8644183068243379034_n.jpg","keywords":["Alcoy","emergencias","Font Roja","Incendios Forestales"],"articleSection":["Alcoy","Noticias","Pol\u00edtica y Econom\u00eda"],"inLanguage":"es"},{"@type":"WebPage","@id":"https:\/\/www.copealcoy.es\/es\/emergencias-insta-a-eliminar-barreras-para-combatir-los-incendios-forestales\/","url":"https:\/\/www.copealcoy.es\/es\/emergencias-insta-a-eliminar-barreras-para-combatir-los-incendios-forestales\/","name":"Emergencias insta a eliminar barreras para combatir los incendios forestales - COPE Alcoy","isPartOf":{"@id":"https:\/\/www.copealcoy.es\/es\/#website"},"primaryImageOfPage":{"@id":"https:\/\/www.copealcoy.es\/es\/emergencias-insta-a-eliminar-barreras-para-combatir-los-incendios-forestales\/#primaryimage"},"image":{"@id":"https:\/\/www.copealcoy.es\/es\/emergencias-insta-a-eliminar-barreras-para-combatir-los-incendios-forestales\/#primaryimage"},"thumbnailUrl":"https:\/\/www.copealcoy.es\/wp-content\/uploads\/2015\/08\/11904091_10207787349429824_8644183068243379034_n.jpg","datePublished":"2015-08-19T18:44:36+00:00","dateModified":"2015-08-20T18:53:51+00:00","author":{"@id":"https:\/\/www.copealcoy.es\/es\/#\/schema\/person\/e777c87fa024e57d40170af9df39882c"},"breadcrumb":{"@id":"https:\/\/www.copealcoy.es\/es\/emergencias-insta-a-eliminar-barreras-para-combatir-los-incendios-forestales\/#breadcrumb"},"inLanguage":"es","potentialAction":[{"@type":"ReadAction","target":["https:\/\/www.copealcoy.es\/es\/emergencias-insta-a-eliminar-barreras-para-combatir-los-incendios-forestales\/"]}]},{"@type":"ImageObject","inLanguage":"es","@id":"https:\/\/www.copealcoy.es\/es\/emergencias-insta-a-eliminar-barreras-para-combatir-los-incendios-forestales\/#primaryimage","url":"https:\/\/www.copealcoy.es\/wp-content\/uploads\/2015\/08\/11904091_10207787349429824_8644183068243379034_n.jpg","contentUrl":"https:\/\/www.copealcoy.es\/wp-content\/uploads\/2015\/08\/11904091_10207787349429824_8644183068243379034_n.jpg","width":960,"height":640,"caption":"El director en su visita a la Font Roja"},{"@type":"BreadcrumbList","@id":"https:\/\/www.copealcoy.es\/es\/emergencias-insta-a-eliminar-barreras-para-combatir-los-incendios-forestales\/#breadcrumb","itemListElement":[{"@type":"ListItem","position":1,"name":"Portada","item":"https:\/\/www.copealcoy.es\/es\/"},{"@type":"ListItem","position":2,"name":"Emergencias insta a eliminar barreras para combatir los incendios forestales"}]},{"@type":"WebSite","@id":"https:\/\/www.copealcoy.es\/es\/#website","url":"https:\/\/www.copealcoy.es\/es\/","name":"COPE Alcoy","description":"Emisora COPE de radio local con emisi\u00f3n online. Pont de Sant Jordi 8-10 03803 Alcoy","potentialAction":[{"@type":"SearchAction","target":{"@type":"EntryPoint","urlTemplate":"https:\/\/www.copealcoy.es\/es\/?s={search_term_string}"},"query-input":{"@type":"PropertyValueSpecification","valueRequired":true,"valueName":"search_term_string"}}],"inLanguage":"es"},{"@type":"Person","@id":"https:\/\/www.copealcoy.es\/es\/#\/schema\/person\/e777c87fa024e57d40170af9df39882c","name":"Cope Alcoy","image":{"@type":"ImageObject","inLanguage":"es","@id":"https:\/\/secure.gravatar.com\/avatar\/bb65d0283347e303893ba14f0692005417c1e0e690a325a4c5d8bb2b3943ee14?s=96&d=mm&r=g","url":"https:\/\/secure.gravatar.com\/avatar\/bb65d0283347e303893ba14f0692005417c1e0e690a325a4c5d8bb2b3943ee14?s=96&d=mm&r=g","contentUrl":"https:\/\/secure.gravatar.com\/avatar\/bb65d0283347e303893ba14f0692005417c1e0e690a325a4c5d8bb2b3943ee14?s=96&d=mm&r=g","caption":"Cope Alcoy"}}]}},"_links":{"self":[{"href":"https:\/\/www.copealcoy.es\/es\/wp-json\/wp\/v2\/posts\/15122","targetHints":{"allow":["GET"]}}],"collection":[{"href":"https:\/\/www.copealcoy.es\/es\/wp-json\/wp\/v2\/posts"}],"about":[{"href":"https:\/\/www.copealcoy.es\/es\/wp-json\/wp\/v2\/types\/post"}],"author":[{"embeddable":true,"href":"https:\/\/www.copealcoy.es\/es\/wp-json\/wp\/v2\/users\/1"}],"replies":[{"embeddable":true,"href":"https:\/\/www.copealcoy.es\/es\/wp-json\/wp\/v2\/comments?post=15122"}],"version-history":[{"count":0,"href":"https:\/\/www.copealcoy.es\/es\/wp-json\/wp\/v2\/posts\/15122\/revisions"}],"wp:featuredmedia":[{"embeddable":true,"href":"https:\/\/www.copealcoy.es\/es\/wp-json\/wp\/v2\/media\/15123"}],"wp:attachment":[{"href":"https:\/\/www.copealcoy.es\/es\/wp-json\/wp\/v2\/media?parent=15122"}],"wp:term":[{"taxonomy":"category","embeddable":true,"href":"https:\/\/www.copealcoy.es\/es\/wp-json\/wp\/v2\/categories?post=15122"},{"taxonomy":"post_tag","embeddable":true,"href":"https:\/\/www.copealcoy.es\/es\/wp-json\/wp\/v2\/tags?post=15122"}],"curies":[{"name":"wp","href":"https:\/\/api.w.org\/{rel}","templated":true}]}}