{"id":151206,"date":"2025-04-21T12:24:17","date_gmt":"2025-04-21T11:24:17","guid":{"rendered":"https:\/\/www.copealcoy.es\/?p=151206"},"modified":"2025-04-26T13:00:04","modified_gmt":"2025-04-26T12:00:04","slug":"fallece-el-papa-francisco","status":"publish","type":"post","link":"https:\/\/www.copealcoy.es\/es\/fallece-el-papa-francisco\/","title":{"rendered":"Fallece el Papa Francisco"},"content":{"rendered":"<p style=\"text-align: justify;\">El Papa Francisco<strong> ha fallecido a las 7.35 horas de este Lunes de Pascua a los 88 a\u00f1os de edad<\/strong>. As\u00ed lo ha contado desde Roma, la corresponsal de COPE, Eva Fern\u00e1ndez. El fallecimiento\u00a0 se ha producido horas despu\u00e9s de verle por \u00faltima vez en la Plaza de San Pedro saludando desde el papam\u00f3vil a los 50.000 fieles que se hab\u00edan concentrado este Domingo de Resurrecci\u00f3n.<\/p>\n<p class=\"paragraph\" style=\"text-align: justify;\"><em>&#8220;Una vida dedicada al servicio del Se\u00f1or y de su Iglesia. Nos ense\u00f1\u00f3 a vivir los valores del Evangelio con fidelidad, valent\u00eda y amor universal, especialmente en favor de los m\u00e1s pobres y marginados&#8221;<\/em>, seg\u00fan reza el comunicado de la Santa Sede en la que <strong>se comunica<\/strong> su muerte.<\/p>\n<p style=\"text-align: justify;\"><span style=\"color: #0000ff;\"><strong>Jorge Mario Bergoglio, el Papa del fin del mundo<\/strong><\/span><\/p>\n<p class=\"paragraph\" style=\"text-align: justify;\"><em>\u201cFueron a buscarlo casi al fin del mundo\u201d<\/em><b>:<\/b>\u00a0con esta recurrente frase <strong>Jorge Mario Bergoglio daba inicio a su Pontificado<\/strong> tras ser elegido en quinta votaci\u00f3n durante el segundo d\u00eda de c\u00f3nclave.<\/p>\n<p class=\"paragraph\" style=\"text-align: justify;\"><b>Era el 13 de marzo de 2013,<\/b>\u00a0d\u00eda en el que la Iglesia abraz\u00f3 a su 266\u00ba Pont\u00edfice, el primer Sucesor de Pedro sudamericano y jesuita de la historia. Ni el propio cardenal Bergoglio imaginaba en ese momento un viaje a Roma sin billete de vuelta a Buenos Aires, de la que era su arzobispo.<\/p>\n<p style=\"text-align: justify;\"><span style=\"color: #0000ff;\"><strong>Los momentos m\u00e1s destacados de su pontificado<\/strong><\/span><\/p>\n<p style=\"text-align: justify;\"><strong>Doce a\u00f1os<\/strong> <strong>ocupando la C\u00e1tedra de Pedro<\/strong> han dado para mucho, con im\u00e1genes que han quedado para la historia de la Iglesia, como la bendici\u00f3n <em>Urbi et Orbi<\/em> que imparti\u00f3 en marzo de 2020 ante una Plaza de San Pedro vac\u00eda en plena pandemia del coronavirus o la \u00faltima despedida de su antecesor, Benedicto XVI, y una efem\u00e9ride muy especial para esta casa, la del 1 de septiembre de 2021, <strong><span style=\"color: #0000ff;\"><a style=\"color: #0000ff;\" href=\"https:\/\/www.cope.es\/programas\/herrera-en-cope\/audios\/confesion-francisco-carlos-herrera-sobre-le-gustaria-recordado-cobra-sentido-20250421_3098393.html\" target=\"_blank\" rel=\"noopener\" data-mrf-link=\"https:\/\/www.cope.es\/programas\/herrera-en-cope\/audios\/confesion-francisco-carlos-herrera-sobre-le-gustaria-recordado-cobra-sentido-20250421_3098393.html\">cuando por primera vez en la historia COPE entrevist\u00f3 a un papa.<\/a><\/span><\/strong><\/p>\n<p class=\"paragraph\" style=\"text-align: justify;\">Francisco ha dejado a lo largo de su Pontificado tres enc\u00edclicas: la primera,<span style=\"color: #333333;\"><a style=\"color: #333333;\" href=\"https:\/\/www.cope.es\/religion\/hoy-en-dia\/vaticano\/noticias\/lumen-fidei-primera-enciclica-del-papa-francisco-20130705_1874228\" target=\"_blank\" rel=\"noopener\" data-mrf-link=\"https:\/\/www.cope.es\/religion\/hoy-en-dia\/vaticano\/noticias\/lumen-fidei-primera-enciclica-del-papa-francisco-20130705_1874228\"> (<\/a><\/span><span style=\"color: #0000ff;\"><a style=\"color: #0000ff;\" href=\"https:\/\/www.cope.es\/religion\/hoy-en-dia\/vaticano\/noticias\/lumen-fidei-primera-enciclica-del-papa-francisco-20130705_1874228\" target=\"_blank\" rel=\"noopener\" data-mrf-link=\"https:\/\/www.cope.es\/religion\/hoy-en-dia\/vaticano\/noticias\/lumen-fidei-primera-enciclica-del-papa-francisco-20130705_1874228\">&#8216;<b>Lumen Fidei&#8217;<\/b><\/a><\/span><a href=\"https:\/\/www.cope.es\/religion\/hoy-en-dia\/vaticano\/noticias\/lumen-fidei-primera-enciclica-del-papa-francisco-20130705_1874228\" target=\"_blank\" rel=\"noopener\" data-mrf-link=\"https:\/\/www.cope.es\/religion\/hoy-en-dia\/vaticano\/noticias\/lumen-fidei-primera-enciclica-del-papa-francisco-20130705_1874228\"><b><span style=\"color: #333333;\">)\u00a0<\/span><\/b><\/a>completaba la iniciada por Joseph Ratzinger) donde el argentino pon\u00eda en el centro de su preocupaci\u00f3n dos de los problemas acuciantes que asolan al mundo de hoy, como son el cuidado del medio ambiente ante la emergencia clim\u00e1tica (<span style=\"color: #0000ff;\"><b><a style=\"color: #0000ff;\" href=\"https:\/\/www.cope.es\/religion\/hoy-en-dia\/iglesia-espanola\/documentos-cee\/noticias\/enciclica-laudato-del-papa-francisco-texto-integro-espanol-20150618_1781169\" target=\"_blank\" rel=\"noopener\" data-mrf-link=\"https:\/\/www.cope.es\/religion\/hoy-en-dia\/iglesia-espanola\/documentos-cee\/noticias\/enciclica-laudato-del-papa-francisco-texto-integro-espanol-20150618_1781169\">&#8216;Laudato SI&#8217;<\/a><\/b>)<\/span> y la llamada a la fraternidad para humanizar un sistema que favorece las desigualdades (<span style=\"color: #0000ff;\"><b><a style=\"color: #0000ff;\" href=\"https:\/\/www.cope.es\/religion\/hoy-en-dia\/vaticano\/noticias\/fratelli-tutti-fraternidad-debe-promoverse-solo-con-palabras-sino-con-hechos-20201004_1843993\" target=\"_blank\" rel=\"noopener\" data-mrf-link=\"https:\/\/www.cope.es\/religion\/hoy-en-dia\/vaticano\/noticias\/fratelli-tutti-fraternidad-debe-promoverse-solo-con-palabras-sino-con-hechos-20201004_1843993\">&#8216;Fratelli tutti&#8217;<\/a><\/b><\/span>).<\/p>\n<p class=\"paragraph\" style=\"text-align: justify;\">En sus discursos y homil\u00edas <strong>han sido recurrente<\/strong> sus proclamas en favor de la acogida de las personas migrantes; la denuncia de la cultura del descarte a los m\u00e1s vulnerables como ancianos o enfermos; las proclamas de la paz frente a las armas; la llamada a los j\u00f3venes a no resignarse a las injusticias y \u201chacer l\u00edo\u201d o hacer un uso \u00e9tico de las nuevas tecnolog\u00edas.<\/p>\n","protected":false},"excerpt":{"rendered":"<p>El Papa Francisco ha fallecido a las 7.35 horas de este Lunes de Pascua a los 88 a\u00f1os de edad&#8230;.<\/p>\n","protected":false},"author":1,"featured_media":151207,"comment_status":"closed","ping_status":"closed","sticky":false,"template":"","format":"standard","meta":{"footnotes":""},"categories":[6909,75,125],"tags":[5144,253,10459,19489],"class_list":["post-151206","post","type-post","status-publish","format-standard","has-post-thumbnail","hentry","category-actualidad","category-noticias","category-portada","tag-comunicado","tag-fallecimiento","tag-papa-francisco","tag-vaticano"],"yoast_head":"<!-- This site is optimized with the Yoast SEO plugin v27.3 - https:\/\/yoast.com\/product\/yoast-seo-wordpress\/ -->\n<title>Fallece el Papa Francisco - COPE Alcoy<\/title>\n<meta name=\"description\" content=\"El Papa Francisco ha fallecido a las 7.35 horas de este Lunes de Pascua a los 88 a\u00f1os de edad\" \/>\n<meta name=\"robots\" content=\"index, follow, max-snippet:-1, max-image-preview:large, max-video-preview:-1\" \/>\n<link rel=\"canonical\" href=\"https:\/\/www.copealcoy.es\/es\/fallece-el-papa-francisco\/\" \/>\n<meta property=\"og:locale\" content=\"es_ES\" \/>\n<meta property=\"og:type\" content=\"article\" \/>\n<meta property=\"og:title\" content=\"Fallece el Papa Francisco - COPE Alcoy\" \/>\n<meta property=\"og:description\" content=\"El Papa Francisco ha fallecido a las 7.35 horas de este Lunes de Pascua a los 88 a\u00f1os de edad\" \/>\n<meta property=\"og:url\" content=\"https:\/\/www.copealcoy.es\/es\/fallece-el-papa-francisco\/\" \/>\n<meta property=\"og:site_name\" content=\"COPE Alcoy\" \/>\n<meta property=\"article:published_time\" content=\"2025-04-21T11:24:17+00:00\" \/>\n<meta property=\"article:modified_time\" content=\"2025-04-26T12:00:04+00:00\" \/>\n<meta property=\"og:image\" content=\"https:\/\/www.copealcoy.es\/wp-content\/uploads\/2025\/04\/67b76c420f10d.webp\" \/>\n\t<meta property=\"og:image:width\" content=\"768\" \/>\n\t<meta property=\"og:image:height\" content=\"432\" \/>\n\t<meta property=\"og:image:type\" content=\"image\/webp\" \/>\n<meta name=\"author\" content=\"Cope Alcoy\" \/>\n<meta name=\"twitter:label1\" content=\"Escrito por\" \/>\n\t<meta name=\"twitter:data1\" content=\"Cope Alcoy\" \/>\n\t<meta name=\"twitter:label2\" content=\"Tiempo de lectura\" \/>\n\t<meta name=\"twitter:data2\" content=\"3 minutos\" \/>\n<script type=\"application\/ld+json\" class=\"yoast-schema-graph\">{\"@context\":\"https:\\\/\\\/schema.org\",\"@graph\":[{\"@type\":\"Article\",\"@id\":\"https:\\\/\\\/www.copealcoy.es\\\/es\\\/fallece-el-papa-francisco\\\/#article\",\"isPartOf\":{\"@id\":\"https:\\\/\\\/www.copealcoy.es\\\/es\\\/fallece-el-papa-francisco\\\/\"},\"author\":{\"name\":\"Cope Alcoy\",\"@id\":\"https:\\\/\\\/www.copealcoy.es\\\/es\\\/#\\\/schema\\\/person\\\/e777c87fa024e57d40170af9df39882c\"},\"headline\":\"Fallece el Papa Francisco\",\"datePublished\":\"2025-04-21T11:24:17+00:00\",\"dateModified\":\"2025-04-26T12:00:04+00:00\",\"mainEntityOfPage\":{\"@id\":\"https:\\\/\\\/www.copealcoy.es\\\/es\\\/fallece-el-papa-francisco\\\/\"},\"wordCount\":463,\"image\":{\"@id\":\"https:\\\/\\\/www.copealcoy.es\\\/es\\\/fallece-el-papa-francisco\\\/#primaryimage\"},\"thumbnailUrl\":\"https:\\\/\\\/www.copealcoy.es\\\/wp-content\\\/uploads\\\/2025\\\/04\\\/67b76c420f10d.webp\",\"keywords\":[\"comunicado\",\"Fallecimiento\",\"Papa Francisco\",\"Vaticano\"],\"articleSection\":[\"Actualidad\",\"Noticias\",\"Portada\"],\"inLanguage\":\"es\"},{\"@type\":\"WebPage\",\"@id\":\"https:\\\/\\\/www.copealcoy.es\\\/es\\\/fallece-el-papa-francisco\\\/\",\"url\":\"https:\\\/\\\/www.copealcoy.es\\\/es\\\/fallece-el-papa-francisco\\\/\",\"name\":\"Fallece el Papa Francisco - COPE Alcoy\",\"isPartOf\":{\"@id\":\"https:\\\/\\\/www.copealcoy.es\\\/es\\\/#website\"},\"primaryImageOfPage\":{\"@id\":\"https:\\\/\\\/www.copealcoy.es\\\/es\\\/fallece-el-papa-francisco\\\/#primaryimage\"},\"image\":{\"@id\":\"https:\\\/\\\/www.copealcoy.es\\\/es\\\/fallece-el-papa-francisco\\\/#primaryimage\"},\"thumbnailUrl\":\"https:\\\/\\\/www.copealcoy.es\\\/wp-content\\\/uploads\\\/2025\\\/04\\\/67b76c420f10d.webp\",\"datePublished\":\"2025-04-21T11:24:17+00:00\",\"dateModified\":\"2025-04-26T12:00:04+00:00\",\"author\":{\"@id\":\"https:\\\/\\\/www.copealcoy.es\\\/es\\\/#\\\/schema\\\/person\\\/e777c87fa024e57d40170af9df39882c\"},\"description\":\"El Papa Francisco ha fallecido a las 7.35 horas de este Lunes de Pascua a los 88 a\u00f1os de edad\",\"breadcrumb\":{\"@id\":\"https:\\\/\\\/www.copealcoy.es\\\/es\\\/fallece-el-papa-francisco\\\/#breadcrumb\"},\"inLanguage\":\"es\",\"potentialAction\":[{\"@type\":\"ReadAction\",\"target\":[\"https:\\\/\\\/www.copealcoy.es\\\/es\\\/fallece-el-papa-francisco\\\/\"]}]},{\"@type\":\"ImageObject\",\"inLanguage\":\"es\",\"@id\":\"https:\\\/\\\/www.copealcoy.es\\\/es\\\/fallece-el-papa-francisco\\\/#primaryimage\",\"url\":\"https:\\\/\\\/www.copealcoy.es\\\/wp-content\\\/uploads\\\/2025\\\/04\\\/67b76c420f10d.webp\",\"contentUrl\":\"https:\\\/\\\/www.copealcoy.es\\\/wp-content\\\/uploads\\\/2025\\\/04\\\/67b76c420f10d.webp\",\"width\":768,\"height\":432},{\"@type\":\"BreadcrumbList\",\"@id\":\"https:\\\/\\\/www.copealcoy.es\\\/es\\\/fallece-el-papa-francisco\\\/#breadcrumb\",\"itemListElement\":[{\"@type\":\"ListItem\",\"position\":1,\"name\":\"Portada\",\"item\":\"https:\\\/\\\/www.copealcoy.es\\\/es\\\/\"},{\"@type\":\"ListItem\",\"position\":2,\"name\":\"Fallece el Papa Francisco\"}]},{\"@type\":\"WebSite\",\"@id\":\"https:\\\/\\\/www.copealcoy.es\\\/es\\\/#website\",\"url\":\"https:\\\/\\\/www.copealcoy.es\\\/es\\\/\",\"name\":\"COPE Alcoy\",\"description\":\"Emisora COPE de radio local con emisi\u00f3n online. Pont de Sant Jordi 8-10 03803 Alcoy\",\"potentialAction\":[{\"@type\":\"SearchAction\",\"target\":{\"@type\":\"EntryPoint\",\"urlTemplate\":\"https:\\\/\\\/www.copealcoy.es\\\/es\\\/?s={search_term_string}\"},\"query-input\":{\"@type\":\"PropertyValueSpecification\",\"valueRequired\":true,\"valueName\":\"search_term_string\"}}],\"inLanguage\":\"es\"},{\"@type\":\"Person\",\"@id\":\"https:\\\/\\\/www.copealcoy.es\\\/es\\\/#\\\/schema\\\/person\\\/e777c87fa024e57d40170af9df39882c\",\"name\":\"Cope Alcoy\",\"image\":{\"@type\":\"ImageObject\",\"inLanguage\":\"es\",\"@id\":\"https:\\\/\\\/secure.gravatar.com\\\/avatar\\\/bb65d0283347e303893ba14f0692005417c1e0e690a325a4c5d8bb2b3943ee14?s=96&d=mm&r=g\",\"url\":\"https:\\\/\\\/secure.gravatar.com\\\/avatar\\\/bb65d0283347e303893ba14f0692005417c1e0e690a325a4c5d8bb2b3943ee14?s=96&d=mm&r=g\",\"contentUrl\":\"https:\\\/\\\/secure.gravatar.com\\\/avatar\\\/bb65d0283347e303893ba14f0692005417c1e0e690a325a4c5d8bb2b3943ee14?s=96&d=mm&r=g\",\"caption\":\"Cope Alcoy\"}}]}<\/script>\n<!-- \/ Yoast SEO plugin. -->","yoast_head_json":{"title":"Fallece el Papa Francisco - COPE Alcoy","description":"El Papa Francisco ha fallecido a las 7.35 horas de este Lunes de Pascua a los 88 a\u00f1os de edad","robots":{"index":"index","follow":"follow","max-snippet":"max-snippet:-1","max-image-preview":"max-image-preview:large","max-video-preview":"max-video-preview:-1"},"canonical":"https:\/\/www.copealcoy.es\/es\/fallece-el-papa-francisco\/","og_locale":"es_ES","og_type":"article","og_title":"Fallece el Papa Francisco - COPE Alcoy","og_description":"El Papa Francisco ha fallecido a las 7.35 horas de este Lunes de Pascua a los 88 a\u00f1os de edad","og_url":"https:\/\/www.copealcoy.es\/es\/fallece-el-papa-francisco\/","og_site_name":"COPE Alcoy","article_published_time":"2025-04-21T11:24:17+00:00","article_modified_time":"2025-04-26T12:00:04+00:00","og_image":[{"width":768,"height":432,"url":"https:\/\/www.copealcoy.es\/wp-content\/uploads\/2025\/04\/67b76c420f10d.webp","type":"image\/webp"}],"author":"Cope Alcoy","twitter_misc":{"Escrito por":"Cope Alcoy","Tiempo de lectura":"3 minutos"},"schema":{"@context":"https:\/\/schema.org","@graph":[{"@type":"Article","@id":"https:\/\/www.copealcoy.es\/es\/fallece-el-papa-francisco\/#article","isPartOf":{"@id":"https:\/\/www.copealcoy.es\/es\/fallece-el-papa-francisco\/"},"author":{"name":"Cope Alcoy","@id":"https:\/\/www.copealcoy.es\/es\/#\/schema\/person\/e777c87fa024e57d40170af9df39882c"},"headline":"Fallece el Papa Francisco","datePublished":"2025-04-21T11:24:17+00:00","dateModified":"2025-04-26T12:00:04+00:00","mainEntityOfPage":{"@id":"https:\/\/www.copealcoy.es\/es\/fallece-el-papa-francisco\/"},"wordCount":463,"image":{"@id":"https:\/\/www.copealcoy.es\/es\/fallece-el-papa-francisco\/#primaryimage"},"thumbnailUrl":"https:\/\/www.copealcoy.es\/wp-content\/uploads\/2025\/04\/67b76c420f10d.webp","keywords":["comunicado","Fallecimiento","Papa Francisco","Vaticano"],"articleSection":["Actualidad","Noticias","Portada"],"inLanguage":"es"},{"@type":"WebPage","@id":"https:\/\/www.copealcoy.es\/es\/fallece-el-papa-francisco\/","url":"https:\/\/www.copealcoy.es\/es\/fallece-el-papa-francisco\/","name":"Fallece el Papa Francisco - COPE Alcoy","isPartOf":{"@id":"https:\/\/www.copealcoy.es\/es\/#website"},"primaryImageOfPage":{"@id":"https:\/\/www.copealcoy.es\/es\/fallece-el-papa-francisco\/#primaryimage"},"image":{"@id":"https:\/\/www.copealcoy.es\/es\/fallece-el-papa-francisco\/#primaryimage"},"thumbnailUrl":"https:\/\/www.copealcoy.es\/wp-content\/uploads\/2025\/04\/67b76c420f10d.webp","datePublished":"2025-04-21T11:24:17+00:00","dateModified":"2025-04-26T12:00:04+00:00","author":{"@id":"https:\/\/www.copealcoy.es\/es\/#\/schema\/person\/e777c87fa024e57d40170af9df39882c"},"description":"El Papa Francisco ha fallecido a las 7.35 horas de este Lunes de Pascua a los 88 a\u00f1os de edad","breadcrumb":{"@id":"https:\/\/www.copealcoy.es\/es\/fallece-el-papa-francisco\/#breadcrumb"},"inLanguage":"es","potentialAction":[{"@type":"ReadAction","target":["https:\/\/www.copealcoy.es\/es\/fallece-el-papa-francisco\/"]}]},{"@type":"ImageObject","inLanguage":"es","@id":"https:\/\/www.copealcoy.es\/es\/fallece-el-papa-francisco\/#primaryimage","url":"https:\/\/www.copealcoy.es\/wp-content\/uploads\/2025\/04\/67b76c420f10d.webp","contentUrl":"https:\/\/www.copealcoy.es\/wp-content\/uploads\/2025\/04\/67b76c420f10d.webp","width":768,"height":432},{"@type":"BreadcrumbList","@id":"https:\/\/www.copealcoy.es\/es\/fallece-el-papa-francisco\/#breadcrumb","itemListElement":[{"@type":"ListItem","position":1,"name":"Portada","item":"https:\/\/www.copealcoy.es\/es\/"},{"@type":"ListItem","position":2,"name":"Fallece el Papa Francisco"}]},{"@type":"WebSite","@id":"https:\/\/www.copealcoy.es\/es\/#website","url":"https:\/\/www.copealcoy.es\/es\/","name":"COPE Alcoy","description":"Emisora COPE de radio local con emisi\u00f3n online. Pont de Sant Jordi 8-10 03803 Alcoy","potentialAction":[{"@type":"SearchAction","target":{"@type":"EntryPoint","urlTemplate":"https:\/\/www.copealcoy.es\/es\/?s={search_term_string}"},"query-input":{"@type":"PropertyValueSpecification","valueRequired":true,"valueName":"search_term_string"}}],"inLanguage":"es"},{"@type":"Person","@id":"https:\/\/www.copealcoy.es\/es\/#\/schema\/person\/e777c87fa024e57d40170af9df39882c","name":"Cope Alcoy","image":{"@type":"ImageObject","inLanguage":"es","@id":"https:\/\/secure.gravatar.com\/avatar\/bb65d0283347e303893ba14f0692005417c1e0e690a325a4c5d8bb2b3943ee14?s=96&d=mm&r=g","url":"https:\/\/secure.gravatar.com\/avatar\/bb65d0283347e303893ba14f0692005417c1e0e690a325a4c5d8bb2b3943ee14?s=96&d=mm&r=g","contentUrl":"https:\/\/secure.gravatar.com\/avatar\/bb65d0283347e303893ba14f0692005417c1e0e690a325a4c5d8bb2b3943ee14?s=96&d=mm&r=g","caption":"Cope Alcoy"}}]}},"_links":{"self":[{"href":"https:\/\/www.copealcoy.es\/es\/wp-json\/wp\/v2\/posts\/151206","targetHints":{"allow":["GET"]}}],"collection":[{"href":"https:\/\/www.copealcoy.es\/es\/wp-json\/wp\/v2\/posts"}],"about":[{"href":"https:\/\/www.copealcoy.es\/es\/wp-json\/wp\/v2\/types\/post"}],"author":[{"embeddable":true,"href":"https:\/\/www.copealcoy.es\/es\/wp-json\/wp\/v2\/users\/1"}],"replies":[{"embeddable":true,"href":"https:\/\/www.copealcoy.es\/es\/wp-json\/wp\/v2\/comments?post=151206"}],"version-history":[{"count":0,"href":"https:\/\/www.copealcoy.es\/es\/wp-json\/wp\/v2\/posts\/151206\/revisions"}],"wp:featuredmedia":[{"embeddable":true,"href":"https:\/\/www.copealcoy.es\/es\/wp-json\/wp\/v2\/media\/151207"}],"wp:attachment":[{"href":"https:\/\/www.copealcoy.es\/es\/wp-json\/wp\/v2\/media?parent=151206"}],"wp:term":[{"taxonomy":"category","embeddable":true,"href":"https:\/\/www.copealcoy.es\/es\/wp-json\/wp\/v2\/categories?post=151206"},{"taxonomy":"post_tag","embeddable":true,"href":"https:\/\/www.copealcoy.es\/es\/wp-json\/wp\/v2\/tags?post=151206"}],"curies":[{"name":"wp","href":"https:\/\/api.w.org\/{rel}","templated":true}]}}