{"id":151179,"date":"2025-04-25T14:38:13","date_gmt":"2025-04-25T13:38:13","guid":{"rendered":"https:\/\/www.copealcoy.es\/?p=151179"},"modified":"2025-04-25T14:38:13","modified_gmt":"2025-04-25T13:38:13","slug":"alcoy-a-la-cabeza-de-la-provincia-en-endeudamiento-global","status":"publish","type":"post","link":"https:\/\/www.copealcoy.es\/es\/alcoy-a-la-cabeza-de-la-provincia-en-endeudamiento-global\/","title":{"rendered":"Alcoy, a la cabeza de la provincia en endeudamiento global"},"content":{"rendered":"<p style=\"text-align: justify;\">Alcoy se posiciona como <strong>el municipio de la provincia de Alicante con mayor deuda total<\/strong>, situ\u00e1ndose en tercer lugar en toda la Comunidad Valenciana, seg\u00fan los datos publicados por el Ministerio de Hacienda a fecha del 31 de diciembre de 2023. La cifra oficial revela que <strong>el <a href=\"https:\/\/www.alcoi.org\/ca\/portal\/index.html\" target=\"_blank\" rel=\"noopener\"><span style=\"color: #0000ff;\">Ayuntamiento de Alcoy<\/span><\/a> tiene una deuda viva superior a los 38 millones de euros<\/strong>, superando a otros municipios como Alicante, con 23 millones, y Benidorm, con 31,7 millones.<\/p>\n<p style=\"text-align: justify;\">El alcalde, <strong>Toni Franc\u00e9s<\/strong>, justificaba esta semana estos n\u00fameros se\u00f1alando que <strong>gran parte del endeudamiento responde a las inversiones realizadas<\/strong> con a fondos europeos. &#8220;<em>Hemos recibido muchos fondos europeos que requer\u00edan cofinanciaci\u00f3n municipal. Nos hemos endeudado para atraer inversiones mucho mayores que ese endeudamiento<\/em>&#8220;, afirm\u00f3. El primer edil tambi\u00e9n destac\u00f3 que <strong>algunas obras<\/strong>, como las obras de la Rosaleda, han encarecido los proyectos y obligado al ayuntamiento a asumir pr\u00e9stamos adicionales.\u00a0 El alcalde tambi\u00e9n resalt\u00f3 que <strong>actualmente la deuda representa un 53% del presupuesto municipal<\/strong>, muy por debajo del l\u00edmite del 75% establecido por el Ministerio.<\/p>\n<p><span style=\"color: #0000ff;\"><strong>El acusa a Franc\u00e9s de llevar Alcoy a la ruina<\/strong><\/span><\/p>\n<p style=\"text-align: justify;\">El Grupo Municipal del Partido Popular en Alcoy <strong>ha criticado duramente la gesti\u00f3n econ\u00f3mica<\/strong> del Gobierno Municipal, acus\u00e1ndolo de llevar a la ciudad a una situaci\u00f3n insostenible debido a un endeudamiento que supera los 38 millones de euros. Seg\u00fan los populares, esta deuda, justificada por el propio alcalde como resultado de fondos europeos, <strong>no se refleja en mejoras tangibles para los ciudadanos<\/strong> y evidencia una mala planificaci\u00f3n y un gasto sin justificaci\u00f3n.<\/p>\n<p style=\"text-align: justify;\">Desde el PP, <strong>Carlos Pastor<\/strong>, portavoz del grupo municipal, ha manifestado <strong>su preocupaci\u00f3n<\/strong> por las declaraciones del alcalde en la prensa local, donde minimiza la gravedad del endeudamiento y asegura que la situaci\u00f3n econ\u00f3mica del Ayuntamiento est\u00e1 saneada. Para los populares, estas afirmaciones son una &#8220;<em>burla<\/em>&#8221; a los alcoyanos y reflejan una gesti\u00f3n que solo ha conseguido aumentar la deuda municipal, elevar los impuestos y deteriorar la calidad de vida en la ciudad. El partido advierte que Alcoy se encuentra entre las ciudades m\u00e1s endeudadas de la provincia de Alicante y advierten que tanto PSPV como Comprom\u00eds est\u00e1n convirtiendo el consistorio en &#8220;m\u00e1quina de gastar dinero sin planificaci\u00f3n ni utilidad real, lo cual contribuye a un deterioro progresivo de nuestra ciudad&#8221;, manifiesta.<\/p>\n<p style=\"text-align: justify;\">Para el PP, <strong>Alcoy necesita un cambio urgente en su gesti\u00f3n<\/strong> para solucionar los problemas reales de la ciudad. Carlos Pastor concluye se\u00f1alando que &#8220;<em>Alcoy estar\u00eda en mejores condiciones si tuvi\u00e9ramos un alcalde que se preocupara por resolver los problemas de sus vecinos y no solo por justificar cifras econ\u00f3micas con excusas<\/em>&#8220;.<\/p>\n","protected":false},"excerpt":{"rendered":"<p>Alcoy se posiciona como el municipio de la provincia de Alicante con mayor deuda total, situ\u00e1ndose en tercer lugar en&#8230;<\/p>\n","protected":false},"author":1,"featured_media":76821,"comment_status":"closed","ping_status":"closed","sticky":false,"template":"","format":"standard","meta":{"footnotes":""},"categories":[6909,97,75,79],"tags":[1494,229,515,231,19481],"class_list":["post-151179","post","type-post","status-publish","format-standard","has-post-thumbnail","hentry","category-actualidad","category-alcoy","category-noticias","category-politicayeconomia","tag-alcoy","tag-ayuntamiento","tag-deuda","tag-gestion","tag-partido-populatr"],"yoast_head":"<!-- This site is optimized with the Yoast SEO plugin v27.3 - https:\/\/yoast.com\/product\/yoast-seo-wordpress\/ -->\n<title>Alcoy, a la cabeza de la provincia en endeudamiento global - COPE Alcoy<\/title>\n<meta name=\"description\" content=\"Alcoy se posiciona como el municipio de la provincia de Alicante con mayor deuda total, situ\u00e1ndose en tercer lugar en toda la Comunidad Valenciana, seg\u00fan los datos publicados por el Ministerio de Hacienda a fecha del 31 de diciembre de 2023\" \/>\n<meta name=\"robots\" content=\"index, follow, max-snippet:-1, max-image-preview:large, max-video-preview:-1\" \/>\n<link rel=\"canonical\" href=\"https:\/\/www.copealcoy.es\/es\/alcoy-a-la-cabeza-de-la-provincia-en-endeudamiento-global\/\" \/>\n<meta property=\"og:locale\" content=\"es_ES\" \/>\n<meta property=\"og:type\" content=\"article\" \/>\n<meta property=\"og:title\" content=\"Alcoy, a la cabeza de la provincia en endeudamiento global - COPE Alcoy\" \/>\n<meta property=\"og:description\" content=\"Alcoy se posiciona como el municipio de la provincia de Alicante con mayor deuda total, situ\u00e1ndose en tercer lugar en toda la Comunidad Valenciana, seg\u00fan los datos publicados por el Ministerio de Hacienda a fecha del 31 de diciembre de 2023\" \/>\n<meta property=\"og:url\" content=\"https:\/\/www.copealcoy.es\/es\/alcoy-a-la-cabeza-de-la-provincia-en-endeudamiento-global\/\" \/>\n<meta property=\"og:site_name\" content=\"COPE Alcoy\" \/>\n<meta property=\"article:published_time\" content=\"2025-04-25T13:38:13+00:00\" \/>\n<meta property=\"og:image\" content=\"https:\/\/www.copealcoy.es\/wp-content\/uploads\/2021\/08\/ajuntament-2-e1629909036832.jpg\" \/>\n\t<meta property=\"og:image:width\" content=\"960\" \/>\n\t<meta property=\"og:image:height\" content=\"532\" \/>\n\t<meta property=\"og:image:type\" content=\"image\/jpeg\" \/>\n<meta name=\"author\" content=\"Cope Alcoy\" \/>\n<meta name=\"twitter:label1\" content=\"Escrito por\" \/>\n\t<meta name=\"twitter:data1\" content=\"Cope Alcoy\" \/>\n\t<meta name=\"twitter:label2\" content=\"Tiempo de lectura\" \/>\n\t<meta name=\"twitter:data2\" content=\"3 minutos\" \/>\n<script type=\"application\/ld+json\" class=\"yoast-schema-graph\">{\"@context\":\"https:\\\/\\\/schema.org\",\"@graph\":[{\"@type\":\"Article\",\"@id\":\"https:\\\/\\\/www.copealcoy.es\\\/es\\\/alcoy-a-la-cabeza-de-la-provincia-en-endeudamiento-global\\\/#article\",\"isPartOf\":{\"@id\":\"https:\\\/\\\/www.copealcoy.es\\\/es\\\/alcoy-a-la-cabeza-de-la-provincia-en-endeudamiento-global\\\/\"},\"author\":{\"name\":\"Cope Alcoy\",\"@id\":\"https:\\\/\\\/www.copealcoy.es\\\/es\\\/#\\\/schema\\\/person\\\/e777c87fa024e57d40170af9df39882c\"},\"headline\":\"Alcoy, a la cabeza de la provincia en endeudamiento global\",\"datePublished\":\"2025-04-25T13:38:13+00:00\",\"mainEntityOfPage\":{\"@id\":\"https:\\\/\\\/www.copealcoy.es\\\/es\\\/alcoy-a-la-cabeza-de-la-provincia-en-endeudamiento-global\\\/\"},\"wordCount\":462,\"image\":{\"@id\":\"https:\\\/\\\/www.copealcoy.es\\\/es\\\/alcoy-a-la-cabeza-de-la-provincia-en-endeudamiento-global\\\/#primaryimage\"},\"thumbnailUrl\":\"https:\\\/\\\/www.copealcoy.es\\\/wp-content\\\/uploads\\\/2021\\\/08\\\/ajuntament-2-e1629909036832.jpg\",\"keywords\":[\"Alcoy\",\"Ayuntamiento\",\"Deuda\",\"Gesti\u00f3n\",\"Partido Populatr\"],\"articleSection\":[\"Actualidad\",\"Alcoy\",\"Noticias\",\"Pol\u00edtica y Econom\u00eda\"],\"inLanguage\":\"es\"},{\"@type\":\"WebPage\",\"@id\":\"https:\\\/\\\/www.copealcoy.es\\\/es\\\/alcoy-a-la-cabeza-de-la-provincia-en-endeudamiento-global\\\/\",\"url\":\"https:\\\/\\\/www.copealcoy.es\\\/es\\\/alcoy-a-la-cabeza-de-la-provincia-en-endeudamiento-global\\\/\",\"name\":\"Alcoy, a la cabeza de la provincia en endeudamiento global - COPE Alcoy\",\"isPartOf\":{\"@id\":\"https:\\\/\\\/www.copealcoy.es\\\/es\\\/#website\"},\"primaryImageOfPage\":{\"@id\":\"https:\\\/\\\/www.copealcoy.es\\\/es\\\/alcoy-a-la-cabeza-de-la-provincia-en-endeudamiento-global\\\/#primaryimage\"},\"image\":{\"@id\":\"https:\\\/\\\/www.copealcoy.es\\\/es\\\/alcoy-a-la-cabeza-de-la-provincia-en-endeudamiento-global\\\/#primaryimage\"},\"thumbnailUrl\":\"https:\\\/\\\/www.copealcoy.es\\\/wp-content\\\/uploads\\\/2021\\\/08\\\/ajuntament-2-e1629909036832.jpg\",\"datePublished\":\"2025-04-25T13:38:13+00:00\",\"author\":{\"@id\":\"https:\\\/\\\/www.copealcoy.es\\\/es\\\/#\\\/schema\\\/person\\\/e777c87fa024e57d40170af9df39882c\"},\"description\":\"Alcoy se posiciona como el municipio de la provincia de Alicante con mayor deuda total, situ\u00e1ndose en tercer lugar en toda la Comunidad Valenciana, seg\u00fan los datos publicados por el Ministerio de Hacienda a fecha del 31 de diciembre de 2023\",\"breadcrumb\":{\"@id\":\"https:\\\/\\\/www.copealcoy.es\\\/es\\\/alcoy-a-la-cabeza-de-la-provincia-en-endeudamiento-global\\\/#breadcrumb\"},\"inLanguage\":\"es\",\"potentialAction\":[{\"@type\":\"ReadAction\",\"target\":[\"https:\\\/\\\/www.copealcoy.es\\\/es\\\/alcoy-a-la-cabeza-de-la-provincia-en-endeudamiento-global\\\/\"]}]},{\"@type\":\"ImageObject\",\"inLanguage\":\"es\",\"@id\":\"https:\\\/\\\/www.copealcoy.es\\\/es\\\/alcoy-a-la-cabeza-de-la-provincia-en-endeudamiento-global\\\/#primaryimage\",\"url\":\"https:\\\/\\\/www.copealcoy.es\\\/wp-content\\\/uploads\\\/2021\\\/08\\\/ajuntament-2-e1629909036832.jpg\",\"contentUrl\":\"https:\\\/\\\/www.copealcoy.es\\\/wp-content\\\/uploads\\\/2021\\\/08\\\/ajuntament-2-e1629909036832.jpg\",\"width\":960,\"height\":532},{\"@type\":\"BreadcrumbList\",\"@id\":\"https:\\\/\\\/www.copealcoy.es\\\/es\\\/alcoy-a-la-cabeza-de-la-provincia-en-endeudamiento-global\\\/#breadcrumb\",\"itemListElement\":[{\"@type\":\"ListItem\",\"position\":1,\"name\":\"Portada\",\"item\":\"https:\\\/\\\/www.copealcoy.es\\\/es\\\/\"},{\"@type\":\"ListItem\",\"position\":2,\"name\":\"Alcoy, a la cabeza de la provincia en endeudamiento global\"}]},{\"@type\":\"WebSite\",\"@id\":\"https:\\\/\\\/www.copealcoy.es\\\/es\\\/#website\",\"url\":\"https:\\\/\\\/www.copealcoy.es\\\/es\\\/\",\"name\":\"COPE Alcoy\",\"description\":\"Emisora COPE de radio local con emisi\u00f3n online. Pont de Sant Jordi 8-10 03803 Alcoy\",\"potentialAction\":[{\"@type\":\"SearchAction\",\"target\":{\"@type\":\"EntryPoint\",\"urlTemplate\":\"https:\\\/\\\/www.copealcoy.es\\\/es\\\/?s={search_term_string}\"},\"query-input\":{\"@type\":\"PropertyValueSpecification\",\"valueRequired\":true,\"valueName\":\"search_term_string\"}}],\"inLanguage\":\"es\"},{\"@type\":\"Person\",\"@id\":\"https:\\\/\\\/www.copealcoy.es\\\/es\\\/#\\\/schema\\\/person\\\/e777c87fa024e57d40170af9df39882c\",\"name\":\"Cope Alcoy\",\"image\":{\"@type\":\"ImageObject\",\"inLanguage\":\"es\",\"@id\":\"https:\\\/\\\/secure.gravatar.com\\\/avatar\\\/bb65d0283347e303893ba14f0692005417c1e0e690a325a4c5d8bb2b3943ee14?s=96&d=mm&r=g\",\"url\":\"https:\\\/\\\/secure.gravatar.com\\\/avatar\\\/bb65d0283347e303893ba14f0692005417c1e0e690a325a4c5d8bb2b3943ee14?s=96&d=mm&r=g\",\"contentUrl\":\"https:\\\/\\\/secure.gravatar.com\\\/avatar\\\/bb65d0283347e303893ba14f0692005417c1e0e690a325a4c5d8bb2b3943ee14?s=96&d=mm&r=g\",\"caption\":\"Cope Alcoy\"}}]}<\/script>\n<!-- \/ Yoast SEO plugin. -->","yoast_head_json":{"title":"Alcoy, a la cabeza de la provincia en endeudamiento global - COPE Alcoy","description":"Alcoy se posiciona como el municipio de la provincia de Alicante con mayor deuda total, situ\u00e1ndose en tercer lugar en toda la Comunidad Valenciana, seg\u00fan los datos publicados por el Ministerio de Hacienda a fecha del 31 de diciembre de 2023","robots":{"index":"index","follow":"follow","max-snippet":"max-snippet:-1","max-image-preview":"max-image-preview:large","max-video-preview":"max-video-preview:-1"},"canonical":"https:\/\/www.copealcoy.es\/es\/alcoy-a-la-cabeza-de-la-provincia-en-endeudamiento-global\/","og_locale":"es_ES","og_type":"article","og_title":"Alcoy, a la cabeza de la provincia en endeudamiento global - COPE Alcoy","og_description":"Alcoy se posiciona como el municipio de la provincia de Alicante con mayor deuda total, situ\u00e1ndose en tercer lugar en toda la Comunidad Valenciana, seg\u00fan los datos publicados por el Ministerio de Hacienda a fecha del 31 de diciembre de 2023","og_url":"https:\/\/www.copealcoy.es\/es\/alcoy-a-la-cabeza-de-la-provincia-en-endeudamiento-global\/","og_site_name":"COPE Alcoy","article_published_time":"2025-04-25T13:38:13+00:00","og_image":[{"width":960,"height":532,"url":"https:\/\/www.copealcoy.es\/wp-content\/uploads\/2021\/08\/ajuntament-2-e1629909036832.jpg","type":"image\/jpeg"}],"author":"Cope Alcoy","twitter_misc":{"Escrito por":"Cope Alcoy","Tiempo de lectura":"3 minutos"},"schema":{"@context":"https:\/\/schema.org","@graph":[{"@type":"Article","@id":"https:\/\/www.copealcoy.es\/es\/alcoy-a-la-cabeza-de-la-provincia-en-endeudamiento-global\/#article","isPartOf":{"@id":"https:\/\/www.copealcoy.es\/es\/alcoy-a-la-cabeza-de-la-provincia-en-endeudamiento-global\/"},"author":{"name":"Cope Alcoy","@id":"https:\/\/www.copealcoy.es\/es\/#\/schema\/person\/e777c87fa024e57d40170af9df39882c"},"headline":"Alcoy, a la cabeza de la provincia en endeudamiento global","datePublished":"2025-04-25T13:38:13+00:00","mainEntityOfPage":{"@id":"https:\/\/www.copealcoy.es\/es\/alcoy-a-la-cabeza-de-la-provincia-en-endeudamiento-global\/"},"wordCount":462,"image":{"@id":"https:\/\/www.copealcoy.es\/es\/alcoy-a-la-cabeza-de-la-provincia-en-endeudamiento-global\/#primaryimage"},"thumbnailUrl":"https:\/\/www.copealcoy.es\/wp-content\/uploads\/2021\/08\/ajuntament-2-e1629909036832.jpg","keywords":["Alcoy","Ayuntamiento","Deuda","Gesti\u00f3n","Partido Populatr"],"articleSection":["Actualidad","Alcoy","Noticias","Pol\u00edtica y Econom\u00eda"],"inLanguage":"es"},{"@type":"WebPage","@id":"https:\/\/www.copealcoy.es\/es\/alcoy-a-la-cabeza-de-la-provincia-en-endeudamiento-global\/","url":"https:\/\/www.copealcoy.es\/es\/alcoy-a-la-cabeza-de-la-provincia-en-endeudamiento-global\/","name":"Alcoy, a la cabeza de la provincia en endeudamiento global - COPE Alcoy","isPartOf":{"@id":"https:\/\/www.copealcoy.es\/es\/#website"},"primaryImageOfPage":{"@id":"https:\/\/www.copealcoy.es\/es\/alcoy-a-la-cabeza-de-la-provincia-en-endeudamiento-global\/#primaryimage"},"image":{"@id":"https:\/\/www.copealcoy.es\/es\/alcoy-a-la-cabeza-de-la-provincia-en-endeudamiento-global\/#primaryimage"},"thumbnailUrl":"https:\/\/www.copealcoy.es\/wp-content\/uploads\/2021\/08\/ajuntament-2-e1629909036832.jpg","datePublished":"2025-04-25T13:38:13+00:00","author":{"@id":"https:\/\/www.copealcoy.es\/es\/#\/schema\/person\/e777c87fa024e57d40170af9df39882c"},"description":"Alcoy se posiciona como el municipio de la provincia de Alicante con mayor deuda total, situ\u00e1ndose en tercer lugar en toda la Comunidad Valenciana, seg\u00fan los datos publicados por el Ministerio de Hacienda a fecha del 31 de diciembre de 2023","breadcrumb":{"@id":"https:\/\/www.copealcoy.es\/es\/alcoy-a-la-cabeza-de-la-provincia-en-endeudamiento-global\/#breadcrumb"},"inLanguage":"es","potentialAction":[{"@type":"ReadAction","target":["https:\/\/www.copealcoy.es\/es\/alcoy-a-la-cabeza-de-la-provincia-en-endeudamiento-global\/"]}]},{"@type":"ImageObject","inLanguage":"es","@id":"https:\/\/www.copealcoy.es\/es\/alcoy-a-la-cabeza-de-la-provincia-en-endeudamiento-global\/#primaryimage","url":"https:\/\/www.copealcoy.es\/wp-content\/uploads\/2021\/08\/ajuntament-2-e1629909036832.jpg","contentUrl":"https:\/\/www.copealcoy.es\/wp-content\/uploads\/2021\/08\/ajuntament-2-e1629909036832.jpg","width":960,"height":532},{"@type":"BreadcrumbList","@id":"https:\/\/www.copealcoy.es\/es\/alcoy-a-la-cabeza-de-la-provincia-en-endeudamiento-global\/#breadcrumb","itemListElement":[{"@type":"ListItem","position":1,"name":"Portada","item":"https:\/\/www.copealcoy.es\/es\/"},{"@type":"ListItem","position":2,"name":"Alcoy, a la cabeza de la provincia en endeudamiento global"}]},{"@type":"WebSite","@id":"https:\/\/www.copealcoy.es\/es\/#website","url":"https:\/\/www.copealcoy.es\/es\/","name":"COPE Alcoy","description":"Emisora COPE de radio local con emisi\u00f3n online. Pont de Sant Jordi 8-10 03803 Alcoy","potentialAction":[{"@type":"SearchAction","target":{"@type":"EntryPoint","urlTemplate":"https:\/\/www.copealcoy.es\/es\/?s={search_term_string}"},"query-input":{"@type":"PropertyValueSpecification","valueRequired":true,"valueName":"search_term_string"}}],"inLanguage":"es"},{"@type":"Person","@id":"https:\/\/www.copealcoy.es\/es\/#\/schema\/person\/e777c87fa024e57d40170af9df39882c","name":"Cope Alcoy","image":{"@type":"ImageObject","inLanguage":"es","@id":"https:\/\/secure.gravatar.com\/avatar\/bb65d0283347e303893ba14f0692005417c1e0e690a325a4c5d8bb2b3943ee14?s=96&d=mm&r=g","url":"https:\/\/secure.gravatar.com\/avatar\/bb65d0283347e303893ba14f0692005417c1e0e690a325a4c5d8bb2b3943ee14?s=96&d=mm&r=g","contentUrl":"https:\/\/secure.gravatar.com\/avatar\/bb65d0283347e303893ba14f0692005417c1e0e690a325a4c5d8bb2b3943ee14?s=96&d=mm&r=g","caption":"Cope Alcoy"}}]}},"_links":{"self":[{"href":"https:\/\/www.copealcoy.es\/es\/wp-json\/wp\/v2\/posts\/151179","targetHints":{"allow":["GET"]}}],"collection":[{"href":"https:\/\/www.copealcoy.es\/es\/wp-json\/wp\/v2\/posts"}],"about":[{"href":"https:\/\/www.copealcoy.es\/es\/wp-json\/wp\/v2\/types\/post"}],"author":[{"embeddable":true,"href":"https:\/\/www.copealcoy.es\/es\/wp-json\/wp\/v2\/users\/1"}],"replies":[{"embeddable":true,"href":"https:\/\/www.copealcoy.es\/es\/wp-json\/wp\/v2\/comments?post=151179"}],"version-history":[{"count":0,"href":"https:\/\/www.copealcoy.es\/es\/wp-json\/wp\/v2\/posts\/151179\/revisions"}],"wp:featuredmedia":[{"embeddable":true,"href":"https:\/\/www.copealcoy.es\/es\/wp-json\/wp\/v2\/media\/76821"}],"wp:attachment":[{"href":"https:\/\/www.copealcoy.es\/es\/wp-json\/wp\/v2\/media?parent=151179"}],"wp:term":[{"taxonomy":"category","embeddable":true,"href":"https:\/\/www.copealcoy.es\/es\/wp-json\/wp\/v2\/categories?post=151179"},{"taxonomy":"post_tag","embeddable":true,"href":"https:\/\/www.copealcoy.es\/es\/wp-json\/wp\/v2\/tags?post=151179"}],"curies":[{"name":"wp","href":"https:\/\/api.w.org\/{rel}","templated":true}]}}