{"id":151098,"date":"2025-04-25T08:00:19","date_gmt":"2025-04-25T07:00:19","guid":{"rendered":"https:\/\/www.copealcoy.es\/?p=151098"},"modified":"2025-04-26T21:26:09","modified_gmt":"2025-04-26T20:26:09","slug":"la-festa-del-llibre-de-muro-supera-las-tres-decadas-asi-sera-la-30-edicion","status":"publish","type":"post","link":"https:\/\/www.copealcoy.es\/es\/la-festa-del-llibre-de-muro-supera-las-tres-decadas-asi-sera-la-30-edicion\/","title":{"rendered":"La &#8216;Festa del Llibre&#8217; de Muro supera las tres d\u00e9cadas. As\u00ed ser\u00e1 la 30 edici\u00f3n"},"content":{"rendered":"<p style=\"text-align: justify;\"><a href=\"https:\/\/www.vilademuro.net\/ajuntament-de-muro\/\" target=\"_blank\" rel=\"noopener\"><strong><span style=\"color: #0000ff;\">Muro<\/span><\/strong><\/a> ultima los preparativos para <strong>la celebraci\u00f3n de su tradicional \u2018Festa del Llibre\u2019<\/strong>, una cita que en esta ocasi\u00f3n alcanza su trig\u00e9sima edici\u00f3n y que llega con <strong>una programaci\u00f3n<\/strong> repleta de actividades culturales. El certamen tiene como lema \u201cEstima\u2019m entre lletres\u201d y s<strong>e llevar\u00e1 a cabo entre el 30 de mayo y el 8 de junio<\/strong> \u201c<em>queremos reivindicar la lectura como una forma de amar, crear cultura y conectar con la palabra escrita en todas sus formas. Adem\u00e1s, vamos a poner a en valor el importante trabajo que se ha hecho en Muro durante los \u00faltimos a\u00f1os a la hora de fomentar el h\u00e1bito lector<\/em>\u201d, explic\u00f3 esta semana durante la presentaci\u00f3n de esta cita el edil de Cultura; <strong>Fernando Pic\u00f3<\/strong>.<\/p>\n<p style=\"text-align: justify;\">Uno de los platos fuertes de esta \u2018Festa del llibre\u2019 ser\u00e1n <strong>las conferencias literarias<\/strong> en la Biblioteca Municipal Francesc de Paula Monblanch, que comenzar\u00e1n el viernes 30 de mayo con una actuaci\u00f3n po\u00e9tica a cargo de \u00c0ngels Gregori y Vict\u00f2ria Cremades titulada \u201cDos poetesses, una estrofa\u201d. Durante los d\u00edas siguientes pasar\u00e1n por Muro autores reconocidos como Juanjo Castell\u00f3, V\u00edctor del \u00c1rbol, Elia Barcel\u00f3 o Gioconda Belli, abordando temas diversos como la realidad social reflejada en la narrativa negra, los viajes literarios o la presencia femenina en la poes\u00eda. Debido al aforo limitado, todas las actividades requieren inscripci\u00f3n previa \u201c<em>nadie hablaba antes del fomento de la lectura cuando empezamos con esta aventura en los a\u00f1os 80, pero lo hicimos. Creamos un espacio donde los libros son vida y todos tienen cabida. Y como resultado a ese esfuerzo, ha surgido tambi\u00e9n esta Festa del Llibre ya supera con \u00e9xito tres d\u00e9cadas<\/em>\u201d, se\u00f1al\u00f3 <strong>Carmina Prats<\/strong>; al frente de la Biblioteca murera.<\/p>\n<p style=\"text-align: justify;\">El programa <strong>incluye<\/strong>, adem\u00e1s, actividades familiares como juegos infantiles, premios literarios para ni\u00f1os y j\u00f3venes, una muestra de librer\u00edas locales y conciertos como el de Factoria de Sons. La \u2018Festa del Llibre\u2019 <strong>culminar\u00e1<\/strong> el s\u00e1bado 7 de junio con la obra teatral \u201cGermans\u201d, interpretada por Esclafit Teatre en el Centre Cultural Polivalent.<\/p>\n","protected":false},"excerpt":{"rendered":"<p>Muro ultima los preparativos para la celebraci\u00f3n de su tradicional \u2018Festa del Llibre\u2019, una cita que en esta ocasi\u00f3n alcanza&#8230;<\/p>\n","protected":false},"author":1,"featured_media":151099,"comment_status":"closed","ping_status":"closed","sticky":false,"template":"","format":"standard","meta":{"footnotes":""},"categories":[6909,98,75],"tags":[7670,1052,135,747],"class_list":["post-151098","post","type-post","status-publish","format-standard","has-post-thumbnail","hentry","category-actualidad","category-comarcas","category-noticias","tag-30-edicion","tag-festa-del-llibre","tag-muro","tag-programacion"],"yoast_head":"<!-- This site is optimized with the Yoast SEO plugin v27.3 - https:\/\/yoast.com\/product\/yoast-seo-wordpress\/ -->\n<title>La &#039;Festa del Llibre&#039; de Muro supera las tres d\u00e9cadas. As\u00ed ser\u00e1 la 30 edici\u00f3n - COPE Alcoy<\/title>\n<meta name=\"description\" content=\"Muro ultima los preparativos para la celebraci\u00f3n de su tradicional \u2018Festa del Llibre\u2019, una cita que en esta ocasi\u00f3n alcanza su trig\u00e9sima edici\u00f3n y que llega con una programaci\u00f3n repleta de actividades culturales\" \/>\n<meta name=\"robots\" content=\"index, follow, max-snippet:-1, max-image-preview:large, max-video-preview:-1\" \/>\n<link rel=\"canonical\" href=\"https:\/\/www.copealcoy.es\/es\/la-festa-del-llibre-de-muro-supera-las-tres-decadas-asi-sera-la-30-edicion\/\" \/>\n<meta property=\"og:locale\" content=\"es_ES\" \/>\n<meta property=\"og:type\" content=\"article\" \/>\n<meta property=\"og:title\" content=\"La &#039;Festa del Llibre&#039; de Muro supera las tres d\u00e9cadas. As\u00ed ser\u00e1 la 30 edici\u00f3n - COPE Alcoy\" \/>\n<meta property=\"og:description\" content=\"Muro ultima los preparativos para la celebraci\u00f3n de su tradicional \u2018Festa del Llibre\u2019, una cita que en esta ocasi\u00f3n alcanza su trig\u00e9sima edici\u00f3n y que llega con una programaci\u00f3n repleta de actividades culturales\" \/>\n<meta property=\"og:url\" content=\"https:\/\/www.copealcoy.es\/es\/la-festa-del-llibre-de-muro-supera-las-tres-decadas-asi-sera-la-30-edicion\/\" \/>\n<meta property=\"og:site_name\" content=\"COPE Alcoy\" \/>\n<meta property=\"article:published_time\" content=\"2025-04-25T07:00:19+00:00\" \/>\n<meta property=\"article:modified_time\" content=\"2025-04-26T20:26:09+00:00\" \/>\n<meta property=\"og:image\" content=\"https:\/\/www.copealcoy.es\/wp-content\/uploads\/2025\/04\/7-La-programacion-de-la-Festa-del-Llibre-se-dio-a-conocer-esta-misma-semana-Foto-Ajuntament-de-Muro-e1745698870807.jpg\" \/>\n\t<meta property=\"og:image:width\" content=\"781\" \/>\n\t<meta property=\"og:image:height\" content=\"358\" \/>\n\t<meta property=\"og:image:type\" content=\"image\/jpeg\" \/>\n<meta name=\"author\" content=\"Cope Alcoy\" \/>\n<meta name=\"twitter:label1\" content=\"Escrito por\" \/>\n\t<meta name=\"twitter:data1\" content=\"Cope Alcoy\" \/>\n\t<meta name=\"twitter:label2\" content=\"Tiempo de lectura\" \/>\n\t<meta name=\"twitter:data2\" content=\"3 minutos\" \/>\n<script type=\"application\/ld+json\" class=\"yoast-schema-graph\">{\"@context\":\"https:\\\/\\\/schema.org\",\"@graph\":[{\"@type\":\"Article\",\"@id\":\"https:\\\/\\\/www.copealcoy.es\\\/es\\\/la-festa-del-llibre-de-muro-supera-las-tres-decadas-asi-sera-la-30-edicion\\\/#article\",\"isPartOf\":{\"@id\":\"https:\\\/\\\/www.copealcoy.es\\\/es\\\/la-festa-del-llibre-de-muro-supera-las-tres-decadas-asi-sera-la-30-edicion\\\/\"},\"author\":{\"name\":\"Cope Alcoy\",\"@id\":\"https:\\\/\\\/www.copealcoy.es\\\/es\\\/#\\\/schema\\\/person\\\/e777c87fa024e57d40170af9df39882c\"},\"headline\":\"La &#8216;Festa del Llibre&#8217; de Muro supera las tres d\u00e9cadas. As\u00ed ser\u00e1 la 30 edici\u00f3n\",\"datePublished\":\"2025-04-25T07:00:19+00:00\",\"dateModified\":\"2025-04-26T20:26:09+00:00\",\"mainEntityOfPage\":{\"@id\":\"https:\\\/\\\/www.copealcoy.es\\\/es\\\/la-festa-del-llibre-de-muro-supera-las-tres-decadas-asi-sera-la-30-edicion\\\/\"},\"wordCount\":370,\"image\":{\"@id\":\"https:\\\/\\\/www.copealcoy.es\\\/es\\\/la-festa-del-llibre-de-muro-supera-las-tres-decadas-asi-sera-la-30-edicion\\\/#primaryimage\"},\"thumbnailUrl\":\"https:\\\/\\\/www.copealcoy.es\\\/wp-content\\\/uploads\\\/2025\\\/04\\\/7-La-programacion-de-la-Festa-del-Llibre-se-dio-a-conocer-esta-misma-semana-Foto-Ajuntament-de-Muro-e1745698870807.jpg\",\"keywords\":[\"30 edici\u00f3n\",\"Festa del Llibre\",\"Muro\",\"Programaci\u00f3n\"],\"articleSection\":[\"Actualidad\",\"Comarcas\",\"Noticias\"],\"inLanguage\":\"es\"},{\"@type\":\"WebPage\",\"@id\":\"https:\\\/\\\/www.copealcoy.es\\\/es\\\/la-festa-del-llibre-de-muro-supera-las-tres-decadas-asi-sera-la-30-edicion\\\/\",\"url\":\"https:\\\/\\\/www.copealcoy.es\\\/es\\\/la-festa-del-llibre-de-muro-supera-las-tres-decadas-asi-sera-la-30-edicion\\\/\",\"name\":\"La 'Festa del Llibre' de Muro supera las tres d\u00e9cadas. As\u00ed ser\u00e1 la 30 edici\u00f3n - COPE Alcoy\",\"isPartOf\":{\"@id\":\"https:\\\/\\\/www.copealcoy.es\\\/es\\\/#website\"},\"primaryImageOfPage\":{\"@id\":\"https:\\\/\\\/www.copealcoy.es\\\/es\\\/la-festa-del-llibre-de-muro-supera-las-tres-decadas-asi-sera-la-30-edicion\\\/#primaryimage\"},\"image\":{\"@id\":\"https:\\\/\\\/www.copealcoy.es\\\/es\\\/la-festa-del-llibre-de-muro-supera-las-tres-decadas-asi-sera-la-30-edicion\\\/#primaryimage\"},\"thumbnailUrl\":\"https:\\\/\\\/www.copealcoy.es\\\/wp-content\\\/uploads\\\/2025\\\/04\\\/7-La-programacion-de-la-Festa-del-Llibre-se-dio-a-conocer-esta-misma-semana-Foto-Ajuntament-de-Muro-e1745698870807.jpg\",\"datePublished\":\"2025-04-25T07:00:19+00:00\",\"dateModified\":\"2025-04-26T20:26:09+00:00\",\"author\":{\"@id\":\"https:\\\/\\\/www.copealcoy.es\\\/es\\\/#\\\/schema\\\/person\\\/e777c87fa024e57d40170af9df39882c\"},\"description\":\"Muro ultima los preparativos para la celebraci\u00f3n de su tradicional \u2018Festa del Llibre\u2019, una cita que en esta ocasi\u00f3n alcanza su trig\u00e9sima edici\u00f3n y que llega con una programaci\u00f3n repleta de actividades culturales\",\"breadcrumb\":{\"@id\":\"https:\\\/\\\/www.copealcoy.es\\\/es\\\/la-festa-del-llibre-de-muro-supera-las-tres-decadas-asi-sera-la-30-edicion\\\/#breadcrumb\"},\"inLanguage\":\"es\",\"potentialAction\":[{\"@type\":\"ReadAction\",\"target\":[\"https:\\\/\\\/www.copealcoy.es\\\/es\\\/la-festa-del-llibre-de-muro-supera-las-tres-decadas-asi-sera-la-30-edicion\\\/\"]}]},{\"@type\":\"ImageObject\",\"inLanguage\":\"es\",\"@id\":\"https:\\\/\\\/www.copealcoy.es\\\/es\\\/la-festa-del-llibre-de-muro-supera-las-tres-decadas-asi-sera-la-30-edicion\\\/#primaryimage\",\"url\":\"https:\\\/\\\/www.copealcoy.es\\\/wp-content\\\/uploads\\\/2025\\\/04\\\/7-La-programacion-de-la-Festa-del-Llibre-se-dio-a-conocer-esta-misma-semana-Foto-Ajuntament-de-Muro-e1745698870807.jpg\",\"contentUrl\":\"https:\\\/\\\/www.copealcoy.es\\\/wp-content\\\/uploads\\\/2025\\\/04\\\/7-La-programacion-de-la-Festa-del-Llibre-se-dio-a-conocer-esta-misma-semana-Foto-Ajuntament-de-Muro-e1745698870807.jpg\",\"width\":781,\"height\":358},{\"@type\":\"BreadcrumbList\",\"@id\":\"https:\\\/\\\/www.copealcoy.es\\\/es\\\/la-festa-del-llibre-de-muro-supera-las-tres-decadas-asi-sera-la-30-edicion\\\/#breadcrumb\",\"itemListElement\":[{\"@type\":\"ListItem\",\"position\":1,\"name\":\"Portada\",\"item\":\"https:\\\/\\\/www.copealcoy.es\\\/es\\\/\"},{\"@type\":\"ListItem\",\"position\":2,\"name\":\"La &#8216;Festa del Llibre&#8217; de Muro supera las tres d\u00e9cadas. As\u00ed ser\u00e1 la 30 edici\u00f3n\"}]},{\"@type\":\"WebSite\",\"@id\":\"https:\\\/\\\/www.copealcoy.es\\\/es\\\/#website\",\"url\":\"https:\\\/\\\/www.copealcoy.es\\\/es\\\/\",\"name\":\"COPE Alcoy\",\"description\":\"Emisora COPE de radio local con emisi\u00f3n online. Pont de Sant Jordi 8-10 03803 Alcoy\",\"potentialAction\":[{\"@type\":\"SearchAction\",\"target\":{\"@type\":\"EntryPoint\",\"urlTemplate\":\"https:\\\/\\\/www.copealcoy.es\\\/es\\\/?s={search_term_string}\"},\"query-input\":{\"@type\":\"PropertyValueSpecification\",\"valueRequired\":true,\"valueName\":\"search_term_string\"}}],\"inLanguage\":\"es\"},{\"@type\":\"Person\",\"@id\":\"https:\\\/\\\/www.copealcoy.es\\\/es\\\/#\\\/schema\\\/person\\\/e777c87fa024e57d40170af9df39882c\",\"name\":\"Cope Alcoy\",\"image\":{\"@type\":\"ImageObject\",\"inLanguage\":\"es\",\"@id\":\"https:\\\/\\\/secure.gravatar.com\\\/avatar\\\/bb65d0283347e303893ba14f0692005417c1e0e690a325a4c5d8bb2b3943ee14?s=96&d=mm&r=g\",\"url\":\"https:\\\/\\\/secure.gravatar.com\\\/avatar\\\/bb65d0283347e303893ba14f0692005417c1e0e690a325a4c5d8bb2b3943ee14?s=96&d=mm&r=g\",\"contentUrl\":\"https:\\\/\\\/secure.gravatar.com\\\/avatar\\\/bb65d0283347e303893ba14f0692005417c1e0e690a325a4c5d8bb2b3943ee14?s=96&d=mm&r=g\",\"caption\":\"Cope Alcoy\"}}]}<\/script>\n<!-- \/ Yoast SEO plugin. -->","yoast_head_json":{"title":"La 'Festa del Llibre' de Muro supera las tres d\u00e9cadas. As\u00ed ser\u00e1 la 30 edici\u00f3n - COPE Alcoy","description":"Muro ultima los preparativos para la celebraci\u00f3n de su tradicional \u2018Festa del Llibre\u2019, una cita que en esta ocasi\u00f3n alcanza su trig\u00e9sima edici\u00f3n y que llega con una programaci\u00f3n repleta de actividades culturales","robots":{"index":"index","follow":"follow","max-snippet":"max-snippet:-1","max-image-preview":"max-image-preview:large","max-video-preview":"max-video-preview:-1"},"canonical":"https:\/\/www.copealcoy.es\/es\/la-festa-del-llibre-de-muro-supera-las-tres-decadas-asi-sera-la-30-edicion\/","og_locale":"es_ES","og_type":"article","og_title":"La 'Festa del Llibre' de Muro supera las tres d\u00e9cadas. As\u00ed ser\u00e1 la 30 edici\u00f3n - COPE Alcoy","og_description":"Muro ultima los preparativos para la celebraci\u00f3n de su tradicional \u2018Festa del Llibre\u2019, una cita que en esta ocasi\u00f3n alcanza su trig\u00e9sima edici\u00f3n y que llega con una programaci\u00f3n repleta de actividades culturales","og_url":"https:\/\/www.copealcoy.es\/es\/la-festa-del-llibre-de-muro-supera-las-tres-decadas-asi-sera-la-30-edicion\/","og_site_name":"COPE Alcoy","article_published_time":"2025-04-25T07:00:19+00:00","article_modified_time":"2025-04-26T20:26:09+00:00","og_image":[{"width":781,"height":358,"url":"https:\/\/www.copealcoy.es\/wp-content\/uploads\/2025\/04\/7-La-programacion-de-la-Festa-del-Llibre-se-dio-a-conocer-esta-misma-semana-Foto-Ajuntament-de-Muro-e1745698870807.jpg","type":"image\/jpeg"}],"author":"Cope Alcoy","twitter_misc":{"Escrito por":"Cope Alcoy","Tiempo de lectura":"3 minutos"},"schema":{"@context":"https:\/\/schema.org","@graph":[{"@type":"Article","@id":"https:\/\/www.copealcoy.es\/es\/la-festa-del-llibre-de-muro-supera-las-tres-decadas-asi-sera-la-30-edicion\/#article","isPartOf":{"@id":"https:\/\/www.copealcoy.es\/es\/la-festa-del-llibre-de-muro-supera-las-tres-decadas-asi-sera-la-30-edicion\/"},"author":{"name":"Cope Alcoy","@id":"https:\/\/www.copealcoy.es\/es\/#\/schema\/person\/e777c87fa024e57d40170af9df39882c"},"headline":"La &#8216;Festa del Llibre&#8217; de Muro supera las tres d\u00e9cadas. As\u00ed ser\u00e1 la 30 edici\u00f3n","datePublished":"2025-04-25T07:00:19+00:00","dateModified":"2025-04-26T20:26:09+00:00","mainEntityOfPage":{"@id":"https:\/\/www.copealcoy.es\/es\/la-festa-del-llibre-de-muro-supera-las-tres-decadas-asi-sera-la-30-edicion\/"},"wordCount":370,"image":{"@id":"https:\/\/www.copealcoy.es\/es\/la-festa-del-llibre-de-muro-supera-las-tres-decadas-asi-sera-la-30-edicion\/#primaryimage"},"thumbnailUrl":"https:\/\/www.copealcoy.es\/wp-content\/uploads\/2025\/04\/7-La-programacion-de-la-Festa-del-Llibre-se-dio-a-conocer-esta-misma-semana-Foto-Ajuntament-de-Muro-e1745698870807.jpg","keywords":["30 edici\u00f3n","Festa del Llibre","Muro","Programaci\u00f3n"],"articleSection":["Actualidad","Comarcas","Noticias"],"inLanguage":"es"},{"@type":"WebPage","@id":"https:\/\/www.copealcoy.es\/es\/la-festa-del-llibre-de-muro-supera-las-tres-decadas-asi-sera-la-30-edicion\/","url":"https:\/\/www.copealcoy.es\/es\/la-festa-del-llibre-de-muro-supera-las-tres-decadas-asi-sera-la-30-edicion\/","name":"La 'Festa del Llibre' de Muro supera las tres d\u00e9cadas. As\u00ed ser\u00e1 la 30 edici\u00f3n - COPE Alcoy","isPartOf":{"@id":"https:\/\/www.copealcoy.es\/es\/#website"},"primaryImageOfPage":{"@id":"https:\/\/www.copealcoy.es\/es\/la-festa-del-llibre-de-muro-supera-las-tres-decadas-asi-sera-la-30-edicion\/#primaryimage"},"image":{"@id":"https:\/\/www.copealcoy.es\/es\/la-festa-del-llibre-de-muro-supera-las-tres-decadas-asi-sera-la-30-edicion\/#primaryimage"},"thumbnailUrl":"https:\/\/www.copealcoy.es\/wp-content\/uploads\/2025\/04\/7-La-programacion-de-la-Festa-del-Llibre-se-dio-a-conocer-esta-misma-semana-Foto-Ajuntament-de-Muro-e1745698870807.jpg","datePublished":"2025-04-25T07:00:19+00:00","dateModified":"2025-04-26T20:26:09+00:00","author":{"@id":"https:\/\/www.copealcoy.es\/es\/#\/schema\/person\/e777c87fa024e57d40170af9df39882c"},"description":"Muro ultima los preparativos para la celebraci\u00f3n de su tradicional \u2018Festa del Llibre\u2019, una cita que en esta ocasi\u00f3n alcanza su trig\u00e9sima edici\u00f3n y que llega con una programaci\u00f3n repleta de actividades culturales","breadcrumb":{"@id":"https:\/\/www.copealcoy.es\/es\/la-festa-del-llibre-de-muro-supera-las-tres-decadas-asi-sera-la-30-edicion\/#breadcrumb"},"inLanguage":"es","potentialAction":[{"@type":"ReadAction","target":["https:\/\/www.copealcoy.es\/es\/la-festa-del-llibre-de-muro-supera-las-tres-decadas-asi-sera-la-30-edicion\/"]}]},{"@type":"ImageObject","inLanguage":"es","@id":"https:\/\/www.copealcoy.es\/es\/la-festa-del-llibre-de-muro-supera-las-tres-decadas-asi-sera-la-30-edicion\/#primaryimage","url":"https:\/\/www.copealcoy.es\/wp-content\/uploads\/2025\/04\/7-La-programacion-de-la-Festa-del-Llibre-se-dio-a-conocer-esta-misma-semana-Foto-Ajuntament-de-Muro-e1745698870807.jpg","contentUrl":"https:\/\/www.copealcoy.es\/wp-content\/uploads\/2025\/04\/7-La-programacion-de-la-Festa-del-Llibre-se-dio-a-conocer-esta-misma-semana-Foto-Ajuntament-de-Muro-e1745698870807.jpg","width":781,"height":358},{"@type":"BreadcrumbList","@id":"https:\/\/www.copealcoy.es\/es\/la-festa-del-llibre-de-muro-supera-las-tres-decadas-asi-sera-la-30-edicion\/#breadcrumb","itemListElement":[{"@type":"ListItem","position":1,"name":"Portada","item":"https:\/\/www.copealcoy.es\/es\/"},{"@type":"ListItem","position":2,"name":"La &#8216;Festa del Llibre&#8217; de Muro supera las tres d\u00e9cadas. As\u00ed ser\u00e1 la 30 edici\u00f3n"}]},{"@type":"WebSite","@id":"https:\/\/www.copealcoy.es\/es\/#website","url":"https:\/\/www.copealcoy.es\/es\/","name":"COPE Alcoy","description":"Emisora COPE de radio local con emisi\u00f3n online. Pont de Sant Jordi 8-10 03803 Alcoy","potentialAction":[{"@type":"SearchAction","target":{"@type":"EntryPoint","urlTemplate":"https:\/\/www.copealcoy.es\/es\/?s={search_term_string}"},"query-input":{"@type":"PropertyValueSpecification","valueRequired":true,"valueName":"search_term_string"}}],"inLanguage":"es"},{"@type":"Person","@id":"https:\/\/www.copealcoy.es\/es\/#\/schema\/person\/e777c87fa024e57d40170af9df39882c","name":"Cope Alcoy","image":{"@type":"ImageObject","inLanguage":"es","@id":"https:\/\/secure.gravatar.com\/avatar\/bb65d0283347e303893ba14f0692005417c1e0e690a325a4c5d8bb2b3943ee14?s=96&d=mm&r=g","url":"https:\/\/secure.gravatar.com\/avatar\/bb65d0283347e303893ba14f0692005417c1e0e690a325a4c5d8bb2b3943ee14?s=96&d=mm&r=g","contentUrl":"https:\/\/secure.gravatar.com\/avatar\/bb65d0283347e303893ba14f0692005417c1e0e690a325a4c5d8bb2b3943ee14?s=96&d=mm&r=g","caption":"Cope Alcoy"}}]}},"_links":{"self":[{"href":"https:\/\/www.copealcoy.es\/es\/wp-json\/wp\/v2\/posts\/151098","targetHints":{"allow":["GET"]}}],"collection":[{"href":"https:\/\/www.copealcoy.es\/es\/wp-json\/wp\/v2\/posts"}],"about":[{"href":"https:\/\/www.copealcoy.es\/es\/wp-json\/wp\/v2\/types\/post"}],"author":[{"embeddable":true,"href":"https:\/\/www.copealcoy.es\/es\/wp-json\/wp\/v2\/users\/1"}],"replies":[{"embeddable":true,"href":"https:\/\/www.copealcoy.es\/es\/wp-json\/wp\/v2\/comments?post=151098"}],"version-history":[{"count":0,"href":"https:\/\/www.copealcoy.es\/es\/wp-json\/wp\/v2\/posts\/151098\/revisions"}],"wp:featuredmedia":[{"embeddable":true,"href":"https:\/\/www.copealcoy.es\/es\/wp-json\/wp\/v2\/media\/151099"}],"wp:attachment":[{"href":"https:\/\/www.copealcoy.es\/es\/wp-json\/wp\/v2\/media?parent=151098"}],"wp:term":[{"taxonomy":"category","embeddable":true,"href":"https:\/\/www.copealcoy.es\/es\/wp-json\/wp\/v2\/categories?post=151098"},{"taxonomy":"post_tag","embeddable":true,"href":"https:\/\/www.copealcoy.es\/es\/wp-json\/wp\/v2\/tags?post=151098"}],"curies":[{"name":"wp","href":"https:\/\/api.w.org\/{rel}","templated":true}]}}