{"id":151046,"date":"2025-04-23T15:27:55","date_gmt":"2025-04-23T14:27:55","guid":{"rendered":"https:\/\/www.copealcoy.es\/?p=151046"},"modified":"2025-04-23T15:39:46","modified_gmt":"2025-04-23T14:39:46","slug":"alcoy-homenajea-a-san-jorge-en-el-dia-de-su-festividad-liturgica","status":"publish","type":"post","link":"https:\/\/www.copealcoy.es\/es\/alcoy-homenajea-a-san-jorge-en-el-dia-de-su-festividad-liturgica\/","title":{"rendered":"Alcoy homenajea a San Jorge en el d\u00eda de su festividad lit\u00fargica"},"content":{"rendered":"<p style=\"text-align: justify;\">Alcoy conmemora este 23 de abril <strong>la festividad de su patr\u00f3n<\/strong>, <strong><a href=\"https:\/\/www.asjordi.org\/\" target=\"_blank\" rel=\"noopener\"><span style=\"color: #0000ff;\">San Jorge M\u00e1rtir<\/span><\/a>,<\/strong> en una jornada que <strong>mantiene un car\u00e1cter significativo para la ciudad<\/strong> a pesar de que este a\u00f1o no coincide con las Fiestas de Moros y Cristianos. Y es que, <strong>debido a que la Semana Santa ha ca\u00eddo tard\u00eda en el calendario<\/strong>, las celebraciones en su honor <strong>se han trasladado al primer fin de semana del mes de mayo<\/strong>.<\/p>\n<p style=\"text-align: justify;\">Durante esta ma\u00f1ana <strong>han sonado con fuerza las campanas<\/strong> en todos los templos alcoyanos, anunciando que es el D\u00eda de San Jorge, mientras que<strong> la iglesia del patr\u00f3n ha estado abierta en buena parte de la jornada<\/strong> facilitando las visitas al m\u00e1rtir en un d\u00eda tan especial. Adem\u00e1s, a las 10:30h, <strong>se ha oficiado la eucarist\u00eda matinal<\/strong> a la espera de los actos que tendr\u00e1n lugar esta tarde. Estos arrancar\u00e1n a las 19:30h con el inicio de l<strong>a procesi\u00f3n del traslado<\/strong> en la que <strong>se llevar\u00e1 la imagen de Sant Jordi &#8216;El Xicotet&#8217; hasta la parroquia de Santa Mar\u00eda<\/strong> para presidir all\u00ed los diferentes actos religiosos de los Moros y Cristianos &#8220;<em>y cuando lleguemos all\u00ed celebraremos la eucarist\u00eda en honor de nuestro santo patr\u00f3n estando oficiada la misma por nuestro vicario episcopal, que tambi\u00e9n es Alcoyano, Don V\u00edctor Camilo Bardisa<\/em>&#8220;, explicaba en COPE Alcoy <strong>Don Jes\u00fas Fuentes<\/strong>; Vicario de Sant Jordi. Tambi\u00e9n <strong>Don Camilo Bardisa<\/strong> nos ha contado que para \u00e9l supone una gran alegr\u00eda venir a Alcoy a participar en los actos religiosos en honor a San Jorge &#8220;<em>es un d\u00eda muy importante que debemos de tener siempre presente y una fecha como la de hoy es m\u00e1s que relevante para nuestra ciudad&#8221;<\/em>, indic\u00f3 en declaraciones a esta emisora.<\/p>\n<p style=\"text-align: justify;\">La jornada finalizar\u00e1 con <strong>el disparo de un castillo de fuegos artificiales<\/strong>. Ser\u00e1 pasadas las 21:00h, cuando anochezca, en la Plaza de Espa\u00f1a.<\/p>\n","protected":false},"excerpt":{"rendered":"<p>Alcoy conmemora este 23 de abril la festividad de su patr\u00f3n, San Jorge M\u00e1rtir, en una jornada que mantiene un&#8230;<\/p>\n","protected":false},"author":1,"featured_media":151048,"comment_status":"closed","ping_status":"closed","sticky":false,"template":"","format":"standard","meta":{"footnotes":""},"categories":[6909,97,78,75],"tags":[7517,1494,6997,876],"class_list":["post-151046","post","type-post","status-publish","format-standard","has-post-thumbnail","hentry","category-actualidad","category-alcoy","category-fiestaycultura","category-noticias","tag-23-de-abril","tag-alcoy","tag-festividad","tag-san-jorge"],"yoast_head":"<!-- This site is optimized with the Yoast SEO plugin v27.3 - https:\/\/yoast.com\/product\/yoast-seo-wordpress\/ -->\n<title>Alcoy homenajea a San Jorge en el d\u00eda de su festividad lit\u00fargica - COPE Alcoy<\/title>\n<meta name=\"description\" content=\"Alcoy conmemora este 23 de abril la festividad de su patr\u00f3n, San Jorge M\u00e1rtir, en una jornada que mantiene un car\u00e1cter significativo para la ciudad a pesar de que este a\u00f1o no coincide con las Fiestas de Moros y Cristianos\" \/>\n<meta name=\"robots\" content=\"index, follow, max-snippet:-1, max-image-preview:large, max-video-preview:-1\" \/>\n<link rel=\"canonical\" href=\"https:\/\/www.copealcoy.es\/es\/alcoy-homenajea-a-san-jorge-en-el-dia-de-su-festividad-liturgica\/\" \/>\n<meta property=\"og:locale\" content=\"es_ES\" \/>\n<meta property=\"og:type\" content=\"article\" \/>\n<meta property=\"og:title\" content=\"Alcoy homenajea a San Jorge en el d\u00eda de su festividad lit\u00fargica - COPE Alcoy\" \/>\n<meta property=\"og:description\" content=\"Alcoy conmemora este 23 de abril la festividad de su patr\u00f3n, San Jorge M\u00e1rtir, en una jornada que mantiene un car\u00e1cter significativo para la ciudad a pesar de que este a\u00f1o no coincide con las Fiestas de Moros y Cristianos\" \/>\n<meta property=\"og:url\" content=\"https:\/\/www.copealcoy.es\/es\/alcoy-homenajea-a-san-jorge-en-el-dia-de-su-festividad-liturgica\/\" \/>\n<meta property=\"og:site_name\" content=\"COPE Alcoy\" \/>\n<meta property=\"article:published_time\" content=\"2025-04-23T14:27:55+00:00\" \/>\n<meta property=\"article:modified_time\" content=\"2025-04-23T14:39:46+00:00\" \/>\n<meta property=\"og:image\" content=\"https:\/\/www.copealcoy.es\/wp-content\/uploads\/2025\/04\/unnamed-1-32.jpg\" \/>\n\t<meta property=\"og:image:width\" content=\"1152\" \/>\n\t<meta property=\"og:image:height\" content=\"801\" \/>\n\t<meta property=\"og:image:type\" content=\"image\/jpeg\" \/>\n<meta name=\"author\" content=\"Cope Alcoy\" \/>\n<meta name=\"twitter:label1\" content=\"Escrito por\" \/>\n\t<meta name=\"twitter:data1\" content=\"Cope Alcoy\" \/>\n\t<meta name=\"twitter:label2\" content=\"Tiempo de lectura\" \/>\n\t<meta name=\"twitter:data2\" content=\"2 minutos\" \/>\n<script type=\"application\/ld+json\" class=\"yoast-schema-graph\">{\"@context\":\"https:\\\/\\\/schema.org\",\"@graph\":[{\"@type\":\"Article\",\"@id\":\"https:\\\/\\\/www.copealcoy.es\\\/es\\\/alcoy-homenajea-a-san-jorge-en-el-dia-de-su-festividad-liturgica\\\/#article\",\"isPartOf\":{\"@id\":\"https:\\\/\\\/www.copealcoy.es\\\/es\\\/alcoy-homenajea-a-san-jorge-en-el-dia-de-su-festividad-liturgica\\\/\"},\"author\":{\"name\":\"Cope Alcoy\",\"@id\":\"https:\\\/\\\/www.copealcoy.es\\\/es\\\/#\\\/schema\\\/person\\\/e777c87fa024e57d40170af9df39882c\"},\"headline\":\"Alcoy homenajea a San Jorge en el d\u00eda de su festividad lit\u00fargica\",\"datePublished\":\"2025-04-23T14:27:55+00:00\",\"dateModified\":\"2025-04-23T14:39:46+00:00\",\"mainEntityOfPage\":{\"@id\":\"https:\\\/\\\/www.copealcoy.es\\\/es\\\/alcoy-homenajea-a-san-jorge-en-el-dia-de-su-festividad-liturgica\\\/\"},\"wordCount\":345,\"image\":{\"@id\":\"https:\\\/\\\/www.copealcoy.es\\\/es\\\/alcoy-homenajea-a-san-jorge-en-el-dia-de-su-festividad-liturgica\\\/#primaryimage\"},\"thumbnailUrl\":\"https:\\\/\\\/www.copealcoy.es\\\/wp-content\\\/uploads\\\/2025\\\/04\\\/unnamed-1-32.jpg\",\"keywords\":[\"23 de abril\",\"Alcoy\",\"festividad\",\"San Jorge\"],\"articleSection\":[\"Actualidad\",\"Alcoy\",\"Fiesta y Cultura\",\"Noticias\"],\"inLanguage\":\"es\"},{\"@type\":\"WebPage\",\"@id\":\"https:\\\/\\\/www.copealcoy.es\\\/es\\\/alcoy-homenajea-a-san-jorge-en-el-dia-de-su-festividad-liturgica\\\/\",\"url\":\"https:\\\/\\\/www.copealcoy.es\\\/es\\\/alcoy-homenajea-a-san-jorge-en-el-dia-de-su-festividad-liturgica\\\/\",\"name\":\"Alcoy homenajea a San Jorge en el d\u00eda de su festividad lit\u00fargica - COPE Alcoy\",\"isPartOf\":{\"@id\":\"https:\\\/\\\/www.copealcoy.es\\\/es\\\/#website\"},\"primaryImageOfPage\":{\"@id\":\"https:\\\/\\\/www.copealcoy.es\\\/es\\\/alcoy-homenajea-a-san-jorge-en-el-dia-de-su-festividad-liturgica\\\/#primaryimage\"},\"image\":{\"@id\":\"https:\\\/\\\/www.copealcoy.es\\\/es\\\/alcoy-homenajea-a-san-jorge-en-el-dia-de-su-festividad-liturgica\\\/#primaryimage\"},\"thumbnailUrl\":\"https:\\\/\\\/www.copealcoy.es\\\/wp-content\\\/uploads\\\/2025\\\/04\\\/unnamed-1-32.jpg\",\"datePublished\":\"2025-04-23T14:27:55+00:00\",\"dateModified\":\"2025-04-23T14:39:46+00:00\",\"author\":{\"@id\":\"https:\\\/\\\/www.copealcoy.es\\\/es\\\/#\\\/schema\\\/person\\\/e777c87fa024e57d40170af9df39882c\"},\"description\":\"Alcoy conmemora este 23 de abril la festividad de su patr\u00f3n, San Jorge M\u00e1rtir, en una jornada que mantiene un car\u00e1cter significativo para la ciudad a pesar de que este a\u00f1o no coincide con las Fiestas de Moros y Cristianos\",\"breadcrumb\":{\"@id\":\"https:\\\/\\\/www.copealcoy.es\\\/es\\\/alcoy-homenajea-a-san-jorge-en-el-dia-de-su-festividad-liturgica\\\/#breadcrumb\"},\"inLanguage\":\"es\",\"potentialAction\":[{\"@type\":\"ReadAction\",\"target\":[\"https:\\\/\\\/www.copealcoy.es\\\/es\\\/alcoy-homenajea-a-san-jorge-en-el-dia-de-su-festividad-liturgica\\\/\"]}]},{\"@type\":\"ImageObject\",\"inLanguage\":\"es\",\"@id\":\"https:\\\/\\\/www.copealcoy.es\\\/es\\\/alcoy-homenajea-a-san-jorge-en-el-dia-de-su-festividad-liturgica\\\/#primaryimage\",\"url\":\"https:\\\/\\\/www.copealcoy.es\\\/wp-content\\\/uploads\\\/2025\\\/04\\\/unnamed-1-32.jpg\",\"contentUrl\":\"https:\\\/\\\/www.copealcoy.es\\\/wp-content\\\/uploads\\\/2025\\\/04\\\/unnamed-1-32.jpg\",\"width\":1152,\"height\":801},{\"@type\":\"BreadcrumbList\",\"@id\":\"https:\\\/\\\/www.copealcoy.es\\\/es\\\/alcoy-homenajea-a-san-jorge-en-el-dia-de-su-festividad-liturgica\\\/#breadcrumb\",\"itemListElement\":[{\"@type\":\"ListItem\",\"position\":1,\"name\":\"Portada\",\"item\":\"https:\\\/\\\/www.copealcoy.es\\\/es\\\/\"},{\"@type\":\"ListItem\",\"position\":2,\"name\":\"Alcoy homenajea a San Jorge en el d\u00eda de su festividad lit\u00fargica\"}]},{\"@type\":\"WebSite\",\"@id\":\"https:\\\/\\\/www.copealcoy.es\\\/es\\\/#website\",\"url\":\"https:\\\/\\\/www.copealcoy.es\\\/es\\\/\",\"name\":\"COPE Alcoy\",\"description\":\"Emisora COPE de radio local con emisi\u00f3n online. Pont de Sant Jordi 8-10 03803 Alcoy\",\"potentialAction\":[{\"@type\":\"SearchAction\",\"target\":{\"@type\":\"EntryPoint\",\"urlTemplate\":\"https:\\\/\\\/www.copealcoy.es\\\/es\\\/?s={search_term_string}\"},\"query-input\":{\"@type\":\"PropertyValueSpecification\",\"valueRequired\":true,\"valueName\":\"search_term_string\"}}],\"inLanguage\":\"es\"},{\"@type\":\"Person\",\"@id\":\"https:\\\/\\\/www.copealcoy.es\\\/es\\\/#\\\/schema\\\/person\\\/e777c87fa024e57d40170af9df39882c\",\"name\":\"Cope Alcoy\",\"image\":{\"@type\":\"ImageObject\",\"inLanguage\":\"es\",\"@id\":\"https:\\\/\\\/secure.gravatar.com\\\/avatar\\\/bb65d0283347e303893ba14f0692005417c1e0e690a325a4c5d8bb2b3943ee14?s=96&d=mm&r=g\",\"url\":\"https:\\\/\\\/secure.gravatar.com\\\/avatar\\\/bb65d0283347e303893ba14f0692005417c1e0e690a325a4c5d8bb2b3943ee14?s=96&d=mm&r=g\",\"contentUrl\":\"https:\\\/\\\/secure.gravatar.com\\\/avatar\\\/bb65d0283347e303893ba14f0692005417c1e0e690a325a4c5d8bb2b3943ee14?s=96&d=mm&r=g\",\"caption\":\"Cope Alcoy\"}}]}<\/script>\n<!-- \/ Yoast SEO plugin. -->","yoast_head_json":{"title":"Alcoy homenajea a San Jorge en el d\u00eda de su festividad lit\u00fargica - COPE Alcoy","description":"Alcoy conmemora este 23 de abril la festividad de su patr\u00f3n, San Jorge M\u00e1rtir, en una jornada que mantiene un car\u00e1cter significativo para la ciudad a pesar de que este a\u00f1o no coincide con las Fiestas de Moros y Cristianos","robots":{"index":"index","follow":"follow","max-snippet":"max-snippet:-1","max-image-preview":"max-image-preview:large","max-video-preview":"max-video-preview:-1"},"canonical":"https:\/\/www.copealcoy.es\/es\/alcoy-homenajea-a-san-jorge-en-el-dia-de-su-festividad-liturgica\/","og_locale":"es_ES","og_type":"article","og_title":"Alcoy homenajea a San Jorge en el d\u00eda de su festividad lit\u00fargica - COPE Alcoy","og_description":"Alcoy conmemora este 23 de abril la festividad de su patr\u00f3n, San Jorge M\u00e1rtir, en una jornada que mantiene un car\u00e1cter significativo para la ciudad a pesar de que este a\u00f1o no coincide con las Fiestas de Moros y Cristianos","og_url":"https:\/\/www.copealcoy.es\/es\/alcoy-homenajea-a-san-jorge-en-el-dia-de-su-festividad-liturgica\/","og_site_name":"COPE Alcoy","article_published_time":"2025-04-23T14:27:55+00:00","article_modified_time":"2025-04-23T14:39:46+00:00","og_image":[{"width":1152,"height":801,"url":"https:\/\/www.copealcoy.es\/wp-content\/uploads\/2025\/04\/unnamed-1-32.jpg","type":"image\/jpeg"}],"author":"Cope Alcoy","twitter_misc":{"Escrito por":"Cope Alcoy","Tiempo de lectura":"2 minutos"},"schema":{"@context":"https:\/\/schema.org","@graph":[{"@type":"Article","@id":"https:\/\/www.copealcoy.es\/es\/alcoy-homenajea-a-san-jorge-en-el-dia-de-su-festividad-liturgica\/#article","isPartOf":{"@id":"https:\/\/www.copealcoy.es\/es\/alcoy-homenajea-a-san-jorge-en-el-dia-de-su-festividad-liturgica\/"},"author":{"name":"Cope Alcoy","@id":"https:\/\/www.copealcoy.es\/es\/#\/schema\/person\/e777c87fa024e57d40170af9df39882c"},"headline":"Alcoy homenajea a San Jorge en el d\u00eda de su festividad lit\u00fargica","datePublished":"2025-04-23T14:27:55+00:00","dateModified":"2025-04-23T14:39:46+00:00","mainEntityOfPage":{"@id":"https:\/\/www.copealcoy.es\/es\/alcoy-homenajea-a-san-jorge-en-el-dia-de-su-festividad-liturgica\/"},"wordCount":345,"image":{"@id":"https:\/\/www.copealcoy.es\/es\/alcoy-homenajea-a-san-jorge-en-el-dia-de-su-festividad-liturgica\/#primaryimage"},"thumbnailUrl":"https:\/\/www.copealcoy.es\/wp-content\/uploads\/2025\/04\/unnamed-1-32.jpg","keywords":["23 de abril","Alcoy","festividad","San Jorge"],"articleSection":["Actualidad","Alcoy","Fiesta y Cultura","Noticias"],"inLanguage":"es"},{"@type":"WebPage","@id":"https:\/\/www.copealcoy.es\/es\/alcoy-homenajea-a-san-jorge-en-el-dia-de-su-festividad-liturgica\/","url":"https:\/\/www.copealcoy.es\/es\/alcoy-homenajea-a-san-jorge-en-el-dia-de-su-festividad-liturgica\/","name":"Alcoy homenajea a San Jorge en el d\u00eda de su festividad lit\u00fargica - COPE Alcoy","isPartOf":{"@id":"https:\/\/www.copealcoy.es\/es\/#website"},"primaryImageOfPage":{"@id":"https:\/\/www.copealcoy.es\/es\/alcoy-homenajea-a-san-jorge-en-el-dia-de-su-festividad-liturgica\/#primaryimage"},"image":{"@id":"https:\/\/www.copealcoy.es\/es\/alcoy-homenajea-a-san-jorge-en-el-dia-de-su-festividad-liturgica\/#primaryimage"},"thumbnailUrl":"https:\/\/www.copealcoy.es\/wp-content\/uploads\/2025\/04\/unnamed-1-32.jpg","datePublished":"2025-04-23T14:27:55+00:00","dateModified":"2025-04-23T14:39:46+00:00","author":{"@id":"https:\/\/www.copealcoy.es\/es\/#\/schema\/person\/e777c87fa024e57d40170af9df39882c"},"description":"Alcoy conmemora este 23 de abril la festividad de su patr\u00f3n, San Jorge M\u00e1rtir, en una jornada que mantiene un car\u00e1cter significativo para la ciudad a pesar de que este a\u00f1o no coincide con las Fiestas de Moros y Cristianos","breadcrumb":{"@id":"https:\/\/www.copealcoy.es\/es\/alcoy-homenajea-a-san-jorge-en-el-dia-de-su-festividad-liturgica\/#breadcrumb"},"inLanguage":"es","potentialAction":[{"@type":"ReadAction","target":["https:\/\/www.copealcoy.es\/es\/alcoy-homenajea-a-san-jorge-en-el-dia-de-su-festividad-liturgica\/"]}]},{"@type":"ImageObject","inLanguage":"es","@id":"https:\/\/www.copealcoy.es\/es\/alcoy-homenajea-a-san-jorge-en-el-dia-de-su-festividad-liturgica\/#primaryimage","url":"https:\/\/www.copealcoy.es\/wp-content\/uploads\/2025\/04\/unnamed-1-32.jpg","contentUrl":"https:\/\/www.copealcoy.es\/wp-content\/uploads\/2025\/04\/unnamed-1-32.jpg","width":1152,"height":801},{"@type":"BreadcrumbList","@id":"https:\/\/www.copealcoy.es\/es\/alcoy-homenajea-a-san-jorge-en-el-dia-de-su-festividad-liturgica\/#breadcrumb","itemListElement":[{"@type":"ListItem","position":1,"name":"Portada","item":"https:\/\/www.copealcoy.es\/es\/"},{"@type":"ListItem","position":2,"name":"Alcoy homenajea a San Jorge en el d\u00eda de su festividad lit\u00fargica"}]},{"@type":"WebSite","@id":"https:\/\/www.copealcoy.es\/es\/#website","url":"https:\/\/www.copealcoy.es\/es\/","name":"COPE Alcoy","description":"Emisora COPE de radio local con emisi\u00f3n online. Pont de Sant Jordi 8-10 03803 Alcoy","potentialAction":[{"@type":"SearchAction","target":{"@type":"EntryPoint","urlTemplate":"https:\/\/www.copealcoy.es\/es\/?s={search_term_string}"},"query-input":{"@type":"PropertyValueSpecification","valueRequired":true,"valueName":"search_term_string"}}],"inLanguage":"es"},{"@type":"Person","@id":"https:\/\/www.copealcoy.es\/es\/#\/schema\/person\/e777c87fa024e57d40170af9df39882c","name":"Cope Alcoy","image":{"@type":"ImageObject","inLanguage":"es","@id":"https:\/\/secure.gravatar.com\/avatar\/bb65d0283347e303893ba14f0692005417c1e0e690a325a4c5d8bb2b3943ee14?s=96&d=mm&r=g","url":"https:\/\/secure.gravatar.com\/avatar\/bb65d0283347e303893ba14f0692005417c1e0e690a325a4c5d8bb2b3943ee14?s=96&d=mm&r=g","contentUrl":"https:\/\/secure.gravatar.com\/avatar\/bb65d0283347e303893ba14f0692005417c1e0e690a325a4c5d8bb2b3943ee14?s=96&d=mm&r=g","caption":"Cope Alcoy"}}]}},"_links":{"self":[{"href":"https:\/\/www.copealcoy.es\/es\/wp-json\/wp\/v2\/posts\/151046","targetHints":{"allow":["GET"]}}],"collection":[{"href":"https:\/\/www.copealcoy.es\/es\/wp-json\/wp\/v2\/posts"}],"about":[{"href":"https:\/\/www.copealcoy.es\/es\/wp-json\/wp\/v2\/types\/post"}],"author":[{"embeddable":true,"href":"https:\/\/www.copealcoy.es\/es\/wp-json\/wp\/v2\/users\/1"}],"replies":[{"embeddable":true,"href":"https:\/\/www.copealcoy.es\/es\/wp-json\/wp\/v2\/comments?post=151046"}],"version-history":[{"count":0,"href":"https:\/\/www.copealcoy.es\/es\/wp-json\/wp\/v2\/posts\/151046\/revisions"}],"wp:featuredmedia":[{"embeddable":true,"href":"https:\/\/www.copealcoy.es\/es\/wp-json\/wp\/v2\/media\/151048"}],"wp:attachment":[{"href":"https:\/\/www.copealcoy.es\/es\/wp-json\/wp\/v2\/media?parent=151046"}],"wp:term":[{"taxonomy":"category","embeddable":true,"href":"https:\/\/www.copealcoy.es\/es\/wp-json\/wp\/v2\/categories?post=151046"},{"taxonomy":"post_tag","embeddable":true,"href":"https:\/\/www.copealcoy.es\/es\/wp-json\/wp\/v2\/tags?post=151046"}],"curies":[{"name":"wp","href":"https:\/\/api.w.org\/{rel}","templated":true}]}}