{"id":15097,"date":"2015-08-19T16:29:45","date_gmt":"2015-08-19T16:29:45","guid":{"rendered":"http:\/\/copealcoi.es\/new\/?p=15097"},"modified":"2015-08-19T17:47:28","modified_gmt":"2015-08-19T17:47:28","slug":"compromis-denuncia-que-el-gobierno-local-no-aporta-informacion-a-la-oposicion","status":"publish","type":"post","link":"https:\/\/www.copealcoy.es\/es\/compromis-denuncia-que-el-gobierno-local-no-aporta-informacion-a-la-oposicion\/","title":{"rendered":"Comprom\u00eds denuncia que el Gobierno Local no aporta informaci\u00f3n a la oposici\u00f3n"},"content":{"rendered":"<p style=\"text-align: justify;\">El Grupo Municipal de Comprom\u00eds ha lamentado la falta de informaci\u00f3n que seg\u00fan ellos aporta el Gobierno Local a la oposici\u00f3n sobre temas importantes de la ciudad. Desde la formaci\u00f3n nacionalista han indicado que se han enterado por la prensa de cuestiones como la subvenci\u00f3n solicitada para la rehabilitaci\u00f3n de la Colonia de Aviaci\u00f3n o la sentencia del Tribunal Supremo que multiplica por 7 el precio a pagar por los terrenos de la ampliaci\u00f3n del campus de Alcoy de la UPV.<\/p>\n<p style=\"text-align: justify;\">El edil de Comprom\u00eds, Raul Segu\u00ed, ha adelantado que preguntar\u00e1 en la pr\u00f3xima comisi\u00f3n informativa sobre estos asuntos ya que entiende que &#8220;son asuntos muy importantes para que todos los grupos que integramos la corporaci\u00f3n estemos informados por parte del Ejecutivo&#8221;,\u00a0concluye.<\/p>\n<p><strong>\u00a0<\/strong><\/p>\n","protected":false},"excerpt":{"rendered":"<p>El Grupo Municipal de Comprom\u00eds ha lamentado la falta de informaci\u00f3n que seg\u00fan ellos aporta el Gobierno Local a la&#8230;<\/p>\n","protected":false},"author":1,"featured_media":15099,"comment_status":"open","ping_status":"open","sticky":false,"template":"","format":"standard","meta":{"footnotes":""},"categories":[75,79],"tags":[1494,152,1091,422],"class_list":["post-15097","post","type-post","status-publish","format-standard","has-post-thumbnail","hentry","category-noticias","category-politicayeconomia","tag-alcoy","tag-compromis","tag-oposicion","tag-politica"],"yoast_head":"<!-- This site is optimized with the Yoast SEO plugin v27.3 - https:\/\/yoast.com\/product\/yoast-seo-wordpress\/ -->\n<title>Comprom\u00eds denuncia que el Gobierno Local no aporta informaci\u00f3n a la oposici\u00f3n - COPE Alcoy<\/title>\n<meta name=\"robots\" content=\"index, follow, max-snippet:-1, max-image-preview:large, max-video-preview:-1\" \/>\n<link rel=\"canonical\" href=\"https:\/\/www.copealcoy.es\/es\/compromis-denuncia-que-el-gobierno-local-no-aporta-informacion-a-la-oposicion\/\" \/>\n<meta property=\"og:locale\" content=\"es_ES\" \/>\n<meta property=\"og:type\" content=\"article\" \/>\n<meta property=\"og:title\" content=\"Comprom\u00eds denuncia que el Gobierno Local no aporta informaci\u00f3n a la oposici\u00f3n - COPE Alcoy\" \/>\n<meta property=\"og:description\" content=\"El Grupo Municipal de Comprom\u00eds ha lamentado la falta de informaci\u00f3n que seg\u00fan ellos aporta el Gobierno Local a la...\" \/>\n<meta property=\"og:url\" content=\"https:\/\/www.copealcoy.es\/es\/compromis-denuncia-que-el-gobierno-local-no-aporta-informacion-a-la-oposicion\/\" \/>\n<meta property=\"og:site_name\" content=\"COPE Alcoy\" \/>\n<meta property=\"article:published_time\" content=\"2015-08-19T16:29:45+00:00\" \/>\n<meta property=\"article:modified_time\" content=\"2015-08-19T17:47:28+00:00\" \/>\n<meta property=\"og:image\" content=\"https:\/\/www.copealcoy.es\/wp-content\/uploads\/2015\/08\/raul.jpg\" \/>\n\t<meta property=\"og:image:width\" content=\"922\" \/>\n\t<meta property=\"og:image:height\" content=\"576\" \/>\n\t<meta property=\"og:image:type\" content=\"image\/jpeg\" \/>\n<meta name=\"author\" content=\"Cope Alcoy\" \/>\n<meta name=\"twitter:label1\" content=\"Escrito por\" \/>\n\t<meta name=\"twitter:data1\" content=\"Cope Alcoy\" \/>\n\t<meta name=\"twitter:label2\" content=\"Tiempo de lectura\" \/>\n\t<meta name=\"twitter:data2\" content=\"1 minuto\" \/>\n<script type=\"application\/ld+json\" class=\"yoast-schema-graph\">{\"@context\":\"https:\\\/\\\/schema.org\",\"@graph\":[{\"@type\":\"Article\",\"@id\":\"https:\\\/\\\/www.copealcoy.es\\\/es\\\/compromis-denuncia-que-el-gobierno-local-no-aporta-informacion-a-la-oposicion\\\/#article\",\"isPartOf\":{\"@id\":\"https:\\\/\\\/www.copealcoy.es\\\/es\\\/compromis-denuncia-que-el-gobierno-local-no-aporta-informacion-a-la-oposicion\\\/\"},\"author\":{\"name\":\"Cope Alcoy\",\"@id\":\"https:\\\/\\\/www.copealcoy.es\\\/es\\\/#\\\/schema\\\/person\\\/e777c87fa024e57d40170af9df39882c\"},\"headline\":\"Comprom\u00eds denuncia que el Gobierno Local no aporta informaci\u00f3n a la oposici\u00f3n\",\"datePublished\":\"2015-08-19T16:29:45+00:00\",\"dateModified\":\"2015-08-19T17:47:28+00:00\",\"mainEntityOfPage\":{\"@id\":\"https:\\\/\\\/www.copealcoy.es\\\/es\\\/compromis-denuncia-que-el-gobierno-local-no-aporta-informacion-a-la-oposicion\\\/\"},\"wordCount\":150,\"commentCount\":0,\"image\":{\"@id\":\"https:\\\/\\\/www.copealcoy.es\\\/es\\\/compromis-denuncia-que-el-gobierno-local-no-aporta-informacion-a-la-oposicion\\\/#primaryimage\"},\"thumbnailUrl\":\"https:\\\/\\\/www.copealcoy.es\\\/wp-content\\\/uploads\\\/2015\\\/08\\\/raul.jpg\",\"keywords\":[\"Alcoy\",\"Comprom\u00eds\",\"Oposici\u00f3n\",\"Pol\u00edtica\"],\"articleSection\":[\"Noticias\",\"Pol\u00edtica y Econom\u00eda\"],\"inLanguage\":\"es\"},{\"@type\":\"WebPage\",\"@id\":\"https:\\\/\\\/www.copealcoy.es\\\/es\\\/compromis-denuncia-que-el-gobierno-local-no-aporta-informacion-a-la-oposicion\\\/\",\"url\":\"https:\\\/\\\/www.copealcoy.es\\\/es\\\/compromis-denuncia-que-el-gobierno-local-no-aporta-informacion-a-la-oposicion\\\/\",\"name\":\"Comprom\u00eds denuncia que el Gobierno Local no aporta informaci\u00f3n a la oposici\u00f3n - COPE Alcoy\",\"isPartOf\":{\"@id\":\"https:\\\/\\\/www.copealcoy.es\\\/es\\\/#website\"},\"primaryImageOfPage\":{\"@id\":\"https:\\\/\\\/www.copealcoy.es\\\/es\\\/compromis-denuncia-que-el-gobierno-local-no-aporta-informacion-a-la-oposicion\\\/#primaryimage\"},\"image\":{\"@id\":\"https:\\\/\\\/www.copealcoy.es\\\/es\\\/compromis-denuncia-que-el-gobierno-local-no-aporta-informacion-a-la-oposicion\\\/#primaryimage\"},\"thumbnailUrl\":\"https:\\\/\\\/www.copealcoy.es\\\/wp-content\\\/uploads\\\/2015\\\/08\\\/raul.jpg\",\"datePublished\":\"2015-08-19T16:29:45+00:00\",\"dateModified\":\"2015-08-19T17:47:28+00:00\",\"author\":{\"@id\":\"https:\\\/\\\/www.copealcoy.es\\\/es\\\/#\\\/schema\\\/person\\\/e777c87fa024e57d40170af9df39882c\"},\"breadcrumb\":{\"@id\":\"https:\\\/\\\/www.copealcoy.es\\\/es\\\/compromis-denuncia-que-el-gobierno-local-no-aporta-informacion-a-la-oposicion\\\/#breadcrumb\"},\"inLanguage\":\"es\",\"potentialAction\":[{\"@type\":\"ReadAction\",\"target\":[\"https:\\\/\\\/www.copealcoy.es\\\/es\\\/compromis-denuncia-que-el-gobierno-local-no-aporta-informacion-a-la-oposicion\\\/\"]}]},{\"@type\":\"ImageObject\",\"inLanguage\":\"es\",\"@id\":\"https:\\\/\\\/www.copealcoy.es\\\/es\\\/compromis-denuncia-que-el-gobierno-local-no-aporta-informacion-a-la-oposicion\\\/#primaryimage\",\"url\":\"https:\\\/\\\/www.copealcoy.es\\\/wp-content\\\/uploads\\\/2015\\\/08\\\/raul.jpg\",\"contentUrl\":\"https:\\\/\\\/www.copealcoy.es\\\/wp-content\\\/uploads\\\/2015\\\/08\\\/raul.jpg\",\"width\":922,\"height\":576,\"caption\":\"Ra\u00fcl Segu\u00ed es edil de Comprom\u00eds Alcoi\"},{\"@type\":\"BreadcrumbList\",\"@id\":\"https:\\\/\\\/www.copealcoy.es\\\/es\\\/compromis-denuncia-que-el-gobierno-local-no-aporta-informacion-a-la-oposicion\\\/#breadcrumb\",\"itemListElement\":[{\"@type\":\"ListItem\",\"position\":1,\"name\":\"Portada\",\"item\":\"https:\\\/\\\/www.copealcoy.es\\\/es\\\/\"},{\"@type\":\"ListItem\",\"position\":2,\"name\":\"Comprom\u00eds denuncia que el Gobierno Local no aporta informaci\u00f3n a la oposici\u00f3n\"}]},{\"@type\":\"WebSite\",\"@id\":\"https:\\\/\\\/www.copealcoy.es\\\/es\\\/#website\",\"url\":\"https:\\\/\\\/www.copealcoy.es\\\/es\\\/\",\"name\":\"COPE Alcoy\",\"description\":\"Emisora COPE de radio local con emisi\u00f3n online. Pont de Sant Jordi 8-10 03803 Alcoy\",\"potentialAction\":[{\"@type\":\"SearchAction\",\"target\":{\"@type\":\"EntryPoint\",\"urlTemplate\":\"https:\\\/\\\/www.copealcoy.es\\\/es\\\/?s={search_term_string}\"},\"query-input\":{\"@type\":\"PropertyValueSpecification\",\"valueRequired\":true,\"valueName\":\"search_term_string\"}}],\"inLanguage\":\"es\"},{\"@type\":\"Person\",\"@id\":\"https:\\\/\\\/www.copealcoy.es\\\/es\\\/#\\\/schema\\\/person\\\/e777c87fa024e57d40170af9df39882c\",\"name\":\"Cope Alcoy\",\"image\":{\"@type\":\"ImageObject\",\"inLanguage\":\"es\",\"@id\":\"https:\\\/\\\/secure.gravatar.com\\\/avatar\\\/bb65d0283347e303893ba14f0692005417c1e0e690a325a4c5d8bb2b3943ee14?s=96&d=mm&r=g\",\"url\":\"https:\\\/\\\/secure.gravatar.com\\\/avatar\\\/bb65d0283347e303893ba14f0692005417c1e0e690a325a4c5d8bb2b3943ee14?s=96&d=mm&r=g\",\"contentUrl\":\"https:\\\/\\\/secure.gravatar.com\\\/avatar\\\/bb65d0283347e303893ba14f0692005417c1e0e690a325a4c5d8bb2b3943ee14?s=96&d=mm&r=g\",\"caption\":\"Cope Alcoy\"}}]}<\/script>\n<!-- \/ Yoast SEO plugin. -->","yoast_head_json":{"title":"Comprom\u00eds denuncia que el Gobierno Local no aporta informaci\u00f3n a la oposici\u00f3n - COPE Alcoy","robots":{"index":"index","follow":"follow","max-snippet":"max-snippet:-1","max-image-preview":"max-image-preview:large","max-video-preview":"max-video-preview:-1"},"canonical":"https:\/\/www.copealcoy.es\/es\/compromis-denuncia-que-el-gobierno-local-no-aporta-informacion-a-la-oposicion\/","og_locale":"es_ES","og_type":"article","og_title":"Comprom\u00eds denuncia que el Gobierno Local no aporta informaci\u00f3n a la oposici\u00f3n - COPE Alcoy","og_description":"El Grupo Municipal de Comprom\u00eds ha lamentado la falta de informaci\u00f3n que seg\u00fan ellos aporta el Gobierno Local a la...","og_url":"https:\/\/www.copealcoy.es\/es\/compromis-denuncia-que-el-gobierno-local-no-aporta-informacion-a-la-oposicion\/","og_site_name":"COPE Alcoy","article_published_time":"2015-08-19T16:29:45+00:00","article_modified_time":"2015-08-19T17:47:28+00:00","og_image":[{"width":922,"height":576,"url":"https:\/\/www.copealcoy.es\/wp-content\/uploads\/2015\/08\/raul.jpg","type":"image\/jpeg"}],"author":"Cope Alcoy","twitter_misc":{"Escrito por":"Cope Alcoy","Tiempo de lectura":"1 minuto"},"schema":{"@context":"https:\/\/schema.org","@graph":[{"@type":"Article","@id":"https:\/\/www.copealcoy.es\/es\/compromis-denuncia-que-el-gobierno-local-no-aporta-informacion-a-la-oposicion\/#article","isPartOf":{"@id":"https:\/\/www.copealcoy.es\/es\/compromis-denuncia-que-el-gobierno-local-no-aporta-informacion-a-la-oposicion\/"},"author":{"name":"Cope Alcoy","@id":"https:\/\/www.copealcoy.es\/es\/#\/schema\/person\/e777c87fa024e57d40170af9df39882c"},"headline":"Comprom\u00eds denuncia que el Gobierno Local no aporta informaci\u00f3n a la oposici\u00f3n","datePublished":"2015-08-19T16:29:45+00:00","dateModified":"2015-08-19T17:47:28+00:00","mainEntityOfPage":{"@id":"https:\/\/www.copealcoy.es\/es\/compromis-denuncia-que-el-gobierno-local-no-aporta-informacion-a-la-oposicion\/"},"wordCount":150,"commentCount":0,"image":{"@id":"https:\/\/www.copealcoy.es\/es\/compromis-denuncia-que-el-gobierno-local-no-aporta-informacion-a-la-oposicion\/#primaryimage"},"thumbnailUrl":"https:\/\/www.copealcoy.es\/wp-content\/uploads\/2015\/08\/raul.jpg","keywords":["Alcoy","Comprom\u00eds","Oposici\u00f3n","Pol\u00edtica"],"articleSection":["Noticias","Pol\u00edtica y Econom\u00eda"],"inLanguage":"es"},{"@type":"WebPage","@id":"https:\/\/www.copealcoy.es\/es\/compromis-denuncia-que-el-gobierno-local-no-aporta-informacion-a-la-oposicion\/","url":"https:\/\/www.copealcoy.es\/es\/compromis-denuncia-que-el-gobierno-local-no-aporta-informacion-a-la-oposicion\/","name":"Comprom\u00eds denuncia que el Gobierno Local no aporta informaci\u00f3n a la oposici\u00f3n - COPE Alcoy","isPartOf":{"@id":"https:\/\/www.copealcoy.es\/es\/#website"},"primaryImageOfPage":{"@id":"https:\/\/www.copealcoy.es\/es\/compromis-denuncia-que-el-gobierno-local-no-aporta-informacion-a-la-oposicion\/#primaryimage"},"image":{"@id":"https:\/\/www.copealcoy.es\/es\/compromis-denuncia-que-el-gobierno-local-no-aporta-informacion-a-la-oposicion\/#primaryimage"},"thumbnailUrl":"https:\/\/www.copealcoy.es\/wp-content\/uploads\/2015\/08\/raul.jpg","datePublished":"2015-08-19T16:29:45+00:00","dateModified":"2015-08-19T17:47:28+00:00","author":{"@id":"https:\/\/www.copealcoy.es\/es\/#\/schema\/person\/e777c87fa024e57d40170af9df39882c"},"breadcrumb":{"@id":"https:\/\/www.copealcoy.es\/es\/compromis-denuncia-que-el-gobierno-local-no-aporta-informacion-a-la-oposicion\/#breadcrumb"},"inLanguage":"es","potentialAction":[{"@type":"ReadAction","target":["https:\/\/www.copealcoy.es\/es\/compromis-denuncia-que-el-gobierno-local-no-aporta-informacion-a-la-oposicion\/"]}]},{"@type":"ImageObject","inLanguage":"es","@id":"https:\/\/www.copealcoy.es\/es\/compromis-denuncia-que-el-gobierno-local-no-aporta-informacion-a-la-oposicion\/#primaryimage","url":"https:\/\/www.copealcoy.es\/wp-content\/uploads\/2015\/08\/raul.jpg","contentUrl":"https:\/\/www.copealcoy.es\/wp-content\/uploads\/2015\/08\/raul.jpg","width":922,"height":576,"caption":"Ra\u00fcl Segu\u00ed es edil de Comprom\u00eds Alcoi"},{"@type":"BreadcrumbList","@id":"https:\/\/www.copealcoy.es\/es\/compromis-denuncia-que-el-gobierno-local-no-aporta-informacion-a-la-oposicion\/#breadcrumb","itemListElement":[{"@type":"ListItem","position":1,"name":"Portada","item":"https:\/\/www.copealcoy.es\/es\/"},{"@type":"ListItem","position":2,"name":"Comprom\u00eds denuncia que el Gobierno Local no aporta informaci\u00f3n a la oposici\u00f3n"}]},{"@type":"WebSite","@id":"https:\/\/www.copealcoy.es\/es\/#website","url":"https:\/\/www.copealcoy.es\/es\/","name":"COPE Alcoy","description":"Emisora COPE de radio local con emisi\u00f3n online. Pont de Sant Jordi 8-10 03803 Alcoy","potentialAction":[{"@type":"SearchAction","target":{"@type":"EntryPoint","urlTemplate":"https:\/\/www.copealcoy.es\/es\/?s={search_term_string}"},"query-input":{"@type":"PropertyValueSpecification","valueRequired":true,"valueName":"search_term_string"}}],"inLanguage":"es"},{"@type":"Person","@id":"https:\/\/www.copealcoy.es\/es\/#\/schema\/person\/e777c87fa024e57d40170af9df39882c","name":"Cope Alcoy","image":{"@type":"ImageObject","inLanguage":"es","@id":"https:\/\/secure.gravatar.com\/avatar\/bb65d0283347e303893ba14f0692005417c1e0e690a325a4c5d8bb2b3943ee14?s=96&d=mm&r=g","url":"https:\/\/secure.gravatar.com\/avatar\/bb65d0283347e303893ba14f0692005417c1e0e690a325a4c5d8bb2b3943ee14?s=96&d=mm&r=g","contentUrl":"https:\/\/secure.gravatar.com\/avatar\/bb65d0283347e303893ba14f0692005417c1e0e690a325a4c5d8bb2b3943ee14?s=96&d=mm&r=g","caption":"Cope Alcoy"}}]}},"_links":{"self":[{"href":"https:\/\/www.copealcoy.es\/es\/wp-json\/wp\/v2\/posts\/15097","targetHints":{"allow":["GET"]}}],"collection":[{"href":"https:\/\/www.copealcoy.es\/es\/wp-json\/wp\/v2\/posts"}],"about":[{"href":"https:\/\/www.copealcoy.es\/es\/wp-json\/wp\/v2\/types\/post"}],"author":[{"embeddable":true,"href":"https:\/\/www.copealcoy.es\/es\/wp-json\/wp\/v2\/users\/1"}],"replies":[{"embeddable":true,"href":"https:\/\/www.copealcoy.es\/es\/wp-json\/wp\/v2\/comments?post=15097"}],"version-history":[{"count":0,"href":"https:\/\/www.copealcoy.es\/es\/wp-json\/wp\/v2\/posts\/15097\/revisions"}],"wp:featuredmedia":[{"embeddable":true,"href":"https:\/\/www.copealcoy.es\/es\/wp-json\/wp\/v2\/media\/15099"}],"wp:attachment":[{"href":"https:\/\/www.copealcoy.es\/es\/wp-json\/wp\/v2\/media?parent=15097"}],"wp:term":[{"taxonomy":"category","embeddable":true,"href":"https:\/\/www.copealcoy.es\/es\/wp-json\/wp\/v2\/categories?post=15097"},{"taxonomy":"post_tag","embeddable":true,"href":"https:\/\/www.copealcoy.es\/es\/wp-json\/wp\/v2\/tags?post=15097"}],"curies":[{"name":"wp","href":"https:\/\/api.w.org\/{rel}","templated":true}]}}