{"id":15090,"date":"2015-08-19T17:17:11","date_gmt":"2015-08-19T17:17:11","guid":{"rendered":"http:\/\/copealcoi.es\/new\/?p=15090"},"modified":"2015-08-19T17:17:11","modified_gmt":"2015-08-19T17:17:11","slug":"el-ayuntamiento-iniciara-tras-el-verano-la-reforma-de-la-ermita-de-sant-cristofol","status":"publish","type":"post","link":"https:\/\/www.copealcoy.es\/es\/el-ayuntamiento-iniciara-tras-el-verano-la-reforma-de-la-ermita-de-sant-cristofol\/","title":{"rendered":"El Ayuntamiento iniciar\u00e1 tras el verano la reforma de la ermita de Sant Crist\u00f2fol"},"content":{"rendered":"<p style=\"text-align: justify;\">El Ayuntamiento de Alcoy prepara para despu\u00e9s del verano una actuaci\u00f3n en la ermita de Sant Crist\u00f2fol que actualmente se encuentra en un importante estado de deterioro como consecuencia de las inclemencias meteorol\u00f3gicas y los actos vand\u00e1licos que ha sufrido en los \u00faltimos a\u00f1os.\u00a0Las obras, que seg\u00fan los plazos del Gobierno Municipal arrancar\u00edan en septiembre, permitir\u00e1n reparar las grietas de los muros y el suelo as\u00ed como consolidar el mirador junto a los exteriores de esta edificaci\u00f3n que es de propiedad municipal. El edil Jordi Mart\u00ednez avanza que estos trabajos se realizar\u00e1n en colaboraci\u00f3n con la Fundaci\u00f3n Mariola La Asunci\u00f3n y varios voluntarios al mismo tiempo que se\u00f1ala que correr\u00e1n a cargo de la Brigada de Obras. La intervenci\u00f3n presenta como principal inconveniente el traslado de los materiales hasta la ermita ya que este se encuentra en la cima\u00a0de la monta\u00f1a junto a la gran cruz de San Crist\u00f3bal &#8220;vamos a estudiar con\u00a0los miembros de la Asociaci\u00f3n Caminos de Herradura el proyecto e incluso los m\u00e9todos para llevar todos los enseres de la obra hasta lo alto&#8221;, detalla. Por \u00faltimo el concejal ha apuntado en Cope Alcoy que tras las obras se estudiar\u00e1n medidas para evitar la degradaci\u00f3n de la ermita a causa del vandalismo.<\/p>\n<p style=\"text-align: justify;\">Recordar que en los \u00faltimos a\u00f1os varios jubilados han colaborado en el mantenimiento y limpieza de este ermitorio en cuyo interior se fusionan ahora pintadas y graffitis junto a im\u00e1genes religiosas, flores, cirios y elementos de promesas.<\/p>\n<p style=\"text-align: justify;\">\n<p><strong>\u00a0<\/strong><\/p>\n","protected":false},"excerpt":{"rendered":"<p>El Ayuntamiento de Alcoy prepara para despu\u00e9s del verano una actuaci\u00f3n en la ermita de Sant Crist\u00f2fol que actualmente se&#8230;<\/p>\n","protected":false},"author":1,"featured_media":15091,"comment_status":"open","ping_status":"open","sticky":false,"template":"","format":"standard","meta":{"footnotes":""},"categories":[97,75,79],"tags":[1494,414,1348,145,176],"class_list":["post-15090","post","type-post","status-publish","format-standard","has-post-thumbnail","hentry","category-alcoy","category-noticias","category-politicayeconomia","tag-alcoy","tag-cultura","tag-ermita","tag-obras","tag-patrimonio"],"yoast_head":"<!-- This site is optimized with the Yoast SEO plugin v27.3 - https:\/\/yoast.com\/product\/yoast-seo-wordpress\/ -->\n<title>El Ayuntamiento iniciar\u00e1 tras el verano la reforma de la ermita de Sant Crist\u00f2fol - COPE Alcoy<\/title>\n<meta name=\"robots\" content=\"index, follow, max-snippet:-1, max-image-preview:large, max-video-preview:-1\" \/>\n<link rel=\"canonical\" href=\"https:\/\/www.copealcoy.es\/es\/el-ayuntamiento-iniciara-tras-el-verano-la-reforma-de-la-ermita-de-sant-cristofol\/\" \/>\n<meta property=\"og:locale\" content=\"es_ES\" \/>\n<meta property=\"og:type\" content=\"article\" \/>\n<meta property=\"og:title\" content=\"El Ayuntamiento iniciar\u00e1 tras el verano la reforma de la ermita de Sant Crist\u00f2fol - COPE Alcoy\" \/>\n<meta property=\"og:description\" content=\"El Ayuntamiento de Alcoy prepara para despu\u00e9s del verano una actuaci\u00f3n en la ermita de Sant Crist\u00f2fol que actualmente se...\" \/>\n<meta property=\"og:url\" content=\"https:\/\/www.copealcoy.es\/es\/el-ayuntamiento-iniciara-tras-el-verano-la-reforma-de-la-ermita-de-sant-cristofol\/\" \/>\n<meta property=\"og:site_name\" content=\"COPE Alcoy\" \/>\n<meta property=\"article:published_time\" content=\"2015-08-19T17:17:11+00:00\" \/>\n<meta property=\"og:image\" content=\"https:\/\/www.copealcoy.es\/wp-content\/uploads\/2015\/08\/DSC0406.jpg\" \/>\n\t<meta property=\"og:image:width\" content=\"523\" \/>\n\t<meta property=\"og:image:height\" content=\"326\" \/>\n\t<meta property=\"og:image:type\" content=\"image\/jpeg\" \/>\n<meta name=\"author\" content=\"Cope Alcoy\" \/>\n<meta name=\"twitter:label1\" content=\"Escrito por\" \/>\n\t<meta name=\"twitter:data1\" content=\"Cope Alcoy\" \/>\n\t<meta name=\"twitter:label2\" content=\"Tiempo de lectura\" \/>\n\t<meta name=\"twitter:data2\" content=\"1 minuto\" \/>\n<script type=\"application\/ld+json\" class=\"yoast-schema-graph\">{\"@context\":\"https:\\\/\\\/schema.org\",\"@graph\":[{\"@type\":\"Article\",\"@id\":\"https:\\\/\\\/www.copealcoy.es\\\/es\\\/el-ayuntamiento-iniciara-tras-el-verano-la-reforma-de-la-ermita-de-sant-cristofol\\\/#article\",\"isPartOf\":{\"@id\":\"https:\\\/\\\/www.copealcoy.es\\\/es\\\/el-ayuntamiento-iniciara-tras-el-verano-la-reforma-de-la-ermita-de-sant-cristofol\\\/\"},\"author\":{\"name\":\"Cope Alcoy\",\"@id\":\"https:\\\/\\\/www.copealcoy.es\\\/es\\\/#\\\/schema\\\/person\\\/e777c87fa024e57d40170af9df39882c\"},\"headline\":\"El Ayuntamiento iniciar\u00e1 tras el verano la reforma de la ermita de Sant Crist\u00f2fol\",\"datePublished\":\"2015-08-19T17:17:11+00:00\",\"mainEntityOfPage\":{\"@id\":\"https:\\\/\\\/www.copealcoy.es\\\/es\\\/el-ayuntamiento-iniciara-tras-el-verano-la-reforma-de-la-ermita-de-sant-cristofol\\\/\"},\"wordCount\":286,\"commentCount\":0,\"image\":{\"@id\":\"https:\\\/\\\/www.copealcoy.es\\\/es\\\/el-ayuntamiento-iniciara-tras-el-verano-la-reforma-de-la-ermita-de-sant-cristofol\\\/#primaryimage\"},\"thumbnailUrl\":\"https:\\\/\\\/www.copealcoy.es\\\/wp-content\\\/uploads\\\/2015\\\/08\\\/DSC0406.jpg\",\"keywords\":[\"Alcoy\",\"Cultura\",\"ermita\",\"Obras\",\"Patrimonio\"],\"articleSection\":[\"Alcoy\",\"Noticias\",\"Pol\u00edtica y Econom\u00eda\"],\"inLanguage\":\"es\"},{\"@type\":\"WebPage\",\"@id\":\"https:\\\/\\\/www.copealcoy.es\\\/es\\\/el-ayuntamiento-iniciara-tras-el-verano-la-reforma-de-la-ermita-de-sant-cristofol\\\/\",\"url\":\"https:\\\/\\\/www.copealcoy.es\\\/es\\\/el-ayuntamiento-iniciara-tras-el-verano-la-reforma-de-la-ermita-de-sant-cristofol\\\/\",\"name\":\"El Ayuntamiento iniciar\u00e1 tras el verano la reforma de la ermita de Sant Crist\u00f2fol - COPE Alcoy\",\"isPartOf\":{\"@id\":\"https:\\\/\\\/www.copealcoy.es\\\/es\\\/#website\"},\"primaryImageOfPage\":{\"@id\":\"https:\\\/\\\/www.copealcoy.es\\\/es\\\/el-ayuntamiento-iniciara-tras-el-verano-la-reforma-de-la-ermita-de-sant-cristofol\\\/#primaryimage\"},\"image\":{\"@id\":\"https:\\\/\\\/www.copealcoy.es\\\/es\\\/el-ayuntamiento-iniciara-tras-el-verano-la-reforma-de-la-ermita-de-sant-cristofol\\\/#primaryimage\"},\"thumbnailUrl\":\"https:\\\/\\\/www.copealcoy.es\\\/wp-content\\\/uploads\\\/2015\\\/08\\\/DSC0406.jpg\",\"datePublished\":\"2015-08-19T17:17:11+00:00\",\"author\":{\"@id\":\"https:\\\/\\\/www.copealcoy.es\\\/es\\\/#\\\/schema\\\/person\\\/e777c87fa024e57d40170af9df39882c\"},\"breadcrumb\":{\"@id\":\"https:\\\/\\\/www.copealcoy.es\\\/es\\\/el-ayuntamiento-iniciara-tras-el-verano-la-reforma-de-la-ermita-de-sant-cristofol\\\/#breadcrumb\"},\"inLanguage\":\"es\",\"potentialAction\":[{\"@type\":\"ReadAction\",\"target\":[\"https:\\\/\\\/www.copealcoy.es\\\/es\\\/el-ayuntamiento-iniciara-tras-el-verano-la-reforma-de-la-ermita-de-sant-cristofol\\\/\"]}]},{\"@type\":\"ImageObject\",\"inLanguage\":\"es\",\"@id\":\"https:\\\/\\\/www.copealcoy.es\\\/es\\\/el-ayuntamiento-iniciara-tras-el-verano-la-reforma-de-la-ermita-de-sant-cristofol\\\/#primaryimage\",\"url\":\"https:\\\/\\\/www.copealcoy.es\\\/wp-content\\\/uploads\\\/2015\\\/08\\\/DSC0406.jpg\",\"contentUrl\":\"https:\\\/\\\/www.copealcoy.es\\\/wp-content\\\/uploads\\\/2015\\\/08\\\/DSC0406.jpg\",\"width\":523,\"height\":326,\"caption\":\"La ermita se encuentra actualmente en avanzado estado de deterioro\"},{\"@type\":\"BreadcrumbList\",\"@id\":\"https:\\\/\\\/www.copealcoy.es\\\/es\\\/el-ayuntamiento-iniciara-tras-el-verano-la-reforma-de-la-ermita-de-sant-cristofol\\\/#breadcrumb\",\"itemListElement\":[{\"@type\":\"ListItem\",\"position\":1,\"name\":\"Portada\",\"item\":\"https:\\\/\\\/www.copealcoy.es\\\/es\\\/\"},{\"@type\":\"ListItem\",\"position\":2,\"name\":\"El Ayuntamiento iniciar\u00e1 tras el verano la reforma de la ermita de Sant Crist\u00f2fol\"}]},{\"@type\":\"WebSite\",\"@id\":\"https:\\\/\\\/www.copealcoy.es\\\/es\\\/#website\",\"url\":\"https:\\\/\\\/www.copealcoy.es\\\/es\\\/\",\"name\":\"COPE Alcoy\",\"description\":\"Emisora COPE de radio local con emisi\u00f3n online. Pont de Sant Jordi 8-10 03803 Alcoy\",\"potentialAction\":[{\"@type\":\"SearchAction\",\"target\":{\"@type\":\"EntryPoint\",\"urlTemplate\":\"https:\\\/\\\/www.copealcoy.es\\\/es\\\/?s={search_term_string}\"},\"query-input\":{\"@type\":\"PropertyValueSpecification\",\"valueRequired\":true,\"valueName\":\"search_term_string\"}}],\"inLanguage\":\"es\"},{\"@type\":\"Person\",\"@id\":\"https:\\\/\\\/www.copealcoy.es\\\/es\\\/#\\\/schema\\\/person\\\/e777c87fa024e57d40170af9df39882c\",\"name\":\"Cope Alcoy\",\"image\":{\"@type\":\"ImageObject\",\"inLanguage\":\"es\",\"@id\":\"https:\\\/\\\/secure.gravatar.com\\\/avatar\\\/bb65d0283347e303893ba14f0692005417c1e0e690a325a4c5d8bb2b3943ee14?s=96&d=mm&r=g\",\"url\":\"https:\\\/\\\/secure.gravatar.com\\\/avatar\\\/bb65d0283347e303893ba14f0692005417c1e0e690a325a4c5d8bb2b3943ee14?s=96&d=mm&r=g\",\"contentUrl\":\"https:\\\/\\\/secure.gravatar.com\\\/avatar\\\/bb65d0283347e303893ba14f0692005417c1e0e690a325a4c5d8bb2b3943ee14?s=96&d=mm&r=g\",\"caption\":\"Cope Alcoy\"}}]}<\/script>\n<!-- \/ Yoast SEO plugin. -->","yoast_head_json":{"title":"El Ayuntamiento iniciar\u00e1 tras el verano la reforma de la ermita de Sant Crist\u00f2fol - COPE Alcoy","robots":{"index":"index","follow":"follow","max-snippet":"max-snippet:-1","max-image-preview":"max-image-preview:large","max-video-preview":"max-video-preview:-1"},"canonical":"https:\/\/www.copealcoy.es\/es\/el-ayuntamiento-iniciara-tras-el-verano-la-reforma-de-la-ermita-de-sant-cristofol\/","og_locale":"es_ES","og_type":"article","og_title":"El Ayuntamiento iniciar\u00e1 tras el verano la reforma de la ermita de Sant Crist\u00f2fol - COPE Alcoy","og_description":"El Ayuntamiento de Alcoy prepara para despu\u00e9s del verano una actuaci\u00f3n en la ermita de Sant Crist\u00f2fol que actualmente se...","og_url":"https:\/\/www.copealcoy.es\/es\/el-ayuntamiento-iniciara-tras-el-verano-la-reforma-de-la-ermita-de-sant-cristofol\/","og_site_name":"COPE Alcoy","article_published_time":"2015-08-19T17:17:11+00:00","og_image":[{"width":523,"height":326,"url":"https:\/\/www.copealcoy.es\/wp-content\/uploads\/2015\/08\/DSC0406.jpg","type":"image\/jpeg"}],"author":"Cope Alcoy","twitter_misc":{"Escrito por":"Cope Alcoy","Tiempo de lectura":"1 minuto"},"schema":{"@context":"https:\/\/schema.org","@graph":[{"@type":"Article","@id":"https:\/\/www.copealcoy.es\/es\/el-ayuntamiento-iniciara-tras-el-verano-la-reforma-de-la-ermita-de-sant-cristofol\/#article","isPartOf":{"@id":"https:\/\/www.copealcoy.es\/es\/el-ayuntamiento-iniciara-tras-el-verano-la-reforma-de-la-ermita-de-sant-cristofol\/"},"author":{"name":"Cope Alcoy","@id":"https:\/\/www.copealcoy.es\/es\/#\/schema\/person\/e777c87fa024e57d40170af9df39882c"},"headline":"El Ayuntamiento iniciar\u00e1 tras el verano la reforma de la ermita de Sant Crist\u00f2fol","datePublished":"2015-08-19T17:17:11+00:00","mainEntityOfPage":{"@id":"https:\/\/www.copealcoy.es\/es\/el-ayuntamiento-iniciara-tras-el-verano-la-reforma-de-la-ermita-de-sant-cristofol\/"},"wordCount":286,"commentCount":0,"image":{"@id":"https:\/\/www.copealcoy.es\/es\/el-ayuntamiento-iniciara-tras-el-verano-la-reforma-de-la-ermita-de-sant-cristofol\/#primaryimage"},"thumbnailUrl":"https:\/\/www.copealcoy.es\/wp-content\/uploads\/2015\/08\/DSC0406.jpg","keywords":["Alcoy","Cultura","ermita","Obras","Patrimonio"],"articleSection":["Alcoy","Noticias","Pol\u00edtica y Econom\u00eda"],"inLanguage":"es"},{"@type":"WebPage","@id":"https:\/\/www.copealcoy.es\/es\/el-ayuntamiento-iniciara-tras-el-verano-la-reforma-de-la-ermita-de-sant-cristofol\/","url":"https:\/\/www.copealcoy.es\/es\/el-ayuntamiento-iniciara-tras-el-verano-la-reforma-de-la-ermita-de-sant-cristofol\/","name":"El Ayuntamiento iniciar\u00e1 tras el verano la reforma de la ermita de Sant Crist\u00f2fol - COPE Alcoy","isPartOf":{"@id":"https:\/\/www.copealcoy.es\/es\/#website"},"primaryImageOfPage":{"@id":"https:\/\/www.copealcoy.es\/es\/el-ayuntamiento-iniciara-tras-el-verano-la-reforma-de-la-ermita-de-sant-cristofol\/#primaryimage"},"image":{"@id":"https:\/\/www.copealcoy.es\/es\/el-ayuntamiento-iniciara-tras-el-verano-la-reforma-de-la-ermita-de-sant-cristofol\/#primaryimage"},"thumbnailUrl":"https:\/\/www.copealcoy.es\/wp-content\/uploads\/2015\/08\/DSC0406.jpg","datePublished":"2015-08-19T17:17:11+00:00","author":{"@id":"https:\/\/www.copealcoy.es\/es\/#\/schema\/person\/e777c87fa024e57d40170af9df39882c"},"breadcrumb":{"@id":"https:\/\/www.copealcoy.es\/es\/el-ayuntamiento-iniciara-tras-el-verano-la-reforma-de-la-ermita-de-sant-cristofol\/#breadcrumb"},"inLanguage":"es","potentialAction":[{"@type":"ReadAction","target":["https:\/\/www.copealcoy.es\/es\/el-ayuntamiento-iniciara-tras-el-verano-la-reforma-de-la-ermita-de-sant-cristofol\/"]}]},{"@type":"ImageObject","inLanguage":"es","@id":"https:\/\/www.copealcoy.es\/es\/el-ayuntamiento-iniciara-tras-el-verano-la-reforma-de-la-ermita-de-sant-cristofol\/#primaryimage","url":"https:\/\/www.copealcoy.es\/wp-content\/uploads\/2015\/08\/DSC0406.jpg","contentUrl":"https:\/\/www.copealcoy.es\/wp-content\/uploads\/2015\/08\/DSC0406.jpg","width":523,"height":326,"caption":"La ermita se encuentra actualmente en avanzado estado de deterioro"},{"@type":"BreadcrumbList","@id":"https:\/\/www.copealcoy.es\/es\/el-ayuntamiento-iniciara-tras-el-verano-la-reforma-de-la-ermita-de-sant-cristofol\/#breadcrumb","itemListElement":[{"@type":"ListItem","position":1,"name":"Portada","item":"https:\/\/www.copealcoy.es\/es\/"},{"@type":"ListItem","position":2,"name":"El Ayuntamiento iniciar\u00e1 tras el verano la reforma de la ermita de Sant Crist\u00f2fol"}]},{"@type":"WebSite","@id":"https:\/\/www.copealcoy.es\/es\/#website","url":"https:\/\/www.copealcoy.es\/es\/","name":"COPE Alcoy","description":"Emisora COPE de radio local con emisi\u00f3n online. Pont de Sant Jordi 8-10 03803 Alcoy","potentialAction":[{"@type":"SearchAction","target":{"@type":"EntryPoint","urlTemplate":"https:\/\/www.copealcoy.es\/es\/?s={search_term_string}"},"query-input":{"@type":"PropertyValueSpecification","valueRequired":true,"valueName":"search_term_string"}}],"inLanguage":"es"},{"@type":"Person","@id":"https:\/\/www.copealcoy.es\/es\/#\/schema\/person\/e777c87fa024e57d40170af9df39882c","name":"Cope Alcoy","image":{"@type":"ImageObject","inLanguage":"es","@id":"https:\/\/secure.gravatar.com\/avatar\/bb65d0283347e303893ba14f0692005417c1e0e690a325a4c5d8bb2b3943ee14?s=96&d=mm&r=g","url":"https:\/\/secure.gravatar.com\/avatar\/bb65d0283347e303893ba14f0692005417c1e0e690a325a4c5d8bb2b3943ee14?s=96&d=mm&r=g","contentUrl":"https:\/\/secure.gravatar.com\/avatar\/bb65d0283347e303893ba14f0692005417c1e0e690a325a4c5d8bb2b3943ee14?s=96&d=mm&r=g","caption":"Cope Alcoy"}}]}},"_links":{"self":[{"href":"https:\/\/www.copealcoy.es\/es\/wp-json\/wp\/v2\/posts\/15090","targetHints":{"allow":["GET"]}}],"collection":[{"href":"https:\/\/www.copealcoy.es\/es\/wp-json\/wp\/v2\/posts"}],"about":[{"href":"https:\/\/www.copealcoy.es\/es\/wp-json\/wp\/v2\/types\/post"}],"author":[{"embeddable":true,"href":"https:\/\/www.copealcoy.es\/es\/wp-json\/wp\/v2\/users\/1"}],"replies":[{"embeddable":true,"href":"https:\/\/www.copealcoy.es\/es\/wp-json\/wp\/v2\/comments?post=15090"}],"version-history":[{"count":0,"href":"https:\/\/www.copealcoy.es\/es\/wp-json\/wp\/v2\/posts\/15090\/revisions"}],"wp:featuredmedia":[{"embeddable":true,"href":"https:\/\/www.copealcoy.es\/es\/wp-json\/wp\/v2\/media\/15091"}],"wp:attachment":[{"href":"https:\/\/www.copealcoy.es\/es\/wp-json\/wp\/v2\/media?parent=15090"}],"wp:term":[{"taxonomy":"category","embeddable":true,"href":"https:\/\/www.copealcoy.es\/es\/wp-json\/wp\/v2\/categories?post=15090"},{"taxonomy":"post_tag","embeddable":true,"href":"https:\/\/www.copealcoy.es\/es\/wp-json\/wp\/v2\/tags?post=15090"}],"curies":[{"name":"wp","href":"https:\/\/api.w.org\/{rel}","templated":true}]}}