{"id":150846,"date":"2025-04-20T08:16:40","date_gmt":"2025-04-20T07:16:40","guid":{"rendered":"https:\/\/www.copealcoy.es\/?p=150846"},"modified":"2025-04-20T12:27:02","modified_gmt":"2025-04-20T11:27:02","slug":"el-sonido-de-els-xiulitets-acompana-el-encuentro-glorioso-y-anuncia-la-festa-de-alcoy","status":"publish","type":"post","link":"https:\/\/www.copealcoy.es\/es\/el-sonido-de-els-xiulitets-acompana-el-encuentro-glorioso-y-anuncia-la-festa-de-alcoy\/","title":{"rendered":"El sonido de &#8216;Els Xiulitets&#8217; acompa\u00f1a el Encuentro Glorioso y anuncia la Festa de Alcoy"},"content":{"rendered":"<p style=\"text-align: justify;\">Alcoy cerr\u00f3 en este <strong>Domingo de Pascua<\/strong>, 20 de abril, <span style=\"color: #0000ff;\"><a style=\"color: #0000ff;\" href=\"https:\/\/alcoyturismo.com\/alcoy\/uploaded\/Semana%20Santa\/2025_Diptico_Castellano_Semana_Santa.pdf\" target=\"_blank\" rel=\"noopener\"><strong>su Semana Santa<\/strong><\/a><\/span> con el tradicional acto del <strong>Encuentro entre la Virgen Mar\u00eda y Cristo Resucitado<\/strong> en la matinal procesi\u00f3n de \u2018Els Xiulitets\u2019. La jornada comenz\u00f3 a las 08:00h horas, <strong>cuando ambas im\u00e1genes salieron desde el templo de San Mauro y San Francisco<\/strong> bajo una fr\u00eda ma\u00f1ana que oblig\u00f3 a muchos a llevar ropa de abrigo pese a estar ya avanzada la primavera.<\/p>\n<p style=\"text-align: justify;\"><strong>Cristo Resucitado<\/strong>, portado en andas, recorri\u00f3 un tramo de la Plaza de Ram\u00f3n y Cajal hasta situarse a escasos metros de las puertas de La Glorieta. All\u00ed, con las primeras luces del d\u00eda y acompa\u00f1ados por el ensordecedor sonido de miles de peque\u00f1os botijos de barro, tuvo lugar el esperado <strong>Encuentro Glorioso<\/strong>. La <strong>Virgen Mar\u00eda<\/strong> subi\u00f3 en veloz carrera por la calle de San Nicol\u00e1s para encontrarse con su hijo resucitado en un momento cargado de emoci\u00f3n. Aplausos y <strong>el disparo de una traca<\/strong> acompa\u00f1aron este instante tan significativo, que continu\u00f3 con las reverencias entre ambas im\u00e1genes.<\/p>\n<p style=\"text-align: justify;\">El acto cont\u00f3 tambi\u00e9n con la presencia del titular de las parroquias del Centro, <strong>Don Jes\u00fas Fuentes<\/strong>, quien desde un balc\u00f3n dirigi\u00f3 una oraci\u00f3n felicitando a todos los alcoyanos por la llegada de la Pascua. Adem\u00e1s<strong> anim\u00f3 a disfrutar de las pr\u00f3ximas Fiestas de Moros y Cristianos en honor a San Jorge<\/strong> lanzando el primer <em>Visca Sant Jordi <\/em>previo a la trilog\u00eda festera.<\/p>\n<p style=\"text-align: justify;\">Tras el Encuentro, tanto <strong>El Salvador como la Mare de D\u00e9u recorrieron varias calles del Centro<\/strong> hasta llegar a la iglesia de San Mauro, acompa\u00f1ados musicalmente por la pieza \u2018<em>Els Xiulitets, desperta\u00b4t Alcoi\u2019<\/em>, de Gregorio Casasempere, e interpretada por la Societat MusicalNova d&#8217;Acoi. Con este acto emotivo se puso fin a la Semana Santa de este a\u00f1o en Alcoy, tard\u00eda en el calendario, <strong>dando paso r\u00e1pidamente a las celebraciones festivas con el acto de La Gloria<\/strong>, que tomar\u00e1 las calles de la ciudad a partir de las diez de la ma\u00f1ana.<\/p>\n<div id='gallery-1' class='gallery galleryid-150846 gallery-columns-3 gallery-size-medium'><figure class='gallery-item'>\n\t\t\t<div class='gallery-icon landscape'>\n\t\t\t\t<a href='https:\/\/www.copealcoy.es\/es\/el-sonido-de-els-xiulitets-acompana-el-encuentro-glorioso-y-anuncia-la-festa-de-alcoy\/0-3-10\/'><img loading=\"lazy\" decoding=\"async\" width=\"413\" height=\"455\" src=\"https:\/\/www.copealcoy.es\/wp-content\/uploads\/2025\/04\/0-3-2-413x455.jpg\" class=\"attachment-medium size-medium\" alt=\"\" \/><\/a>\n\t\t\t<\/div><\/figure><figure class='gallery-item'>\n\t\t\t<div class='gallery-icon landscape'>\n\t\t\t\t<a href='https:\/\/www.copealcoy.es\/es\/el-sonido-de-els-xiulitets-acompana-el-encuentro-glorioso-y-anuncia-la-festa-de-alcoy\/0-4-7\/'><img loading=\"lazy\" decoding=\"async\" width=\"413\" height=\"455\" src=\"https:\/\/www.copealcoy.es\/wp-content\/uploads\/2025\/04\/0-4-2-413x455.jpg\" class=\"attachment-medium size-medium\" alt=\"\" \/><\/a>\n\t\t\t<\/div><\/figure><figure class='gallery-item'>\n\t\t\t<div class='gallery-icon landscape'>\n\t\t\t\t<a href='https:\/\/www.copealcoy.es\/es\/el-sonido-de-els-xiulitets-acompana-el-encuentro-glorioso-y-anuncia-la-festa-de-alcoy\/xiulitets-alcoi-2025\/'><img loading=\"lazy\" decoding=\"async\" width=\"413\" height=\"455\" src=\"https:\/\/www.copealcoy.es\/wp-content\/uploads\/2025\/04\/0-8-413x455.jpg\" class=\"attachment-medium size-medium\" alt=\"\" \/><\/a>\n\t\t\t<\/div><\/figure><figure class='gallery-item'>\n\t\t\t<div class='gallery-icon landscape'>\n\t\t\t\t<a href='https:\/\/www.copealcoy.es\/es\/el-sonido-de-els-xiulitets-acompana-el-encuentro-glorioso-y-anuncia-la-festa-de-alcoy\/0-2-14\/'><img loading=\"lazy\" decoding=\"async\" width=\"413\" height=\"455\" src=\"https:\/\/www.copealcoy.es\/wp-content\/uploads\/2025\/04\/0-2-4-413x455.jpg\" class=\"attachment-medium size-medium\" alt=\"\" \/><\/a>\n\t\t\t<\/div><\/figure><figure class='gallery-item'>\n\t\t\t<div class='gallery-icon landscape'>\n\t\t\t\t<a href='https:\/\/www.copealcoy.es\/es\/el-sonido-de-els-xiulitets-acompana-el-encuentro-glorioso-y-anuncia-la-festa-de-alcoy\/unnamed-1-46-2\/'><img loading=\"lazy\" decoding=\"async\" width=\"413\" height=\"455\" src=\"https:\/\/www.copealcoy.es\/wp-content\/uploads\/2025\/04\/unnamed-1-24-413x455.jpg\" class=\"attachment-medium size-medium\" alt=\"\" \/><\/a>\n\t\t\t<\/div><\/figure><figure class='gallery-item'>\n\t\t\t<div class='gallery-icon landscape'>\n\t\t\t\t<a href='https:\/\/www.copealcoy.es\/es\/el-sonido-de-els-xiulitets-acompana-el-encuentro-glorioso-y-anuncia-la-festa-de-alcoy\/0-1-17\/'><img loading=\"lazy\" decoding=\"async\" width=\"413\" height=\"455\" src=\"https:\/\/www.copealcoy.es\/wp-content\/uploads\/2025\/04\/0-1-4-413x455.jpg\" class=\"attachment-medium size-medium\" alt=\"\" \/><\/a>\n\t\t\t<\/div><\/figure>\n\t\t<\/div>\n\n","protected":false},"excerpt":{"rendered":"<p>Alcoy cerr\u00f3 en este Domingo de Pascua, 20 de abril, su Semana Santa con el tradicional acto del Encuentro entre&#8230;<\/p>\n","protected":false},"author":1,"featured_media":150863,"comment_status":"closed","ping_status":"closed","sticky":false,"template":"","format":"standard","meta":{"footnotes":""},"categories":[6909,97,78,75],"tags":[1494,3988,19468,745],"class_list":["post-150846","post","type-post","status-publish","format-standard","has-post-thumbnail","hentry","category-actualidad","category-alcoy","category-fiestaycultura","category-noticias","tag-alcoy","tag-encuentro-glorioso","tag-procesion-de-els-xiulitets","tag-semana-santa"],"yoast_head":"<!-- This site is optimized with the Yoast SEO plugin v27.3 - https:\/\/yoast.com\/product\/yoast-seo-wordpress\/ -->\n<title>El sonido de &#039;Els Xiulitets&#039; acompa\u00f1a el Encuentro Glorioso y anuncia la Festa de Alcoy - COPE Alcoy<\/title>\n<meta name=\"description\" content=\"Alcoy cerr\u00f3 este Domingo de Pascua, 20 de abril, su Semana Santa con el tradicional acto del Encuentro entre la Virgen Mar\u00eda y Cristo Resucitado en la matinal procesi\u00f3n de \u2018Els Xiulitets\u2019\" \/>\n<meta name=\"robots\" content=\"index, follow, max-snippet:-1, max-image-preview:large, max-video-preview:-1\" \/>\n<link rel=\"canonical\" href=\"https:\/\/www.copealcoy.es\/es\/el-sonido-de-els-xiulitets-acompana-el-encuentro-glorioso-y-anuncia-la-festa-de-alcoy\/\" \/>\n<meta property=\"og:locale\" content=\"es_ES\" \/>\n<meta property=\"og:type\" content=\"article\" \/>\n<meta property=\"og:title\" content=\"El sonido de &#039;Els Xiulitets&#039; acompa\u00f1a el Encuentro Glorioso y anuncia la Festa de Alcoy - COPE Alcoy\" \/>\n<meta property=\"og:description\" content=\"Alcoy cerr\u00f3 este Domingo de Pascua, 20 de abril, su Semana Santa con el tradicional acto del Encuentro entre la Virgen Mar\u00eda y Cristo Resucitado en la matinal procesi\u00f3n de \u2018Els Xiulitets\u2019\" \/>\n<meta property=\"og:url\" content=\"https:\/\/www.copealcoy.es\/es\/el-sonido-de-els-xiulitets-acompana-el-encuentro-glorioso-y-anuncia-la-festa-de-alcoy\/\" \/>\n<meta property=\"og:site_name\" content=\"COPE Alcoy\" \/>\n<meta property=\"article:published_time\" content=\"2025-04-20T07:16:40+00:00\" \/>\n<meta property=\"article:modified_time\" content=\"2025-04-20T11:27:02+00:00\" \/>\n<meta property=\"og:image\" content=\"https:\/\/www.copealcoy.es\/wp-content\/uploads\/2025\/04\/IMG_0383-scaled-e1745148340262.jpeg\" \/>\n\t<meta property=\"og:image:width\" content=\"800\" \/>\n\t<meta property=\"og:image:height\" content=\"578\" \/>\n\t<meta property=\"og:image:type\" content=\"image\/jpeg\" \/>\n<meta name=\"author\" content=\"Cope Alcoy\" \/>\n<meta name=\"twitter:label1\" content=\"Escrito por\" \/>\n\t<meta name=\"twitter:data1\" content=\"Cope Alcoy\" \/>\n\t<meta name=\"twitter:label2\" content=\"Tiempo de lectura\" \/>\n\t<meta name=\"twitter:data2\" content=\"2 minutos\" \/>\n<script type=\"application\/ld+json\" class=\"yoast-schema-graph\">{\"@context\":\"https:\\\/\\\/schema.org\",\"@graph\":[{\"@type\":\"Article\",\"@id\":\"https:\\\/\\\/www.copealcoy.es\\\/es\\\/el-sonido-de-els-xiulitets-acompana-el-encuentro-glorioso-y-anuncia-la-festa-de-alcoy\\\/#article\",\"isPartOf\":{\"@id\":\"https:\\\/\\\/www.copealcoy.es\\\/es\\\/el-sonido-de-els-xiulitets-acompana-el-encuentro-glorioso-y-anuncia-la-festa-de-alcoy\\\/\"},\"author\":{\"name\":\"Cope Alcoy\",\"@id\":\"https:\\\/\\\/www.copealcoy.es\\\/es\\\/#\\\/schema\\\/person\\\/e777c87fa024e57d40170af9df39882c\"},\"headline\":\"El sonido de &#8216;Els Xiulitets&#8217; acompa\u00f1a el Encuentro Glorioso y anuncia la Festa de Alcoy\",\"datePublished\":\"2025-04-20T07:16:40+00:00\",\"dateModified\":\"2025-04-20T11:27:02+00:00\",\"mainEntityOfPage\":{\"@id\":\"https:\\\/\\\/www.copealcoy.es\\\/es\\\/el-sonido-de-els-xiulitets-acompana-el-encuentro-glorioso-y-anuncia-la-festa-de-alcoy\\\/\"},\"wordCount\":372,\"image\":{\"@id\":\"https:\\\/\\\/www.copealcoy.es\\\/es\\\/el-sonido-de-els-xiulitets-acompana-el-encuentro-glorioso-y-anuncia-la-festa-de-alcoy\\\/#primaryimage\"},\"thumbnailUrl\":\"https:\\\/\\\/www.copealcoy.es\\\/wp-content\\\/uploads\\\/2025\\\/04\\\/IMG_0383-scaled-e1745148340262.jpeg\",\"keywords\":[\"Alcoy\",\"Encuentro Glorioso\",\"Procesi\u00f3n de Els Xiulitets\",\"Semana Santa\"],\"articleSection\":[\"Actualidad\",\"Alcoy\",\"Fiesta y Cultura\",\"Noticias\"],\"inLanguage\":\"es\"},{\"@type\":\"WebPage\",\"@id\":\"https:\\\/\\\/www.copealcoy.es\\\/es\\\/el-sonido-de-els-xiulitets-acompana-el-encuentro-glorioso-y-anuncia-la-festa-de-alcoy\\\/\",\"url\":\"https:\\\/\\\/www.copealcoy.es\\\/es\\\/el-sonido-de-els-xiulitets-acompana-el-encuentro-glorioso-y-anuncia-la-festa-de-alcoy\\\/\",\"name\":\"El sonido de 'Els Xiulitets' acompa\u00f1a el Encuentro Glorioso y anuncia la Festa de Alcoy - COPE Alcoy\",\"isPartOf\":{\"@id\":\"https:\\\/\\\/www.copealcoy.es\\\/es\\\/#website\"},\"primaryImageOfPage\":{\"@id\":\"https:\\\/\\\/www.copealcoy.es\\\/es\\\/el-sonido-de-els-xiulitets-acompana-el-encuentro-glorioso-y-anuncia-la-festa-de-alcoy\\\/#primaryimage\"},\"image\":{\"@id\":\"https:\\\/\\\/www.copealcoy.es\\\/es\\\/el-sonido-de-els-xiulitets-acompana-el-encuentro-glorioso-y-anuncia-la-festa-de-alcoy\\\/#primaryimage\"},\"thumbnailUrl\":\"https:\\\/\\\/www.copealcoy.es\\\/wp-content\\\/uploads\\\/2025\\\/04\\\/IMG_0383-scaled-e1745148340262.jpeg\",\"datePublished\":\"2025-04-20T07:16:40+00:00\",\"dateModified\":\"2025-04-20T11:27:02+00:00\",\"author\":{\"@id\":\"https:\\\/\\\/www.copealcoy.es\\\/es\\\/#\\\/schema\\\/person\\\/e777c87fa024e57d40170af9df39882c\"},\"description\":\"Alcoy cerr\u00f3 este Domingo de Pascua, 20 de abril, su Semana Santa con el tradicional acto del Encuentro entre la Virgen Mar\u00eda y Cristo Resucitado en la matinal procesi\u00f3n de \u2018Els Xiulitets\u2019\",\"breadcrumb\":{\"@id\":\"https:\\\/\\\/www.copealcoy.es\\\/es\\\/el-sonido-de-els-xiulitets-acompana-el-encuentro-glorioso-y-anuncia-la-festa-de-alcoy\\\/#breadcrumb\"},\"inLanguage\":\"es\",\"potentialAction\":[{\"@type\":\"ReadAction\",\"target\":[\"https:\\\/\\\/www.copealcoy.es\\\/es\\\/el-sonido-de-els-xiulitets-acompana-el-encuentro-glorioso-y-anuncia-la-festa-de-alcoy\\\/\"]}]},{\"@type\":\"ImageObject\",\"inLanguage\":\"es\",\"@id\":\"https:\\\/\\\/www.copealcoy.es\\\/es\\\/el-sonido-de-els-xiulitets-acompana-el-encuentro-glorioso-y-anuncia-la-festa-de-alcoy\\\/#primaryimage\",\"url\":\"https:\\\/\\\/www.copealcoy.es\\\/wp-content\\\/uploads\\\/2025\\\/04\\\/IMG_0383-scaled-e1745148340262.jpeg\",\"contentUrl\":\"https:\\\/\\\/www.copealcoy.es\\\/wp-content\\\/uploads\\\/2025\\\/04\\\/IMG_0383-scaled-e1745148340262.jpeg\",\"width\":800,\"height\":578},{\"@type\":\"BreadcrumbList\",\"@id\":\"https:\\\/\\\/www.copealcoy.es\\\/es\\\/el-sonido-de-els-xiulitets-acompana-el-encuentro-glorioso-y-anuncia-la-festa-de-alcoy\\\/#breadcrumb\",\"itemListElement\":[{\"@type\":\"ListItem\",\"position\":1,\"name\":\"Portada\",\"item\":\"https:\\\/\\\/www.copealcoy.es\\\/es\\\/\"},{\"@type\":\"ListItem\",\"position\":2,\"name\":\"El sonido de &#8216;Els Xiulitets&#8217; acompa\u00f1a el Encuentro Glorioso y anuncia la Festa de Alcoy\"}]},{\"@type\":\"WebSite\",\"@id\":\"https:\\\/\\\/www.copealcoy.es\\\/es\\\/#website\",\"url\":\"https:\\\/\\\/www.copealcoy.es\\\/es\\\/\",\"name\":\"COPE Alcoy\",\"description\":\"Emisora COPE de radio local con emisi\u00f3n online. Pont de Sant Jordi 8-10 03803 Alcoy\",\"potentialAction\":[{\"@type\":\"SearchAction\",\"target\":{\"@type\":\"EntryPoint\",\"urlTemplate\":\"https:\\\/\\\/www.copealcoy.es\\\/es\\\/?s={search_term_string}\"},\"query-input\":{\"@type\":\"PropertyValueSpecification\",\"valueRequired\":true,\"valueName\":\"search_term_string\"}}],\"inLanguage\":\"es\"},{\"@type\":\"Person\",\"@id\":\"https:\\\/\\\/www.copealcoy.es\\\/es\\\/#\\\/schema\\\/person\\\/e777c87fa024e57d40170af9df39882c\",\"name\":\"Cope Alcoy\",\"image\":{\"@type\":\"ImageObject\",\"inLanguage\":\"es\",\"@id\":\"https:\\\/\\\/secure.gravatar.com\\\/avatar\\\/bb65d0283347e303893ba14f0692005417c1e0e690a325a4c5d8bb2b3943ee14?s=96&d=mm&r=g\",\"url\":\"https:\\\/\\\/secure.gravatar.com\\\/avatar\\\/bb65d0283347e303893ba14f0692005417c1e0e690a325a4c5d8bb2b3943ee14?s=96&d=mm&r=g\",\"contentUrl\":\"https:\\\/\\\/secure.gravatar.com\\\/avatar\\\/bb65d0283347e303893ba14f0692005417c1e0e690a325a4c5d8bb2b3943ee14?s=96&d=mm&r=g\",\"caption\":\"Cope Alcoy\"}}]}<\/script>\n<!-- \/ Yoast SEO plugin. -->","yoast_head_json":{"title":"El sonido de 'Els Xiulitets' acompa\u00f1a el Encuentro Glorioso y anuncia la Festa de Alcoy - COPE Alcoy","description":"Alcoy cerr\u00f3 este Domingo de Pascua, 20 de abril, su Semana Santa con el tradicional acto del Encuentro entre la Virgen Mar\u00eda y Cristo Resucitado en la matinal procesi\u00f3n de \u2018Els Xiulitets\u2019","robots":{"index":"index","follow":"follow","max-snippet":"max-snippet:-1","max-image-preview":"max-image-preview:large","max-video-preview":"max-video-preview:-1"},"canonical":"https:\/\/www.copealcoy.es\/es\/el-sonido-de-els-xiulitets-acompana-el-encuentro-glorioso-y-anuncia-la-festa-de-alcoy\/","og_locale":"es_ES","og_type":"article","og_title":"El sonido de 'Els Xiulitets' acompa\u00f1a el Encuentro Glorioso y anuncia la Festa de Alcoy - COPE Alcoy","og_description":"Alcoy cerr\u00f3 este Domingo de Pascua, 20 de abril, su Semana Santa con el tradicional acto del Encuentro entre la Virgen Mar\u00eda y Cristo Resucitado en la matinal procesi\u00f3n de \u2018Els Xiulitets\u2019","og_url":"https:\/\/www.copealcoy.es\/es\/el-sonido-de-els-xiulitets-acompana-el-encuentro-glorioso-y-anuncia-la-festa-de-alcoy\/","og_site_name":"COPE Alcoy","article_published_time":"2025-04-20T07:16:40+00:00","article_modified_time":"2025-04-20T11:27:02+00:00","og_image":[{"width":800,"height":578,"url":"https:\/\/www.copealcoy.es\/wp-content\/uploads\/2025\/04\/IMG_0383-scaled-e1745148340262.jpeg","type":"image\/jpeg"}],"author":"Cope Alcoy","twitter_misc":{"Escrito por":"Cope Alcoy","Tiempo de lectura":"2 minutos"},"schema":{"@context":"https:\/\/schema.org","@graph":[{"@type":"Article","@id":"https:\/\/www.copealcoy.es\/es\/el-sonido-de-els-xiulitets-acompana-el-encuentro-glorioso-y-anuncia-la-festa-de-alcoy\/#article","isPartOf":{"@id":"https:\/\/www.copealcoy.es\/es\/el-sonido-de-els-xiulitets-acompana-el-encuentro-glorioso-y-anuncia-la-festa-de-alcoy\/"},"author":{"name":"Cope Alcoy","@id":"https:\/\/www.copealcoy.es\/es\/#\/schema\/person\/e777c87fa024e57d40170af9df39882c"},"headline":"El sonido de &#8216;Els Xiulitets&#8217; acompa\u00f1a el Encuentro Glorioso y anuncia la Festa de Alcoy","datePublished":"2025-04-20T07:16:40+00:00","dateModified":"2025-04-20T11:27:02+00:00","mainEntityOfPage":{"@id":"https:\/\/www.copealcoy.es\/es\/el-sonido-de-els-xiulitets-acompana-el-encuentro-glorioso-y-anuncia-la-festa-de-alcoy\/"},"wordCount":372,"image":{"@id":"https:\/\/www.copealcoy.es\/es\/el-sonido-de-els-xiulitets-acompana-el-encuentro-glorioso-y-anuncia-la-festa-de-alcoy\/#primaryimage"},"thumbnailUrl":"https:\/\/www.copealcoy.es\/wp-content\/uploads\/2025\/04\/IMG_0383-scaled-e1745148340262.jpeg","keywords":["Alcoy","Encuentro Glorioso","Procesi\u00f3n de Els Xiulitets","Semana Santa"],"articleSection":["Actualidad","Alcoy","Fiesta y Cultura","Noticias"],"inLanguage":"es"},{"@type":"WebPage","@id":"https:\/\/www.copealcoy.es\/es\/el-sonido-de-els-xiulitets-acompana-el-encuentro-glorioso-y-anuncia-la-festa-de-alcoy\/","url":"https:\/\/www.copealcoy.es\/es\/el-sonido-de-els-xiulitets-acompana-el-encuentro-glorioso-y-anuncia-la-festa-de-alcoy\/","name":"El sonido de 'Els Xiulitets' acompa\u00f1a el Encuentro Glorioso y anuncia la Festa de Alcoy - COPE Alcoy","isPartOf":{"@id":"https:\/\/www.copealcoy.es\/es\/#website"},"primaryImageOfPage":{"@id":"https:\/\/www.copealcoy.es\/es\/el-sonido-de-els-xiulitets-acompana-el-encuentro-glorioso-y-anuncia-la-festa-de-alcoy\/#primaryimage"},"image":{"@id":"https:\/\/www.copealcoy.es\/es\/el-sonido-de-els-xiulitets-acompana-el-encuentro-glorioso-y-anuncia-la-festa-de-alcoy\/#primaryimage"},"thumbnailUrl":"https:\/\/www.copealcoy.es\/wp-content\/uploads\/2025\/04\/IMG_0383-scaled-e1745148340262.jpeg","datePublished":"2025-04-20T07:16:40+00:00","dateModified":"2025-04-20T11:27:02+00:00","author":{"@id":"https:\/\/www.copealcoy.es\/es\/#\/schema\/person\/e777c87fa024e57d40170af9df39882c"},"description":"Alcoy cerr\u00f3 este Domingo de Pascua, 20 de abril, su Semana Santa con el tradicional acto del Encuentro entre la Virgen Mar\u00eda y Cristo Resucitado en la matinal procesi\u00f3n de \u2018Els Xiulitets\u2019","breadcrumb":{"@id":"https:\/\/www.copealcoy.es\/es\/el-sonido-de-els-xiulitets-acompana-el-encuentro-glorioso-y-anuncia-la-festa-de-alcoy\/#breadcrumb"},"inLanguage":"es","potentialAction":[{"@type":"ReadAction","target":["https:\/\/www.copealcoy.es\/es\/el-sonido-de-els-xiulitets-acompana-el-encuentro-glorioso-y-anuncia-la-festa-de-alcoy\/"]}]},{"@type":"ImageObject","inLanguage":"es","@id":"https:\/\/www.copealcoy.es\/es\/el-sonido-de-els-xiulitets-acompana-el-encuentro-glorioso-y-anuncia-la-festa-de-alcoy\/#primaryimage","url":"https:\/\/www.copealcoy.es\/wp-content\/uploads\/2025\/04\/IMG_0383-scaled-e1745148340262.jpeg","contentUrl":"https:\/\/www.copealcoy.es\/wp-content\/uploads\/2025\/04\/IMG_0383-scaled-e1745148340262.jpeg","width":800,"height":578},{"@type":"BreadcrumbList","@id":"https:\/\/www.copealcoy.es\/es\/el-sonido-de-els-xiulitets-acompana-el-encuentro-glorioso-y-anuncia-la-festa-de-alcoy\/#breadcrumb","itemListElement":[{"@type":"ListItem","position":1,"name":"Portada","item":"https:\/\/www.copealcoy.es\/es\/"},{"@type":"ListItem","position":2,"name":"El sonido de &#8216;Els Xiulitets&#8217; acompa\u00f1a el Encuentro Glorioso y anuncia la Festa de Alcoy"}]},{"@type":"WebSite","@id":"https:\/\/www.copealcoy.es\/es\/#website","url":"https:\/\/www.copealcoy.es\/es\/","name":"COPE Alcoy","description":"Emisora COPE de radio local con emisi\u00f3n online. Pont de Sant Jordi 8-10 03803 Alcoy","potentialAction":[{"@type":"SearchAction","target":{"@type":"EntryPoint","urlTemplate":"https:\/\/www.copealcoy.es\/es\/?s={search_term_string}"},"query-input":{"@type":"PropertyValueSpecification","valueRequired":true,"valueName":"search_term_string"}}],"inLanguage":"es"},{"@type":"Person","@id":"https:\/\/www.copealcoy.es\/es\/#\/schema\/person\/e777c87fa024e57d40170af9df39882c","name":"Cope Alcoy","image":{"@type":"ImageObject","inLanguage":"es","@id":"https:\/\/secure.gravatar.com\/avatar\/bb65d0283347e303893ba14f0692005417c1e0e690a325a4c5d8bb2b3943ee14?s=96&d=mm&r=g","url":"https:\/\/secure.gravatar.com\/avatar\/bb65d0283347e303893ba14f0692005417c1e0e690a325a4c5d8bb2b3943ee14?s=96&d=mm&r=g","contentUrl":"https:\/\/secure.gravatar.com\/avatar\/bb65d0283347e303893ba14f0692005417c1e0e690a325a4c5d8bb2b3943ee14?s=96&d=mm&r=g","caption":"Cope Alcoy"}}]}},"_links":{"self":[{"href":"https:\/\/www.copealcoy.es\/es\/wp-json\/wp\/v2\/posts\/150846","targetHints":{"allow":["GET"]}}],"collection":[{"href":"https:\/\/www.copealcoy.es\/es\/wp-json\/wp\/v2\/posts"}],"about":[{"href":"https:\/\/www.copealcoy.es\/es\/wp-json\/wp\/v2\/types\/post"}],"author":[{"embeddable":true,"href":"https:\/\/www.copealcoy.es\/es\/wp-json\/wp\/v2\/users\/1"}],"replies":[{"embeddable":true,"href":"https:\/\/www.copealcoy.es\/es\/wp-json\/wp\/v2\/comments?post=150846"}],"version-history":[{"count":0,"href":"https:\/\/www.copealcoy.es\/es\/wp-json\/wp\/v2\/posts\/150846\/revisions"}],"wp:featuredmedia":[{"embeddable":true,"href":"https:\/\/www.copealcoy.es\/es\/wp-json\/wp\/v2\/media\/150863"}],"wp:attachment":[{"href":"https:\/\/www.copealcoy.es\/es\/wp-json\/wp\/v2\/media?parent=150846"}],"wp:term":[{"taxonomy":"category","embeddable":true,"href":"https:\/\/www.copealcoy.es\/es\/wp-json\/wp\/v2\/categories?post=150846"},{"taxonomy":"post_tag","embeddable":true,"href":"https:\/\/www.copealcoy.es\/es\/wp-json\/wp\/v2\/tags?post=150846"}],"curies":[{"name":"wp","href":"https:\/\/api.w.org\/{rel}","templated":true}]}}