{"id":150824,"date":"2025-04-19T08:00:24","date_gmt":"2025-04-19T07:00:24","guid":{"rendered":"https:\/\/www.copealcoy.es\/?p=150824"},"modified":"2025-04-19T18:57:31","modified_gmt":"2025-04-19T17:57:31","slug":"el-viernes-santo-llena-de-tradiciones-cada-rincon-de-nuestras-comarcas","status":"publish","type":"post","link":"https:\/\/www.copealcoy.es\/es\/el-viernes-santo-llena-de-tradiciones-cada-rincon-de-nuestras-comarcas\/","title":{"rendered":"El Viernes Santo llena de tradiciones cada rinc\u00f3n de nuestras comarcas"},"content":{"rendered":"<p style=\"text-align: justify;\">La Semana Santa <strong>tambi\u00e9n se vive en los municipios de nuestras comarcas<\/strong> con u<strong>n amplio abanico de tradiciones y singularidades<\/strong> que marcan la diferencia en cada poblaci\u00f3n. Ayer, <strong>Viernes Santo<\/strong>, se sucedieron <strong>los actos religiosos<\/strong> en las localidades de L&#8217;Alcoi\u00e0\u00a0 y El Comtat mientras que <strong>la Procesi\u00f3n del Santo Entierro fue la protagonista<\/strong> en las calles al caer la tarde.<\/p>\n<p style=\"text-align: justify;\">Una de las particularidades de este d\u00eda la encontramos en <a href=\"https:\/\/www.facebook.com\/p\/Lorcha-Redes-100089536717738\/\" target=\"_blank\" rel=\"noopener\"><span style=\"color: #0000ff;\"><strong>L&#8217;Orxa<\/strong><\/span><\/a>, donde el canto de &#8216;Els Motets&#8217; acompa\u00f1a el recorrido de los pasos en su recorrido por el pueblo. Se trata de unas composiciones que se interpretan en lat\u00edn y que cuentan con el acompa\u00f1amiento de la banda de m\u00fasica local <em>&#8220;tienen, por lo menos, m\u00e1s de cien a\u00f1os y la costumbre sigue todav\u00eda viva. Es muy emotivo y una se\u00f1a de identidad nuestra que hay que mantener para que no se pierda con el tiempo<\/em>&#8220;, contaba en COPE ALCOY <strong>Jos\u00e9 Ram\u00f3n Juan<\/strong>; una de las personas que pone voz a las melod\u00edas. All\u00ed en L&#8217;Orxa encontramos tambi\u00e9n la singularidad de que, junto a las im\u00e1genes que participan en el Santo Entierro, se encuentra la de Santa Mar\u00eda Magdalena; la cual es la patrona del municipio y en cuyo honor se dedican las Fiestas del mes de julio.<\/p>\n<p style=\"text-align: justify;\">Una circunstancia id\u00e9ntica se da en<strong> Banyeres de Mariola<\/strong>, donde Santa Mar\u00eda Magdalena es tambi\u00e9n patrona y est\u00e1 presente en los actos del Viernes Santo. La talla participa en el V\u00eda Crucis matinal que parte desde la parroquia en direcci\u00f3n a la ermita del Santo Cristo con la participaci\u00f3n, adem\u00e1s, del Nazareno y La Dolorosa. Don Ram\u00f3n Mic\u00f3, p\u00e1rroco del pueblo, dirigi\u00f3 el rezo del citado V\u00eda Crucis y acompa\u00f1\u00f3 la meditaci\u00f3n de las diferentes estaciones hasta llegar al ermitorio donde se encontraba el paso de Cristo Crucificado. Despu\u00e9s, todas las im\u00e1genes emprendieron el camino de regreso al templo haciendo una parada en la ermita de La Malena para el rezo de los siete dolores de la Virgen.<\/p>\n<p style=\"text-align: justify;\">En <strong>Benimarfull<\/strong> el V\u00eda Crucis matinal lo presidi\u00f3 el patr\u00f3n del pueblo, el Sant\u00edsimo Cristo de la Buena Muerte, y en Agres se rezaron las estaciones en el calvario que conduce al Santuario donde se venera a la patrona. En <strong>Muro<\/strong> el citado V\u00eda Crucis tiene lugar en la noche del Jueves Santo, con la imagen del Nazareno haciendo paradas en las estaciones que se reparten por el casco antiguo del municpio en &#8216;taulellets&#8217;, mientras que al anochecer de ayer sali\u00f3 a la calle la Procesi\u00f3n del Santo Entierro desde la parroquia. Participaron las im\u00e1genes del Cristo de la Columa, el Ecce Homo, El Nazareno, La Dolorosa, Cristo Crucificando y el Cristo Yacente. Adem\u00e1s, volvi\u00f3 a sonar en el campanario &#8216;La Matraca&#8217;, instrumento que sustituye al toque de campanas en el Triduo Pascual, y que fue recuperado en Muro de la mano de la Colla de Campaners del Comtat.<\/p>\n<p style=\"text-align: justify;\">La Procesi\u00f3n del Santo Entierro sali\u00f3 tambi\u00e9n a las calles de<strong> Ibi, Alfafara, Beniarr\u00e9s, Onil, Castalla, Ibi o Benilloba<\/strong>. En esta \u00faltima culmin\u00f3 un Viernes Santo marcado por <strong>la celebraci\u00f3n del &#8216;Mercat Tradicional&#8217;<\/strong>, cita que incluy\u00f3 numerosas actividades y una variada oferta tanto comercial como gastron\u00f3mica.<\/p>\n<p>&nbsp;<\/p>\n<div id='gallery-1' class='gallery galleryid-150824 gallery-columns-1 gallery-size-full'><figure class='gallery-item'>\n\t\t\t<div class='gallery-icon landscape'>\n\t\t\t\t<a href='https:\/\/www.copealcoy.es\/es\/el-viernes-santo-llena-de-tradiciones-cada-rincon-de-nuestras-comarcas\/492199917_670302558875489_2118268375777888554_n\/'><img loading=\"lazy\" decoding=\"async\" width=\"890\" height=\"540\" src=\"https:\/\/www.copealcoy.es\/wp-content\/uploads\/2025\/04\/492199917_670302558875489_2118268375777888554_n.jpg\" class=\"attachment-full size-full\" alt=\"\" srcset=\"https:\/\/www.copealcoy.es\/wp-content\/uploads\/2025\/04\/492199917_670302558875489_2118268375777888554_n.jpg 890w, https:\/\/www.copealcoy.es\/wp-content\/uploads\/2025\/04\/492199917_670302558875489_2118268375777888554_n-768x466.jpg 768w\" sizes=\"auto, (max-width: 890px) 100vw, 890px\" \/><\/a>\n\t\t\t<\/div><\/figure><figure class='gallery-item'>\n\t\t\t<div class='gallery-icon landscape'>\n\t\t\t\t<a href='https:\/\/www.copealcoy.es\/es\/el-viernes-santo-llena-de-tradiciones-cada-rincon-de-nuestras-comarcas\/21-en-la-processo-del-sant-soterrar-van-participar-totes-les-germandats-mureres-foto-gb\/'><img loading=\"lazy\" decoding=\"async\" width=\"8064\" height=\"6048\" src=\"https:\/\/www.copealcoy.es\/wp-content\/uploads\/2025\/04\/21-En-la-processo-del-Sant-Soterrar-van-participar-totes-les-germandats-mureres-Foto-GB.jpg\" class=\"attachment-full size-full\" alt=\"\" srcset=\"https:\/\/www.copealcoy.es\/wp-content\/uploads\/2025\/04\/21-En-la-processo-del-Sant-Soterrar-van-participar-totes-les-germandats-mureres-Foto-GB.jpg 8064w, https:\/\/www.copealcoy.es\/wp-content\/uploads\/2025\/04\/21-En-la-processo-del-Sant-Soterrar-van-participar-totes-les-germandats-mureres-Foto-GB-768x576.jpg 768w\" sizes=\"auto, (max-width: 8064px) 100vw, 8064px\" \/><\/a>\n\t\t\t<\/div><\/figure><figure class='gallery-item'>\n\t\t\t<div class='gallery-icon landscape'>\n\t\t\t\t<a href='https:\/\/www.copealcoy.es\/es\/el-viernes-santo-llena-de-tradiciones-cada-rincon-de-nuestras-comarcas\/unnamed-1-709\/'><img loading=\"lazy\" decoding=\"async\" width=\"1179\" height=\"823\" src=\"https:\/\/www.copealcoy.es\/wp-content\/uploads\/2025\/04\/unnamed-1-22.jpg\" class=\"attachment-full size-full\" alt=\"\" srcset=\"https:\/\/www.copealcoy.es\/wp-content\/uploads\/2025\/04\/unnamed-1-22.jpg 1179w, https:\/\/www.copealcoy.es\/wp-content\/uploads\/2025\/04\/unnamed-1-22-768x536.jpg 768w\" sizes=\"auto, (max-width: 1179px) 100vw, 1179px\" \/><\/a>\n\t\t\t<\/div><\/figure><figure class='gallery-item'>\n\t\t\t<div class='gallery-icon landscape'>\n\t\t\t\t<a href='https:\/\/www.copealcoy.es\/es\/el-viernes-santo-llena-de-tradiciones-cada-rincon-de-nuestras-comarcas\/0-3-9\/'><img loading=\"lazy\" decoding=\"async\" width=\"824\" height=\"671\" src=\"https:\/\/www.copealcoy.es\/wp-content\/uploads\/2025\/04\/0-3-1.jpg\" class=\"attachment-full size-full\" alt=\"\" srcset=\"https:\/\/www.copealcoy.es\/wp-content\/uploads\/2025\/04\/0-3-1.jpg 824w, https:\/\/www.copealcoy.es\/wp-content\/uploads\/2025\/04\/0-3-1-768x625.jpg 768w\" sizes=\"auto, (max-width: 824px) 100vw, 824px\" \/><\/a>\n\t\t\t<\/div><\/figure><figure class='gallery-item'>\n\t\t\t<div class='gallery-icon landscape'>\n\t\t\t\t<a href='https:\/\/www.copealcoy.es\/es\/el-viernes-santo-llena-de-tradiciones-cada-rincon-de-nuestras-comarcas\/0-1-16\/'><img loading=\"lazy\" decoding=\"async\" width=\"962\" height=\"671\" src=\"https:\/\/www.copealcoy.es\/wp-content\/uploads\/2025\/04\/0-1-2.jpg\" class=\"attachment-full size-full\" alt=\"\" srcset=\"https:\/\/www.copealcoy.es\/wp-content\/uploads\/2025\/04\/0-1-2.jpg 962w, https:\/\/www.copealcoy.es\/wp-content\/uploads\/2025\/04\/0-1-2-768x536.jpg 768w\" sizes=\"auto, (max-width: 962px) 100vw, 962px\" \/><\/a>\n\t\t\t<\/div><\/figure>\n\t\t<\/div>\n\n","protected":false},"excerpt":{"rendered":"<p>La Semana Santa tambi\u00e9n se vive en los municipios de nuestras comarcas con un amplio abanico de tradiciones y singularidades&#8230;<\/p>\n","protected":false},"author":1,"featured_media":150825,"comment_status":"closed","ping_status":"closed","sticky":false,"template":"","format":"standard","meta":{"footnotes":""},"categories":[6909,98,75],"tags":[482,237,745,447,2050],"class_list":["post-150824","post","type-post","status-publish","format-standard","has-post-thumbnail","hentry","category-actualidad","category-comarcas","category-noticias","tag-alcoia","tag-comtat","tag-semana-santa","tag-tradiciones","tag-viernes-santo"],"yoast_head":"<!-- This site is optimized with the Yoast SEO plugin v27.3 - https:\/\/yoast.com\/product\/yoast-seo-wordpress\/ -->\n<title>El Viernes Santo llena de tradiciones cada rinc\u00f3n de nuestras comarcas - COPE Alcoy<\/title>\n<meta name=\"robots\" content=\"index, follow, max-snippet:-1, max-image-preview:large, max-video-preview:-1\" \/>\n<link rel=\"canonical\" href=\"https:\/\/www.copealcoy.es\/es\/el-viernes-santo-llena-de-tradiciones-cada-rincon-de-nuestras-comarcas\/\" \/>\n<meta property=\"og:locale\" content=\"es_ES\" \/>\n<meta property=\"og:type\" content=\"article\" \/>\n<meta property=\"og:title\" content=\"El Viernes Santo llena de tradiciones cada rinc\u00f3n de nuestras comarcas - COPE Alcoy\" \/>\n<meta property=\"og:description\" content=\"La Semana Santa tambi\u00e9n se vive en los municipios de nuestras comarcas con un amplio abanico de tradiciones y singularidades...\" \/>\n<meta property=\"og:url\" content=\"https:\/\/www.copealcoy.es\/es\/el-viernes-santo-llena-de-tradiciones-cada-rincon-de-nuestras-comarcas\/\" \/>\n<meta property=\"og:site_name\" content=\"COPE Alcoy\" \/>\n<meta property=\"article:published_time\" content=\"2025-04-19T07:00:24+00:00\" \/>\n<meta property=\"article:modified_time\" content=\"2025-04-19T17:57:31+00:00\" \/>\n<meta property=\"og:image\" content=\"https:\/\/www.copealcoy.es\/wp-content\/uploads\/2025\/04\/0-1-2.jpg\" \/>\n\t<meta property=\"og:image:width\" content=\"962\" \/>\n\t<meta property=\"og:image:height\" content=\"671\" \/>\n\t<meta property=\"og:image:type\" content=\"image\/jpeg\" \/>\n<meta name=\"author\" content=\"Cope Alcoy\" \/>\n<meta name=\"twitter:label1\" content=\"Escrito por\" \/>\n\t<meta name=\"twitter:data1\" content=\"Cope Alcoy\" \/>\n\t<meta name=\"twitter:label2\" content=\"Tiempo de lectura\" \/>\n\t<meta name=\"twitter:data2\" content=\"4 minutos\" \/>\n<script type=\"application\/ld+json\" class=\"yoast-schema-graph\">{\"@context\":\"https:\\\/\\\/schema.org\",\"@graph\":[{\"@type\":\"Article\",\"@id\":\"https:\\\/\\\/www.copealcoy.es\\\/es\\\/el-viernes-santo-llena-de-tradiciones-cada-rincon-de-nuestras-comarcas\\\/#article\",\"isPartOf\":{\"@id\":\"https:\\\/\\\/www.copealcoy.es\\\/es\\\/el-viernes-santo-llena-de-tradiciones-cada-rincon-de-nuestras-comarcas\\\/\"},\"author\":{\"name\":\"Cope Alcoy\",\"@id\":\"https:\\\/\\\/www.copealcoy.es\\\/es\\\/#\\\/schema\\\/person\\\/e777c87fa024e57d40170af9df39882c\"},\"headline\":\"El Viernes Santo llena de tradiciones cada rinc\u00f3n de nuestras comarcas\",\"datePublished\":\"2025-04-19T07:00:24+00:00\",\"dateModified\":\"2025-04-19T17:57:31+00:00\",\"mainEntityOfPage\":{\"@id\":\"https:\\\/\\\/www.copealcoy.es\\\/es\\\/el-viernes-santo-llena-de-tradiciones-cada-rincon-de-nuestras-comarcas\\\/\"},\"wordCount\":584,\"image\":{\"@id\":\"https:\\\/\\\/www.copealcoy.es\\\/es\\\/el-viernes-santo-llena-de-tradiciones-cada-rincon-de-nuestras-comarcas\\\/#primaryimage\"},\"thumbnailUrl\":\"https:\\\/\\\/www.copealcoy.es\\\/wp-content\\\/uploads\\\/2025\\\/04\\\/0-1-2.jpg\",\"keywords\":[\"Alcoi\u00e0\",\"Comtat\",\"Semana Santa\",\"Tradiciones\",\"Viernes Santo\"],\"articleSection\":[\"Actualidad\",\"Comarcas\",\"Noticias\"],\"inLanguage\":\"es\"},{\"@type\":\"WebPage\",\"@id\":\"https:\\\/\\\/www.copealcoy.es\\\/es\\\/el-viernes-santo-llena-de-tradiciones-cada-rincon-de-nuestras-comarcas\\\/\",\"url\":\"https:\\\/\\\/www.copealcoy.es\\\/es\\\/el-viernes-santo-llena-de-tradiciones-cada-rincon-de-nuestras-comarcas\\\/\",\"name\":\"El Viernes Santo llena de tradiciones cada rinc\u00f3n de nuestras comarcas - COPE Alcoy\",\"isPartOf\":{\"@id\":\"https:\\\/\\\/www.copealcoy.es\\\/es\\\/#website\"},\"primaryImageOfPage\":{\"@id\":\"https:\\\/\\\/www.copealcoy.es\\\/es\\\/el-viernes-santo-llena-de-tradiciones-cada-rincon-de-nuestras-comarcas\\\/#primaryimage\"},\"image\":{\"@id\":\"https:\\\/\\\/www.copealcoy.es\\\/es\\\/el-viernes-santo-llena-de-tradiciones-cada-rincon-de-nuestras-comarcas\\\/#primaryimage\"},\"thumbnailUrl\":\"https:\\\/\\\/www.copealcoy.es\\\/wp-content\\\/uploads\\\/2025\\\/04\\\/0-1-2.jpg\",\"datePublished\":\"2025-04-19T07:00:24+00:00\",\"dateModified\":\"2025-04-19T17:57:31+00:00\",\"author\":{\"@id\":\"https:\\\/\\\/www.copealcoy.es\\\/es\\\/#\\\/schema\\\/person\\\/e777c87fa024e57d40170af9df39882c\"},\"breadcrumb\":{\"@id\":\"https:\\\/\\\/www.copealcoy.es\\\/es\\\/el-viernes-santo-llena-de-tradiciones-cada-rincon-de-nuestras-comarcas\\\/#breadcrumb\"},\"inLanguage\":\"es\",\"potentialAction\":[{\"@type\":\"ReadAction\",\"target\":[\"https:\\\/\\\/www.copealcoy.es\\\/es\\\/el-viernes-santo-llena-de-tradiciones-cada-rincon-de-nuestras-comarcas\\\/\"]}]},{\"@type\":\"ImageObject\",\"inLanguage\":\"es\",\"@id\":\"https:\\\/\\\/www.copealcoy.es\\\/es\\\/el-viernes-santo-llena-de-tradiciones-cada-rincon-de-nuestras-comarcas\\\/#primaryimage\",\"url\":\"https:\\\/\\\/www.copealcoy.es\\\/wp-content\\\/uploads\\\/2025\\\/04\\\/0-1-2.jpg\",\"contentUrl\":\"https:\\\/\\\/www.copealcoy.es\\\/wp-content\\\/uploads\\\/2025\\\/04\\\/0-1-2.jpg\",\"width\":962,\"height\":671},{\"@type\":\"BreadcrumbList\",\"@id\":\"https:\\\/\\\/www.copealcoy.es\\\/es\\\/el-viernes-santo-llena-de-tradiciones-cada-rincon-de-nuestras-comarcas\\\/#breadcrumb\",\"itemListElement\":[{\"@type\":\"ListItem\",\"position\":1,\"name\":\"Portada\",\"item\":\"https:\\\/\\\/www.copealcoy.es\\\/es\\\/\"},{\"@type\":\"ListItem\",\"position\":2,\"name\":\"El Viernes Santo llena de tradiciones cada rinc\u00f3n de nuestras comarcas\"}]},{\"@type\":\"WebSite\",\"@id\":\"https:\\\/\\\/www.copealcoy.es\\\/es\\\/#website\",\"url\":\"https:\\\/\\\/www.copealcoy.es\\\/es\\\/\",\"name\":\"COPE Alcoy\",\"description\":\"Emisora COPE de radio local con emisi\u00f3n online. Pont de Sant Jordi 8-10 03803 Alcoy\",\"potentialAction\":[{\"@type\":\"SearchAction\",\"target\":{\"@type\":\"EntryPoint\",\"urlTemplate\":\"https:\\\/\\\/www.copealcoy.es\\\/es\\\/?s={search_term_string}\"},\"query-input\":{\"@type\":\"PropertyValueSpecification\",\"valueRequired\":true,\"valueName\":\"search_term_string\"}}],\"inLanguage\":\"es\"},{\"@type\":\"Person\",\"@id\":\"https:\\\/\\\/www.copealcoy.es\\\/es\\\/#\\\/schema\\\/person\\\/e777c87fa024e57d40170af9df39882c\",\"name\":\"Cope Alcoy\",\"image\":{\"@type\":\"ImageObject\",\"inLanguage\":\"es\",\"@id\":\"https:\\\/\\\/secure.gravatar.com\\\/avatar\\\/bb65d0283347e303893ba14f0692005417c1e0e690a325a4c5d8bb2b3943ee14?s=96&d=mm&r=g\",\"url\":\"https:\\\/\\\/secure.gravatar.com\\\/avatar\\\/bb65d0283347e303893ba14f0692005417c1e0e690a325a4c5d8bb2b3943ee14?s=96&d=mm&r=g\",\"contentUrl\":\"https:\\\/\\\/secure.gravatar.com\\\/avatar\\\/bb65d0283347e303893ba14f0692005417c1e0e690a325a4c5d8bb2b3943ee14?s=96&d=mm&r=g\",\"caption\":\"Cope Alcoy\"}}]}<\/script>\n<!-- \/ Yoast SEO plugin. -->","yoast_head_json":{"title":"El Viernes Santo llena de tradiciones cada rinc\u00f3n de nuestras comarcas - COPE Alcoy","robots":{"index":"index","follow":"follow","max-snippet":"max-snippet:-1","max-image-preview":"max-image-preview:large","max-video-preview":"max-video-preview:-1"},"canonical":"https:\/\/www.copealcoy.es\/es\/el-viernes-santo-llena-de-tradiciones-cada-rincon-de-nuestras-comarcas\/","og_locale":"es_ES","og_type":"article","og_title":"El Viernes Santo llena de tradiciones cada rinc\u00f3n de nuestras comarcas - COPE Alcoy","og_description":"La Semana Santa tambi\u00e9n se vive en los municipios de nuestras comarcas con un amplio abanico de tradiciones y singularidades...","og_url":"https:\/\/www.copealcoy.es\/es\/el-viernes-santo-llena-de-tradiciones-cada-rincon-de-nuestras-comarcas\/","og_site_name":"COPE Alcoy","article_published_time":"2025-04-19T07:00:24+00:00","article_modified_time":"2025-04-19T17:57:31+00:00","og_image":[{"width":962,"height":671,"url":"https:\/\/www.copealcoy.es\/wp-content\/uploads\/2025\/04\/0-1-2.jpg","type":"image\/jpeg"}],"author":"Cope Alcoy","twitter_misc":{"Escrito por":"Cope Alcoy","Tiempo de lectura":"4 minutos"},"schema":{"@context":"https:\/\/schema.org","@graph":[{"@type":"Article","@id":"https:\/\/www.copealcoy.es\/es\/el-viernes-santo-llena-de-tradiciones-cada-rincon-de-nuestras-comarcas\/#article","isPartOf":{"@id":"https:\/\/www.copealcoy.es\/es\/el-viernes-santo-llena-de-tradiciones-cada-rincon-de-nuestras-comarcas\/"},"author":{"name":"Cope Alcoy","@id":"https:\/\/www.copealcoy.es\/es\/#\/schema\/person\/e777c87fa024e57d40170af9df39882c"},"headline":"El Viernes Santo llena de tradiciones cada rinc\u00f3n de nuestras comarcas","datePublished":"2025-04-19T07:00:24+00:00","dateModified":"2025-04-19T17:57:31+00:00","mainEntityOfPage":{"@id":"https:\/\/www.copealcoy.es\/es\/el-viernes-santo-llena-de-tradiciones-cada-rincon-de-nuestras-comarcas\/"},"wordCount":584,"image":{"@id":"https:\/\/www.copealcoy.es\/es\/el-viernes-santo-llena-de-tradiciones-cada-rincon-de-nuestras-comarcas\/#primaryimage"},"thumbnailUrl":"https:\/\/www.copealcoy.es\/wp-content\/uploads\/2025\/04\/0-1-2.jpg","keywords":["Alcoi\u00e0","Comtat","Semana Santa","Tradiciones","Viernes Santo"],"articleSection":["Actualidad","Comarcas","Noticias"],"inLanguage":"es"},{"@type":"WebPage","@id":"https:\/\/www.copealcoy.es\/es\/el-viernes-santo-llena-de-tradiciones-cada-rincon-de-nuestras-comarcas\/","url":"https:\/\/www.copealcoy.es\/es\/el-viernes-santo-llena-de-tradiciones-cada-rincon-de-nuestras-comarcas\/","name":"El Viernes Santo llena de tradiciones cada rinc\u00f3n de nuestras comarcas - COPE Alcoy","isPartOf":{"@id":"https:\/\/www.copealcoy.es\/es\/#website"},"primaryImageOfPage":{"@id":"https:\/\/www.copealcoy.es\/es\/el-viernes-santo-llena-de-tradiciones-cada-rincon-de-nuestras-comarcas\/#primaryimage"},"image":{"@id":"https:\/\/www.copealcoy.es\/es\/el-viernes-santo-llena-de-tradiciones-cada-rincon-de-nuestras-comarcas\/#primaryimage"},"thumbnailUrl":"https:\/\/www.copealcoy.es\/wp-content\/uploads\/2025\/04\/0-1-2.jpg","datePublished":"2025-04-19T07:00:24+00:00","dateModified":"2025-04-19T17:57:31+00:00","author":{"@id":"https:\/\/www.copealcoy.es\/es\/#\/schema\/person\/e777c87fa024e57d40170af9df39882c"},"breadcrumb":{"@id":"https:\/\/www.copealcoy.es\/es\/el-viernes-santo-llena-de-tradiciones-cada-rincon-de-nuestras-comarcas\/#breadcrumb"},"inLanguage":"es","potentialAction":[{"@type":"ReadAction","target":["https:\/\/www.copealcoy.es\/es\/el-viernes-santo-llena-de-tradiciones-cada-rincon-de-nuestras-comarcas\/"]}]},{"@type":"ImageObject","inLanguage":"es","@id":"https:\/\/www.copealcoy.es\/es\/el-viernes-santo-llena-de-tradiciones-cada-rincon-de-nuestras-comarcas\/#primaryimage","url":"https:\/\/www.copealcoy.es\/wp-content\/uploads\/2025\/04\/0-1-2.jpg","contentUrl":"https:\/\/www.copealcoy.es\/wp-content\/uploads\/2025\/04\/0-1-2.jpg","width":962,"height":671},{"@type":"BreadcrumbList","@id":"https:\/\/www.copealcoy.es\/es\/el-viernes-santo-llena-de-tradiciones-cada-rincon-de-nuestras-comarcas\/#breadcrumb","itemListElement":[{"@type":"ListItem","position":1,"name":"Portada","item":"https:\/\/www.copealcoy.es\/es\/"},{"@type":"ListItem","position":2,"name":"El Viernes Santo llena de tradiciones cada rinc\u00f3n de nuestras comarcas"}]},{"@type":"WebSite","@id":"https:\/\/www.copealcoy.es\/es\/#website","url":"https:\/\/www.copealcoy.es\/es\/","name":"COPE Alcoy","description":"Emisora COPE de radio local con emisi\u00f3n online. Pont de Sant Jordi 8-10 03803 Alcoy","potentialAction":[{"@type":"SearchAction","target":{"@type":"EntryPoint","urlTemplate":"https:\/\/www.copealcoy.es\/es\/?s={search_term_string}"},"query-input":{"@type":"PropertyValueSpecification","valueRequired":true,"valueName":"search_term_string"}}],"inLanguage":"es"},{"@type":"Person","@id":"https:\/\/www.copealcoy.es\/es\/#\/schema\/person\/e777c87fa024e57d40170af9df39882c","name":"Cope Alcoy","image":{"@type":"ImageObject","inLanguage":"es","@id":"https:\/\/secure.gravatar.com\/avatar\/bb65d0283347e303893ba14f0692005417c1e0e690a325a4c5d8bb2b3943ee14?s=96&d=mm&r=g","url":"https:\/\/secure.gravatar.com\/avatar\/bb65d0283347e303893ba14f0692005417c1e0e690a325a4c5d8bb2b3943ee14?s=96&d=mm&r=g","contentUrl":"https:\/\/secure.gravatar.com\/avatar\/bb65d0283347e303893ba14f0692005417c1e0e690a325a4c5d8bb2b3943ee14?s=96&d=mm&r=g","caption":"Cope Alcoy"}}]}},"_links":{"self":[{"href":"https:\/\/www.copealcoy.es\/es\/wp-json\/wp\/v2\/posts\/150824","targetHints":{"allow":["GET"]}}],"collection":[{"href":"https:\/\/www.copealcoy.es\/es\/wp-json\/wp\/v2\/posts"}],"about":[{"href":"https:\/\/www.copealcoy.es\/es\/wp-json\/wp\/v2\/types\/post"}],"author":[{"embeddable":true,"href":"https:\/\/www.copealcoy.es\/es\/wp-json\/wp\/v2\/users\/1"}],"replies":[{"embeddable":true,"href":"https:\/\/www.copealcoy.es\/es\/wp-json\/wp\/v2\/comments?post=150824"}],"version-history":[{"count":0,"href":"https:\/\/www.copealcoy.es\/es\/wp-json\/wp\/v2\/posts\/150824\/revisions"}],"wp:featuredmedia":[{"embeddable":true,"href":"https:\/\/www.copealcoy.es\/es\/wp-json\/wp\/v2\/media\/150825"}],"wp:attachment":[{"href":"https:\/\/www.copealcoy.es\/es\/wp-json\/wp\/v2\/media?parent=150824"}],"wp:term":[{"taxonomy":"category","embeddable":true,"href":"https:\/\/www.copealcoy.es\/es\/wp-json\/wp\/v2\/categories?post=150824"},{"taxonomy":"post_tag","embeddable":true,"href":"https:\/\/www.copealcoy.es\/es\/wp-json\/wp\/v2\/tags?post=150824"}],"curies":[{"name":"wp","href":"https:\/\/api.w.org\/{rel}","templated":true}]}}