{"id":150798,"date":"2025-04-19T14:17:37","date_gmt":"2025-04-19T13:17:37","guid":{"rendered":"https:\/\/www.copealcoy.es\/?p=150798"},"modified":"2025-04-19T14:31:48","modified_gmt":"2025-04-19T13:31:48","slug":"una-procesion-de-viernes-santo-llena-de-singularidades-en-cocentaina","status":"publish","type":"post","link":"https:\/\/www.copealcoy.es\/es\/una-procesion-de-viernes-santo-llena-de-singularidades-en-cocentaina\/","title":{"rendered":"Una procesi\u00f3n de Viernes Santo llena de singularidades en Cocentaina"},"content":{"rendered":"<p style=\"text-align: justify;\"><strong>Cocentaina<\/strong> vivi\u00f3 ayer uno de los d\u00edas m\u00e1s destacados dentro de <a href=\"https:\/\/www.facebook.com\/semanasanta.cocentaina\/?locale=es_ES\" target=\"_blank\" rel=\"noopener\"><span style=\"color: #0000ff;\"><strong>su Semana Santa<\/strong><\/span><\/a>, la <strong>Procesi\u00f3n del Santo Entierro<\/strong>. El acto <strong>culmin\u00f3 un intenso Viernes Santo<\/strong> que arranc\u00f3 a las ocho de la ma\u00f1ana, con el V\u00eda Crucis interparroquial partiendo desde la parroquia del Salvador, y que sigui\u00f3 entre mediod\u00eda y la tarde con los oficios de La Pasi\u00f3n y Muerte de Jes\u00fas en las diferentes iglesias.<\/p>\n<p style=\"text-align: justify;\">A las ocho y media de la tarde, y desde la parroquia de Santa Mar\u00eda, parti\u00f3 la solemne procesi\u00f3n encabezada, como es tradicional en la capital del Comtat, por la<strong> Cruz de San Crist\u00f3bal<\/strong>. A ella le sigui\u00f3 <strong>la imagen del patr\u00f3n de los conductores<\/strong>, una costumbre \u00fanica que es protagonista cada Viernes Santo, y que llevan a cabo desde la cofrad\u00eda que agrupa a quienes se dedican al transporte en el municipio. A continuaci\u00f3n lleg\u00f3 <strong>Jes\u00fas del Huerto<\/strong>, que se venera en el Convento de los Franciscanos y que anta\u00f1o aglutinaba al gremio de los constructores, y despu\u00e9s destac\u00f3 el <strong>Cristo de La Columna<\/strong> representando a los trabajadores de la antigua industrial del papel. Posteriormente procesion\u00f3 el <strong>Ecce Homo<\/strong>, a quien pertenec\u00eda el sector del textil tiempo atr\u00e1s, y despu\u00e9s vino <strong>El Nazareno<\/strong> cuya talla despierta enorme devoci\u00f3n en la capital del Comtat pudi\u00e9ndose contemplar la misma durante todo el a\u00f1o en el Monasterio de la Mare de D\u00e9u del Miracle. De esta cofrad\u00eda, siguiendo el orden gremial de d\u00e9cadas pasadas, formaba parte el gremio del comercio contestano. La Procesi\u00f3n del Santo Entierro entr\u00f3 en su recta final con el paso de <strong>La Dolorosa<\/strong>, con sede en la parroquia del Salvador y vinculada a la extinta industria del calzado, y despu\u00e9s recorri\u00f3 el casco antiguo de la Villa Comtal el <strong>Crist dels Llauradors<\/strong> que como su propio nombre indica representaba al sector agr\u00edcola tan arraigado en la Cocentaina del pasado. Esta talla, del siglo XVI y tambi\u00e9n muy venerada en la localidad, es la m\u00e1s antigua de la Semana Santa Contestana.<\/p>\n<p style=\"text-align: justify;\">La comitiva procesional la cerr\u00f3 <strong>la Archicofrad\u00eda del Sant\u00edsimo Sacramento<\/strong>, de la parroquia de Santa Mar\u00eda, y que saca a la calle en Viernes Santo a <strong>Cristo Yacente<\/strong>. Junto a \u00e9l, como es tradici\u00f3n, un grupo de ni\u00f1as ataviados de blanco que portan los atributos de La Pasi\u00f3n y que reciben el nombre de<strong> &#8216;Les Llagrimetes&#8217;<\/strong>. Tambi\u00e9n destacaron un a\u00f1o m\u00e1s <strong>&#8216;Les Capelletes&#8217;<\/strong>, corales de peque\u00f1os y adultos que cantan los cl\u00e1sicos &#8216;Motetes&#8217;, ante los pasos de Jes\u00fas del Huerto, El Nazareno y La Dolorosa. Cabe destacar que estos dos \u00faltimos protagonizaron antes de la procesi\u00f3n el <strong>Encuentro de Despedida<\/strong> en la calle Bisbe Esta\u00f1a, que conduce hasta El Pla, en un emotivo instante marcado por el acompa\u00f1amiento musical ante los dos pasos.<\/p>\n<p style=\"text-align: justify;\">Sobre las diez de la noche<strong> finaliz\u00f3 la Procesi\u00f3n del Santo Entierro<\/strong> frente al templo de Santa Mar\u00eda. All\u00ed, ante todas las im\u00e1genes participantes, <strong>se pronunci\u00f3 una oraci\u00f3n final<\/strong> por parte de Don Eduardo Rengel (titular de Santa Mar\u00eda) junto al p\u00e1rroco del Salvador (Don Diego Pascual) y el Guardi\u00e1n de los Franciscanos (Fray Fernando Fuertes). Por \u00faltimo, los diferentes pasos emprendieron el camino de regreso a sus respectivos templos.<\/p>\n<div id='gallery-1' class='gallery galleryid-150798 gallery-columns-3 gallery-size-thumbnail'><figure class='gallery-item'>\n\t\t\t<div class='gallery-icon landscape'>\n\t\t\t\t<a href='https:\/\/www.copealcoy.es\/es\/una-procesion-de-viernes-santo-llena-de-singularidades-en-cocentaina\/0-6\/'><img loading=\"lazy\" decoding=\"async\" width=\"300\" height=\"300\" src=\"https:\/\/www.copealcoy.es\/wp-content\/uploads\/2025\/04\/0-6-300x300.jpg\" class=\"attachment-thumbnail size-thumbnail\" alt=\"\" srcset=\"https:\/\/www.copealcoy.es\/wp-content\/uploads\/2025\/04\/0-6-300x300.jpg 300w, https:\/\/www.copealcoy.es\/wp-content\/uploads\/2025\/04\/0-6-100x100.jpg 100w, https:\/\/www.copealcoy.es\/wp-content\/uploads\/2025\/04\/0-6-200x200.jpg 200w\" sizes=\"auto, (max-width: 300px) 100vw, 300px\" \/><\/a>\n\t\t\t<\/div><\/figure><figure class='gallery-item'>\n\t\t\t<div class='gallery-icon landscape'>\n\t\t\t\t<a href='https:\/\/www.copealcoy.es\/es\/una-procesion-de-viernes-santo-llena-de-singularidades-en-cocentaina\/0-4-6\/'><img loading=\"lazy\" decoding=\"async\" width=\"300\" height=\"300\" src=\"https:\/\/www.copealcoy.es\/wp-content\/uploads\/2025\/04\/0-4-1-300x300.jpg\" class=\"attachment-thumbnail size-thumbnail\" alt=\"\" srcset=\"https:\/\/www.copealcoy.es\/wp-content\/uploads\/2025\/04\/0-4-1-300x300.jpg 300w, https:\/\/www.copealcoy.es\/wp-content\/uploads\/2025\/04\/0-4-1-100x100.jpg 100w, https:\/\/www.copealcoy.es\/wp-content\/uploads\/2025\/04\/0-4-1-200x200.jpg 200w\" sizes=\"auto, (max-width: 300px) 100vw, 300px\" \/><\/a>\n\t\t\t<\/div><\/figure><figure class='gallery-item'>\n\t\t\t<div class='gallery-icon landscape'>\n\t\t\t\t<a href='https:\/\/www.copealcoy.es\/es\/una-procesion-de-viernes-santo-llena-de-singularidades-en-cocentaina\/img_0259-1\/'><img loading=\"lazy\" decoding=\"async\" width=\"300\" height=\"300\" src=\"https:\/\/www.copealcoy.es\/wp-content\/uploads\/2025\/04\/IMG_0259-1-300x300.jpg\" class=\"attachment-thumbnail size-thumbnail\" alt=\"\" srcset=\"https:\/\/www.copealcoy.es\/wp-content\/uploads\/2025\/04\/IMG_0259-1-300x300.jpg 300w, https:\/\/www.copealcoy.es\/wp-content\/uploads\/2025\/04\/IMG_0259-1-100x100.jpg 100w, https:\/\/www.copealcoy.es\/wp-content\/uploads\/2025\/04\/IMG_0259-1-200x200.jpg 200w\" sizes=\"auto, (max-width: 300px) 100vw, 300px\" \/><\/a>\n\t\t\t<\/div><\/figure><figure class='gallery-item'>\n\t\t\t<div class='gallery-icon landscape'>\n\t\t\t\t<a href='https:\/\/www.copealcoy.es\/es\/una-procesion-de-viernes-santo-llena-de-singularidades-en-cocentaina\/0-2-11\/'><img loading=\"lazy\" decoding=\"async\" width=\"300\" height=\"300\" src=\"https:\/\/www.copealcoy.es\/wp-content\/uploads\/2025\/04\/0-2-1-300x300.jpg\" class=\"attachment-thumbnail size-thumbnail\" alt=\"\" srcset=\"https:\/\/www.copealcoy.es\/wp-content\/uploads\/2025\/04\/0-2-1-300x300.jpg 300w, https:\/\/www.copealcoy.es\/wp-content\/uploads\/2025\/04\/0-2-1-100x100.jpg 100w, https:\/\/www.copealcoy.es\/wp-content\/uploads\/2025\/04\/0-2-1-200x200.jpg 200w\" sizes=\"auto, (max-width: 300px) 100vw, 300px\" \/><\/a>\n\t\t\t<\/div><\/figure><figure class='gallery-item'>\n\t\t\t<div class='gallery-icon landscape'>\n\t\t\t\t<a href='https:\/\/www.copealcoy.es\/es\/una-procesion-de-viernes-santo-llena-de-singularidades-en-cocentaina\/0-3-8\/'><img loading=\"lazy\" decoding=\"async\" width=\"300\" height=\"300\" src=\"https:\/\/www.copealcoy.es\/wp-content\/uploads\/2025\/04\/0-3-300x300.jpg\" class=\"attachment-thumbnail size-thumbnail\" alt=\"\" srcset=\"https:\/\/www.copealcoy.es\/wp-content\/uploads\/2025\/04\/0-3-300x300.jpg 300w, https:\/\/www.copealcoy.es\/wp-content\/uploads\/2025\/04\/0-3-100x100.jpg 100w, https:\/\/www.copealcoy.es\/wp-content\/uploads\/2025\/04\/0-3-200x200.jpg 200w\" sizes=\"auto, (max-width: 300px) 100vw, 300px\" \/><\/a>\n\t\t\t<\/div><\/figure><figure class='gallery-item'>\n\t\t\t<div class='gallery-icon landscape'>\n\t\t\t\t<a href='https:\/\/www.copealcoy.es\/es\/una-procesion-de-viernes-santo-llena-de-singularidades-en-cocentaina\/0-1-15\/'><img loading=\"lazy\" decoding=\"async\" width=\"300\" height=\"300\" src=\"https:\/\/www.copealcoy.es\/wp-content\/uploads\/2025\/04\/0-1-1-300x300.jpg\" class=\"attachment-thumbnail size-thumbnail\" alt=\"\" srcset=\"https:\/\/www.copealcoy.es\/wp-content\/uploads\/2025\/04\/0-1-1-300x300.jpg 300w, https:\/\/www.copealcoy.es\/wp-content\/uploads\/2025\/04\/0-1-1-100x100.jpg 100w, https:\/\/www.copealcoy.es\/wp-content\/uploads\/2025\/04\/0-1-1-200x200.jpg 200w\" sizes=\"auto, (max-width: 300px) 100vw, 300px\" \/><\/a>\n\t\t\t<\/div><\/figure><figure class='gallery-item'>\n\t\t\t<div class='gallery-icon landscape'>\n\t\t\t\t<a href='https:\/\/www.copealcoy.es\/es\/una-procesion-de-viernes-santo-llena-de-singularidades-en-cocentaina\/0-5-3\/'><img loading=\"lazy\" decoding=\"async\" width=\"300\" height=\"300\" src=\"https:\/\/www.copealcoy.es\/wp-content\/uploads\/2025\/04\/0-5-300x300.jpg\" class=\"attachment-thumbnail size-thumbnail\" alt=\"\" srcset=\"https:\/\/www.copealcoy.es\/wp-content\/uploads\/2025\/04\/0-5-300x300.jpg 300w, https:\/\/www.copealcoy.es\/wp-content\/uploads\/2025\/04\/0-5-100x100.jpg 100w, https:\/\/www.copealcoy.es\/wp-content\/uploads\/2025\/04\/0-5-200x200.jpg 200w\" sizes=\"auto, (max-width: 300px) 100vw, 300px\" \/><\/a>\n\t\t\t<\/div><\/figure><figure class='gallery-item'>\n\t\t\t<div class='gallery-icon landscape'>\n\t\t\t\t<a href='https:\/\/www.copealcoy.es\/es\/una-procesion-de-viernes-santo-llena-de-singularidades-en-cocentaina\/procesion-santo-entierro-cocentaina-2025\/'><img loading=\"lazy\" decoding=\"async\" width=\"300\" height=\"300\" src=\"https:\/\/www.copealcoy.es\/wp-content\/uploads\/2025\/04\/0-4-300x300.jpg\" class=\"attachment-thumbnail size-thumbnail\" alt=\"\" srcset=\"https:\/\/www.copealcoy.es\/wp-content\/uploads\/2025\/04\/0-4-300x300.jpg 300w, https:\/\/www.copealcoy.es\/wp-content\/uploads\/2025\/04\/0-4-100x100.jpg 100w, https:\/\/www.copealcoy.es\/wp-content\/uploads\/2025\/04\/0-4-200x200.jpg 200w\" sizes=\"auto, (max-width: 300px) 100vw, 300px\" \/><\/a>\n\t\t\t<\/div><\/figure><figure class='gallery-item'>\n\t\t\t<div class='gallery-icon landscape'>\n\t\t\t\t<a href='https:\/\/www.copealcoy.es\/es\/una-procesion-de-viernes-santo-llena-de-singularidades-en-cocentaina\/img_0277\/'><img loading=\"lazy\" decoding=\"async\" width=\"300\" height=\"300\" src=\"https:\/\/www.copealcoy.es\/wp-content\/uploads\/2025\/04\/IMG_0277-300x300.jpg\" class=\"attachment-thumbnail size-thumbnail\" alt=\"\" srcset=\"https:\/\/www.copealcoy.es\/wp-content\/uploads\/2025\/04\/IMG_0277-300x300.jpg 300w, https:\/\/www.copealcoy.es\/wp-content\/uploads\/2025\/04\/IMG_0277-100x100.jpg 100w, https:\/\/www.copealcoy.es\/wp-content\/uploads\/2025\/04\/IMG_0277-200x200.jpg 200w\" sizes=\"auto, (max-width: 300px) 100vw, 300px\" \/><\/a>\n\t\t\t<\/div><\/figure>\n\t\t<\/div>\n\n","protected":false},"excerpt":{"rendered":"<p>Cocentaina vivi\u00f3 ayer uno de los d\u00edas m\u00e1s destacados dentro de su Semana Santa, la Procesi\u00f3n del Santo Entierro. El&#8230;<\/p>\n","protected":false},"author":1,"featured_media":150803,"comment_status":"closed","ping_status":"closed","sticky":false,"template":"","format":"standard","meta":{"footnotes":""},"categories":[6909,98,75],"tags":[132,3986,745,2050],"class_list":["post-150798","post","type-post","status-publish","format-standard","has-post-thumbnail","hentry","category-actualidad","category-comarcas","category-noticias","tag-cocentaina","tag-procesion-del-santo-entierro","tag-semana-santa","tag-viernes-santo"],"yoast_head":"<!-- This site is optimized with the Yoast SEO plugin v27.3 - https:\/\/yoast.com\/product\/yoast-seo-wordpress\/ -->\n<title>Una procesi\u00f3n de Viernes Santo llena de singularidades en Cocentaina - COPE Alcoy<\/title>\n<meta name=\"description\" content=\"Cocentaina vivi\u00f3 ayer uno de los d\u00edas m\u00e1s destacados dentro de su Semana Santa, la Procesi\u00f3n del Santo Entierro\" \/>\n<meta name=\"robots\" content=\"index, follow, max-snippet:-1, max-image-preview:large, max-video-preview:-1\" \/>\n<link rel=\"canonical\" href=\"https:\/\/www.copealcoy.es\/es\/una-procesion-de-viernes-santo-llena-de-singularidades-en-cocentaina\/\" \/>\n<meta property=\"og:locale\" content=\"es_ES\" \/>\n<meta property=\"og:type\" content=\"article\" \/>\n<meta property=\"og:title\" content=\"Una procesi\u00f3n de Viernes Santo llena de singularidades en Cocentaina - COPE Alcoy\" \/>\n<meta property=\"og:description\" content=\"Cocentaina vivi\u00f3 ayer uno de los d\u00edas m\u00e1s destacados dentro de su Semana Santa, la Procesi\u00f3n del Santo Entierro\" \/>\n<meta property=\"og:url\" content=\"https:\/\/www.copealcoy.es\/es\/una-procesion-de-viernes-santo-llena-de-singularidades-en-cocentaina\/\" \/>\n<meta property=\"og:site_name\" content=\"COPE Alcoy\" \/>\n<meta property=\"article:published_time\" content=\"2025-04-19T13:17:37+00:00\" \/>\n<meta property=\"article:modified_time\" content=\"2025-04-19T13:31:48+00:00\" \/>\n<meta property=\"og:image\" content=\"https:\/\/www.copealcoy.es\/wp-content\/uploads\/2025\/04\/0-1-1.jpg\" \/>\n\t<meta property=\"og:image:width\" content=\"926\" \/>\n\t<meta property=\"og:image:height\" content=\"671\" \/>\n\t<meta property=\"og:image:type\" content=\"image\/jpeg\" \/>\n<meta name=\"author\" content=\"Cope Alcoy\" \/>\n<meta name=\"twitter:label1\" content=\"Escrito por\" \/>\n\t<meta name=\"twitter:data1\" content=\"Cope Alcoy\" \/>\n\t<meta name=\"twitter:label2\" content=\"Tiempo de lectura\" \/>\n\t<meta name=\"twitter:data2\" content=\"4 minutos\" \/>\n<script type=\"application\/ld+json\" class=\"yoast-schema-graph\">{\"@context\":\"https:\\\/\\\/schema.org\",\"@graph\":[{\"@type\":\"Article\",\"@id\":\"https:\\\/\\\/www.copealcoy.es\\\/es\\\/una-procesion-de-viernes-santo-llena-de-singularidades-en-cocentaina\\\/#article\",\"isPartOf\":{\"@id\":\"https:\\\/\\\/www.copealcoy.es\\\/es\\\/una-procesion-de-viernes-santo-llena-de-singularidades-en-cocentaina\\\/\"},\"author\":{\"name\":\"Cope Alcoy\",\"@id\":\"https:\\\/\\\/www.copealcoy.es\\\/es\\\/#\\\/schema\\\/person\\\/e777c87fa024e57d40170af9df39882c\"},\"headline\":\"Una procesi\u00f3n de Viernes Santo llena de singularidades en Cocentaina\",\"datePublished\":\"2025-04-19T13:17:37+00:00\",\"dateModified\":\"2025-04-19T13:31:48+00:00\",\"mainEntityOfPage\":{\"@id\":\"https:\\\/\\\/www.copealcoy.es\\\/es\\\/una-procesion-de-viernes-santo-llena-de-singularidades-en-cocentaina\\\/\"},\"wordCount\":588,\"image\":{\"@id\":\"https:\\\/\\\/www.copealcoy.es\\\/es\\\/una-procesion-de-viernes-santo-llena-de-singularidades-en-cocentaina\\\/#primaryimage\"},\"thumbnailUrl\":\"https:\\\/\\\/www.copealcoy.es\\\/wp-content\\\/uploads\\\/2025\\\/04\\\/0-1-1.jpg\",\"keywords\":[\"Cocentaina\",\"Procesi\u00f3n del Santo Entierro\",\"Semana Santa\",\"Viernes Santo\"],\"articleSection\":[\"Actualidad\",\"Comarcas\",\"Noticias\"],\"inLanguage\":\"es\"},{\"@type\":\"WebPage\",\"@id\":\"https:\\\/\\\/www.copealcoy.es\\\/es\\\/una-procesion-de-viernes-santo-llena-de-singularidades-en-cocentaina\\\/\",\"url\":\"https:\\\/\\\/www.copealcoy.es\\\/es\\\/una-procesion-de-viernes-santo-llena-de-singularidades-en-cocentaina\\\/\",\"name\":\"Una procesi\u00f3n de Viernes Santo llena de singularidades en Cocentaina - COPE Alcoy\",\"isPartOf\":{\"@id\":\"https:\\\/\\\/www.copealcoy.es\\\/es\\\/#website\"},\"primaryImageOfPage\":{\"@id\":\"https:\\\/\\\/www.copealcoy.es\\\/es\\\/una-procesion-de-viernes-santo-llena-de-singularidades-en-cocentaina\\\/#primaryimage\"},\"image\":{\"@id\":\"https:\\\/\\\/www.copealcoy.es\\\/es\\\/una-procesion-de-viernes-santo-llena-de-singularidades-en-cocentaina\\\/#primaryimage\"},\"thumbnailUrl\":\"https:\\\/\\\/www.copealcoy.es\\\/wp-content\\\/uploads\\\/2025\\\/04\\\/0-1-1.jpg\",\"datePublished\":\"2025-04-19T13:17:37+00:00\",\"dateModified\":\"2025-04-19T13:31:48+00:00\",\"author\":{\"@id\":\"https:\\\/\\\/www.copealcoy.es\\\/es\\\/#\\\/schema\\\/person\\\/e777c87fa024e57d40170af9df39882c\"},\"description\":\"Cocentaina vivi\u00f3 ayer uno de los d\u00edas m\u00e1s destacados dentro de su Semana Santa, la Procesi\u00f3n del Santo Entierro\",\"breadcrumb\":{\"@id\":\"https:\\\/\\\/www.copealcoy.es\\\/es\\\/una-procesion-de-viernes-santo-llena-de-singularidades-en-cocentaina\\\/#breadcrumb\"},\"inLanguage\":\"es\",\"potentialAction\":[{\"@type\":\"ReadAction\",\"target\":[\"https:\\\/\\\/www.copealcoy.es\\\/es\\\/una-procesion-de-viernes-santo-llena-de-singularidades-en-cocentaina\\\/\"]}]},{\"@type\":\"ImageObject\",\"inLanguage\":\"es\",\"@id\":\"https:\\\/\\\/www.copealcoy.es\\\/es\\\/una-procesion-de-viernes-santo-llena-de-singularidades-en-cocentaina\\\/#primaryimage\",\"url\":\"https:\\\/\\\/www.copealcoy.es\\\/wp-content\\\/uploads\\\/2025\\\/04\\\/0-1-1.jpg\",\"contentUrl\":\"https:\\\/\\\/www.copealcoy.es\\\/wp-content\\\/uploads\\\/2025\\\/04\\\/0-1-1.jpg\",\"width\":926,\"height\":671},{\"@type\":\"BreadcrumbList\",\"@id\":\"https:\\\/\\\/www.copealcoy.es\\\/es\\\/una-procesion-de-viernes-santo-llena-de-singularidades-en-cocentaina\\\/#breadcrumb\",\"itemListElement\":[{\"@type\":\"ListItem\",\"position\":1,\"name\":\"Portada\",\"item\":\"https:\\\/\\\/www.copealcoy.es\\\/es\\\/\"},{\"@type\":\"ListItem\",\"position\":2,\"name\":\"Una procesi\u00f3n de Viernes Santo llena de singularidades en Cocentaina\"}]},{\"@type\":\"WebSite\",\"@id\":\"https:\\\/\\\/www.copealcoy.es\\\/es\\\/#website\",\"url\":\"https:\\\/\\\/www.copealcoy.es\\\/es\\\/\",\"name\":\"COPE Alcoy\",\"description\":\"Emisora COPE de radio local con emisi\u00f3n online. Pont de Sant Jordi 8-10 03803 Alcoy\",\"potentialAction\":[{\"@type\":\"SearchAction\",\"target\":{\"@type\":\"EntryPoint\",\"urlTemplate\":\"https:\\\/\\\/www.copealcoy.es\\\/es\\\/?s={search_term_string}\"},\"query-input\":{\"@type\":\"PropertyValueSpecification\",\"valueRequired\":true,\"valueName\":\"search_term_string\"}}],\"inLanguage\":\"es\"},{\"@type\":\"Person\",\"@id\":\"https:\\\/\\\/www.copealcoy.es\\\/es\\\/#\\\/schema\\\/person\\\/e777c87fa024e57d40170af9df39882c\",\"name\":\"Cope Alcoy\",\"image\":{\"@type\":\"ImageObject\",\"inLanguage\":\"es\",\"@id\":\"https:\\\/\\\/secure.gravatar.com\\\/avatar\\\/bb65d0283347e303893ba14f0692005417c1e0e690a325a4c5d8bb2b3943ee14?s=96&d=mm&r=g\",\"url\":\"https:\\\/\\\/secure.gravatar.com\\\/avatar\\\/bb65d0283347e303893ba14f0692005417c1e0e690a325a4c5d8bb2b3943ee14?s=96&d=mm&r=g\",\"contentUrl\":\"https:\\\/\\\/secure.gravatar.com\\\/avatar\\\/bb65d0283347e303893ba14f0692005417c1e0e690a325a4c5d8bb2b3943ee14?s=96&d=mm&r=g\",\"caption\":\"Cope Alcoy\"}}]}<\/script>\n<!-- \/ Yoast SEO plugin. -->","yoast_head_json":{"title":"Una procesi\u00f3n de Viernes Santo llena de singularidades en Cocentaina - COPE Alcoy","description":"Cocentaina vivi\u00f3 ayer uno de los d\u00edas m\u00e1s destacados dentro de su Semana Santa, la Procesi\u00f3n del Santo Entierro","robots":{"index":"index","follow":"follow","max-snippet":"max-snippet:-1","max-image-preview":"max-image-preview:large","max-video-preview":"max-video-preview:-1"},"canonical":"https:\/\/www.copealcoy.es\/es\/una-procesion-de-viernes-santo-llena-de-singularidades-en-cocentaina\/","og_locale":"es_ES","og_type":"article","og_title":"Una procesi\u00f3n de Viernes Santo llena de singularidades en Cocentaina - COPE Alcoy","og_description":"Cocentaina vivi\u00f3 ayer uno de los d\u00edas m\u00e1s destacados dentro de su Semana Santa, la Procesi\u00f3n del Santo Entierro","og_url":"https:\/\/www.copealcoy.es\/es\/una-procesion-de-viernes-santo-llena-de-singularidades-en-cocentaina\/","og_site_name":"COPE Alcoy","article_published_time":"2025-04-19T13:17:37+00:00","article_modified_time":"2025-04-19T13:31:48+00:00","og_image":[{"width":926,"height":671,"url":"https:\/\/www.copealcoy.es\/wp-content\/uploads\/2025\/04\/0-1-1.jpg","type":"image\/jpeg"}],"author":"Cope Alcoy","twitter_misc":{"Escrito por":"Cope Alcoy","Tiempo de lectura":"4 minutos"},"schema":{"@context":"https:\/\/schema.org","@graph":[{"@type":"Article","@id":"https:\/\/www.copealcoy.es\/es\/una-procesion-de-viernes-santo-llena-de-singularidades-en-cocentaina\/#article","isPartOf":{"@id":"https:\/\/www.copealcoy.es\/es\/una-procesion-de-viernes-santo-llena-de-singularidades-en-cocentaina\/"},"author":{"name":"Cope Alcoy","@id":"https:\/\/www.copealcoy.es\/es\/#\/schema\/person\/e777c87fa024e57d40170af9df39882c"},"headline":"Una procesi\u00f3n de Viernes Santo llena de singularidades en Cocentaina","datePublished":"2025-04-19T13:17:37+00:00","dateModified":"2025-04-19T13:31:48+00:00","mainEntityOfPage":{"@id":"https:\/\/www.copealcoy.es\/es\/una-procesion-de-viernes-santo-llena-de-singularidades-en-cocentaina\/"},"wordCount":588,"image":{"@id":"https:\/\/www.copealcoy.es\/es\/una-procesion-de-viernes-santo-llena-de-singularidades-en-cocentaina\/#primaryimage"},"thumbnailUrl":"https:\/\/www.copealcoy.es\/wp-content\/uploads\/2025\/04\/0-1-1.jpg","keywords":["Cocentaina","Procesi\u00f3n del Santo Entierro","Semana Santa","Viernes Santo"],"articleSection":["Actualidad","Comarcas","Noticias"],"inLanguage":"es"},{"@type":"WebPage","@id":"https:\/\/www.copealcoy.es\/es\/una-procesion-de-viernes-santo-llena-de-singularidades-en-cocentaina\/","url":"https:\/\/www.copealcoy.es\/es\/una-procesion-de-viernes-santo-llena-de-singularidades-en-cocentaina\/","name":"Una procesi\u00f3n de Viernes Santo llena de singularidades en Cocentaina - COPE Alcoy","isPartOf":{"@id":"https:\/\/www.copealcoy.es\/es\/#website"},"primaryImageOfPage":{"@id":"https:\/\/www.copealcoy.es\/es\/una-procesion-de-viernes-santo-llena-de-singularidades-en-cocentaina\/#primaryimage"},"image":{"@id":"https:\/\/www.copealcoy.es\/es\/una-procesion-de-viernes-santo-llena-de-singularidades-en-cocentaina\/#primaryimage"},"thumbnailUrl":"https:\/\/www.copealcoy.es\/wp-content\/uploads\/2025\/04\/0-1-1.jpg","datePublished":"2025-04-19T13:17:37+00:00","dateModified":"2025-04-19T13:31:48+00:00","author":{"@id":"https:\/\/www.copealcoy.es\/es\/#\/schema\/person\/e777c87fa024e57d40170af9df39882c"},"description":"Cocentaina vivi\u00f3 ayer uno de los d\u00edas m\u00e1s destacados dentro de su Semana Santa, la Procesi\u00f3n del Santo Entierro","breadcrumb":{"@id":"https:\/\/www.copealcoy.es\/es\/una-procesion-de-viernes-santo-llena-de-singularidades-en-cocentaina\/#breadcrumb"},"inLanguage":"es","potentialAction":[{"@type":"ReadAction","target":["https:\/\/www.copealcoy.es\/es\/una-procesion-de-viernes-santo-llena-de-singularidades-en-cocentaina\/"]}]},{"@type":"ImageObject","inLanguage":"es","@id":"https:\/\/www.copealcoy.es\/es\/una-procesion-de-viernes-santo-llena-de-singularidades-en-cocentaina\/#primaryimage","url":"https:\/\/www.copealcoy.es\/wp-content\/uploads\/2025\/04\/0-1-1.jpg","contentUrl":"https:\/\/www.copealcoy.es\/wp-content\/uploads\/2025\/04\/0-1-1.jpg","width":926,"height":671},{"@type":"BreadcrumbList","@id":"https:\/\/www.copealcoy.es\/es\/una-procesion-de-viernes-santo-llena-de-singularidades-en-cocentaina\/#breadcrumb","itemListElement":[{"@type":"ListItem","position":1,"name":"Portada","item":"https:\/\/www.copealcoy.es\/es\/"},{"@type":"ListItem","position":2,"name":"Una procesi\u00f3n de Viernes Santo llena de singularidades en Cocentaina"}]},{"@type":"WebSite","@id":"https:\/\/www.copealcoy.es\/es\/#website","url":"https:\/\/www.copealcoy.es\/es\/","name":"COPE Alcoy","description":"Emisora COPE de radio local con emisi\u00f3n online. Pont de Sant Jordi 8-10 03803 Alcoy","potentialAction":[{"@type":"SearchAction","target":{"@type":"EntryPoint","urlTemplate":"https:\/\/www.copealcoy.es\/es\/?s={search_term_string}"},"query-input":{"@type":"PropertyValueSpecification","valueRequired":true,"valueName":"search_term_string"}}],"inLanguage":"es"},{"@type":"Person","@id":"https:\/\/www.copealcoy.es\/es\/#\/schema\/person\/e777c87fa024e57d40170af9df39882c","name":"Cope Alcoy","image":{"@type":"ImageObject","inLanguage":"es","@id":"https:\/\/secure.gravatar.com\/avatar\/bb65d0283347e303893ba14f0692005417c1e0e690a325a4c5d8bb2b3943ee14?s=96&d=mm&r=g","url":"https:\/\/secure.gravatar.com\/avatar\/bb65d0283347e303893ba14f0692005417c1e0e690a325a4c5d8bb2b3943ee14?s=96&d=mm&r=g","contentUrl":"https:\/\/secure.gravatar.com\/avatar\/bb65d0283347e303893ba14f0692005417c1e0e690a325a4c5d8bb2b3943ee14?s=96&d=mm&r=g","caption":"Cope Alcoy"}}]}},"_links":{"self":[{"href":"https:\/\/www.copealcoy.es\/es\/wp-json\/wp\/v2\/posts\/150798","targetHints":{"allow":["GET"]}}],"collection":[{"href":"https:\/\/www.copealcoy.es\/es\/wp-json\/wp\/v2\/posts"}],"about":[{"href":"https:\/\/www.copealcoy.es\/es\/wp-json\/wp\/v2\/types\/post"}],"author":[{"embeddable":true,"href":"https:\/\/www.copealcoy.es\/es\/wp-json\/wp\/v2\/users\/1"}],"replies":[{"embeddable":true,"href":"https:\/\/www.copealcoy.es\/es\/wp-json\/wp\/v2\/comments?post=150798"}],"version-history":[{"count":0,"href":"https:\/\/www.copealcoy.es\/es\/wp-json\/wp\/v2\/posts\/150798\/revisions"}],"wp:featuredmedia":[{"embeddable":true,"href":"https:\/\/www.copealcoy.es\/es\/wp-json\/wp\/v2\/media\/150803"}],"wp:attachment":[{"href":"https:\/\/www.copealcoy.es\/es\/wp-json\/wp\/v2\/media?parent=150798"}],"wp:term":[{"taxonomy":"category","embeddable":true,"href":"https:\/\/www.copealcoy.es\/es\/wp-json\/wp\/v2\/categories?post=150798"},{"taxonomy":"post_tag","embeddable":true,"href":"https:\/\/www.copealcoy.es\/es\/wp-json\/wp\/v2\/tags?post=150798"}],"curies":[{"name":"wp","href":"https:\/\/api.w.org\/{rel}","templated":true}]}}