{"id":150775,"date":"2025-04-19T07:58:52","date_gmt":"2025-04-19T06:58:52","guid":{"rendered":"https:\/\/www.copealcoy.es\/?p=150775"},"modified":"2025-04-19T13:41:25","modified_gmt":"2025-04-19T12:41:25","slug":"alcoy-vive-con-gran-devocion-la-procesion-de-viernes-santo","status":"publish","type":"post","link":"https:\/\/www.copealcoy.es\/es\/alcoy-vive-con-gran-devocion-la-procesion-de-viernes-santo\/","title":{"rendered":"Alcoy vive con gran devoci\u00f3n la Procesi\u00f3n de Viernes Santo"},"content":{"rendered":"<p style=\"text-align: justify;\">Alcoy vivi\u00f3 ayer <strong>uno de los actos m\u00e1s destacados<\/strong> de su <a href=\"https:\/\/alcoyturismo.com\/alcoy\/uploaded\/Semana%20Santa\/2025_Diptico_Castellano_Semana_Santa.pdf\" target=\"_blank\" rel=\"noopener\"><span style=\"color: #0000ff;\"><strong>Semana Santa<\/strong><\/span><\/a>, la solemne <strong>Procesi\u00f3n del Santo Entierro<\/strong>. El acto, que centra todas las miradas cada Viernes Santo, <strong>arranc\u00f3 pasadas las siete de la tarde desde la parroquia de Santa Mar\u00eda<\/strong> adelantando su inicio una hora respecto a lo que hab\u00eda sido habitual hasta el momento.<\/p>\n<p style=\"text-align: justify;\">La <strong>cruz de gu\u00eda<\/strong> abri\u00f3 la comitiva, tras la emotiva salida del Nazareno desde la capilla de la calle Sant Blai en la que se le venera todo el a\u00f1o, y a partir de ah\u00ed arranc\u00f3 un desfile procesional que <strong>destac\u00f3 por una gran participaci\u00f3n<\/strong>. Precisamente el Gremio de Labradores, <strong>acompa\u00f1ando a Jes\u00fas Nazareno<\/strong>, abri\u00f3 la Procesi\u00f3n del Santo Entierro mientras sonaba con fuer la m\u00fasica tradicional de\u00a0<em>dol\u00e7aina i tabal.\u00a0<\/em>Junto a \u00e9l <strong>centenares de devotos con cirios en sus manos<\/strong>, algunos de ellos en se\u00f1al de promesa, quedando demostrada as\u00ed la profunda devoci\u00f3n que la ciudad le tiene a esta imagen.<\/p>\n<p style=\"text-align: justify;\">Seguidamente tomaron parte <strong>la Virgen de la Soledad<\/strong>, portada por mujeres, y la impresionante talla del Cristo Agonizante perteneciente a esta \u00faltima cofrad\u00eda siendo llevada a hombros de sus costaleros. En \u00faltimo lugar procesion\u00f3 la Cofrad\u00eda del Cristo Yacente y Nuestra Se\u00f1ora de los Dolores acompa\u00f1ando en primer lugar a<strong> La Dolorosa<\/strong> llevada tambi\u00e9n por mujeres costaleras. A continuaci\u00f3n destac\u00f3 <strong>la imagen de Jes\u00fas Crucificado<\/strong>, que tambi\u00e9n forma parte de esta \u00faltima Cofrad\u00eda, y finalmente acapar\u00f3 todas las miradas <strong>Cristo en El Sepulcro<\/strong> llevada por penitentes vestidos con sus correspondientes h\u00e1bitos de color marr\u00f3n y negro.<\/p>\n<p style=\"text-align: justify;\">El clero, encabezado por el titular de las parroquias del Centro <strong>Don Jes\u00fas Fuentes<\/strong>, puso fin a la Procesi\u00f3n del Viernes Santo. Tambi\u00e9n particip\u00f3 una representaci\u00f3n de la Corporaci\u00f3n Municipal con el alcalde, <strong>Toni Franc\u00e9s<\/strong>, al frente. El acto finaliz\u00f3 horas despu\u00e9s de su inicio en la Placeta del Fossar, ante la iglesia de Santa Mar\u00eda, con <strong>una oraci\u00f3n<\/strong> presidida por todas las im\u00e1genes participantes.<\/p>\n<div id='gallery-1' class='gallery galleryid-150775 gallery-columns-2 gallery-size-large'><figure class='gallery-item'>\n\t\t\t<div class='gallery-icon landscape'>\n\t\t\t\t<a href='https:\/\/www.copealcoy.es\/es\/alcoy-vive-con-gran-devocion-la-procesion-de-viernes-santo\/928d84b8-1ec8-455d-a628-6edf99be9523\/'><img loading=\"lazy\" decoding=\"async\" width=\"980\" height=\"588\" src=\"https:\/\/www.copealcoy.es\/wp-content\/uploads\/2025\/04\/928d84b8-1ec8-455d-a628-6edf99be9523-980x588.jpg\" class=\"attachment-large size-large\" alt=\"\" \/><\/a>\n\t\t\t<\/div><\/figure><figure class='gallery-item'>\n\t\t\t<div class='gallery-icon landscape'>\n\t\t\t\t<a href='https:\/\/www.copealcoy.es\/es\/alcoy-vive-con-gran-devocion-la-procesion-de-viernes-santo\/img_0154\/'><img loading=\"lazy\" decoding=\"async\" width=\"980\" height=\"588\" src=\"https:\/\/www.copealcoy.es\/wp-content\/uploads\/2025\/04\/IMG_0154-980x588.jpg\" class=\"attachment-large size-large\" alt=\"\" \/><\/a>\n\t\t\t<\/div><\/figure><figure class='gallery-item'>\n\t\t\t<div class='gallery-icon landscape'>\n\t\t\t\t<a href='https:\/\/www.copealcoy.es\/es\/alcoy-vive-con-gran-devocion-la-procesion-de-viernes-santo\/img_0157\/'><img loading=\"lazy\" decoding=\"async\" width=\"980\" height=\"588\" src=\"https:\/\/www.copealcoy.es\/wp-content\/uploads\/2025\/04\/IMG_0157-980x588.jpg\" class=\"attachment-large size-large\" alt=\"\" \/><\/a>\n\t\t\t<\/div><\/figure><figure class='gallery-item'>\n\t\t\t<div class='gallery-icon landscape'>\n\t\t\t\t<a href='https:\/\/www.copealcoy.es\/es\/alcoy-vive-con-gran-devocion-la-procesion-de-viernes-santo\/unnamed-2-148\/'><img loading=\"lazy\" decoding=\"async\" width=\"980\" height=\"588\" src=\"https:\/\/www.copealcoy.es\/wp-content\/uploads\/2025\/04\/unnamed-2-6-980x588.jpg\" class=\"attachment-large size-large\" alt=\"\" \/><\/a>\n\t\t\t<\/div><\/figure><figure class='gallery-item'>\n\t\t\t<div class='gallery-icon landscape'>\n\t\t\t\t<a href='https:\/\/www.copealcoy.es\/es\/alcoy-vive-con-gran-devocion-la-procesion-de-viernes-santo\/1368b72f-6814-4184-b3bb-65cc633ca8a8\/'><img loading=\"lazy\" decoding=\"async\" width=\"980\" height=\"588\" src=\"https:\/\/www.copealcoy.es\/wp-content\/uploads\/2025\/04\/1368b72f-6814-4184-b3bb-65cc633ca8a8-980x588.jpg\" class=\"attachment-large size-large\" alt=\"\" \/><\/a>\n\t\t\t<\/div><\/figure><figure class='gallery-item'>\n\t\t\t<div class='gallery-icon landscape'>\n\t\t\t\t<a href='https:\/\/www.copealcoy.es\/es\/alcoy-vive-con-gran-devocion-la-procesion-de-viernes-santo\/img_0168\/'><img loading=\"lazy\" decoding=\"async\" width=\"980\" height=\"588\" src=\"https:\/\/www.copealcoy.es\/wp-content\/uploads\/2025\/04\/IMG_0168-980x588.jpg\" class=\"attachment-large size-large\" alt=\"\" \/><\/a>\n\t\t\t<\/div><\/figure>\n\t\t<\/div>\n\n","protected":false},"excerpt":{"rendered":"<p>Alcoy vivi\u00f3 ayer uno de los actos m\u00e1s destacados de su Semana Santa, la solemne Procesi\u00f3n del Santo Entierro. El&#8230;<\/p>\n","protected":false},"author":1,"featured_media":150790,"comment_status":"closed","ping_status":"closed","sticky":false,"template":"","format":"standard","meta":{"footnotes":""},"categories":[6909,97,78,75,125],"tags":[1494,3986,745,2050],"class_list":["post-150775","post","type-post","status-publish","format-standard","has-post-thumbnail","hentry","category-actualidad","category-alcoy","category-fiestaycultura","category-noticias","category-portada","tag-alcoy","tag-procesion-del-santo-entierro","tag-semana-santa","tag-viernes-santo"],"yoast_head":"<!-- This site is optimized with the Yoast SEO plugin v27.3 - https:\/\/yoast.com\/product\/yoast-seo-wordpress\/ -->\n<title>Alcoy vive con gran devoci\u00f3n la Procesi\u00f3n de Viernes Santo - COPE Alcoy<\/title>\n<meta name=\"description\" content=\"Alcoy vivi\u00f3 ayer uno de los actos m\u00e1s destacados de su Semana Santa, la solemne Procesi\u00f3n del Santo Entierro\" \/>\n<meta name=\"robots\" content=\"index, follow, max-snippet:-1, max-image-preview:large, max-video-preview:-1\" \/>\n<link rel=\"canonical\" href=\"https:\/\/www.copealcoy.es\/es\/alcoy-vive-con-gran-devocion-la-procesion-de-viernes-santo\/\" \/>\n<meta property=\"og:locale\" content=\"es_ES\" \/>\n<meta property=\"og:type\" content=\"article\" \/>\n<meta property=\"og:title\" content=\"Alcoy vive con gran devoci\u00f3n la Procesi\u00f3n de Viernes Santo - COPE Alcoy\" \/>\n<meta property=\"og:description\" content=\"Alcoy vivi\u00f3 ayer uno de los actos m\u00e1s destacados de su Semana Santa, la solemne Procesi\u00f3n del Santo Entierro\" \/>\n<meta property=\"og:url\" content=\"https:\/\/www.copealcoy.es\/es\/alcoy-vive-con-gran-devocion-la-procesion-de-viernes-santo\/\" \/>\n<meta property=\"og:site_name\" content=\"COPE Alcoy\" \/>\n<meta property=\"article:published_time\" content=\"2025-04-19T06:58:52+00:00\" \/>\n<meta property=\"article:modified_time\" content=\"2025-04-19T12:41:25+00:00\" \/>\n<meta property=\"og:image\" content=\"https:\/\/www.copealcoy.es\/wp-content\/uploads\/2025\/04\/unnamed-1-21-scaled-e1745045913997.jpg\" \/>\n\t<meta property=\"og:image:width\" content=\"800\" \/>\n\t<meta property=\"og:image:height\" content=\"587\" \/>\n\t<meta property=\"og:image:type\" content=\"image\/jpeg\" \/>\n<meta name=\"author\" content=\"Cope Alcoy\" \/>\n<meta name=\"twitter:label1\" content=\"Escrito por\" \/>\n\t<meta name=\"twitter:data1\" content=\"Cope Alcoy\" \/>\n\t<meta name=\"twitter:label2\" content=\"Tiempo de lectura\" \/>\n\t<meta name=\"twitter:data2\" content=\"2 minutos\" \/>\n<script type=\"application\/ld+json\" class=\"yoast-schema-graph\">{\"@context\":\"https:\\\/\\\/schema.org\",\"@graph\":[{\"@type\":\"Article\",\"@id\":\"https:\\\/\\\/www.copealcoy.es\\\/es\\\/alcoy-vive-con-gran-devocion-la-procesion-de-viernes-santo\\\/#article\",\"isPartOf\":{\"@id\":\"https:\\\/\\\/www.copealcoy.es\\\/es\\\/alcoy-vive-con-gran-devocion-la-procesion-de-viernes-santo\\\/\"},\"author\":{\"name\":\"Cope Alcoy\",\"@id\":\"https:\\\/\\\/www.copealcoy.es\\\/es\\\/#\\\/schema\\\/person\\\/e777c87fa024e57d40170af9df39882c\"},\"headline\":\"Alcoy vive con gran devoci\u00f3n la Procesi\u00f3n de Viernes Santo\",\"datePublished\":\"2025-04-19T06:58:52+00:00\",\"dateModified\":\"2025-04-19T12:41:25+00:00\",\"mainEntityOfPage\":{\"@id\":\"https:\\\/\\\/www.copealcoy.es\\\/es\\\/alcoy-vive-con-gran-devocion-la-procesion-de-viernes-santo\\\/\"},\"wordCount\":373,\"image\":{\"@id\":\"https:\\\/\\\/www.copealcoy.es\\\/es\\\/alcoy-vive-con-gran-devocion-la-procesion-de-viernes-santo\\\/#primaryimage\"},\"thumbnailUrl\":\"https:\\\/\\\/www.copealcoy.es\\\/wp-content\\\/uploads\\\/2025\\\/04\\\/unnamed-1-21-scaled-e1745045913997.jpg\",\"keywords\":[\"Alcoy\",\"Procesi\u00f3n del Santo Entierro\",\"Semana Santa\",\"Viernes Santo\"],\"articleSection\":[\"Actualidad\",\"Alcoy\",\"Fiesta y Cultura\",\"Noticias\",\"Portada\"],\"inLanguage\":\"es\"},{\"@type\":\"WebPage\",\"@id\":\"https:\\\/\\\/www.copealcoy.es\\\/es\\\/alcoy-vive-con-gran-devocion-la-procesion-de-viernes-santo\\\/\",\"url\":\"https:\\\/\\\/www.copealcoy.es\\\/es\\\/alcoy-vive-con-gran-devocion-la-procesion-de-viernes-santo\\\/\",\"name\":\"Alcoy vive con gran devoci\u00f3n la Procesi\u00f3n de Viernes Santo - COPE Alcoy\",\"isPartOf\":{\"@id\":\"https:\\\/\\\/www.copealcoy.es\\\/es\\\/#website\"},\"primaryImageOfPage\":{\"@id\":\"https:\\\/\\\/www.copealcoy.es\\\/es\\\/alcoy-vive-con-gran-devocion-la-procesion-de-viernes-santo\\\/#primaryimage\"},\"image\":{\"@id\":\"https:\\\/\\\/www.copealcoy.es\\\/es\\\/alcoy-vive-con-gran-devocion-la-procesion-de-viernes-santo\\\/#primaryimage\"},\"thumbnailUrl\":\"https:\\\/\\\/www.copealcoy.es\\\/wp-content\\\/uploads\\\/2025\\\/04\\\/unnamed-1-21-scaled-e1745045913997.jpg\",\"datePublished\":\"2025-04-19T06:58:52+00:00\",\"dateModified\":\"2025-04-19T12:41:25+00:00\",\"author\":{\"@id\":\"https:\\\/\\\/www.copealcoy.es\\\/es\\\/#\\\/schema\\\/person\\\/e777c87fa024e57d40170af9df39882c\"},\"description\":\"Alcoy vivi\u00f3 ayer uno de los actos m\u00e1s destacados de su Semana Santa, la solemne Procesi\u00f3n del Santo Entierro\",\"breadcrumb\":{\"@id\":\"https:\\\/\\\/www.copealcoy.es\\\/es\\\/alcoy-vive-con-gran-devocion-la-procesion-de-viernes-santo\\\/#breadcrumb\"},\"inLanguage\":\"es\",\"potentialAction\":[{\"@type\":\"ReadAction\",\"target\":[\"https:\\\/\\\/www.copealcoy.es\\\/es\\\/alcoy-vive-con-gran-devocion-la-procesion-de-viernes-santo\\\/\"]}]},{\"@type\":\"ImageObject\",\"inLanguage\":\"es\",\"@id\":\"https:\\\/\\\/www.copealcoy.es\\\/es\\\/alcoy-vive-con-gran-devocion-la-procesion-de-viernes-santo\\\/#primaryimage\",\"url\":\"https:\\\/\\\/www.copealcoy.es\\\/wp-content\\\/uploads\\\/2025\\\/04\\\/unnamed-1-21-scaled-e1745045913997.jpg\",\"contentUrl\":\"https:\\\/\\\/www.copealcoy.es\\\/wp-content\\\/uploads\\\/2025\\\/04\\\/unnamed-1-21-scaled-e1745045913997.jpg\",\"width\":800,\"height\":587},{\"@type\":\"BreadcrumbList\",\"@id\":\"https:\\\/\\\/www.copealcoy.es\\\/es\\\/alcoy-vive-con-gran-devocion-la-procesion-de-viernes-santo\\\/#breadcrumb\",\"itemListElement\":[{\"@type\":\"ListItem\",\"position\":1,\"name\":\"Portada\",\"item\":\"https:\\\/\\\/www.copealcoy.es\\\/es\\\/\"},{\"@type\":\"ListItem\",\"position\":2,\"name\":\"Alcoy vive con gran devoci\u00f3n la Procesi\u00f3n de Viernes Santo\"}]},{\"@type\":\"WebSite\",\"@id\":\"https:\\\/\\\/www.copealcoy.es\\\/es\\\/#website\",\"url\":\"https:\\\/\\\/www.copealcoy.es\\\/es\\\/\",\"name\":\"COPE Alcoy\",\"description\":\"Emisora COPE de radio local con emisi\u00f3n online. Pont de Sant Jordi 8-10 03803 Alcoy\",\"potentialAction\":[{\"@type\":\"SearchAction\",\"target\":{\"@type\":\"EntryPoint\",\"urlTemplate\":\"https:\\\/\\\/www.copealcoy.es\\\/es\\\/?s={search_term_string}\"},\"query-input\":{\"@type\":\"PropertyValueSpecification\",\"valueRequired\":true,\"valueName\":\"search_term_string\"}}],\"inLanguage\":\"es\"},{\"@type\":\"Person\",\"@id\":\"https:\\\/\\\/www.copealcoy.es\\\/es\\\/#\\\/schema\\\/person\\\/e777c87fa024e57d40170af9df39882c\",\"name\":\"Cope Alcoy\",\"image\":{\"@type\":\"ImageObject\",\"inLanguage\":\"es\",\"@id\":\"https:\\\/\\\/secure.gravatar.com\\\/avatar\\\/bb65d0283347e303893ba14f0692005417c1e0e690a325a4c5d8bb2b3943ee14?s=96&d=mm&r=g\",\"url\":\"https:\\\/\\\/secure.gravatar.com\\\/avatar\\\/bb65d0283347e303893ba14f0692005417c1e0e690a325a4c5d8bb2b3943ee14?s=96&d=mm&r=g\",\"contentUrl\":\"https:\\\/\\\/secure.gravatar.com\\\/avatar\\\/bb65d0283347e303893ba14f0692005417c1e0e690a325a4c5d8bb2b3943ee14?s=96&d=mm&r=g\",\"caption\":\"Cope Alcoy\"}}]}<\/script>\n<!-- \/ Yoast SEO plugin. -->","yoast_head_json":{"title":"Alcoy vive con gran devoci\u00f3n la Procesi\u00f3n de Viernes Santo - COPE Alcoy","description":"Alcoy vivi\u00f3 ayer uno de los actos m\u00e1s destacados de su Semana Santa, la solemne Procesi\u00f3n del Santo Entierro","robots":{"index":"index","follow":"follow","max-snippet":"max-snippet:-1","max-image-preview":"max-image-preview:large","max-video-preview":"max-video-preview:-1"},"canonical":"https:\/\/www.copealcoy.es\/es\/alcoy-vive-con-gran-devocion-la-procesion-de-viernes-santo\/","og_locale":"es_ES","og_type":"article","og_title":"Alcoy vive con gran devoci\u00f3n la Procesi\u00f3n de Viernes Santo - COPE Alcoy","og_description":"Alcoy vivi\u00f3 ayer uno de los actos m\u00e1s destacados de su Semana Santa, la solemne Procesi\u00f3n del Santo Entierro","og_url":"https:\/\/www.copealcoy.es\/es\/alcoy-vive-con-gran-devocion-la-procesion-de-viernes-santo\/","og_site_name":"COPE Alcoy","article_published_time":"2025-04-19T06:58:52+00:00","article_modified_time":"2025-04-19T12:41:25+00:00","og_image":[{"width":800,"height":587,"url":"https:\/\/www.copealcoy.es\/wp-content\/uploads\/2025\/04\/unnamed-1-21-scaled-e1745045913997.jpg","type":"image\/jpeg"}],"author":"Cope Alcoy","twitter_misc":{"Escrito por":"Cope Alcoy","Tiempo de lectura":"2 minutos"},"schema":{"@context":"https:\/\/schema.org","@graph":[{"@type":"Article","@id":"https:\/\/www.copealcoy.es\/es\/alcoy-vive-con-gran-devocion-la-procesion-de-viernes-santo\/#article","isPartOf":{"@id":"https:\/\/www.copealcoy.es\/es\/alcoy-vive-con-gran-devocion-la-procesion-de-viernes-santo\/"},"author":{"name":"Cope Alcoy","@id":"https:\/\/www.copealcoy.es\/es\/#\/schema\/person\/e777c87fa024e57d40170af9df39882c"},"headline":"Alcoy vive con gran devoci\u00f3n la Procesi\u00f3n de Viernes Santo","datePublished":"2025-04-19T06:58:52+00:00","dateModified":"2025-04-19T12:41:25+00:00","mainEntityOfPage":{"@id":"https:\/\/www.copealcoy.es\/es\/alcoy-vive-con-gran-devocion-la-procesion-de-viernes-santo\/"},"wordCount":373,"image":{"@id":"https:\/\/www.copealcoy.es\/es\/alcoy-vive-con-gran-devocion-la-procesion-de-viernes-santo\/#primaryimage"},"thumbnailUrl":"https:\/\/www.copealcoy.es\/wp-content\/uploads\/2025\/04\/unnamed-1-21-scaled-e1745045913997.jpg","keywords":["Alcoy","Procesi\u00f3n del Santo Entierro","Semana Santa","Viernes Santo"],"articleSection":["Actualidad","Alcoy","Fiesta y Cultura","Noticias","Portada"],"inLanguage":"es"},{"@type":"WebPage","@id":"https:\/\/www.copealcoy.es\/es\/alcoy-vive-con-gran-devocion-la-procesion-de-viernes-santo\/","url":"https:\/\/www.copealcoy.es\/es\/alcoy-vive-con-gran-devocion-la-procesion-de-viernes-santo\/","name":"Alcoy vive con gran devoci\u00f3n la Procesi\u00f3n de Viernes Santo - COPE Alcoy","isPartOf":{"@id":"https:\/\/www.copealcoy.es\/es\/#website"},"primaryImageOfPage":{"@id":"https:\/\/www.copealcoy.es\/es\/alcoy-vive-con-gran-devocion-la-procesion-de-viernes-santo\/#primaryimage"},"image":{"@id":"https:\/\/www.copealcoy.es\/es\/alcoy-vive-con-gran-devocion-la-procesion-de-viernes-santo\/#primaryimage"},"thumbnailUrl":"https:\/\/www.copealcoy.es\/wp-content\/uploads\/2025\/04\/unnamed-1-21-scaled-e1745045913997.jpg","datePublished":"2025-04-19T06:58:52+00:00","dateModified":"2025-04-19T12:41:25+00:00","author":{"@id":"https:\/\/www.copealcoy.es\/es\/#\/schema\/person\/e777c87fa024e57d40170af9df39882c"},"description":"Alcoy vivi\u00f3 ayer uno de los actos m\u00e1s destacados de su Semana Santa, la solemne Procesi\u00f3n del Santo Entierro","breadcrumb":{"@id":"https:\/\/www.copealcoy.es\/es\/alcoy-vive-con-gran-devocion-la-procesion-de-viernes-santo\/#breadcrumb"},"inLanguage":"es","potentialAction":[{"@type":"ReadAction","target":["https:\/\/www.copealcoy.es\/es\/alcoy-vive-con-gran-devocion-la-procesion-de-viernes-santo\/"]}]},{"@type":"ImageObject","inLanguage":"es","@id":"https:\/\/www.copealcoy.es\/es\/alcoy-vive-con-gran-devocion-la-procesion-de-viernes-santo\/#primaryimage","url":"https:\/\/www.copealcoy.es\/wp-content\/uploads\/2025\/04\/unnamed-1-21-scaled-e1745045913997.jpg","contentUrl":"https:\/\/www.copealcoy.es\/wp-content\/uploads\/2025\/04\/unnamed-1-21-scaled-e1745045913997.jpg","width":800,"height":587},{"@type":"BreadcrumbList","@id":"https:\/\/www.copealcoy.es\/es\/alcoy-vive-con-gran-devocion-la-procesion-de-viernes-santo\/#breadcrumb","itemListElement":[{"@type":"ListItem","position":1,"name":"Portada","item":"https:\/\/www.copealcoy.es\/es\/"},{"@type":"ListItem","position":2,"name":"Alcoy vive con gran devoci\u00f3n la Procesi\u00f3n de Viernes Santo"}]},{"@type":"WebSite","@id":"https:\/\/www.copealcoy.es\/es\/#website","url":"https:\/\/www.copealcoy.es\/es\/","name":"COPE Alcoy","description":"Emisora COPE de radio local con emisi\u00f3n online. Pont de Sant Jordi 8-10 03803 Alcoy","potentialAction":[{"@type":"SearchAction","target":{"@type":"EntryPoint","urlTemplate":"https:\/\/www.copealcoy.es\/es\/?s={search_term_string}"},"query-input":{"@type":"PropertyValueSpecification","valueRequired":true,"valueName":"search_term_string"}}],"inLanguage":"es"},{"@type":"Person","@id":"https:\/\/www.copealcoy.es\/es\/#\/schema\/person\/e777c87fa024e57d40170af9df39882c","name":"Cope Alcoy","image":{"@type":"ImageObject","inLanguage":"es","@id":"https:\/\/secure.gravatar.com\/avatar\/bb65d0283347e303893ba14f0692005417c1e0e690a325a4c5d8bb2b3943ee14?s=96&d=mm&r=g","url":"https:\/\/secure.gravatar.com\/avatar\/bb65d0283347e303893ba14f0692005417c1e0e690a325a4c5d8bb2b3943ee14?s=96&d=mm&r=g","contentUrl":"https:\/\/secure.gravatar.com\/avatar\/bb65d0283347e303893ba14f0692005417c1e0e690a325a4c5d8bb2b3943ee14?s=96&d=mm&r=g","caption":"Cope Alcoy"}}]}},"_links":{"self":[{"href":"https:\/\/www.copealcoy.es\/es\/wp-json\/wp\/v2\/posts\/150775","targetHints":{"allow":["GET"]}}],"collection":[{"href":"https:\/\/www.copealcoy.es\/es\/wp-json\/wp\/v2\/posts"}],"about":[{"href":"https:\/\/www.copealcoy.es\/es\/wp-json\/wp\/v2\/types\/post"}],"author":[{"embeddable":true,"href":"https:\/\/www.copealcoy.es\/es\/wp-json\/wp\/v2\/users\/1"}],"replies":[{"embeddable":true,"href":"https:\/\/www.copealcoy.es\/es\/wp-json\/wp\/v2\/comments?post=150775"}],"version-history":[{"count":0,"href":"https:\/\/www.copealcoy.es\/es\/wp-json\/wp\/v2\/posts\/150775\/revisions"}],"wp:featuredmedia":[{"embeddable":true,"href":"https:\/\/www.copealcoy.es\/es\/wp-json\/wp\/v2\/media\/150790"}],"wp:attachment":[{"href":"https:\/\/www.copealcoy.es\/es\/wp-json\/wp\/v2\/media?parent=150775"}],"wp:term":[{"taxonomy":"category","embeddable":true,"href":"https:\/\/www.copealcoy.es\/es\/wp-json\/wp\/v2\/categories?post=150775"},{"taxonomy":"post_tag","embeddable":true,"href":"https:\/\/www.copealcoy.es\/es\/wp-json\/wp\/v2\/tags?post=150775"}],"curies":[{"name":"wp","href":"https:\/\/api.w.org\/{rel}","templated":true}]}}