{"id":150749,"date":"2025-04-18T08:36:32","date_gmt":"2025-04-18T07:36:32","guid":{"rendered":"https:\/\/www.copealcoy.es\/?p=150749"},"modified":"2025-04-19T23:51:57","modified_gmt":"2025-04-19T22:51:57","slug":"la-visita-a-los-monumentos-una-tradicion-que-mantiene-la-semana-santa-de-cocentaina","status":"publish","type":"post","link":"https:\/\/www.copealcoy.es\/es\/la-visita-a-los-monumentos-una-tradicion-que-mantiene-la-semana-santa-de-cocentaina\/","title":{"rendered":"La Visita a los Monumentos, una tradici\u00f3n que mantiene la Semana Santa de Cocentaina"},"content":{"rendered":"<p style=\"text-align: justify;\">El Jueves Santo <strong>se preparan en las iglesias y parroquias los llamados Monumentos<\/strong>, una capilla o altar donde se reserva al Sant\u00edsimo Sacramento tras la Misa Vespertina de la Cena del Se\u00f1or. En este lugar permanece Jes\u00fas Sacramentado <strong>hasta los oficios del Viernes Santo<\/strong> y desde el mismo Monumento se recogen las hostias consagradas el d\u00eda anterior para administrarlas en la comuni\u00f3n de esta celebraci\u00f3n en la que se conmemora la Pasi\u00f3n y Muerte de Cristo.<\/p>\n<p style=\"text-align: justify;\">Los Monumentos <strong>quedan a veneraci\u00f3n de los fieles<\/strong> durante la noche del Jueves Santo y tambi\u00e9n en la ma\u00f1ana del Viernes Santo e incluso primeras horas de la tarde. Ante ellos s<strong>e comparten horas de oraci\u00f3n o la Hora Santa<\/strong> y se cumple con la tradici\u00f3n de visitarlos recordando as\u00ed el tiempo en que Jesucristo estuvo en oraci\u00f3n en Getseman\u00ed, donde fue tomado preso antes de ser juzgado y crucificado.<\/p>\n<p style=\"text-align: justify;\">En <strong>Cocentaina<\/strong> la tradici\u00f3n sigue manteni\u00e9ndose en la <a href=\"https:\/\/www.facebook.com\/semanasanta.cocentaina\/?locale=es_ES\" target=\"_blank\" rel=\"noopener\"><span style=\"color: #0000ff;\"><strong>Semana Santa<\/strong> <\/span><\/a>y numerosas personas han pasado en las \u00faltimas horas por el <strong>Convento de los Franciscanos, la Parroquia del Salvador, el Monasterio de la Virgen del Milagro y la Parroquia de Santa Mar\u00eda<\/strong> para visitar los mencionados Monumentos. En ellos no faltan los adornos florales e incluso las palmas que fueron bendecidas el pasado Domingo de Ramos. Actualmente solo se visitan estos cuatro pero anta\u00f1o destacaban tambi\u00e9n los de la Capilla de las Hermas Trinitarias y del antiguo Asilo de ancianos.<\/p>\n<div id='gallery-1' class='gallery galleryid-150749 gallery-columns-1 gallery-size-full'><figure class='gallery-item'>\n\t\t\t<div class='gallery-icon landscape'>\n\t\t\t\t<a href='https:\/\/www.copealcoy.es\/es\/la-visita-a-los-monumentos-una-tradicion-que-mantiene-la-semana-santa-de-cocentaina\/monumentos-cocentaina-2025\/'><img loading=\"lazy\" decoding=\"async\" width=\"895\" height=\"671\" src=\"https:\/\/www.copealcoy.es\/wp-content\/uploads\/2025\/04\/0-7.jpg\" class=\"attachment-full size-full\" alt=\"\" srcset=\"https:\/\/www.copealcoy.es\/wp-content\/uploads\/2025\/04\/0-7.jpg 895w, https:\/\/www.copealcoy.es\/wp-content\/uploads\/2025\/04\/0-7-768x576.jpg 768w\" sizes=\"auto, (max-width: 895px) 100vw, 895px\" \/><\/a>\n\t\t\t<\/div><\/figure><figure class='gallery-item'>\n\t\t\t<div class='gallery-icon landscape'>\n\t\t\t\t<a href='https:\/\/www.copealcoy.es\/es\/la-visita-a-los-monumentos-una-tradicion-que-mantiene-la-semana-santa-de-cocentaina\/img_0078\/'><img loading=\"lazy\" decoding=\"async\" width=\"2560\" height=\"1920\" src=\"https:\/\/www.copealcoy.es\/wp-content\/uploads\/2025\/04\/IMG_0078-scaled.jpeg\" class=\"attachment-full size-full\" alt=\"\" srcset=\"https:\/\/www.copealcoy.es\/wp-content\/uploads\/2025\/04\/IMG_0078-scaled.jpeg 2560w, https:\/\/www.copealcoy.es\/wp-content\/uploads\/2025\/04\/IMG_0078-768x576.jpeg 768w, https:\/\/www.copealcoy.es\/wp-content\/uploads\/2025\/04\/IMG_0078-1536x1152.jpeg 1536w, https:\/\/www.copealcoy.es\/wp-content\/uploads\/2025\/04\/IMG_0078-2048x1536.jpeg 2048w\" sizes=\"auto, (max-width: 2560px) 100vw, 2560px\" \/><\/a>\n\t\t\t<\/div><\/figure><figure class='gallery-item'>\n\t\t\t<div class='gallery-icon landscape'>\n\t\t\t\t<a href='https:\/\/www.copealcoy.es\/es\/la-visita-a-los-monumentos-una-tradicion-que-mantiene-la-semana-santa-de-cocentaina\/0-2-13\/'><img loading=\"lazy\" decoding=\"async\" width=\"895\" height=\"671\" src=\"https:\/\/www.copealcoy.es\/wp-content\/uploads\/2025\/04\/0-2-3.jpg\" class=\"attachment-full size-full\" alt=\"\" srcset=\"https:\/\/www.copealcoy.es\/wp-content\/uploads\/2025\/04\/0-2-3.jpg 895w, https:\/\/www.copealcoy.es\/wp-content\/uploads\/2025\/04\/0-2-3-768x576.jpg 768w\" sizes=\"auto, (max-width: 895px) 100vw, 895px\" \/><\/a>\n\t\t\t<\/div><\/figure><figure class='gallery-item'>\n\t\t\t<div class='gallery-icon landscape'>\n\t\t\t\t<a href='https:\/\/www.copealcoy.es\/es\/la-visita-a-los-monumentos-una-tradicion-que-mantiene-la-semana-santa-de-cocentaina\/unnamed-1-711\/'><img loading=\"lazy\" decoding=\"async\" width=\"2560\" height=\"1459\" src=\"https:\/\/www.copealcoy.es\/wp-content\/uploads\/2025\/04\/unnamed-1-23-scaled.jpg\" class=\"attachment-full size-full\" alt=\"\" srcset=\"https:\/\/www.copealcoy.es\/wp-content\/uploads\/2025\/04\/unnamed-1-23-scaled.jpg 2560w, https:\/\/www.copealcoy.es\/wp-content\/uploads\/2025\/04\/unnamed-1-23-768x438.jpg 768w, https:\/\/www.copealcoy.es\/wp-content\/uploads\/2025\/04\/unnamed-1-23-1536x876.jpg 1536w, https:\/\/www.copealcoy.es\/wp-content\/uploads\/2025\/04\/unnamed-1-23-2048x1168.jpg 2048w\" sizes=\"auto, (max-width: 2560px) 100vw, 2560px\" \/><\/a>\n\t\t\t<\/div><\/figure>\n\t\t<\/div>\n\n","protected":false},"excerpt":{"rendered":"<p>El Jueves Santo se preparan en las iglesias y parroquias los llamados Monumentos, una capilla o altar donde se reserva&#8230;<\/p>\n","protected":false},"author":1,"featured_media":150853,"comment_status":"closed","ping_status":"closed","sticky":false,"template":"","format":"standard","meta":{"footnotes":""},"categories":[6909,98,75],"tags":[132,745],"class_list":["post-150749","post","type-post","status-publish","format-standard","has-post-thumbnail","hentry","category-actualidad","category-comarcas","category-noticias","tag-cocentaina","tag-semana-santa"],"yoast_head":"<!-- This site is optimized with the Yoast SEO plugin v27.3 - https:\/\/yoast.com\/product\/yoast-seo-wordpress\/ -->\n<title>La Visita a los Monumentos, una tradici\u00f3n que mantiene la Semana Santa de Cocentaina - COPE Alcoy<\/title>\n<meta name=\"description\" content=\"La Visita a los Monumentos, una tradici\u00f3n que conserva la Semana Santa de Cocentaina\" \/>\n<meta name=\"robots\" content=\"index, follow, max-snippet:-1, max-image-preview:large, max-video-preview:-1\" \/>\n<link rel=\"canonical\" href=\"https:\/\/www.copealcoy.es\/es\/la-visita-a-los-monumentos-una-tradicion-que-mantiene-la-semana-santa-de-cocentaina\/\" \/>\n<meta property=\"og:locale\" content=\"es_ES\" \/>\n<meta property=\"og:type\" content=\"article\" \/>\n<meta property=\"og:title\" content=\"La Visita a los Monumentos, una tradici\u00f3n que mantiene la Semana Santa de Cocentaina - COPE Alcoy\" \/>\n<meta property=\"og:description\" content=\"La Visita a los Monumentos, una tradici\u00f3n que conserva la Semana Santa de Cocentaina\" \/>\n<meta property=\"og:url\" content=\"https:\/\/www.copealcoy.es\/es\/la-visita-a-los-monumentos-una-tradicion-que-mantiene-la-semana-santa-de-cocentaina\/\" \/>\n<meta property=\"og:site_name\" content=\"COPE Alcoy\" \/>\n<meta property=\"article:published_time\" content=\"2025-04-18T07:36:32+00:00\" \/>\n<meta property=\"article:modified_time\" content=\"2025-04-19T22:51:57+00:00\" \/>\n<meta property=\"og:image\" content=\"https:\/\/www.copealcoy.es\/wp-content\/uploads\/2025\/04\/unnamed-1-23-scaled.jpg\" \/>\n\t<meta property=\"og:image:width\" content=\"2560\" \/>\n\t<meta property=\"og:image:height\" content=\"1459\" \/>\n\t<meta property=\"og:image:type\" content=\"image\/jpeg\" \/>\n<meta name=\"author\" content=\"Cope Alcoy\" \/>\n<meta name=\"twitter:label1\" content=\"Escrito por\" \/>\n\t<meta name=\"twitter:data1\" content=\"Cope Alcoy\" \/>\n\t<meta name=\"twitter:label2\" content=\"Tiempo de lectura\" \/>\n\t<meta name=\"twitter:data2\" content=\"2 minutos\" \/>\n<script type=\"application\/ld+json\" class=\"yoast-schema-graph\">{\"@context\":\"https:\\\/\\\/schema.org\",\"@graph\":[{\"@type\":\"Article\",\"@id\":\"https:\\\/\\\/www.copealcoy.es\\\/es\\\/la-visita-a-los-monumentos-una-tradicion-que-mantiene-la-semana-santa-de-cocentaina\\\/#article\",\"isPartOf\":{\"@id\":\"https:\\\/\\\/www.copealcoy.es\\\/es\\\/la-visita-a-los-monumentos-una-tradicion-que-mantiene-la-semana-santa-de-cocentaina\\\/\"},\"author\":{\"name\":\"Cope Alcoy\",\"@id\":\"https:\\\/\\\/www.copealcoy.es\\\/es\\\/#\\\/schema\\\/person\\\/e777c87fa024e57d40170af9df39882c\"},\"headline\":\"La Visita a los Monumentos, una tradici\u00f3n que mantiene la Semana Santa de Cocentaina\",\"datePublished\":\"2025-04-18T07:36:32+00:00\",\"dateModified\":\"2025-04-19T22:51:57+00:00\",\"mainEntityOfPage\":{\"@id\":\"https:\\\/\\\/www.copealcoy.es\\\/es\\\/la-visita-a-los-monumentos-una-tradicion-que-mantiene-la-semana-santa-de-cocentaina\\\/\"},\"wordCount\":274,\"image\":{\"@id\":\"https:\\\/\\\/www.copealcoy.es\\\/es\\\/la-visita-a-los-monumentos-una-tradicion-que-mantiene-la-semana-santa-de-cocentaina\\\/#primaryimage\"},\"thumbnailUrl\":\"https:\\\/\\\/www.copealcoy.es\\\/wp-content\\\/uploads\\\/2025\\\/04\\\/unnamed-1-23-scaled.jpg\",\"keywords\":[\"Cocentaina\",\"Semana Santa\"],\"articleSection\":[\"Actualidad\",\"Comarcas\",\"Noticias\"],\"inLanguage\":\"es\"},{\"@type\":\"WebPage\",\"@id\":\"https:\\\/\\\/www.copealcoy.es\\\/es\\\/la-visita-a-los-monumentos-una-tradicion-que-mantiene-la-semana-santa-de-cocentaina\\\/\",\"url\":\"https:\\\/\\\/www.copealcoy.es\\\/es\\\/la-visita-a-los-monumentos-una-tradicion-que-mantiene-la-semana-santa-de-cocentaina\\\/\",\"name\":\"La Visita a los Monumentos, una tradici\u00f3n que mantiene la Semana Santa de Cocentaina - COPE Alcoy\",\"isPartOf\":{\"@id\":\"https:\\\/\\\/www.copealcoy.es\\\/es\\\/#website\"},\"primaryImageOfPage\":{\"@id\":\"https:\\\/\\\/www.copealcoy.es\\\/es\\\/la-visita-a-los-monumentos-una-tradicion-que-mantiene-la-semana-santa-de-cocentaina\\\/#primaryimage\"},\"image\":{\"@id\":\"https:\\\/\\\/www.copealcoy.es\\\/es\\\/la-visita-a-los-monumentos-una-tradicion-que-mantiene-la-semana-santa-de-cocentaina\\\/#primaryimage\"},\"thumbnailUrl\":\"https:\\\/\\\/www.copealcoy.es\\\/wp-content\\\/uploads\\\/2025\\\/04\\\/unnamed-1-23-scaled.jpg\",\"datePublished\":\"2025-04-18T07:36:32+00:00\",\"dateModified\":\"2025-04-19T22:51:57+00:00\",\"author\":{\"@id\":\"https:\\\/\\\/www.copealcoy.es\\\/es\\\/#\\\/schema\\\/person\\\/e777c87fa024e57d40170af9df39882c\"},\"description\":\"La Visita a los Monumentos, una tradici\u00f3n que conserva la Semana Santa de Cocentaina\",\"breadcrumb\":{\"@id\":\"https:\\\/\\\/www.copealcoy.es\\\/es\\\/la-visita-a-los-monumentos-una-tradicion-que-mantiene-la-semana-santa-de-cocentaina\\\/#breadcrumb\"},\"inLanguage\":\"es\",\"potentialAction\":[{\"@type\":\"ReadAction\",\"target\":[\"https:\\\/\\\/www.copealcoy.es\\\/es\\\/la-visita-a-los-monumentos-una-tradicion-que-mantiene-la-semana-santa-de-cocentaina\\\/\"]}]},{\"@type\":\"ImageObject\",\"inLanguage\":\"es\",\"@id\":\"https:\\\/\\\/www.copealcoy.es\\\/es\\\/la-visita-a-los-monumentos-una-tradicion-que-mantiene-la-semana-santa-de-cocentaina\\\/#primaryimage\",\"url\":\"https:\\\/\\\/www.copealcoy.es\\\/wp-content\\\/uploads\\\/2025\\\/04\\\/unnamed-1-23-scaled.jpg\",\"contentUrl\":\"https:\\\/\\\/www.copealcoy.es\\\/wp-content\\\/uploads\\\/2025\\\/04\\\/unnamed-1-23-scaled.jpg\",\"width\":2560,\"height\":1459},{\"@type\":\"BreadcrumbList\",\"@id\":\"https:\\\/\\\/www.copealcoy.es\\\/es\\\/la-visita-a-los-monumentos-una-tradicion-que-mantiene-la-semana-santa-de-cocentaina\\\/#breadcrumb\",\"itemListElement\":[{\"@type\":\"ListItem\",\"position\":1,\"name\":\"Portada\",\"item\":\"https:\\\/\\\/www.copealcoy.es\\\/es\\\/\"},{\"@type\":\"ListItem\",\"position\":2,\"name\":\"La Visita a los Monumentos, una tradici\u00f3n que mantiene la Semana Santa de Cocentaina\"}]},{\"@type\":\"WebSite\",\"@id\":\"https:\\\/\\\/www.copealcoy.es\\\/es\\\/#website\",\"url\":\"https:\\\/\\\/www.copealcoy.es\\\/es\\\/\",\"name\":\"COPE Alcoy\",\"description\":\"Emisora COPE de radio local con emisi\u00f3n online. Pont de Sant Jordi 8-10 03803 Alcoy\",\"potentialAction\":[{\"@type\":\"SearchAction\",\"target\":{\"@type\":\"EntryPoint\",\"urlTemplate\":\"https:\\\/\\\/www.copealcoy.es\\\/es\\\/?s={search_term_string}\"},\"query-input\":{\"@type\":\"PropertyValueSpecification\",\"valueRequired\":true,\"valueName\":\"search_term_string\"}}],\"inLanguage\":\"es\"},{\"@type\":\"Person\",\"@id\":\"https:\\\/\\\/www.copealcoy.es\\\/es\\\/#\\\/schema\\\/person\\\/e777c87fa024e57d40170af9df39882c\",\"name\":\"Cope Alcoy\",\"image\":{\"@type\":\"ImageObject\",\"inLanguage\":\"es\",\"@id\":\"https:\\\/\\\/secure.gravatar.com\\\/avatar\\\/bb65d0283347e303893ba14f0692005417c1e0e690a325a4c5d8bb2b3943ee14?s=96&d=mm&r=g\",\"url\":\"https:\\\/\\\/secure.gravatar.com\\\/avatar\\\/bb65d0283347e303893ba14f0692005417c1e0e690a325a4c5d8bb2b3943ee14?s=96&d=mm&r=g\",\"contentUrl\":\"https:\\\/\\\/secure.gravatar.com\\\/avatar\\\/bb65d0283347e303893ba14f0692005417c1e0e690a325a4c5d8bb2b3943ee14?s=96&d=mm&r=g\",\"caption\":\"Cope Alcoy\"}}]}<\/script>\n<!-- \/ Yoast SEO plugin. -->","yoast_head_json":{"title":"La Visita a los Monumentos, una tradici\u00f3n que mantiene la Semana Santa de Cocentaina - COPE Alcoy","description":"La Visita a los Monumentos, una tradici\u00f3n que conserva la Semana Santa de Cocentaina","robots":{"index":"index","follow":"follow","max-snippet":"max-snippet:-1","max-image-preview":"max-image-preview:large","max-video-preview":"max-video-preview:-1"},"canonical":"https:\/\/www.copealcoy.es\/es\/la-visita-a-los-monumentos-una-tradicion-que-mantiene-la-semana-santa-de-cocentaina\/","og_locale":"es_ES","og_type":"article","og_title":"La Visita a los Monumentos, una tradici\u00f3n que mantiene la Semana Santa de Cocentaina - COPE Alcoy","og_description":"La Visita a los Monumentos, una tradici\u00f3n que conserva la Semana Santa de Cocentaina","og_url":"https:\/\/www.copealcoy.es\/es\/la-visita-a-los-monumentos-una-tradicion-que-mantiene-la-semana-santa-de-cocentaina\/","og_site_name":"COPE Alcoy","article_published_time":"2025-04-18T07:36:32+00:00","article_modified_time":"2025-04-19T22:51:57+00:00","og_image":[{"width":2560,"height":1459,"url":"https:\/\/www.copealcoy.es\/wp-content\/uploads\/2025\/04\/unnamed-1-23-scaled.jpg","type":"image\/jpeg"}],"author":"Cope Alcoy","twitter_misc":{"Escrito por":"Cope Alcoy","Tiempo de lectura":"2 minutos"},"schema":{"@context":"https:\/\/schema.org","@graph":[{"@type":"Article","@id":"https:\/\/www.copealcoy.es\/es\/la-visita-a-los-monumentos-una-tradicion-que-mantiene-la-semana-santa-de-cocentaina\/#article","isPartOf":{"@id":"https:\/\/www.copealcoy.es\/es\/la-visita-a-los-monumentos-una-tradicion-que-mantiene-la-semana-santa-de-cocentaina\/"},"author":{"name":"Cope Alcoy","@id":"https:\/\/www.copealcoy.es\/es\/#\/schema\/person\/e777c87fa024e57d40170af9df39882c"},"headline":"La Visita a los Monumentos, una tradici\u00f3n que mantiene la Semana Santa de Cocentaina","datePublished":"2025-04-18T07:36:32+00:00","dateModified":"2025-04-19T22:51:57+00:00","mainEntityOfPage":{"@id":"https:\/\/www.copealcoy.es\/es\/la-visita-a-los-monumentos-una-tradicion-que-mantiene-la-semana-santa-de-cocentaina\/"},"wordCount":274,"image":{"@id":"https:\/\/www.copealcoy.es\/es\/la-visita-a-los-monumentos-una-tradicion-que-mantiene-la-semana-santa-de-cocentaina\/#primaryimage"},"thumbnailUrl":"https:\/\/www.copealcoy.es\/wp-content\/uploads\/2025\/04\/unnamed-1-23-scaled.jpg","keywords":["Cocentaina","Semana Santa"],"articleSection":["Actualidad","Comarcas","Noticias"],"inLanguage":"es"},{"@type":"WebPage","@id":"https:\/\/www.copealcoy.es\/es\/la-visita-a-los-monumentos-una-tradicion-que-mantiene-la-semana-santa-de-cocentaina\/","url":"https:\/\/www.copealcoy.es\/es\/la-visita-a-los-monumentos-una-tradicion-que-mantiene-la-semana-santa-de-cocentaina\/","name":"La Visita a los Monumentos, una tradici\u00f3n que mantiene la Semana Santa de Cocentaina - COPE Alcoy","isPartOf":{"@id":"https:\/\/www.copealcoy.es\/es\/#website"},"primaryImageOfPage":{"@id":"https:\/\/www.copealcoy.es\/es\/la-visita-a-los-monumentos-una-tradicion-que-mantiene-la-semana-santa-de-cocentaina\/#primaryimage"},"image":{"@id":"https:\/\/www.copealcoy.es\/es\/la-visita-a-los-monumentos-una-tradicion-que-mantiene-la-semana-santa-de-cocentaina\/#primaryimage"},"thumbnailUrl":"https:\/\/www.copealcoy.es\/wp-content\/uploads\/2025\/04\/unnamed-1-23-scaled.jpg","datePublished":"2025-04-18T07:36:32+00:00","dateModified":"2025-04-19T22:51:57+00:00","author":{"@id":"https:\/\/www.copealcoy.es\/es\/#\/schema\/person\/e777c87fa024e57d40170af9df39882c"},"description":"La Visita a los Monumentos, una tradici\u00f3n que conserva la Semana Santa de Cocentaina","breadcrumb":{"@id":"https:\/\/www.copealcoy.es\/es\/la-visita-a-los-monumentos-una-tradicion-que-mantiene-la-semana-santa-de-cocentaina\/#breadcrumb"},"inLanguage":"es","potentialAction":[{"@type":"ReadAction","target":["https:\/\/www.copealcoy.es\/es\/la-visita-a-los-monumentos-una-tradicion-que-mantiene-la-semana-santa-de-cocentaina\/"]}]},{"@type":"ImageObject","inLanguage":"es","@id":"https:\/\/www.copealcoy.es\/es\/la-visita-a-los-monumentos-una-tradicion-que-mantiene-la-semana-santa-de-cocentaina\/#primaryimage","url":"https:\/\/www.copealcoy.es\/wp-content\/uploads\/2025\/04\/unnamed-1-23-scaled.jpg","contentUrl":"https:\/\/www.copealcoy.es\/wp-content\/uploads\/2025\/04\/unnamed-1-23-scaled.jpg","width":2560,"height":1459},{"@type":"BreadcrumbList","@id":"https:\/\/www.copealcoy.es\/es\/la-visita-a-los-monumentos-una-tradicion-que-mantiene-la-semana-santa-de-cocentaina\/#breadcrumb","itemListElement":[{"@type":"ListItem","position":1,"name":"Portada","item":"https:\/\/www.copealcoy.es\/es\/"},{"@type":"ListItem","position":2,"name":"La Visita a los Monumentos, una tradici\u00f3n que mantiene la Semana Santa de Cocentaina"}]},{"@type":"WebSite","@id":"https:\/\/www.copealcoy.es\/es\/#website","url":"https:\/\/www.copealcoy.es\/es\/","name":"COPE Alcoy","description":"Emisora COPE de radio local con emisi\u00f3n online. Pont de Sant Jordi 8-10 03803 Alcoy","potentialAction":[{"@type":"SearchAction","target":{"@type":"EntryPoint","urlTemplate":"https:\/\/www.copealcoy.es\/es\/?s={search_term_string}"},"query-input":{"@type":"PropertyValueSpecification","valueRequired":true,"valueName":"search_term_string"}}],"inLanguage":"es"},{"@type":"Person","@id":"https:\/\/www.copealcoy.es\/es\/#\/schema\/person\/e777c87fa024e57d40170af9df39882c","name":"Cope Alcoy","image":{"@type":"ImageObject","inLanguage":"es","@id":"https:\/\/secure.gravatar.com\/avatar\/bb65d0283347e303893ba14f0692005417c1e0e690a325a4c5d8bb2b3943ee14?s=96&d=mm&r=g","url":"https:\/\/secure.gravatar.com\/avatar\/bb65d0283347e303893ba14f0692005417c1e0e690a325a4c5d8bb2b3943ee14?s=96&d=mm&r=g","contentUrl":"https:\/\/secure.gravatar.com\/avatar\/bb65d0283347e303893ba14f0692005417c1e0e690a325a4c5d8bb2b3943ee14?s=96&d=mm&r=g","caption":"Cope Alcoy"}}]}},"_links":{"self":[{"href":"https:\/\/www.copealcoy.es\/es\/wp-json\/wp\/v2\/posts\/150749","targetHints":{"allow":["GET"]}}],"collection":[{"href":"https:\/\/www.copealcoy.es\/es\/wp-json\/wp\/v2\/posts"}],"about":[{"href":"https:\/\/www.copealcoy.es\/es\/wp-json\/wp\/v2\/types\/post"}],"author":[{"embeddable":true,"href":"https:\/\/www.copealcoy.es\/es\/wp-json\/wp\/v2\/users\/1"}],"replies":[{"embeddable":true,"href":"https:\/\/www.copealcoy.es\/es\/wp-json\/wp\/v2\/comments?post=150749"}],"version-history":[{"count":0,"href":"https:\/\/www.copealcoy.es\/es\/wp-json\/wp\/v2\/posts\/150749\/revisions"}],"wp:featuredmedia":[{"embeddable":true,"href":"https:\/\/www.copealcoy.es\/es\/wp-json\/wp\/v2\/media\/150853"}],"wp:attachment":[{"href":"https:\/\/www.copealcoy.es\/es\/wp-json\/wp\/v2\/media?parent=150749"}],"wp:term":[{"taxonomy":"category","embeddable":true,"href":"https:\/\/www.copealcoy.es\/es\/wp-json\/wp\/v2\/categories?post=150749"},{"taxonomy":"post_tag","embeddable":true,"href":"https:\/\/www.copealcoy.es\/es\/wp-json\/wp\/v2\/tags?post=150749"}],"curies":[{"name":"wp","href":"https:\/\/api.w.org\/{rel}","templated":true}]}}