{"id":150743,"date":"2025-04-17T22:15:31","date_gmt":"2025-04-17T21:15:31","guid":{"rendered":"https:\/\/www.copealcoy.es\/?p=150743"},"modified":"2025-04-17T22:15:31","modified_gmt":"2025-04-17T21:15:31","slug":"la-procesion-del-silencio-llena-de-fervor-las-calles-de-alcoy-en-jueves-santo","status":"publish","type":"post","link":"https:\/\/www.copealcoy.es\/es\/la-procesion-del-silencio-llena-de-fervor-las-calles-de-alcoy-en-jueves-santo\/","title":{"rendered":"La Procesi\u00f3n del Silencio llena de fervor las calles de Alcoy en Jueves Santo"},"content":{"rendered":"<p style=\"text-align: justify;\">Alcoy contin\u00faa viviendo con intensidad <strong>las jornadas centrales de su <a href=\"https:\/\/alcoyturismo.com\/alcoy\/uploaded\/Semana%20Santa\/2025_Diptico_Castellano_Semana_Santa.pdf\" target=\"_blank\" rel=\"noopener\"><span style=\"color: #0000ff;\">Semana Santa<\/span><\/a><\/strong>, y <strong>este Jueves Santo ha sido especialmente significativo<\/strong> al celebrarse la esperada <strong>Procesi\u00f3n del Silencio.\u00a0<\/strong>La cita, que organizan cada a\u00f1o desde la Cofrad\u00eda del Cristo Agonizante, <strong>es siempre una de las m\u00e1s destacadas<\/strong> dentro de la programaci\u00f3n de la Semana Santa Alcoyana.<\/p>\n<p style=\"text-align: justify;\">La actividad de este Jueves Santo comenz\u00f3 con <strong>la celebraci\u00f3n de la Misa Vespertina de la Cena del Se\u00f1or<\/strong> en los diferentes templos de la ciudad, congregando a una notable afluencia de fieles. En la misma eucarist\u00eda, como es habitual, se efectu\u00f3<strong> la reserva en el Monumento<\/strong> para la veneraci\u00f3n de la eucarist\u00eda hasta los oficios de Viernes Santo. Posteriormente, a las 21:00 horas, dio inicio el <strong>desfile procesional,<\/strong> arrancando el mismo desde la Zona Alta de la ciudad en direcci\u00f3n a la iglesia de Santa Mar\u00eda.<\/p>\n<p style=\"text-align: justify;\">El p\u00fablico no quiso perderse tampoco la Procesi\u00f3n del Silencio y <strong>tuvo oportunidad de escuchar algunas de las saetas<\/strong> que se cantaron a lo largo del trayecto, un instante siempre emotivo que se repite cada a\u00f1o al caer la noche de un d\u00eda como hoy. La <strong>Virgen de la Soledad<\/strong> sali\u00f3 desde la iglesia de San Vicente y San Antonio portada por costaleras, seguida por mujeres vestidas con mantilla, devotos portando cirios y penitentes con capirote. Tras ella, la imponente imagen del <strong>Cristo Agonizante<\/strong>,\u00a0tambi\u00e9n cargada en hombros por numerosos costaleros pertenecientes a esta cofrad\u00eda.<\/p>\n<p style=\"text-align: justify;\">Durante el acto, <strong>la Colla de Campaners d&#8217;Alcoi hizo sonar la matraca del campanario de Santa Mar\u00eda<\/strong>, una pieza estrenada el pasado a\u00f1o que sustituye al toque tradicional de campanas durante los d\u00edas de Pasi\u00f3n. La procesi\u00f3n fue presidida por el clero de las parroquias del Centro, con su titular <strong>Don Jes\u00fas Fuentes<\/strong> al frente, y en la parte final de la comitiva destac\u00f3 una representaci\u00f3n de la Corporaci\u00f3n Municipal.<\/p>\n<div id='gallery-1' class='gallery galleryid-150743 gallery-columns-3 gallery-size-large'><figure class='gallery-item'>\n\t\t\t<div class='gallery-icon landscape'>\n\t\t\t\t<a href='https:\/\/www.copealcoy.es\/es\/la-procesion-del-silencio-llena-de-fervor-las-calles-de-alcoy-en-jueves-santo\/0-1-14\/'><img loading=\"lazy\" decoding=\"async\" width=\"969\" height=\"588\" src=\"https:\/\/www.copealcoy.es\/wp-content\/uploads\/2025\/04\/0-1-969x588.jpg\" class=\"attachment-large size-large\" alt=\"\" \/><\/a>\n\t\t\t<\/div><\/figure><figure class='gallery-item'>\n\t\t\t<div class='gallery-icon landscape'>\n\t\t\t\t<a href='https:\/\/www.copealcoy.es\/es\/la-procesion-del-silencio-llena-de-fervor-las-calles-de-alcoy-en-jueves-santo\/unnamed-6-17\/'><img loading=\"lazy\" decoding=\"async\" width=\"980\" height=\"588\" src=\"https:\/\/www.copealcoy.es\/wp-content\/uploads\/2025\/04\/unnamed-6-980x588.jpg\" class=\"attachment-large size-large\" alt=\"\" \/><\/a>\n\t\t\t<\/div><\/figure><figure class='gallery-item'>\n\t\t\t<div class='gallery-icon landscape'>\n\t\t\t\t<a href='https:\/\/www.copealcoy.es\/es\/la-procesion-del-silencio-llena-de-fervor-las-calles-de-alcoy-en-jueves-santo\/unnamed-5-31\/'><img loading=\"lazy\" decoding=\"async\" width=\"980\" height=\"588\" src=\"https:\/\/www.copealcoy.es\/wp-content\/uploads\/2025\/04\/unnamed-5-980x588.jpg\" class=\"attachment-large size-large\" alt=\"\" \/><\/a>\n\t\t\t<\/div><\/figure><figure class='gallery-item'>\n\t\t\t<div class='gallery-icon landscape'>\n\t\t\t\t<a href='https:\/\/www.copealcoy.es\/es\/la-procesion-del-silencio-llena-de-fervor-las-calles-de-alcoy-en-jueves-santo\/unnamed-3-58\/'><img loading=\"lazy\" decoding=\"async\" width=\"980\" height=\"588\" src=\"https:\/\/www.copealcoy.es\/wp-content\/uploads\/2025\/04\/unnamed-3-2-980x588.jpg\" class=\"attachment-large size-large\" alt=\"\" \/><\/a>\n\t\t\t<\/div><\/figure><figure class='gallery-item'>\n\t\t\t<div class='gallery-icon landscape'>\n\t\t\t\t<a href='https:\/\/www.copealcoy.es\/es\/la-procesion-del-silencio-llena-de-fervor-las-calles-de-alcoy-en-jueves-santo\/0-2-10\/'><img loading=\"lazy\" decoding=\"async\" width=\"895\" height=\"588\" src=\"https:\/\/www.copealcoy.es\/wp-content\/uploads\/2025\/04\/0-2-895x588.jpg\" class=\"attachment-large size-large\" alt=\"\" \/><\/a>\n\t\t\t<\/div><\/figure><figure class='gallery-item'>\n\t\t\t<div class='gallery-icon landscape'>\n\t\t\t\t<a href='https:\/\/www.copealcoy.es\/es\/la-procesion-del-silencio-llena-de-fervor-las-calles-de-alcoy-en-jueves-santo\/unnamed-4-46\/'><img loading=\"lazy\" decoding=\"async\" width=\"980\" height=\"588\" src=\"https:\/\/www.copealcoy.es\/wp-content\/uploads\/2025\/04\/unnamed-4-980x588.jpg\" class=\"attachment-large size-large\" alt=\"\" \/><\/a>\n\t\t\t<\/div><\/figure>\n\t\t<\/div>\n\n","protected":false},"excerpt":{"rendered":"<p>Alcoy contin\u00faa viviendo con intensidad las jornadas centrales de su Semana Santa, y este Jueves Santo ha sido especialmente significativo&#8230;<\/p>\n","protected":false},"author":1,"featured_media":150755,"comment_status":"closed","ping_status":"closed","sticky":false,"template":"","format":"standard","meta":{"footnotes":""},"categories":[6909,97,78,75,125],"tags":[1494,4169,3983,745,13086],"class_list":["post-150743","post","type-post","status-publish","format-standard","has-post-thumbnail","hentry","category-actualidad","category-alcoy","category-fiestaycultura","category-noticias","category-portada","tag-alcoy","tag-cristo-agonizante","tag-procesion-del-silencio","tag-semana-santa","tag-virgen-de-la-soledad"],"yoast_head":"<!-- This site is optimized with the Yoast SEO plugin v27.3 - https:\/\/yoast.com\/product\/yoast-seo-wordpress\/ -->\n<title>La Procesi\u00f3n del Silencio llena de fervor las calles de Alcoy en Jueves Santo - COPE Alcoy<\/title>\n<meta name=\"description\" content=\"Alcoy contin\u00faa viviendo con intensidad las jornadas centrales de su Semana Santa, y este Jueves Santo ha sido especialmente significativo al celebrarse la esperada Procesi\u00f3n del Silencio\" \/>\n<meta name=\"robots\" content=\"index, follow, max-snippet:-1, max-image-preview:large, max-video-preview:-1\" \/>\n<link rel=\"canonical\" href=\"https:\/\/www.copealcoy.es\/es\/la-procesion-del-silencio-llena-de-fervor-las-calles-de-alcoy-en-jueves-santo\/\" \/>\n<meta property=\"og:locale\" content=\"es_ES\" \/>\n<meta property=\"og:type\" content=\"article\" \/>\n<meta property=\"og:title\" content=\"La Procesi\u00f3n del Silencio llena de fervor las calles de Alcoy en Jueves Santo - COPE Alcoy\" \/>\n<meta property=\"og:description\" content=\"Alcoy contin\u00faa viviendo con intensidad las jornadas centrales de su Semana Santa, y este Jueves Santo ha sido especialmente significativo al celebrarse la esperada Procesi\u00f3n del Silencio\" \/>\n<meta property=\"og:url\" content=\"https:\/\/www.copealcoy.es\/es\/la-procesion-del-silencio-llena-de-fervor-las-calles-de-alcoy-en-jueves-santo\/\" \/>\n<meta property=\"og:site_name\" content=\"COPE Alcoy\" \/>\n<meta property=\"article:published_time\" content=\"2025-04-17T21:15:31+00:00\" \/>\n<meta property=\"og:image\" content=\"https:\/\/www.copealcoy.es\/wp-content\/uploads\/2025\/04\/unnamed-3-2-scaled.jpg\" \/>\n\t<meta property=\"og:image:width\" content=\"2560\" \/>\n\t<meta property=\"og:image:height\" content=\"1620\" \/>\n\t<meta property=\"og:image:type\" content=\"image\/jpeg\" \/>\n<meta name=\"author\" content=\"Cope Alcoy\" \/>\n<meta name=\"twitter:label1\" content=\"Escrito por\" \/>\n\t<meta name=\"twitter:data1\" content=\"Cope Alcoy\" \/>\n\t<meta name=\"twitter:label2\" content=\"Tiempo de lectura\" \/>\n\t<meta name=\"twitter:data2\" content=\"2 minutos\" \/>\n<script type=\"application\/ld+json\" class=\"yoast-schema-graph\">{\"@context\":\"https:\\\/\\\/schema.org\",\"@graph\":[{\"@type\":\"Article\",\"@id\":\"https:\\\/\\\/www.copealcoy.es\\\/es\\\/la-procesion-del-silencio-llena-de-fervor-las-calles-de-alcoy-en-jueves-santo\\\/#article\",\"isPartOf\":{\"@id\":\"https:\\\/\\\/www.copealcoy.es\\\/es\\\/la-procesion-del-silencio-llena-de-fervor-las-calles-de-alcoy-en-jueves-santo\\\/\"},\"author\":{\"name\":\"Cope Alcoy\",\"@id\":\"https:\\\/\\\/www.copealcoy.es\\\/es\\\/#\\\/schema\\\/person\\\/e777c87fa024e57d40170af9df39882c\"},\"headline\":\"La Procesi\u00f3n del Silencio llena de fervor las calles de Alcoy en Jueves Santo\",\"datePublished\":\"2025-04-17T21:15:31+00:00\",\"mainEntityOfPage\":{\"@id\":\"https:\\\/\\\/www.copealcoy.es\\\/es\\\/la-procesion-del-silencio-llena-de-fervor-las-calles-de-alcoy-en-jueves-santo\\\/\"},\"wordCount\":353,\"image\":{\"@id\":\"https:\\\/\\\/www.copealcoy.es\\\/es\\\/la-procesion-del-silencio-llena-de-fervor-las-calles-de-alcoy-en-jueves-santo\\\/#primaryimage\"},\"thumbnailUrl\":\"https:\\\/\\\/www.copealcoy.es\\\/wp-content\\\/uploads\\\/2025\\\/04\\\/unnamed-3-2-scaled.jpg\",\"keywords\":[\"Alcoy\",\"Cristo Agonizante\",\"Procesi\u00f3n del Silencio\",\"Semana Santa\",\"Virgen de la Soledad\"],\"articleSection\":[\"Actualidad\",\"Alcoy\",\"Fiesta y Cultura\",\"Noticias\",\"Portada\"],\"inLanguage\":\"es\"},{\"@type\":\"WebPage\",\"@id\":\"https:\\\/\\\/www.copealcoy.es\\\/es\\\/la-procesion-del-silencio-llena-de-fervor-las-calles-de-alcoy-en-jueves-santo\\\/\",\"url\":\"https:\\\/\\\/www.copealcoy.es\\\/es\\\/la-procesion-del-silencio-llena-de-fervor-las-calles-de-alcoy-en-jueves-santo\\\/\",\"name\":\"La Procesi\u00f3n del Silencio llena de fervor las calles de Alcoy en Jueves Santo - COPE Alcoy\",\"isPartOf\":{\"@id\":\"https:\\\/\\\/www.copealcoy.es\\\/es\\\/#website\"},\"primaryImageOfPage\":{\"@id\":\"https:\\\/\\\/www.copealcoy.es\\\/es\\\/la-procesion-del-silencio-llena-de-fervor-las-calles-de-alcoy-en-jueves-santo\\\/#primaryimage\"},\"image\":{\"@id\":\"https:\\\/\\\/www.copealcoy.es\\\/es\\\/la-procesion-del-silencio-llena-de-fervor-las-calles-de-alcoy-en-jueves-santo\\\/#primaryimage\"},\"thumbnailUrl\":\"https:\\\/\\\/www.copealcoy.es\\\/wp-content\\\/uploads\\\/2025\\\/04\\\/unnamed-3-2-scaled.jpg\",\"datePublished\":\"2025-04-17T21:15:31+00:00\",\"author\":{\"@id\":\"https:\\\/\\\/www.copealcoy.es\\\/es\\\/#\\\/schema\\\/person\\\/e777c87fa024e57d40170af9df39882c\"},\"description\":\"Alcoy contin\u00faa viviendo con intensidad las jornadas centrales de su Semana Santa, y este Jueves Santo ha sido especialmente significativo al celebrarse la esperada Procesi\u00f3n del Silencio\",\"breadcrumb\":{\"@id\":\"https:\\\/\\\/www.copealcoy.es\\\/es\\\/la-procesion-del-silencio-llena-de-fervor-las-calles-de-alcoy-en-jueves-santo\\\/#breadcrumb\"},\"inLanguage\":\"es\",\"potentialAction\":[{\"@type\":\"ReadAction\",\"target\":[\"https:\\\/\\\/www.copealcoy.es\\\/es\\\/la-procesion-del-silencio-llena-de-fervor-las-calles-de-alcoy-en-jueves-santo\\\/\"]}]},{\"@type\":\"ImageObject\",\"inLanguage\":\"es\",\"@id\":\"https:\\\/\\\/www.copealcoy.es\\\/es\\\/la-procesion-del-silencio-llena-de-fervor-las-calles-de-alcoy-en-jueves-santo\\\/#primaryimage\",\"url\":\"https:\\\/\\\/www.copealcoy.es\\\/wp-content\\\/uploads\\\/2025\\\/04\\\/unnamed-3-2-scaled.jpg\",\"contentUrl\":\"https:\\\/\\\/www.copealcoy.es\\\/wp-content\\\/uploads\\\/2025\\\/04\\\/unnamed-3-2-scaled.jpg\",\"width\":2560,\"height\":1620},{\"@type\":\"BreadcrumbList\",\"@id\":\"https:\\\/\\\/www.copealcoy.es\\\/es\\\/la-procesion-del-silencio-llena-de-fervor-las-calles-de-alcoy-en-jueves-santo\\\/#breadcrumb\",\"itemListElement\":[{\"@type\":\"ListItem\",\"position\":1,\"name\":\"Portada\",\"item\":\"https:\\\/\\\/www.copealcoy.es\\\/es\\\/\"},{\"@type\":\"ListItem\",\"position\":2,\"name\":\"La Procesi\u00f3n del Silencio llena de fervor las calles de Alcoy en Jueves Santo\"}]},{\"@type\":\"WebSite\",\"@id\":\"https:\\\/\\\/www.copealcoy.es\\\/es\\\/#website\",\"url\":\"https:\\\/\\\/www.copealcoy.es\\\/es\\\/\",\"name\":\"COPE Alcoy\",\"description\":\"Emisora COPE de radio local con emisi\u00f3n online. Pont de Sant Jordi 8-10 03803 Alcoy\",\"potentialAction\":[{\"@type\":\"SearchAction\",\"target\":{\"@type\":\"EntryPoint\",\"urlTemplate\":\"https:\\\/\\\/www.copealcoy.es\\\/es\\\/?s={search_term_string}\"},\"query-input\":{\"@type\":\"PropertyValueSpecification\",\"valueRequired\":true,\"valueName\":\"search_term_string\"}}],\"inLanguage\":\"es\"},{\"@type\":\"Person\",\"@id\":\"https:\\\/\\\/www.copealcoy.es\\\/es\\\/#\\\/schema\\\/person\\\/e777c87fa024e57d40170af9df39882c\",\"name\":\"Cope Alcoy\",\"image\":{\"@type\":\"ImageObject\",\"inLanguage\":\"es\",\"@id\":\"https:\\\/\\\/secure.gravatar.com\\\/avatar\\\/bb65d0283347e303893ba14f0692005417c1e0e690a325a4c5d8bb2b3943ee14?s=96&d=mm&r=g\",\"url\":\"https:\\\/\\\/secure.gravatar.com\\\/avatar\\\/bb65d0283347e303893ba14f0692005417c1e0e690a325a4c5d8bb2b3943ee14?s=96&d=mm&r=g\",\"contentUrl\":\"https:\\\/\\\/secure.gravatar.com\\\/avatar\\\/bb65d0283347e303893ba14f0692005417c1e0e690a325a4c5d8bb2b3943ee14?s=96&d=mm&r=g\",\"caption\":\"Cope Alcoy\"}}]}<\/script>\n<!-- \/ Yoast SEO plugin. -->","yoast_head_json":{"title":"La Procesi\u00f3n del Silencio llena de fervor las calles de Alcoy en Jueves Santo - COPE Alcoy","description":"Alcoy contin\u00faa viviendo con intensidad las jornadas centrales de su Semana Santa, y este Jueves Santo ha sido especialmente significativo al celebrarse la esperada Procesi\u00f3n del Silencio","robots":{"index":"index","follow":"follow","max-snippet":"max-snippet:-1","max-image-preview":"max-image-preview:large","max-video-preview":"max-video-preview:-1"},"canonical":"https:\/\/www.copealcoy.es\/es\/la-procesion-del-silencio-llena-de-fervor-las-calles-de-alcoy-en-jueves-santo\/","og_locale":"es_ES","og_type":"article","og_title":"La Procesi\u00f3n del Silencio llena de fervor las calles de Alcoy en Jueves Santo - COPE Alcoy","og_description":"Alcoy contin\u00faa viviendo con intensidad las jornadas centrales de su Semana Santa, y este Jueves Santo ha sido especialmente significativo al celebrarse la esperada Procesi\u00f3n del Silencio","og_url":"https:\/\/www.copealcoy.es\/es\/la-procesion-del-silencio-llena-de-fervor-las-calles-de-alcoy-en-jueves-santo\/","og_site_name":"COPE Alcoy","article_published_time":"2025-04-17T21:15:31+00:00","og_image":[{"width":2560,"height":1620,"url":"https:\/\/www.copealcoy.es\/wp-content\/uploads\/2025\/04\/unnamed-3-2-scaled.jpg","type":"image\/jpeg"}],"author":"Cope Alcoy","twitter_misc":{"Escrito por":"Cope Alcoy","Tiempo de lectura":"2 minutos"},"schema":{"@context":"https:\/\/schema.org","@graph":[{"@type":"Article","@id":"https:\/\/www.copealcoy.es\/es\/la-procesion-del-silencio-llena-de-fervor-las-calles-de-alcoy-en-jueves-santo\/#article","isPartOf":{"@id":"https:\/\/www.copealcoy.es\/es\/la-procesion-del-silencio-llena-de-fervor-las-calles-de-alcoy-en-jueves-santo\/"},"author":{"name":"Cope Alcoy","@id":"https:\/\/www.copealcoy.es\/es\/#\/schema\/person\/e777c87fa024e57d40170af9df39882c"},"headline":"La Procesi\u00f3n del Silencio llena de fervor las calles de Alcoy en Jueves Santo","datePublished":"2025-04-17T21:15:31+00:00","mainEntityOfPage":{"@id":"https:\/\/www.copealcoy.es\/es\/la-procesion-del-silencio-llena-de-fervor-las-calles-de-alcoy-en-jueves-santo\/"},"wordCount":353,"image":{"@id":"https:\/\/www.copealcoy.es\/es\/la-procesion-del-silencio-llena-de-fervor-las-calles-de-alcoy-en-jueves-santo\/#primaryimage"},"thumbnailUrl":"https:\/\/www.copealcoy.es\/wp-content\/uploads\/2025\/04\/unnamed-3-2-scaled.jpg","keywords":["Alcoy","Cristo Agonizante","Procesi\u00f3n del Silencio","Semana Santa","Virgen de la Soledad"],"articleSection":["Actualidad","Alcoy","Fiesta y Cultura","Noticias","Portada"],"inLanguage":"es"},{"@type":"WebPage","@id":"https:\/\/www.copealcoy.es\/es\/la-procesion-del-silencio-llena-de-fervor-las-calles-de-alcoy-en-jueves-santo\/","url":"https:\/\/www.copealcoy.es\/es\/la-procesion-del-silencio-llena-de-fervor-las-calles-de-alcoy-en-jueves-santo\/","name":"La Procesi\u00f3n del Silencio llena de fervor las calles de Alcoy en Jueves Santo - COPE Alcoy","isPartOf":{"@id":"https:\/\/www.copealcoy.es\/es\/#website"},"primaryImageOfPage":{"@id":"https:\/\/www.copealcoy.es\/es\/la-procesion-del-silencio-llena-de-fervor-las-calles-de-alcoy-en-jueves-santo\/#primaryimage"},"image":{"@id":"https:\/\/www.copealcoy.es\/es\/la-procesion-del-silencio-llena-de-fervor-las-calles-de-alcoy-en-jueves-santo\/#primaryimage"},"thumbnailUrl":"https:\/\/www.copealcoy.es\/wp-content\/uploads\/2025\/04\/unnamed-3-2-scaled.jpg","datePublished":"2025-04-17T21:15:31+00:00","author":{"@id":"https:\/\/www.copealcoy.es\/es\/#\/schema\/person\/e777c87fa024e57d40170af9df39882c"},"description":"Alcoy contin\u00faa viviendo con intensidad las jornadas centrales de su Semana Santa, y este Jueves Santo ha sido especialmente significativo al celebrarse la esperada Procesi\u00f3n del Silencio","breadcrumb":{"@id":"https:\/\/www.copealcoy.es\/es\/la-procesion-del-silencio-llena-de-fervor-las-calles-de-alcoy-en-jueves-santo\/#breadcrumb"},"inLanguage":"es","potentialAction":[{"@type":"ReadAction","target":["https:\/\/www.copealcoy.es\/es\/la-procesion-del-silencio-llena-de-fervor-las-calles-de-alcoy-en-jueves-santo\/"]}]},{"@type":"ImageObject","inLanguage":"es","@id":"https:\/\/www.copealcoy.es\/es\/la-procesion-del-silencio-llena-de-fervor-las-calles-de-alcoy-en-jueves-santo\/#primaryimage","url":"https:\/\/www.copealcoy.es\/wp-content\/uploads\/2025\/04\/unnamed-3-2-scaled.jpg","contentUrl":"https:\/\/www.copealcoy.es\/wp-content\/uploads\/2025\/04\/unnamed-3-2-scaled.jpg","width":2560,"height":1620},{"@type":"BreadcrumbList","@id":"https:\/\/www.copealcoy.es\/es\/la-procesion-del-silencio-llena-de-fervor-las-calles-de-alcoy-en-jueves-santo\/#breadcrumb","itemListElement":[{"@type":"ListItem","position":1,"name":"Portada","item":"https:\/\/www.copealcoy.es\/es\/"},{"@type":"ListItem","position":2,"name":"La Procesi\u00f3n del Silencio llena de fervor las calles de Alcoy en Jueves Santo"}]},{"@type":"WebSite","@id":"https:\/\/www.copealcoy.es\/es\/#website","url":"https:\/\/www.copealcoy.es\/es\/","name":"COPE Alcoy","description":"Emisora COPE de radio local con emisi\u00f3n online. Pont de Sant Jordi 8-10 03803 Alcoy","potentialAction":[{"@type":"SearchAction","target":{"@type":"EntryPoint","urlTemplate":"https:\/\/www.copealcoy.es\/es\/?s={search_term_string}"},"query-input":{"@type":"PropertyValueSpecification","valueRequired":true,"valueName":"search_term_string"}}],"inLanguage":"es"},{"@type":"Person","@id":"https:\/\/www.copealcoy.es\/es\/#\/schema\/person\/e777c87fa024e57d40170af9df39882c","name":"Cope Alcoy","image":{"@type":"ImageObject","inLanguage":"es","@id":"https:\/\/secure.gravatar.com\/avatar\/bb65d0283347e303893ba14f0692005417c1e0e690a325a4c5d8bb2b3943ee14?s=96&d=mm&r=g","url":"https:\/\/secure.gravatar.com\/avatar\/bb65d0283347e303893ba14f0692005417c1e0e690a325a4c5d8bb2b3943ee14?s=96&d=mm&r=g","contentUrl":"https:\/\/secure.gravatar.com\/avatar\/bb65d0283347e303893ba14f0692005417c1e0e690a325a4c5d8bb2b3943ee14?s=96&d=mm&r=g","caption":"Cope Alcoy"}}]}},"_links":{"self":[{"href":"https:\/\/www.copealcoy.es\/es\/wp-json\/wp\/v2\/posts\/150743","targetHints":{"allow":["GET"]}}],"collection":[{"href":"https:\/\/www.copealcoy.es\/es\/wp-json\/wp\/v2\/posts"}],"about":[{"href":"https:\/\/www.copealcoy.es\/es\/wp-json\/wp\/v2\/types\/post"}],"author":[{"embeddable":true,"href":"https:\/\/www.copealcoy.es\/es\/wp-json\/wp\/v2\/users\/1"}],"replies":[{"embeddable":true,"href":"https:\/\/www.copealcoy.es\/es\/wp-json\/wp\/v2\/comments?post=150743"}],"version-history":[{"count":0,"href":"https:\/\/www.copealcoy.es\/es\/wp-json\/wp\/v2\/posts\/150743\/revisions"}],"wp:featuredmedia":[{"embeddable":true,"href":"https:\/\/www.copealcoy.es\/es\/wp-json\/wp\/v2\/media\/150755"}],"wp:attachment":[{"href":"https:\/\/www.copealcoy.es\/es\/wp-json\/wp\/v2\/media?parent=150743"}],"wp:term":[{"taxonomy":"category","embeddable":true,"href":"https:\/\/www.copealcoy.es\/es\/wp-json\/wp\/v2\/categories?post=150743"},{"taxonomy":"post_tag","embeddable":true,"href":"https:\/\/www.copealcoy.es\/es\/wp-json\/wp\/v2\/tags?post=150743"}],"curies":[{"name":"wp","href":"https:\/\/api.w.org\/{rel}","templated":true}]}}