{"id":150678,"date":"2025-04-16T22:35:37","date_gmt":"2025-04-16T21:35:37","guid":{"rendered":"https:\/\/www.copealcoy.es\/?p=150678"},"modified":"2025-04-16T22:52:54","modified_gmt":"2025-04-16T21:52:54","slug":"la-ocupacion-para-semana-santa-en-alcoy-se-queda-finalmente-en-torno-al-60","status":"publish","type":"post","link":"https:\/\/www.copealcoy.es\/es\/la-ocupacion-para-semana-santa-en-alcoy-se-queda-finalmente-en-torno-al-60\/","title":{"rendered":"La ocupaci\u00f3n para Semana Santa en Alcoy se queda finalmente en torno al 60%"},"content":{"rendered":"<p style=\"text-align: justify;\">Con la mirada ya puesta en el Jueves Santo,\u00a0 y a punto de comenzar <strong>los d\u00edas grandes de la Semana Santa<\/strong>, <strong>la ocupaci\u00f3n hotelera en Alcoy se sit\u00faa por debajo del 60%<\/strong>, una cifra situada lejos de las previsiones que inicialmente se manejaban desde el sector. Las expectativas iniciales <strong>apuntaban a un 70% de ocupaci\u00f3n<\/strong>, pero diversos factores han influido en este descenso.<\/p>\n<p style=\"text-align: justify;\"><strong>Ram\u00f3n Reche<\/strong>, presidente de la Asociaci\u00f3n de Turismo Alicante Interior, se\u00f1alaba en COPE ALCOY que muchos turistas <strong>optan por destinos de sol y playa o eligen salir al extranjero durante estas fechas<\/strong>. Adem\u00e1s, destaca que <strong>la Semana Santa tiene mucho atractivos en otras ciudades y localidades espa\u00f1olas<\/strong> donde se celebran actos de gran renombre, lo que motiva a muchos a desplazarse all\u00ed para disfrutar de las procesiones o de la oferta con la que cuentan en estos d\u00edas.<\/p>\n<p style=\"text-align: justify;\">Esta situaci\u00f3n afecta principalmente a los establecimientos hoteleros del casco urbano de Alcoy. Sin embargo, <strong>los alojamientos rurales est\u00e1n experimentando una mejor\u00eda<\/strong>, con <strong>tasas de ocupaci\u00f3n cercanas al 70%<\/strong> e incluso se puede superar esta cifra gracias a las cl\u00e1sicas reservas de \u00faltima hora. La preferencia por el turismo rural <strong>se debe a que muchos visitantes buscan disfrutar del entorno natural<\/strong> que ofrece la comarca, con parques naturales como los de Font Roja y Mariola. Los turistas que eligen el interior de Alicante no solo buscan relax en plena naturaleza, sino tambi\u00e9n la oportunidad de descubrir la gastronom\u00eda, el patrimonio e incluso tradiciones de estos d\u00edas como las procesiones de Semana Santa, el desfile de La Gloria en Alcoy o las fiestas patronales de la Mare de D\u00e9u del Miracle de Cocentaina.<\/p>\n<p style=\"text-align: justify;\">Los datos de ocupaci\u00f3n para el periodo vacacional de Pascua <strong>contrastan<\/strong> con los de las Fiestas de Moros y Cristianos. Y es que a d\u00eda de hoy <strong><a href=\"https:\/\/www.copealcoy.es\/es\/los-hoteles-de-alcoy-se-llenan-de-nuevo-para-las-fiestas\/\" target=\"_blank\" rel=\"noopener\"><span style=\"color: #0000ff;\">es pr\u00e1cticamente imposible encontrar una habitaci\u00f3n libre<\/span><\/a> en hoteles del casco urbano de la ciudad<\/strong> para jornadas concretas de la trilog\u00eda en honor a San Jorge como el D\u00eda dels M\u00fasics o de Las Entradas.<\/p>\n","protected":false},"excerpt":{"rendered":"<p>Con la mirada ya puesta en el Jueves Santo,\u00a0 y a punto de comenzar los d\u00edas grandes de la Semana&#8230;<\/p>\n","protected":false},"author":1,"featured_media":12501,"comment_status":"closed","ping_status":"closed","sticky":false,"template":"","format":"standard","meta":{"footnotes":""},"categories":[6909,98,75,125],"tags":[482,1494,237,728,745,514],"class_list":["post-150678","post","type-post","status-publish","format-standard","has-post-thumbnail","hentry","category-actualidad","category-comarcas","category-noticias","category-portada","tag-alcoia","tag-alcoy","tag-comtat","tag-ocupacion","tag-semana-santa","tag-turismo"],"yoast_head":"<!-- This site is optimized with the Yoast SEO plugin v27.3 - https:\/\/yoast.com\/product\/yoast-seo-wordpress\/ -->\n<title>La ocupaci\u00f3n para Semana Santa en Alcoy se queda finalmente en torno al 60% - COPE Alcoy<\/title>\n<meta name=\"description\" content=\"Con la mirada ya puesta en el Jueves Santo,\u00a0 y a punto de comenzar los d\u00edas grandes de la Semana Santa, la ocupaci\u00f3n hotelera en Alcoy se sit\u00faa por debajo del 60%, una cifra situada lejos de las previsiones que inicialmente se manejaban desde el sector\" \/>\n<meta name=\"robots\" content=\"index, follow, max-snippet:-1, max-image-preview:large, max-video-preview:-1\" \/>\n<link rel=\"canonical\" href=\"https:\/\/www.copealcoy.es\/es\/la-ocupacion-para-semana-santa-en-alcoy-se-queda-finalmente-en-torno-al-60\/\" \/>\n<meta property=\"og:locale\" content=\"es_ES\" \/>\n<meta property=\"og:type\" content=\"article\" \/>\n<meta property=\"og:title\" content=\"La ocupaci\u00f3n para Semana Santa en Alcoy se queda finalmente en torno al 60% - COPE Alcoy\" \/>\n<meta property=\"og:description\" content=\"Con la mirada ya puesta en el Jueves Santo,\u00a0 y a punto de comenzar los d\u00edas grandes de la Semana Santa, la ocupaci\u00f3n hotelera en Alcoy se sit\u00faa por debajo del 60%, una cifra situada lejos de las previsiones que inicialmente se manejaban desde el sector\" \/>\n<meta property=\"og:url\" content=\"https:\/\/www.copealcoy.es\/es\/la-ocupacion-para-semana-santa-en-alcoy-se-queda-finalmente-en-torno-al-60\/\" \/>\n<meta property=\"og:site_name\" content=\"COPE Alcoy\" \/>\n<meta property=\"article:published_time\" content=\"2025-04-16T21:35:37+00:00\" \/>\n<meta property=\"article:modified_time\" content=\"2025-04-16T21:52:54+00:00\" \/>\n<meta property=\"og:image\" content=\"https:\/\/www.copealcoy.es\/wp-content\/uploads\/2015\/04\/VistaAgres1.jpg\" \/>\n\t<meta property=\"og:image:width\" content=\"600\" \/>\n\t<meta property=\"og:image:height\" content=\"400\" \/>\n\t<meta property=\"og:image:type\" content=\"image\/jpeg\" \/>\n<meta name=\"author\" content=\"Cope Alcoy\" \/>\n<meta name=\"twitter:label1\" content=\"Escrito por\" \/>\n\t<meta name=\"twitter:data1\" content=\"Cope Alcoy\" \/>\n\t<meta name=\"twitter:label2\" content=\"Tiempo de lectura\" \/>\n\t<meta name=\"twitter:data2\" content=\"3 minutos\" \/>\n<script type=\"application\/ld+json\" class=\"yoast-schema-graph\">{\"@context\":\"https:\\\/\\\/schema.org\",\"@graph\":[{\"@type\":\"Article\",\"@id\":\"https:\\\/\\\/www.copealcoy.es\\\/es\\\/la-ocupacion-para-semana-santa-en-alcoy-se-queda-finalmente-en-torno-al-60\\\/#article\",\"isPartOf\":{\"@id\":\"https:\\\/\\\/www.copealcoy.es\\\/es\\\/la-ocupacion-para-semana-santa-en-alcoy-se-queda-finalmente-en-torno-al-60\\\/\"},\"author\":{\"name\":\"Cope Alcoy\",\"@id\":\"https:\\\/\\\/www.copealcoy.es\\\/es\\\/#\\\/schema\\\/person\\\/e777c87fa024e57d40170af9df39882c\"},\"headline\":\"La ocupaci\u00f3n para Semana Santa en Alcoy se queda finalmente en torno al 60%\",\"datePublished\":\"2025-04-16T21:35:37+00:00\",\"dateModified\":\"2025-04-16T21:52:54+00:00\",\"mainEntityOfPage\":{\"@id\":\"https:\\\/\\\/www.copealcoy.es\\\/es\\\/la-ocupacion-para-semana-santa-en-alcoy-se-queda-finalmente-en-torno-al-60\\\/\"},\"wordCount\":372,\"image\":{\"@id\":\"https:\\\/\\\/www.copealcoy.es\\\/es\\\/la-ocupacion-para-semana-santa-en-alcoy-se-queda-finalmente-en-torno-al-60\\\/#primaryimage\"},\"thumbnailUrl\":\"https:\\\/\\\/www.copealcoy.es\\\/wp-content\\\/uploads\\\/2015\\\/04\\\/VistaAgres1.jpg\",\"keywords\":[\"Alcoi\u00e0\",\"Alcoy\",\"Comtat\",\"Ocupaci\u00f3n\",\"Semana Santa\",\"Turismo\"],\"articleSection\":[\"Actualidad\",\"Comarcas\",\"Noticias\",\"Portada\"],\"inLanguage\":\"es\"},{\"@type\":\"WebPage\",\"@id\":\"https:\\\/\\\/www.copealcoy.es\\\/es\\\/la-ocupacion-para-semana-santa-en-alcoy-se-queda-finalmente-en-torno-al-60\\\/\",\"url\":\"https:\\\/\\\/www.copealcoy.es\\\/es\\\/la-ocupacion-para-semana-santa-en-alcoy-se-queda-finalmente-en-torno-al-60\\\/\",\"name\":\"La ocupaci\u00f3n para Semana Santa en Alcoy se queda finalmente en torno al 60% - COPE Alcoy\",\"isPartOf\":{\"@id\":\"https:\\\/\\\/www.copealcoy.es\\\/es\\\/#website\"},\"primaryImageOfPage\":{\"@id\":\"https:\\\/\\\/www.copealcoy.es\\\/es\\\/la-ocupacion-para-semana-santa-en-alcoy-se-queda-finalmente-en-torno-al-60\\\/#primaryimage\"},\"image\":{\"@id\":\"https:\\\/\\\/www.copealcoy.es\\\/es\\\/la-ocupacion-para-semana-santa-en-alcoy-se-queda-finalmente-en-torno-al-60\\\/#primaryimage\"},\"thumbnailUrl\":\"https:\\\/\\\/www.copealcoy.es\\\/wp-content\\\/uploads\\\/2015\\\/04\\\/VistaAgres1.jpg\",\"datePublished\":\"2025-04-16T21:35:37+00:00\",\"dateModified\":\"2025-04-16T21:52:54+00:00\",\"author\":{\"@id\":\"https:\\\/\\\/www.copealcoy.es\\\/es\\\/#\\\/schema\\\/person\\\/e777c87fa024e57d40170af9df39882c\"},\"description\":\"Con la mirada ya puesta en el Jueves Santo,\u00a0 y a punto de comenzar los d\u00edas grandes de la Semana Santa, la ocupaci\u00f3n hotelera en Alcoy se sit\u00faa por debajo del 60%, una cifra situada lejos de las previsiones que inicialmente se manejaban desde el sector\",\"breadcrumb\":{\"@id\":\"https:\\\/\\\/www.copealcoy.es\\\/es\\\/la-ocupacion-para-semana-santa-en-alcoy-se-queda-finalmente-en-torno-al-60\\\/#breadcrumb\"},\"inLanguage\":\"es\",\"potentialAction\":[{\"@type\":\"ReadAction\",\"target\":[\"https:\\\/\\\/www.copealcoy.es\\\/es\\\/la-ocupacion-para-semana-santa-en-alcoy-se-queda-finalmente-en-torno-al-60\\\/\"]}]},{\"@type\":\"ImageObject\",\"inLanguage\":\"es\",\"@id\":\"https:\\\/\\\/www.copealcoy.es\\\/es\\\/la-ocupacion-para-semana-santa-en-alcoy-se-queda-finalmente-en-torno-al-60\\\/#primaryimage\",\"url\":\"https:\\\/\\\/www.copealcoy.es\\\/wp-content\\\/uploads\\\/2015\\\/04\\\/VistaAgres1.jpg\",\"contentUrl\":\"https:\\\/\\\/www.copealcoy.es\\\/wp-content\\\/uploads\\\/2015\\\/04\\\/VistaAgres1.jpg\",\"width\":600,\"height\":400},{\"@type\":\"BreadcrumbList\",\"@id\":\"https:\\\/\\\/www.copealcoy.es\\\/es\\\/la-ocupacion-para-semana-santa-en-alcoy-se-queda-finalmente-en-torno-al-60\\\/#breadcrumb\",\"itemListElement\":[{\"@type\":\"ListItem\",\"position\":1,\"name\":\"Portada\",\"item\":\"https:\\\/\\\/www.copealcoy.es\\\/es\\\/\"},{\"@type\":\"ListItem\",\"position\":2,\"name\":\"La ocupaci\u00f3n para Semana Santa en Alcoy se queda finalmente en torno al 60%\"}]},{\"@type\":\"WebSite\",\"@id\":\"https:\\\/\\\/www.copealcoy.es\\\/es\\\/#website\",\"url\":\"https:\\\/\\\/www.copealcoy.es\\\/es\\\/\",\"name\":\"COPE Alcoy\",\"description\":\"Emisora COPE de radio local con emisi\u00f3n online. Pont de Sant Jordi 8-10 03803 Alcoy\",\"potentialAction\":[{\"@type\":\"SearchAction\",\"target\":{\"@type\":\"EntryPoint\",\"urlTemplate\":\"https:\\\/\\\/www.copealcoy.es\\\/es\\\/?s={search_term_string}\"},\"query-input\":{\"@type\":\"PropertyValueSpecification\",\"valueRequired\":true,\"valueName\":\"search_term_string\"}}],\"inLanguage\":\"es\"},{\"@type\":\"Person\",\"@id\":\"https:\\\/\\\/www.copealcoy.es\\\/es\\\/#\\\/schema\\\/person\\\/e777c87fa024e57d40170af9df39882c\",\"name\":\"Cope Alcoy\",\"image\":{\"@type\":\"ImageObject\",\"inLanguage\":\"es\",\"@id\":\"https:\\\/\\\/secure.gravatar.com\\\/avatar\\\/bb65d0283347e303893ba14f0692005417c1e0e690a325a4c5d8bb2b3943ee14?s=96&d=mm&r=g\",\"url\":\"https:\\\/\\\/secure.gravatar.com\\\/avatar\\\/bb65d0283347e303893ba14f0692005417c1e0e690a325a4c5d8bb2b3943ee14?s=96&d=mm&r=g\",\"contentUrl\":\"https:\\\/\\\/secure.gravatar.com\\\/avatar\\\/bb65d0283347e303893ba14f0692005417c1e0e690a325a4c5d8bb2b3943ee14?s=96&d=mm&r=g\",\"caption\":\"Cope Alcoy\"}}]}<\/script>\n<!-- \/ Yoast SEO plugin. -->","yoast_head_json":{"title":"La ocupaci\u00f3n para Semana Santa en Alcoy se queda finalmente en torno al 60% - COPE Alcoy","description":"Con la mirada ya puesta en el Jueves Santo,\u00a0 y a punto de comenzar los d\u00edas grandes de la Semana Santa, la ocupaci\u00f3n hotelera en Alcoy se sit\u00faa por debajo del 60%, una cifra situada lejos de las previsiones que inicialmente se manejaban desde el sector","robots":{"index":"index","follow":"follow","max-snippet":"max-snippet:-1","max-image-preview":"max-image-preview:large","max-video-preview":"max-video-preview:-1"},"canonical":"https:\/\/www.copealcoy.es\/es\/la-ocupacion-para-semana-santa-en-alcoy-se-queda-finalmente-en-torno-al-60\/","og_locale":"es_ES","og_type":"article","og_title":"La ocupaci\u00f3n para Semana Santa en Alcoy se queda finalmente en torno al 60% - COPE Alcoy","og_description":"Con la mirada ya puesta en el Jueves Santo,\u00a0 y a punto de comenzar los d\u00edas grandes de la Semana Santa, la ocupaci\u00f3n hotelera en Alcoy se sit\u00faa por debajo del 60%, una cifra situada lejos de las previsiones que inicialmente se manejaban desde el sector","og_url":"https:\/\/www.copealcoy.es\/es\/la-ocupacion-para-semana-santa-en-alcoy-se-queda-finalmente-en-torno-al-60\/","og_site_name":"COPE Alcoy","article_published_time":"2025-04-16T21:35:37+00:00","article_modified_time":"2025-04-16T21:52:54+00:00","og_image":[{"width":600,"height":400,"url":"https:\/\/www.copealcoy.es\/wp-content\/uploads\/2015\/04\/VistaAgres1.jpg","type":"image\/jpeg"}],"author":"Cope Alcoy","twitter_misc":{"Escrito por":"Cope Alcoy","Tiempo de lectura":"3 minutos"},"schema":{"@context":"https:\/\/schema.org","@graph":[{"@type":"Article","@id":"https:\/\/www.copealcoy.es\/es\/la-ocupacion-para-semana-santa-en-alcoy-se-queda-finalmente-en-torno-al-60\/#article","isPartOf":{"@id":"https:\/\/www.copealcoy.es\/es\/la-ocupacion-para-semana-santa-en-alcoy-se-queda-finalmente-en-torno-al-60\/"},"author":{"name":"Cope Alcoy","@id":"https:\/\/www.copealcoy.es\/es\/#\/schema\/person\/e777c87fa024e57d40170af9df39882c"},"headline":"La ocupaci\u00f3n para Semana Santa en Alcoy se queda finalmente en torno al 60%","datePublished":"2025-04-16T21:35:37+00:00","dateModified":"2025-04-16T21:52:54+00:00","mainEntityOfPage":{"@id":"https:\/\/www.copealcoy.es\/es\/la-ocupacion-para-semana-santa-en-alcoy-se-queda-finalmente-en-torno-al-60\/"},"wordCount":372,"image":{"@id":"https:\/\/www.copealcoy.es\/es\/la-ocupacion-para-semana-santa-en-alcoy-se-queda-finalmente-en-torno-al-60\/#primaryimage"},"thumbnailUrl":"https:\/\/www.copealcoy.es\/wp-content\/uploads\/2015\/04\/VistaAgres1.jpg","keywords":["Alcoi\u00e0","Alcoy","Comtat","Ocupaci\u00f3n","Semana Santa","Turismo"],"articleSection":["Actualidad","Comarcas","Noticias","Portada"],"inLanguage":"es"},{"@type":"WebPage","@id":"https:\/\/www.copealcoy.es\/es\/la-ocupacion-para-semana-santa-en-alcoy-se-queda-finalmente-en-torno-al-60\/","url":"https:\/\/www.copealcoy.es\/es\/la-ocupacion-para-semana-santa-en-alcoy-se-queda-finalmente-en-torno-al-60\/","name":"La ocupaci\u00f3n para Semana Santa en Alcoy se queda finalmente en torno al 60% - COPE Alcoy","isPartOf":{"@id":"https:\/\/www.copealcoy.es\/es\/#website"},"primaryImageOfPage":{"@id":"https:\/\/www.copealcoy.es\/es\/la-ocupacion-para-semana-santa-en-alcoy-se-queda-finalmente-en-torno-al-60\/#primaryimage"},"image":{"@id":"https:\/\/www.copealcoy.es\/es\/la-ocupacion-para-semana-santa-en-alcoy-se-queda-finalmente-en-torno-al-60\/#primaryimage"},"thumbnailUrl":"https:\/\/www.copealcoy.es\/wp-content\/uploads\/2015\/04\/VistaAgres1.jpg","datePublished":"2025-04-16T21:35:37+00:00","dateModified":"2025-04-16T21:52:54+00:00","author":{"@id":"https:\/\/www.copealcoy.es\/es\/#\/schema\/person\/e777c87fa024e57d40170af9df39882c"},"description":"Con la mirada ya puesta en el Jueves Santo,\u00a0 y a punto de comenzar los d\u00edas grandes de la Semana Santa, la ocupaci\u00f3n hotelera en Alcoy se sit\u00faa por debajo del 60%, una cifra situada lejos de las previsiones que inicialmente se manejaban desde el sector","breadcrumb":{"@id":"https:\/\/www.copealcoy.es\/es\/la-ocupacion-para-semana-santa-en-alcoy-se-queda-finalmente-en-torno-al-60\/#breadcrumb"},"inLanguage":"es","potentialAction":[{"@type":"ReadAction","target":["https:\/\/www.copealcoy.es\/es\/la-ocupacion-para-semana-santa-en-alcoy-se-queda-finalmente-en-torno-al-60\/"]}]},{"@type":"ImageObject","inLanguage":"es","@id":"https:\/\/www.copealcoy.es\/es\/la-ocupacion-para-semana-santa-en-alcoy-se-queda-finalmente-en-torno-al-60\/#primaryimage","url":"https:\/\/www.copealcoy.es\/wp-content\/uploads\/2015\/04\/VistaAgres1.jpg","contentUrl":"https:\/\/www.copealcoy.es\/wp-content\/uploads\/2015\/04\/VistaAgres1.jpg","width":600,"height":400},{"@type":"BreadcrumbList","@id":"https:\/\/www.copealcoy.es\/es\/la-ocupacion-para-semana-santa-en-alcoy-se-queda-finalmente-en-torno-al-60\/#breadcrumb","itemListElement":[{"@type":"ListItem","position":1,"name":"Portada","item":"https:\/\/www.copealcoy.es\/es\/"},{"@type":"ListItem","position":2,"name":"La ocupaci\u00f3n para Semana Santa en Alcoy se queda finalmente en torno al 60%"}]},{"@type":"WebSite","@id":"https:\/\/www.copealcoy.es\/es\/#website","url":"https:\/\/www.copealcoy.es\/es\/","name":"COPE Alcoy","description":"Emisora COPE de radio local con emisi\u00f3n online. Pont de Sant Jordi 8-10 03803 Alcoy","potentialAction":[{"@type":"SearchAction","target":{"@type":"EntryPoint","urlTemplate":"https:\/\/www.copealcoy.es\/es\/?s={search_term_string}"},"query-input":{"@type":"PropertyValueSpecification","valueRequired":true,"valueName":"search_term_string"}}],"inLanguage":"es"},{"@type":"Person","@id":"https:\/\/www.copealcoy.es\/es\/#\/schema\/person\/e777c87fa024e57d40170af9df39882c","name":"Cope Alcoy","image":{"@type":"ImageObject","inLanguage":"es","@id":"https:\/\/secure.gravatar.com\/avatar\/bb65d0283347e303893ba14f0692005417c1e0e690a325a4c5d8bb2b3943ee14?s=96&d=mm&r=g","url":"https:\/\/secure.gravatar.com\/avatar\/bb65d0283347e303893ba14f0692005417c1e0e690a325a4c5d8bb2b3943ee14?s=96&d=mm&r=g","contentUrl":"https:\/\/secure.gravatar.com\/avatar\/bb65d0283347e303893ba14f0692005417c1e0e690a325a4c5d8bb2b3943ee14?s=96&d=mm&r=g","caption":"Cope Alcoy"}}]}},"_links":{"self":[{"href":"https:\/\/www.copealcoy.es\/es\/wp-json\/wp\/v2\/posts\/150678","targetHints":{"allow":["GET"]}}],"collection":[{"href":"https:\/\/www.copealcoy.es\/es\/wp-json\/wp\/v2\/posts"}],"about":[{"href":"https:\/\/www.copealcoy.es\/es\/wp-json\/wp\/v2\/types\/post"}],"author":[{"embeddable":true,"href":"https:\/\/www.copealcoy.es\/es\/wp-json\/wp\/v2\/users\/1"}],"replies":[{"embeddable":true,"href":"https:\/\/www.copealcoy.es\/es\/wp-json\/wp\/v2\/comments?post=150678"}],"version-history":[{"count":0,"href":"https:\/\/www.copealcoy.es\/es\/wp-json\/wp\/v2\/posts\/150678\/revisions"}],"wp:featuredmedia":[{"embeddable":true,"href":"https:\/\/www.copealcoy.es\/es\/wp-json\/wp\/v2\/media\/12501"}],"wp:attachment":[{"href":"https:\/\/www.copealcoy.es\/es\/wp-json\/wp\/v2\/media?parent=150678"}],"wp:term":[{"taxonomy":"category","embeddable":true,"href":"https:\/\/www.copealcoy.es\/es\/wp-json\/wp\/v2\/categories?post=150678"},{"taxonomy":"post_tag","embeddable":true,"href":"https:\/\/www.copealcoy.es\/es\/wp-json\/wp\/v2\/tags?post=150678"}],"curies":[{"name":"wp","href":"https:\/\/api.w.org\/{rel}","templated":true}]}}