{"id":150525,"date":"2025-04-23T07:55:50","date_gmt":"2025-04-23T06:55:50","guid":{"rendered":"https:\/\/www.copealcoy.es\/?p=150525"},"modified":"2025-04-23T16:27:04","modified_gmt":"2025-04-23T15:27:04","slug":"asi-conmemorara-cocentaina-el-mes-internacional-de-los-monumentos","status":"publish","type":"post","link":"https:\/\/www.copealcoy.es\/es\/asi-conmemorara-cocentaina-el-mes-internacional-de-los-monumentos\/","title":{"rendered":"As\u00ed conmemorar\u00e1 Cocentaina el Mes Internacional de los Monumentos"},"content":{"rendered":"<p style=\"text-align: justify;\">El <a href=\"https:\/\/www.cocentaina.es\/\" target=\"_blank\" rel=\"noopener\"><span style=\"color: #0000ff;\"><strong>Ayuntamiento de Cocentaina<\/strong><\/span><\/a> ha programado <strong>dos actividades destacadas<\/strong> para este mes de abril, en el marco del <strong>Mes Internacional de los Monumentos<\/strong>. Estas iniciativas tienen como objetivo <strong>promover y difundir la rica herencia cultural y monumental<\/strong> de la localidad, que cuenta con un legado hist\u00f3rico significativo.<\/p>\n<p style=\"text-align: justify;\">La <strong>primera actividad<\/strong> se llevar\u00e1 a cabo el viernes 25 de abril, a las 20:00 horas, en la Casa de la Juventud. Se trata de una conferencia titulada \u00abDel aprisco al surco: ganader\u00eda y agricultura de secano en la Mancha suroriental (s. XI)\u00bb, que ser\u00e1 impartida por Jos\u00e9 Luis Sim\u00f3n Garc\u00eda y Pedro Jim\u00e9nez Castillo, miembros del Instituto de Estudios Albacetenses. Durante esta charla, los ponentes presentar\u00e1n sus investigaciones sobre la econom\u00eda agraria andalus\u00ed, centr\u00e1ndose en la importancia de las \u00e1reas de secano en las comarcas de la Marina Alta, El Comtat y L&#8217; Alcoi\u00e0.<\/p>\n<p style=\"text-align: justify;\">Por otro lado, el domingo 27 de abril tendr\u00e1 lugar <strong>la segunda propuesta<\/strong>, el Castillo de Cocentaina abrir\u00e1 sus puertas al p\u00fablico en una jornada especial que incluir\u00e1 visitas guiadas a las 10:00 y 12:00 horas. Estas visitas estar\u00e1n dirigidas por Elisa Dom\u00e9nech, t\u00e9cnica de Patrimonio del Ayuntamiento. El Castillo, desde el cual se divisa parte del municipio y de la comarca, es todo un emblema de la Villa Condal y con esta iniciativa lo podremos conocer de m\u00e1s cerca.<\/p>\n<p style=\"text-align: justify;\">Adem\u00e1s, este a\u00f1o<strong> se conmemora el 720 aniversario de la muerte de Roger de Ll\u00faria<\/strong>, almirante de la Corona de Arag\u00f3n y primer se\u00f1or feudal de Cocentaina. En honor a su figura hist\u00f3rica y su impacto en la regi\u00f3n mediterr\u00e1nea, el Ayuntamiento ha declarado el 2025 como el A\u00f1o Roger de Ll\u00faria. Por este motivo, y seg\u00fan informaron semanas atr\u00e1s desde el consistorio, <strong>se han programado diferentes iniciativas<\/strong> que rendir\u00e1n homenaje al mismo almirante pero tambi\u00e9n a la que fue su esposa Na Saurina d&#8217;Enten\u00e7a. Esta \u00faltima tuvo un papel clave en la configuraci\u00f3n y el desarrollo de la poblaci\u00f3n tras gobernar la misma despu\u00e9s del fallecimiento de Roger de Ll\u00faria.<\/p>\n","protected":false},"excerpt":{"rendered":"<p>El Ayuntamiento de Cocentaina ha programado dos actividades destacadas para este mes de abril, en el marco del Mes Internacional&#8230;<\/p>\n","protected":false},"author":1,"featured_media":150529,"comment_status":"closed","ping_status":"closed","sticky":false,"template":"","format":"standard","meta":{"footnotes":""},"categories":[6909,98,75],"tags":[132,6636,19450],"class_list":["post-150525","post","type-post","status-publish","format-standard","has-post-thumbnail","hentry","category-actualidad","category-comarcas","category-noticias","tag-cocentaina","tag-conmemoracion","tag-dia-internacional-de-los-monumentos"],"yoast_head":"<!-- This site is optimized with the Yoast SEO plugin v27.3 - https:\/\/yoast.com\/product\/yoast-seo-wordpress\/ -->\n<title>As\u00ed conmemorar\u00e1 Cocentaina el Mes Internacional de los Monumentos - COPE Alcoy<\/title>\n<meta name=\"description\" content=\"El Ayuntamiento de Cocentaina ha programado dos actividades destacadas para este mes de abril, en el marco del Mes Internacional de los Monumentos\" \/>\n<meta name=\"robots\" content=\"index, follow, max-snippet:-1, max-image-preview:large, max-video-preview:-1\" \/>\n<link rel=\"canonical\" href=\"https:\/\/www.copealcoy.es\/es\/asi-conmemorara-cocentaina-el-mes-internacional-de-los-monumentos\/\" \/>\n<meta property=\"og:locale\" content=\"es_ES\" \/>\n<meta property=\"og:type\" content=\"article\" \/>\n<meta property=\"og:title\" content=\"As\u00ed conmemorar\u00e1 Cocentaina el Mes Internacional de los Monumentos - COPE Alcoy\" \/>\n<meta property=\"og:description\" content=\"El Ayuntamiento de Cocentaina ha programado dos actividades destacadas para este mes de abril, en el marco del Mes Internacional de los Monumentos\" \/>\n<meta property=\"og:url\" content=\"https:\/\/www.copealcoy.es\/es\/asi-conmemorara-cocentaina-el-mes-internacional-de-los-monumentos\/\" \/>\n<meta property=\"og:site_name\" content=\"COPE Alcoy\" \/>\n<meta property=\"article:published_time\" content=\"2025-04-23T06:55:50+00:00\" \/>\n<meta property=\"article:modified_time\" content=\"2025-04-23T15:27:04+00:00\" \/>\n<meta property=\"og:image\" content=\"https:\/\/www.copealcoy.es\/wp-content\/uploads\/2025\/04\/unnamed-2-3-scaled.jpg\" \/>\n\t<meta property=\"og:image:width\" content=\"1507\" \/>\n\t<meta property=\"og:image:height\" content=\"1080\" \/>\n\t<meta property=\"og:image:type\" content=\"image\/jpeg\" \/>\n<meta name=\"author\" content=\"Cope Alcoy\" \/>\n<meta name=\"twitter:label1\" content=\"Escrito por\" \/>\n\t<meta name=\"twitter:data1\" content=\"Cope Alcoy\" \/>\n\t<meta name=\"twitter:label2\" content=\"Tiempo de lectura\" \/>\n\t<meta name=\"twitter:data2\" content=\"3 minutos\" \/>\n<script type=\"application\/ld+json\" class=\"yoast-schema-graph\">{\"@context\":\"https:\\\/\\\/schema.org\",\"@graph\":[{\"@type\":\"Article\",\"@id\":\"https:\\\/\\\/www.copealcoy.es\\\/es\\\/asi-conmemorara-cocentaina-el-mes-internacional-de-los-monumentos\\\/#article\",\"isPartOf\":{\"@id\":\"https:\\\/\\\/www.copealcoy.es\\\/es\\\/asi-conmemorara-cocentaina-el-mes-internacional-de-los-monumentos\\\/\"},\"author\":{\"name\":\"Cope Alcoy\",\"@id\":\"https:\\\/\\\/www.copealcoy.es\\\/es\\\/#\\\/schema\\\/person\\\/e777c87fa024e57d40170af9df39882c\"},\"headline\":\"As\u00ed conmemorar\u00e1 Cocentaina el Mes Internacional de los Monumentos\",\"datePublished\":\"2025-04-23T06:55:50+00:00\",\"dateModified\":\"2025-04-23T15:27:04+00:00\",\"mainEntityOfPage\":{\"@id\":\"https:\\\/\\\/www.copealcoy.es\\\/es\\\/asi-conmemorara-cocentaina-el-mes-internacional-de-los-monumentos\\\/\"},\"wordCount\":368,\"image\":{\"@id\":\"https:\\\/\\\/www.copealcoy.es\\\/es\\\/asi-conmemorara-cocentaina-el-mes-internacional-de-los-monumentos\\\/#primaryimage\"},\"thumbnailUrl\":\"https:\\\/\\\/www.copealcoy.es\\\/wp-content\\\/uploads\\\/2025\\\/04\\\/unnamed-2-3-scaled.jpg\",\"keywords\":[\"Cocentaina\",\"conmemoraci\u00f3n\",\"D\u00eda Internacional de los Monumentos\"],\"articleSection\":[\"Actualidad\",\"Comarcas\",\"Noticias\"],\"inLanguage\":\"es\"},{\"@type\":\"WebPage\",\"@id\":\"https:\\\/\\\/www.copealcoy.es\\\/es\\\/asi-conmemorara-cocentaina-el-mes-internacional-de-los-monumentos\\\/\",\"url\":\"https:\\\/\\\/www.copealcoy.es\\\/es\\\/asi-conmemorara-cocentaina-el-mes-internacional-de-los-monumentos\\\/\",\"name\":\"As\u00ed conmemorar\u00e1 Cocentaina el Mes Internacional de los Monumentos - COPE Alcoy\",\"isPartOf\":{\"@id\":\"https:\\\/\\\/www.copealcoy.es\\\/es\\\/#website\"},\"primaryImageOfPage\":{\"@id\":\"https:\\\/\\\/www.copealcoy.es\\\/es\\\/asi-conmemorara-cocentaina-el-mes-internacional-de-los-monumentos\\\/#primaryimage\"},\"image\":{\"@id\":\"https:\\\/\\\/www.copealcoy.es\\\/es\\\/asi-conmemorara-cocentaina-el-mes-internacional-de-los-monumentos\\\/#primaryimage\"},\"thumbnailUrl\":\"https:\\\/\\\/www.copealcoy.es\\\/wp-content\\\/uploads\\\/2025\\\/04\\\/unnamed-2-3-scaled.jpg\",\"datePublished\":\"2025-04-23T06:55:50+00:00\",\"dateModified\":\"2025-04-23T15:27:04+00:00\",\"author\":{\"@id\":\"https:\\\/\\\/www.copealcoy.es\\\/es\\\/#\\\/schema\\\/person\\\/e777c87fa024e57d40170af9df39882c\"},\"description\":\"El Ayuntamiento de Cocentaina ha programado dos actividades destacadas para este mes de abril, en el marco del Mes Internacional de los Monumentos\",\"breadcrumb\":{\"@id\":\"https:\\\/\\\/www.copealcoy.es\\\/es\\\/asi-conmemorara-cocentaina-el-mes-internacional-de-los-monumentos\\\/#breadcrumb\"},\"inLanguage\":\"es\",\"potentialAction\":[{\"@type\":\"ReadAction\",\"target\":[\"https:\\\/\\\/www.copealcoy.es\\\/es\\\/asi-conmemorara-cocentaina-el-mes-internacional-de-los-monumentos\\\/\"]}]},{\"@type\":\"ImageObject\",\"inLanguage\":\"es\",\"@id\":\"https:\\\/\\\/www.copealcoy.es\\\/es\\\/asi-conmemorara-cocentaina-el-mes-internacional-de-los-monumentos\\\/#primaryimage\",\"url\":\"https:\\\/\\\/www.copealcoy.es\\\/wp-content\\\/uploads\\\/2025\\\/04\\\/unnamed-2-3-scaled.jpg\",\"contentUrl\":\"https:\\\/\\\/www.copealcoy.es\\\/wp-content\\\/uploads\\\/2025\\\/04\\\/unnamed-2-3-scaled.jpg\",\"width\":1507,\"height\":1080},{\"@type\":\"BreadcrumbList\",\"@id\":\"https:\\\/\\\/www.copealcoy.es\\\/es\\\/asi-conmemorara-cocentaina-el-mes-internacional-de-los-monumentos\\\/#breadcrumb\",\"itemListElement\":[{\"@type\":\"ListItem\",\"position\":1,\"name\":\"Portada\",\"item\":\"https:\\\/\\\/www.copealcoy.es\\\/es\\\/\"},{\"@type\":\"ListItem\",\"position\":2,\"name\":\"As\u00ed conmemorar\u00e1 Cocentaina el Mes Internacional de los Monumentos\"}]},{\"@type\":\"WebSite\",\"@id\":\"https:\\\/\\\/www.copealcoy.es\\\/es\\\/#website\",\"url\":\"https:\\\/\\\/www.copealcoy.es\\\/es\\\/\",\"name\":\"COPE Alcoy\",\"description\":\"Emisora COPE de radio local con emisi\u00f3n online. Pont de Sant Jordi 8-10 03803 Alcoy\",\"potentialAction\":[{\"@type\":\"SearchAction\",\"target\":{\"@type\":\"EntryPoint\",\"urlTemplate\":\"https:\\\/\\\/www.copealcoy.es\\\/es\\\/?s={search_term_string}\"},\"query-input\":{\"@type\":\"PropertyValueSpecification\",\"valueRequired\":true,\"valueName\":\"search_term_string\"}}],\"inLanguage\":\"es\"},{\"@type\":\"Person\",\"@id\":\"https:\\\/\\\/www.copealcoy.es\\\/es\\\/#\\\/schema\\\/person\\\/e777c87fa024e57d40170af9df39882c\",\"name\":\"Cope Alcoy\",\"image\":{\"@type\":\"ImageObject\",\"inLanguage\":\"es\",\"@id\":\"https:\\\/\\\/secure.gravatar.com\\\/avatar\\\/bb65d0283347e303893ba14f0692005417c1e0e690a325a4c5d8bb2b3943ee14?s=96&d=mm&r=g\",\"url\":\"https:\\\/\\\/secure.gravatar.com\\\/avatar\\\/bb65d0283347e303893ba14f0692005417c1e0e690a325a4c5d8bb2b3943ee14?s=96&d=mm&r=g\",\"contentUrl\":\"https:\\\/\\\/secure.gravatar.com\\\/avatar\\\/bb65d0283347e303893ba14f0692005417c1e0e690a325a4c5d8bb2b3943ee14?s=96&d=mm&r=g\",\"caption\":\"Cope Alcoy\"}}]}<\/script>\n<!-- \/ Yoast SEO plugin. -->","yoast_head_json":{"title":"As\u00ed conmemorar\u00e1 Cocentaina el Mes Internacional de los Monumentos - COPE Alcoy","description":"El Ayuntamiento de Cocentaina ha programado dos actividades destacadas para este mes de abril, en el marco del Mes Internacional de los Monumentos","robots":{"index":"index","follow":"follow","max-snippet":"max-snippet:-1","max-image-preview":"max-image-preview:large","max-video-preview":"max-video-preview:-1"},"canonical":"https:\/\/www.copealcoy.es\/es\/asi-conmemorara-cocentaina-el-mes-internacional-de-los-monumentos\/","og_locale":"es_ES","og_type":"article","og_title":"As\u00ed conmemorar\u00e1 Cocentaina el Mes Internacional de los Monumentos - COPE Alcoy","og_description":"El Ayuntamiento de Cocentaina ha programado dos actividades destacadas para este mes de abril, en el marco del Mes Internacional de los Monumentos","og_url":"https:\/\/www.copealcoy.es\/es\/asi-conmemorara-cocentaina-el-mes-internacional-de-los-monumentos\/","og_site_name":"COPE Alcoy","article_published_time":"2025-04-23T06:55:50+00:00","article_modified_time":"2025-04-23T15:27:04+00:00","og_image":[{"width":1507,"height":1080,"url":"https:\/\/www.copealcoy.es\/wp-content\/uploads\/2025\/04\/unnamed-2-3-scaled.jpg","type":"image\/jpeg"}],"author":"Cope Alcoy","twitter_misc":{"Escrito por":"Cope Alcoy","Tiempo de lectura":"3 minutos"},"schema":{"@context":"https:\/\/schema.org","@graph":[{"@type":"Article","@id":"https:\/\/www.copealcoy.es\/es\/asi-conmemorara-cocentaina-el-mes-internacional-de-los-monumentos\/#article","isPartOf":{"@id":"https:\/\/www.copealcoy.es\/es\/asi-conmemorara-cocentaina-el-mes-internacional-de-los-monumentos\/"},"author":{"name":"Cope Alcoy","@id":"https:\/\/www.copealcoy.es\/es\/#\/schema\/person\/e777c87fa024e57d40170af9df39882c"},"headline":"As\u00ed conmemorar\u00e1 Cocentaina el Mes Internacional de los Monumentos","datePublished":"2025-04-23T06:55:50+00:00","dateModified":"2025-04-23T15:27:04+00:00","mainEntityOfPage":{"@id":"https:\/\/www.copealcoy.es\/es\/asi-conmemorara-cocentaina-el-mes-internacional-de-los-monumentos\/"},"wordCount":368,"image":{"@id":"https:\/\/www.copealcoy.es\/es\/asi-conmemorara-cocentaina-el-mes-internacional-de-los-monumentos\/#primaryimage"},"thumbnailUrl":"https:\/\/www.copealcoy.es\/wp-content\/uploads\/2025\/04\/unnamed-2-3-scaled.jpg","keywords":["Cocentaina","conmemoraci\u00f3n","D\u00eda Internacional de los Monumentos"],"articleSection":["Actualidad","Comarcas","Noticias"],"inLanguage":"es"},{"@type":"WebPage","@id":"https:\/\/www.copealcoy.es\/es\/asi-conmemorara-cocentaina-el-mes-internacional-de-los-monumentos\/","url":"https:\/\/www.copealcoy.es\/es\/asi-conmemorara-cocentaina-el-mes-internacional-de-los-monumentos\/","name":"As\u00ed conmemorar\u00e1 Cocentaina el Mes Internacional de los Monumentos - COPE Alcoy","isPartOf":{"@id":"https:\/\/www.copealcoy.es\/es\/#website"},"primaryImageOfPage":{"@id":"https:\/\/www.copealcoy.es\/es\/asi-conmemorara-cocentaina-el-mes-internacional-de-los-monumentos\/#primaryimage"},"image":{"@id":"https:\/\/www.copealcoy.es\/es\/asi-conmemorara-cocentaina-el-mes-internacional-de-los-monumentos\/#primaryimage"},"thumbnailUrl":"https:\/\/www.copealcoy.es\/wp-content\/uploads\/2025\/04\/unnamed-2-3-scaled.jpg","datePublished":"2025-04-23T06:55:50+00:00","dateModified":"2025-04-23T15:27:04+00:00","author":{"@id":"https:\/\/www.copealcoy.es\/es\/#\/schema\/person\/e777c87fa024e57d40170af9df39882c"},"description":"El Ayuntamiento de Cocentaina ha programado dos actividades destacadas para este mes de abril, en el marco del Mes Internacional de los Monumentos","breadcrumb":{"@id":"https:\/\/www.copealcoy.es\/es\/asi-conmemorara-cocentaina-el-mes-internacional-de-los-monumentos\/#breadcrumb"},"inLanguage":"es","potentialAction":[{"@type":"ReadAction","target":["https:\/\/www.copealcoy.es\/es\/asi-conmemorara-cocentaina-el-mes-internacional-de-los-monumentos\/"]}]},{"@type":"ImageObject","inLanguage":"es","@id":"https:\/\/www.copealcoy.es\/es\/asi-conmemorara-cocentaina-el-mes-internacional-de-los-monumentos\/#primaryimage","url":"https:\/\/www.copealcoy.es\/wp-content\/uploads\/2025\/04\/unnamed-2-3-scaled.jpg","contentUrl":"https:\/\/www.copealcoy.es\/wp-content\/uploads\/2025\/04\/unnamed-2-3-scaled.jpg","width":1507,"height":1080},{"@type":"BreadcrumbList","@id":"https:\/\/www.copealcoy.es\/es\/asi-conmemorara-cocentaina-el-mes-internacional-de-los-monumentos\/#breadcrumb","itemListElement":[{"@type":"ListItem","position":1,"name":"Portada","item":"https:\/\/www.copealcoy.es\/es\/"},{"@type":"ListItem","position":2,"name":"As\u00ed conmemorar\u00e1 Cocentaina el Mes Internacional de los Monumentos"}]},{"@type":"WebSite","@id":"https:\/\/www.copealcoy.es\/es\/#website","url":"https:\/\/www.copealcoy.es\/es\/","name":"COPE Alcoy","description":"Emisora COPE de radio local con emisi\u00f3n online. Pont de Sant Jordi 8-10 03803 Alcoy","potentialAction":[{"@type":"SearchAction","target":{"@type":"EntryPoint","urlTemplate":"https:\/\/www.copealcoy.es\/es\/?s={search_term_string}"},"query-input":{"@type":"PropertyValueSpecification","valueRequired":true,"valueName":"search_term_string"}}],"inLanguage":"es"},{"@type":"Person","@id":"https:\/\/www.copealcoy.es\/es\/#\/schema\/person\/e777c87fa024e57d40170af9df39882c","name":"Cope Alcoy","image":{"@type":"ImageObject","inLanguage":"es","@id":"https:\/\/secure.gravatar.com\/avatar\/bb65d0283347e303893ba14f0692005417c1e0e690a325a4c5d8bb2b3943ee14?s=96&d=mm&r=g","url":"https:\/\/secure.gravatar.com\/avatar\/bb65d0283347e303893ba14f0692005417c1e0e690a325a4c5d8bb2b3943ee14?s=96&d=mm&r=g","contentUrl":"https:\/\/secure.gravatar.com\/avatar\/bb65d0283347e303893ba14f0692005417c1e0e690a325a4c5d8bb2b3943ee14?s=96&d=mm&r=g","caption":"Cope Alcoy"}}]}},"_links":{"self":[{"href":"https:\/\/www.copealcoy.es\/es\/wp-json\/wp\/v2\/posts\/150525","targetHints":{"allow":["GET"]}}],"collection":[{"href":"https:\/\/www.copealcoy.es\/es\/wp-json\/wp\/v2\/posts"}],"about":[{"href":"https:\/\/www.copealcoy.es\/es\/wp-json\/wp\/v2\/types\/post"}],"author":[{"embeddable":true,"href":"https:\/\/www.copealcoy.es\/es\/wp-json\/wp\/v2\/users\/1"}],"replies":[{"embeddable":true,"href":"https:\/\/www.copealcoy.es\/es\/wp-json\/wp\/v2\/comments?post=150525"}],"version-history":[{"count":0,"href":"https:\/\/www.copealcoy.es\/es\/wp-json\/wp\/v2\/posts\/150525\/revisions"}],"wp:featuredmedia":[{"embeddable":true,"href":"https:\/\/www.copealcoy.es\/es\/wp-json\/wp\/v2\/media\/150529"}],"wp:attachment":[{"href":"https:\/\/www.copealcoy.es\/es\/wp-json\/wp\/v2\/media?parent=150525"}],"wp:term":[{"taxonomy":"category","embeddable":true,"href":"https:\/\/www.copealcoy.es\/es\/wp-json\/wp\/v2\/categories?post=150525"},{"taxonomy":"post_tag","embeddable":true,"href":"https:\/\/www.copealcoy.es\/es\/wp-json\/wp\/v2\/tags?post=150525"}],"curies":[{"name":"wp","href":"https:\/\/api.w.org\/{rel}","templated":true}]}}