{"id":15046,"date":"2015-08-18T14:14:50","date_gmt":"2015-08-18T14:14:50","guid":{"rendered":"http:\/\/copealcoi.es\/new\/?p=15046"},"modified":"2015-08-18T14:33:33","modified_gmt":"2015-08-18T14:33:33","slug":"alcoy-plantea-ceder-los-chales-de-la-font-roja-para-actividades-ambientales-del-campus","status":"publish","type":"post","link":"https:\/\/www.copealcoy.es\/es\/alcoy-plantea-ceder-los-chales-de-la-font-roja-para-actividades-ambientales-del-campus\/","title":{"rendered":"Alcoy plantea ceder los chal\u00e9s de la Font Roja al Campus de la UPV"},"content":{"rendered":"<p style=\"text-align: justify;\">El\u00a0Ayuntamiento de Alcoy ha ofrecido a\u00a0la Universidad Polit\u00e9cnica de Valencia los antiguos chal\u00e9s de la Font Roja para ubicar un centro de investigaci\u00f3n. Seg\u00fan recoge este martes\u00a0el Diario Informaci\u00f3n esta infraestructura, una vez se realice la rehabilitaci\u00f3n de los chal\u00e9s, servir\u00e1 para desarrollar proyectos medioambientales por parte del Campus que ya lleva a cabo estas acciones en el entorno del Parque Natural a lo largo de todo el a\u00f1o.<\/p>\n<p style=\"text-align: justify;\">El edil de Territorio, Manolo Gomicia, ha avanzado que los trabajos de rehabilitaci\u00f3n de las casas de la Font Roja, que est\u00e1n en avanzado estado de deterioro, empezar\u00e1n a finales de este 2015\u00a0y ha explicado al respecto que la\u00a0propuesta \u00a0de cesi\u00f3n de los inmuebles se estudiar\u00e1 a partir del mes de septiembre junto a la propia direcci\u00f3n del Campus con quien ya se ha alcanzado un acuerdo verbal formalizado con el director, Juan Ignacio Torregrosa.<\/p>\n<p style=\"text-align: justify;\">Recordar que en un principio desde el Consistorio se esperaba dotar a estas instalaciones de un uso recreativo y\u00a0para ello se eligi\u00f3 la propuesta del\u00a0arquitecto local Santiago Pastor con el fin de obtener un proyecto de viabilidad que determinara las reformas a realizar en estos chal\u00e9s ubicados en la Font Roja. En este sentido\u00a0el Gobierno Local destin\u00f3 en 2014 una partida de\u00a0257.000 euros para llevar a cabo las obras de acondicionamiento que todav\u00eda, un a\u00f1o despu\u00e9s, no han dado comienzo.<\/p>\n","protected":false},"excerpt":{"rendered":"<p>El\u00a0Ayuntamiento de Alcoy ha ofrecido a\u00a0la Universidad Polit\u00e9cnica de Valencia los antiguos chal\u00e9s de la Font Roja para ubicar un&#8230;<\/p>\n","protected":false},"author":1,"featured_media":15047,"comment_status":"open","ping_status":"open","sticky":false,"template":"","format":"standard","meta":{"footnotes":""},"categories":[97,75,125],"tags":[1494,229,437,633],"class_list":["post-15046","post","type-post","status-publish","format-standard","has-post-thumbnail","hentry","category-alcoy","category-noticias","category-portada","tag-alcoy","tag-ayuntamiento","tag-font-roja","tag-urbanismo"],"yoast_head":"<!-- This site is optimized with the Yoast SEO plugin v27.3 - https:\/\/yoast.com\/product\/yoast-seo-wordpress\/ -->\n<title>Alcoy plantea ceder los chal\u00e9s de la Font Roja al Campus de la UPV - COPE Alcoy<\/title>\n<meta name=\"robots\" content=\"index, follow, max-snippet:-1, max-image-preview:large, max-video-preview:-1\" \/>\n<link rel=\"canonical\" href=\"https:\/\/www.copealcoy.es\/es\/alcoy-plantea-ceder-los-chales-de-la-font-roja-para-actividades-ambientales-del-campus\/\" \/>\n<meta property=\"og:locale\" content=\"es_ES\" \/>\n<meta property=\"og:type\" content=\"article\" \/>\n<meta property=\"og:title\" content=\"Alcoy plantea ceder los chal\u00e9s de la Font Roja al Campus de la UPV - COPE Alcoy\" \/>\n<meta property=\"og:description\" content=\"El\u00a0Ayuntamiento de Alcoy ha ofrecido a\u00a0la Universidad Polit\u00e9cnica de Valencia los antiguos chal\u00e9s de la Font Roja para ubicar un...\" \/>\n<meta property=\"og:url\" content=\"https:\/\/www.copealcoy.es\/es\/alcoy-plantea-ceder-los-chales-de-la-font-roja-para-actividades-ambientales-del-campus\/\" \/>\n<meta property=\"og:site_name\" content=\"COPE Alcoy\" \/>\n<meta property=\"article:published_time\" content=\"2015-08-18T14:14:50+00:00\" \/>\n<meta property=\"article:modified_time\" content=\"2015-08-18T14:33:33+00:00\" \/>\n<meta property=\"og:image\" content=\"https:\/\/www.copealcoy.es\/wp-content\/uploads\/2015\/08\/antiguos-chalest-en-ruinas-e1624962804983.jpg\" \/>\n\t<meta property=\"og:image:width\" content=\"2560\" \/>\n\t<meta property=\"og:image:height\" content=\"1708\" \/>\n\t<meta property=\"og:image:type\" content=\"image\/jpeg\" \/>\n<meta name=\"author\" content=\"Cope Alcoy\" \/>\n<meta name=\"twitter:label1\" content=\"Escrito por\" \/>\n\t<meta name=\"twitter:data1\" content=\"Cope Alcoy\" \/>\n\t<meta name=\"twitter:label2\" content=\"Tiempo de lectura\" \/>\n\t<meta name=\"twitter:data2\" content=\"1 minuto\" \/>\n<script type=\"application\/ld+json\" class=\"yoast-schema-graph\">{\"@context\":\"https:\\\/\\\/schema.org\",\"@graph\":[{\"@type\":\"Article\",\"@id\":\"https:\\\/\\\/www.copealcoy.es\\\/es\\\/alcoy-plantea-ceder-los-chales-de-la-font-roja-para-actividades-ambientales-del-campus\\\/#article\",\"isPartOf\":{\"@id\":\"https:\\\/\\\/www.copealcoy.es\\\/es\\\/alcoy-plantea-ceder-los-chales-de-la-font-roja-para-actividades-ambientales-del-campus\\\/\"},\"author\":{\"name\":\"Cope Alcoy\",\"@id\":\"https:\\\/\\\/www.copealcoy.es\\\/es\\\/#\\\/schema\\\/person\\\/e777c87fa024e57d40170af9df39882c\"},\"headline\":\"Alcoy plantea ceder los chal\u00e9s de la Font Roja al Campus de la UPV\",\"datePublished\":\"2015-08-18T14:14:50+00:00\",\"dateModified\":\"2015-08-18T14:33:33+00:00\",\"mainEntityOfPage\":{\"@id\":\"https:\\\/\\\/www.copealcoy.es\\\/es\\\/alcoy-plantea-ceder-los-chales-de-la-font-roja-para-actividades-ambientales-del-campus\\\/\"},\"wordCount\":262,\"commentCount\":0,\"image\":{\"@id\":\"https:\\\/\\\/www.copealcoy.es\\\/es\\\/alcoy-plantea-ceder-los-chales-de-la-font-roja-para-actividades-ambientales-del-campus\\\/#primaryimage\"},\"thumbnailUrl\":\"https:\\\/\\\/www.copealcoy.es\\\/wp-content\\\/uploads\\\/2015\\\/08\\\/antiguos-chalest-en-ruinas-e1624962804983.jpg\",\"keywords\":[\"Alcoy\",\"Ayuntamiento\",\"Font Roja\",\"Urbanismo\"],\"articleSection\":[\"Alcoy\",\"Noticias\",\"Portada\"],\"inLanguage\":\"es\"},{\"@type\":\"WebPage\",\"@id\":\"https:\\\/\\\/www.copealcoy.es\\\/es\\\/alcoy-plantea-ceder-los-chales-de-la-font-roja-para-actividades-ambientales-del-campus\\\/\",\"url\":\"https:\\\/\\\/www.copealcoy.es\\\/es\\\/alcoy-plantea-ceder-los-chales-de-la-font-roja-para-actividades-ambientales-del-campus\\\/\",\"name\":\"Alcoy plantea ceder los chal\u00e9s de la Font Roja al Campus de la UPV - COPE Alcoy\",\"isPartOf\":{\"@id\":\"https:\\\/\\\/www.copealcoy.es\\\/es\\\/#website\"},\"primaryImageOfPage\":{\"@id\":\"https:\\\/\\\/www.copealcoy.es\\\/es\\\/alcoy-plantea-ceder-los-chales-de-la-font-roja-para-actividades-ambientales-del-campus\\\/#primaryimage\"},\"image\":{\"@id\":\"https:\\\/\\\/www.copealcoy.es\\\/es\\\/alcoy-plantea-ceder-los-chales-de-la-font-roja-para-actividades-ambientales-del-campus\\\/#primaryimage\"},\"thumbnailUrl\":\"https:\\\/\\\/www.copealcoy.es\\\/wp-content\\\/uploads\\\/2015\\\/08\\\/antiguos-chalest-en-ruinas-e1624962804983.jpg\",\"datePublished\":\"2015-08-18T14:14:50+00:00\",\"dateModified\":\"2015-08-18T14:33:33+00:00\",\"author\":{\"@id\":\"https:\\\/\\\/www.copealcoy.es\\\/es\\\/#\\\/schema\\\/person\\\/e777c87fa024e57d40170af9df39882c\"},\"breadcrumb\":{\"@id\":\"https:\\\/\\\/www.copealcoy.es\\\/es\\\/alcoy-plantea-ceder-los-chales-de-la-font-roja-para-actividades-ambientales-del-campus\\\/#breadcrumb\"},\"inLanguage\":\"es\",\"potentialAction\":[{\"@type\":\"ReadAction\",\"target\":[\"https:\\\/\\\/www.copealcoy.es\\\/es\\\/alcoy-plantea-ceder-los-chales-de-la-font-roja-para-actividades-ambientales-del-campus\\\/\"]}]},{\"@type\":\"ImageObject\",\"inLanguage\":\"es\",\"@id\":\"https:\\\/\\\/www.copealcoy.es\\\/es\\\/alcoy-plantea-ceder-los-chales-de-la-font-roja-para-actividades-ambientales-del-campus\\\/#primaryimage\",\"url\":\"https:\\\/\\\/www.copealcoy.es\\\/wp-content\\\/uploads\\\/2015\\\/08\\\/antiguos-chalest-en-ruinas-e1624962804983.jpg\",\"contentUrl\":\"https:\\\/\\\/www.copealcoy.es\\\/wp-content\\\/uploads\\\/2015\\\/08\\\/antiguos-chalest-en-ruinas-e1624962804983.jpg\",\"width\":1619,\"height\":1080,\"caption\":\"Los chal\u00e9s de la Font Roja est\u00e1n pendientes de rehabilitaci\u00f3n\"},{\"@type\":\"BreadcrumbList\",\"@id\":\"https:\\\/\\\/www.copealcoy.es\\\/es\\\/alcoy-plantea-ceder-los-chales-de-la-font-roja-para-actividades-ambientales-del-campus\\\/#breadcrumb\",\"itemListElement\":[{\"@type\":\"ListItem\",\"position\":1,\"name\":\"Portada\",\"item\":\"https:\\\/\\\/www.copealcoy.es\\\/es\\\/\"},{\"@type\":\"ListItem\",\"position\":2,\"name\":\"Alcoy plantea ceder los chal\u00e9s de la Font Roja al Campus de la UPV\"}]},{\"@type\":\"WebSite\",\"@id\":\"https:\\\/\\\/www.copealcoy.es\\\/es\\\/#website\",\"url\":\"https:\\\/\\\/www.copealcoy.es\\\/es\\\/\",\"name\":\"COPE Alcoy\",\"description\":\"Emisora COPE de radio local con emisi\u00f3n online. Pont de Sant Jordi 8-10 03803 Alcoy\",\"potentialAction\":[{\"@type\":\"SearchAction\",\"target\":{\"@type\":\"EntryPoint\",\"urlTemplate\":\"https:\\\/\\\/www.copealcoy.es\\\/es\\\/?s={search_term_string}\"},\"query-input\":{\"@type\":\"PropertyValueSpecification\",\"valueRequired\":true,\"valueName\":\"search_term_string\"}}],\"inLanguage\":\"es\"},{\"@type\":\"Person\",\"@id\":\"https:\\\/\\\/www.copealcoy.es\\\/es\\\/#\\\/schema\\\/person\\\/e777c87fa024e57d40170af9df39882c\",\"name\":\"Cope Alcoy\",\"image\":{\"@type\":\"ImageObject\",\"inLanguage\":\"es\",\"@id\":\"https:\\\/\\\/secure.gravatar.com\\\/avatar\\\/bb65d0283347e303893ba14f0692005417c1e0e690a325a4c5d8bb2b3943ee14?s=96&d=mm&r=g\",\"url\":\"https:\\\/\\\/secure.gravatar.com\\\/avatar\\\/bb65d0283347e303893ba14f0692005417c1e0e690a325a4c5d8bb2b3943ee14?s=96&d=mm&r=g\",\"contentUrl\":\"https:\\\/\\\/secure.gravatar.com\\\/avatar\\\/bb65d0283347e303893ba14f0692005417c1e0e690a325a4c5d8bb2b3943ee14?s=96&d=mm&r=g\",\"caption\":\"Cope Alcoy\"}}]}<\/script>\n<!-- \/ Yoast SEO plugin. -->","yoast_head_json":{"title":"Alcoy plantea ceder los chal\u00e9s de la Font Roja al Campus de la UPV - COPE Alcoy","robots":{"index":"index","follow":"follow","max-snippet":"max-snippet:-1","max-image-preview":"max-image-preview:large","max-video-preview":"max-video-preview:-1"},"canonical":"https:\/\/www.copealcoy.es\/es\/alcoy-plantea-ceder-los-chales-de-la-font-roja-para-actividades-ambientales-del-campus\/","og_locale":"es_ES","og_type":"article","og_title":"Alcoy plantea ceder los chal\u00e9s de la Font Roja al Campus de la UPV - COPE Alcoy","og_description":"El\u00a0Ayuntamiento de Alcoy ha ofrecido a\u00a0la Universidad Polit\u00e9cnica de Valencia los antiguos chal\u00e9s de la Font Roja para ubicar un...","og_url":"https:\/\/www.copealcoy.es\/es\/alcoy-plantea-ceder-los-chales-de-la-font-roja-para-actividades-ambientales-del-campus\/","og_site_name":"COPE Alcoy","article_published_time":"2015-08-18T14:14:50+00:00","article_modified_time":"2015-08-18T14:33:33+00:00","og_image":[{"width":2560,"height":1708,"url":"https:\/\/www.copealcoy.es\/wp-content\/uploads\/2015\/08\/antiguos-chalest-en-ruinas-e1624962804983.jpg","type":"image\/jpeg"}],"author":"Cope Alcoy","twitter_misc":{"Escrito por":"Cope Alcoy","Tiempo de lectura":"1 minuto"},"schema":{"@context":"https:\/\/schema.org","@graph":[{"@type":"Article","@id":"https:\/\/www.copealcoy.es\/es\/alcoy-plantea-ceder-los-chales-de-la-font-roja-para-actividades-ambientales-del-campus\/#article","isPartOf":{"@id":"https:\/\/www.copealcoy.es\/es\/alcoy-plantea-ceder-los-chales-de-la-font-roja-para-actividades-ambientales-del-campus\/"},"author":{"name":"Cope Alcoy","@id":"https:\/\/www.copealcoy.es\/es\/#\/schema\/person\/e777c87fa024e57d40170af9df39882c"},"headline":"Alcoy plantea ceder los chal\u00e9s de la Font Roja al Campus de la UPV","datePublished":"2015-08-18T14:14:50+00:00","dateModified":"2015-08-18T14:33:33+00:00","mainEntityOfPage":{"@id":"https:\/\/www.copealcoy.es\/es\/alcoy-plantea-ceder-los-chales-de-la-font-roja-para-actividades-ambientales-del-campus\/"},"wordCount":262,"commentCount":0,"image":{"@id":"https:\/\/www.copealcoy.es\/es\/alcoy-plantea-ceder-los-chales-de-la-font-roja-para-actividades-ambientales-del-campus\/#primaryimage"},"thumbnailUrl":"https:\/\/www.copealcoy.es\/wp-content\/uploads\/2015\/08\/antiguos-chalest-en-ruinas-e1624962804983.jpg","keywords":["Alcoy","Ayuntamiento","Font Roja","Urbanismo"],"articleSection":["Alcoy","Noticias","Portada"],"inLanguage":"es"},{"@type":"WebPage","@id":"https:\/\/www.copealcoy.es\/es\/alcoy-plantea-ceder-los-chales-de-la-font-roja-para-actividades-ambientales-del-campus\/","url":"https:\/\/www.copealcoy.es\/es\/alcoy-plantea-ceder-los-chales-de-la-font-roja-para-actividades-ambientales-del-campus\/","name":"Alcoy plantea ceder los chal\u00e9s de la Font Roja al Campus de la UPV - COPE Alcoy","isPartOf":{"@id":"https:\/\/www.copealcoy.es\/es\/#website"},"primaryImageOfPage":{"@id":"https:\/\/www.copealcoy.es\/es\/alcoy-plantea-ceder-los-chales-de-la-font-roja-para-actividades-ambientales-del-campus\/#primaryimage"},"image":{"@id":"https:\/\/www.copealcoy.es\/es\/alcoy-plantea-ceder-los-chales-de-la-font-roja-para-actividades-ambientales-del-campus\/#primaryimage"},"thumbnailUrl":"https:\/\/www.copealcoy.es\/wp-content\/uploads\/2015\/08\/antiguos-chalest-en-ruinas-e1624962804983.jpg","datePublished":"2015-08-18T14:14:50+00:00","dateModified":"2015-08-18T14:33:33+00:00","author":{"@id":"https:\/\/www.copealcoy.es\/es\/#\/schema\/person\/e777c87fa024e57d40170af9df39882c"},"breadcrumb":{"@id":"https:\/\/www.copealcoy.es\/es\/alcoy-plantea-ceder-los-chales-de-la-font-roja-para-actividades-ambientales-del-campus\/#breadcrumb"},"inLanguage":"es","potentialAction":[{"@type":"ReadAction","target":["https:\/\/www.copealcoy.es\/es\/alcoy-plantea-ceder-los-chales-de-la-font-roja-para-actividades-ambientales-del-campus\/"]}]},{"@type":"ImageObject","inLanguage":"es","@id":"https:\/\/www.copealcoy.es\/es\/alcoy-plantea-ceder-los-chales-de-la-font-roja-para-actividades-ambientales-del-campus\/#primaryimage","url":"https:\/\/www.copealcoy.es\/wp-content\/uploads\/2015\/08\/antiguos-chalest-en-ruinas-e1624962804983.jpg","contentUrl":"https:\/\/www.copealcoy.es\/wp-content\/uploads\/2015\/08\/antiguos-chalest-en-ruinas-e1624962804983.jpg","width":1619,"height":1080,"caption":"Los chal\u00e9s de la Font Roja est\u00e1n pendientes de rehabilitaci\u00f3n"},{"@type":"BreadcrumbList","@id":"https:\/\/www.copealcoy.es\/es\/alcoy-plantea-ceder-los-chales-de-la-font-roja-para-actividades-ambientales-del-campus\/#breadcrumb","itemListElement":[{"@type":"ListItem","position":1,"name":"Portada","item":"https:\/\/www.copealcoy.es\/es\/"},{"@type":"ListItem","position":2,"name":"Alcoy plantea ceder los chal\u00e9s de la Font Roja al Campus de la UPV"}]},{"@type":"WebSite","@id":"https:\/\/www.copealcoy.es\/es\/#website","url":"https:\/\/www.copealcoy.es\/es\/","name":"COPE Alcoy","description":"Emisora COPE de radio local con emisi\u00f3n online. Pont de Sant Jordi 8-10 03803 Alcoy","potentialAction":[{"@type":"SearchAction","target":{"@type":"EntryPoint","urlTemplate":"https:\/\/www.copealcoy.es\/es\/?s={search_term_string}"},"query-input":{"@type":"PropertyValueSpecification","valueRequired":true,"valueName":"search_term_string"}}],"inLanguage":"es"},{"@type":"Person","@id":"https:\/\/www.copealcoy.es\/es\/#\/schema\/person\/e777c87fa024e57d40170af9df39882c","name":"Cope Alcoy","image":{"@type":"ImageObject","inLanguage":"es","@id":"https:\/\/secure.gravatar.com\/avatar\/bb65d0283347e303893ba14f0692005417c1e0e690a325a4c5d8bb2b3943ee14?s=96&d=mm&r=g","url":"https:\/\/secure.gravatar.com\/avatar\/bb65d0283347e303893ba14f0692005417c1e0e690a325a4c5d8bb2b3943ee14?s=96&d=mm&r=g","contentUrl":"https:\/\/secure.gravatar.com\/avatar\/bb65d0283347e303893ba14f0692005417c1e0e690a325a4c5d8bb2b3943ee14?s=96&d=mm&r=g","caption":"Cope Alcoy"}}]}},"_links":{"self":[{"href":"https:\/\/www.copealcoy.es\/es\/wp-json\/wp\/v2\/posts\/15046","targetHints":{"allow":["GET"]}}],"collection":[{"href":"https:\/\/www.copealcoy.es\/es\/wp-json\/wp\/v2\/posts"}],"about":[{"href":"https:\/\/www.copealcoy.es\/es\/wp-json\/wp\/v2\/types\/post"}],"author":[{"embeddable":true,"href":"https:\/\/www.copealcoy.es\/es\/wp-json\/wp\/v2\/users\/1"}],"replies":[{"embeddable":true,"href":"https:\/\/www.copealcoy.es\/es\/wp-json\/wp\/v2\/comments?post=15046"}],"version-history":[{"count":0,"href":"https:\/\/www.copealcoy.es\/es\/wp-json\/wp\/v2\/posts\/15046\/revisions"}],"wp:featuredmedia":[{"embeddable":true,"href":"https:\/\/www.copealcoy.es\/es\/wp-json\/wp\/v2\/media\/15047"}],"wp:attachment":[{"href":"https:\/\/www.copealcoy.es\/es\/wp-json\/wp\/v2\/media?parent=15046"}],"wp:term":[{"taxonomy":"category","embeddable":true,"href":"https:\/\/www.copealcoy.es\/es\/wp-json\/wp\/v2\/categories?post=15046"},{"taxonomy":"post_tag","embeddable":true,"href":"https:\/\/www.copealcoy.es\/es\/wp-json\/wp\/v2\/tags?post=15046"}],"curies":[{"name":"wp","href":"https:\/\/api.w.org\/{rel}","templated":true}]}}