{"id":150444,"date":"2025-04-14T08:00:21","date_gmt":"2025-04-14T07:00:21","guid":{"rendered":"https:\/\/www.copealcoy.es\/?p=150444"},"modified":"2025-04-15T17:28:23","modified_gmt":"2025-04-15T16:28:23","slug":"la-semana-santa-de-cocentaina-comienza-con-un-multitudinario-domingo-de-ramos","status":"publish","type":"post","link":"https:\/\/www.copealcoy.es\/es\/la-semana-santa-de-cocentaina-comienza-con-un-multitudinario-domingo-de-ramos\/","title":{"rendered":"La Semana Santa de Cocentaina comienza con un multitudinario Domingo de Ramos"},"content":{"rendered":"<p style=\"text-align: justify;\">Cocentaina <strong>es una de las poblaciones de nuestras comarcas en las que se vive con intensidad la <a href=\"https:\/\/www.facebook.com\/semanasanta.cocentaina\/?locale=en_GB\" target=\"_blank\" rel=\"noopener\"><span style=\"color: #0000ff;\">Semana Santa<\/span><\/a><\/strong> y durante estos d\u00edas <strong>se suceden los actos religiosos y tambi\u00e9n algunas tradiciones<\/strong> que son \u00fanicas. El <strong>Domingo de Ramos<\/strong> marc\u00f3 ayer el inicio de todas las celebraciones con <strong>una destacada participaci\u00f3n<\/strong> en todas las iniciativas que se llevaron a cabo programadas desde la Junta Central de Cofrad\u00edas de la Semana Santa Contestana.<\/p>\n<p style=\"text-align: justify;\">A las once de la ma\u00f1ana, y <strong>con la plaza del Convento totalmente repleta<\/strong>, se efectu\u00f3 la bendici\u00f3n de las palmas por parte del mismo Guardi\u00e1n de los Franciscanos; <strong>Fray Fernando Fuertes<\/strong>. A continuaci\u00f3n, y mientras sonaban con fuerza las campanas, <strong>comenz\u00f3 la procesi\u00f3n<\/strong> bajando la misma por el Passeig del Comtat hasta El Pla. En la comitiva, como es habitual,<strong> tomaron parte<\/strong> un representante de cada cofrad\u00eda pero tambi\u00e9n los peque\u00f1os que este a\u00f1o reciben la Primera Comuni\u00f3n, junto a gran cantidad de personas que no quisieron perderse esta cita portando en sus manos, como es tradici\u00f3n, las palmas o los ramos de laurel y olivo.<\/p>\n<p style=\"text-align: justify;\">Ya en El Pla, ante el Palau Comtal, se celebr\u00f3 <strong>la misa solemne<\/strong> estando junto al Guardi\u00e1n del Convento los p\u00e1rrocos del Salvador (Don Diego Pascual) y de Santa Mar\u00eda (Don Eduardo Rengel). La jornada, en la que finalmente el tiempo acompa\u00f1\u00f3, incluy\u00f3 por la tarde el <strong>V\u00eda Crucis<\/strong> en el calvario del Convento de los Padres Franciscanos y por la noche <strong>sali\u00f3 la procesi\u00f3n de La Dolorosa<\/strong> desde la mencionada iglesia del Salvador.<\/p>\n<p><strong><span style=\"color: #0000ff;\">Bendiciones de ramos y palmas en toda la comarca<\/span><\/strong><\/p>\n<p style=\"text-align: justify;\">Los actos del Domingo de Ramos se repitieron en toda la comarca. En <strong>Muro<\/strong> la bendici\u00f3n se hizo ante la ermita de la Virgen de los Desamparados y despu\u00e9s arranc\u00f3 la procesi\u00f3n hasta la parroquia para la celebraci\u00f3n de la misa destacando, un a\u00f1o m\u00e1s, la particularidad de que los peque\u00f1os de Primera Comuni\u00f3n portaron la cruz hasta el templo. En <strong>Agres<\/strong> la bendici\u00f3n de palmas fue en el Convento, en <strong>Beniarr\u00e9s<\/strong> se efectu\u00f3 en la ermita del Sant\u00edsimo Cristo y en <strong>Banyeres de Mariola<\/strong>\u00a0arranc\u00f3 en la ermita de La Malena finalizando en la parroquia con la eucarist\u00eda. Los cultos, con id\u00e9nticas caracter\u00edsticas, se repitieron en <strong>L&#8217;Orxa, Quatretondeta, Ibi, Castalla u Onil<\/strong>.<\/p>\n<div id='gallery-1' class='gallery galleryid-150444 gallery-columns-2 gallery-size-large'><figure class='gallery-item'>\n\t\t\t<div class='gallery-icon landscape'>\n\t\t\t\t<a href='https:\/\/www.copealcoy.es\/es\/la-semana-santa-de-cocentaina-comienza-con-un-multitudinario-domingo-de-ramos\/unnamed-3-56\/'><img loading=\"lazy\" decoding=\"async\" width=\"980\" height=\"588\" src=\"https:\/\/www.copealcoy.es\/wp-content\/uploads\/2025\/04\/unnamed-3-980x588.jpg\" class=\"attachment-large size-large\" alt=\"\" \/><\/a>\n\t\t\t<\/div><\/figure><figure class='gallery-item'>\n\t\t\t<div class='gallery-icon landscape'>\n\t\t\t\t<a href='https:\/\/www.copealcoy.es\/es\/la-semana-santa-de-cocentaina-comienza-con-un-multitudinario-domingo-de-ramos\/img_9665\/'><img loading=\"lazy\" decoding=\"async\" width=\"980\" height=\"588\" src=\"https:\/\/www.copealcoy.es\/wp-content\/uploads\/2025\/04\/IMG_9665-980x588.jpg\" class=\"attachment-large size-large\" alt=\"\" \/><\/a>\n\t\t\t<\/div><\/figure><figure class='gallery-item'>\n\t\t\t<div class='gallery-icon landscape'>\n\t\t\t\t<a href='https:\/\/www.copealcoy.es\/es\/la-semana-santa-de-cocentaina-comienza-con-un-multitudinario-domingo-de-ramos\/img_9652\/'><img loading=\"lazy\" decoding=\"async\" width=\"980\" height=\"588\" src=\"https:\/\/www.copealcoy.es\/wp-content\/uploads\/2025\/04\/IMG_9652-980x588.jpg\" class=\"attachment-large size-large\" alt=\"\" \/><\/a>\n\t\t\t<\/div><\/figure><figure class='gallery-item'>\n\t\t\t<div class='gallery-icon landscape'>\n\t\t\t\t<a href='https:\/\/www.copealcoy.es\/es\/la-semana-santa-de-cocentaina-comienza-con-un-multitudinario-domingo-de-ramos\/img_9660-2\/'><img loading=\"lazy\" decoding=\"async\" width=\"980\" height=\"588\" src=\"https:\/\/www.copealcoy.es\/wp-content\/uploads\/2025\/04\/IMG_9660-980x588.jpg\" class=\"attachment-large size-large\" alt=\"\" \/><\/a>\n\t\t\t<\/div><\/figure>\n\t\t<\/div>\n\n<p>&nbsp;<\/p>\n","protected":false},"excerpt":{"rendered":"<p>Cocentaina es una de las poblaciones de nuestras comarcas en las que se vive con intensidad la Semana Santa y&#8230;<\/p>\n","protected":false},"author":1,"featured_media":150445,"comment_status":"open","ping_status":"open","sticky":false,"template":"","format":"standard","meta":{"footnotes":""},"categories":[6909],"tags":[14421,132,889,745],"class_list":["post-150444","post","type-post","status-publish","format-standard","has-post-thumbnail","hentry","category-actualidad","tag-bendicion-de-palmas","tag-cocentaina","tag-domingo-de-ramos","tag-semana-santa"],"yoast_head":"<!-- This site is optimized with the Yoast SEO plugin v27.3 - https:\/\/yoast.com\/product\/yoast-seo-wordpress\/ -->\n<title>La Semana Santa de Cocentaina comienza con un multitudinario Domingo de Ramos - COPE Alcoy<\/title>\n<meta name=\"description\" content=\"Cocentaina es una de las poblaciones de nuestras comarcas en las que se vive con intensidad la Semana Santa y durante estos d\u00edas se suceden los actos religiosos y tambi\u00e9n algunas tradiciones que son \u00fanicas\" \/>\n<meta name=\"robots\" content=\"index, follow, max-snippet:-1, max-image-preview:large, max-video-preview:-1\" \/>\n<link rel=\"canonical\" href=\"https:\/\/www.copealcoy.es\/es\/la-semana-santa-de-cocentaina-comienza-con-un-multitudinario-domingo-de-ramos\/\" \/>\n<meta property=\"og:locale\" content=\"es_ES\" \/>\n<meta property=\"og:type\" content=\"article\" \/>\n<meta property=\"og:title\" content=\"La Semana Santa de Cocentaina comienza con un multitudinario Domingo de Ramos - COPE Alcoy\" \/>\n<meta property=\"og:description\" content=\"Cocentaina es una de las poblaciones de nuestras comarcas en las que se vive con intensidad la Semana Santa y durante estos d\u00edas se suceden los actos religiosos y tambi\u00e9n algunas tradiciones que son \u00fanicas\" \/>\n<meta property=\"og:url\" content=\"https:\/\/www.copealcoy.es\/es\/la-semana-santa-de-cocentaina-comienza-con-un-multitudinario-domingo-de-ramos\/\" \/>\n<meta property=\"og:site_name\" content=\"COPE Alcoy\" \/>\n<meta property=\"article:published_time\" content=\"2025-04-14T07:00:21+00:00\" \/>\n<meta property=\"article:modified_time\" content=\"2025-04-15T16:28:23+00:00\" \/>\n<meta property=\"og:image\" content=\"https:\/\/www.copealcoy.es\/wp-content\/uploads\/2025\/04\/unnamed-2-1-scaled.jpg\" \/>\n\t<meta property=\"og:image:width\" content=\"1543\" \/>\n\t<meta property=\"og:image:height\" content=\"1080\" \/>\n\t<meta property=\"og:image:type\" content=\"image\/jpeg\" \/>\n<meta name=\"author\" content=\"Cope Alcoy\" \/>\n<meta name=\"twitter:label1\" content=\"Escrito por\" \/>\n\t<meta name=\"twitter:data1\" content=\"Cope Alcoy\" \/>\n\t<meta name=\"twitter:label2\" content=\"Tiempo de lectura\" \/>\n\t<meta name=\"twitter:data2\" content=\"3 minutos\" \/>\n<script type=\"application\/ld+json\" class=\"yoast-schema-graph\">{\"@context\":\"https:\\\/\\\/schema.org\",\"@graph\":[{\"@type\":\"Article\",\"@id\":\"https:\\\/\\\/www.copealcoy.es\\\/es\\\/la-semana-santa-de-cocentaina-comienza-con-un-multitudinario-domingo-de-ramos\\\/#article\",\"isPartOf\":{\"@id\":\"https:\\\/\\\/www.copealcoy.es\\\/es\\\/la-semana-santa-de-cocentaina-comienza-con-un-multitudinario-domingo-de-ramos\\\/\"},\"author\":{\"name\":\"Cope Alcoy\",\"@id\":\"https:\\\/\\\/www.copealcoy.es\\\/es\\\/#\\\/schema\\\/person\\\/e777c87fa024e57d40170af9df39882c\"},\"headline\":\"La Semana Santa de Cocentaina comienza con un multitudinario Domingo de Ramos\",\"datePublished\":\"2025-04-14T07:00:21+00:00\",\"dateModified\":\"2025-04-15T16:28:23+00:00\",\"mainEntityOfPage\":{\"@id\":\"https:\\\/\\\/www.copealcoy.es\\\/es\\\/la-semana-santa-de-cocentaina-comienza-con-un-multitudinario-domingo-de-ramos\\\/\"},\"wordCount\":428,\"commentCount\":0,\"image\":{\"@id\":\"https:\\\/\\\/www.copealcoy.es\\\/es\\\/la-semana-santa-de-cocentaina-comienza-con-un-multitudinario-domingo-de-ramos\\\/#primaryimage\"},\"thumbnailUrl\":\"https:\\\/\\\/www.copealcoy.es\\\/wp-content\\\/uploads\\\/2025\\\/04\\\/unnamed-2-1-scaled.jpg\",\"keywords\":[\"bendici\u00f3n de palmas\",\"Cocentaina\",\"Domingo de Ramos\",\"Semana Santa\"],\"articleSection\":[\"Actualidad\"],\"inLanguage\":\"es\"},{\"@type\":\"WebPage\",\"@id\":\"https:\\\/\\\/www.copealcoy.es\\\/es\\\/la-semana-santa-de-cocentaina-comienza-con-un-multitudinario-domingo-de-ramos\\\/\",\"url\":\"https:\\\/\\\/www.copealcoy.es\\\/es\\\/la-semana-santa-de-cocentaina-comienza-con-un-multitudinario-domingo-de-ramos\\\/\",\"name\":\"La Semana Santa de Cocentaina comienza con un multitudinario Domingo de Ramos - COPE Alcoy\",\"isPartOf\":{\"@id\":\"https:\\\/\\\/www.copealcoy.es\\\/es\\\/#website\"},\"primaryImageOfPage\":{\"@id\":\"https:\\\/\\\/www.copealcoy.es\\\/es\\\/la-semana-santa-de-cocentaina-comienza-con-un-multitudinario-domingo-de-ramos\\\/#primaryimage\"},\"image\":{\"@id\":\"https:\\\/\\\/www.copealcoy.es\\\/es\\\/la-semana-santa-de-cocentaina-comienza-con-un-multitudinario-domingo-de-ramos\\\/#primaryimage\"},\"thumbnailUrl\":\"https:\\\/\\\/www.copealcoy.es\\\/wp-content\\\/uploads\\\/2025\\\/04\\\/unnamed-2-1-scaled.jpg\",\"datePublished\":\"2025-04-14T07:00:21+00:00\",\"dateModified\":\"2025-04-15T16:28:23+00:00\",\"author\":{\"@id\":\"https:\\\/\\\/www.copealcoy.es\\\/es\\\/#\\\/schema\\\/person\\\/e777c87fa024e57d40170af9df39882c\"},\"description\":\"Cocentaina es una de las poblaciones de nuestras comarcas en las que se vive con intensidad la Semana Santa y durante estos d\u00edas se suceden los actos religiosos y tambi\u00e9n algunas tradiciones que son \u00fanicas\",\"breadcrumb\":{\"@id\":\"https:\\\/\\\/www.copealcoy.es\\\/es\\\/la-semana-santa-de-cocentaina-comienza-con-un-multitudinario-domingo-de-ramos\\\/#breadcrumb\"},\"inLanguage\":\"es\",\"potentialAction\":[{\"@type\":\"ReadAction\",\"target\":[\"https:\\\/\\\/www.copealcoy.es\\\/es\\\/la-semana-santa-de-cocentaina-comienza-con-un-multitudinario-domingo-de-ramos\\\/\"]}]},{\"@type\":\"ImageObject\",\"inLanguage\":\"es\",\"@id\":\"https:\\\/\\\/www.copealcoy.es\\\/es\\\/la-semana-santa-de-cocentaina-comienza-con-un-multitudinario-domingo-de-ramos\\\/#primaryimage\",\"url\":\"https:\\\/\\\/www.copealcoy.es\\\/wp-content\\\/uploads\\\/2025\\\/04\\\/unnamed-2-1-scaled.jpg\",\"contentUrl\":\"https:\\\/\\\/www.copealcoy.es\\\/wp-content\\\/uploads\\\/2025\\\/04\\\/unnamed-2-1-scaled.jpg\",\"width\":1543,\"height\":1080},{\"@type\":\"BreadcrumbList\",\"@id\":\"https:\\\/\\\/www.copealcoy.es\\\/es\\\/la-semana-santa-de-cocentaina-comienza-con-un-multitudinario-domingo-de-ramos\\\/#breadcrumb\",\"itemListElement\":[{\"@type\":\"ListItem\",\"position\":1,\"name\":\"Portada\",\"item\":\"https:\\\/\\\/www.copealcoy.es\\\/es\\\/\"},{\"@type\":\"ListItem\",\"position\":2,\"name\":\"La Semana Santa de Cocentaina comienza con un multitudinario Domingo de Ramos\"}]},{\"@type\":\"WebSite\",\"@id\":\"https:\\\/\\\/www.copealcoy.es\\\/es\\\/#website\",\"url\":\"https:\\\/\\\/www.copealcoy.es\\\/es\\\/\",\"name\":\"COPE Alcoy\",\"description\":\"Emisora COPE de radio local con emisi\u00f3n online. Pont de Sant Jordi 8-10 03803 Alcoy\",\"potentialAction\":[{\"@type\":\"SearchAction\",\"target\":{\"@type\":\"EntryPoint\",\"urlTemplate\":\"https:\\\/\\\/www.copealcoy.es\\\/es\\\/?s={search_term_string}\"},\"query-input\":{\"@type\":\"PropertyValueSpecification\",\"valueRequired\":true,\"valueName\":\"search_term_string\"}}],\"inLanguage\":\"es\"},{\"@type\":\"Person\",\"@id\":\"https:\\\/\\\/www.copealcoy.es\\\/es\\\/#\\\/schema\\\/person\\\/e777c87fa024e57d40170af9df39882c\",\"name\":\"Cope Alcoy\",\"image\":{\"@type\":\"ImageObject\",\"inLanguage\":\"es\",\"@id\":\"https:\\\/\\\/secure.gravatar.com\\\/avatar\\\/bb65d0283347e303893ba14f0692005417c1e0e690a325a4c5d8bb2b3943ee14?s=96&d=mm&r=g\",\"url\":\"https:\\\/\\\/secure.gravatar.com\\\/avatar\\\/bb65d0283347e303893ba14f0692005417c1e0e690a325a4c5d8bb2b3943ee14?s=96&d=mm&r=g\",\"contentUrl\":\"https:\\\/\\\/secure.gravatar.com\\\/avatar\\\/bb65d0283347e303893ba14f0692005417c1e0e690a325a4c5d8bb2b3943ee14?s=96&d=mm&r=g\",\"caption\":\"Cope Alcoy\"}}]}<\/script>\n<!-- \/ Yoast SEO plugin. -->","yoast_head_json":{"title":"La Semana Santa de Cocentaina comienza con un multitudinario Domingo de Ramos - COPE Alcoy","description":"Cocentaina es una de las poblaciones de nuestras comarcas en las que se vive con intensidad la Semana Santa y durante estos d\u00edas se suceden los actos religiosos y tambi\u00e9n algunas tradiciones que son \u00fanicas","robots":{"index":"index","follow":"follow","max-snippet":"max-snippet:-1","max-image-preview":"max-image-preview:large","max-video-preview":"max-video-preview:-1"},"canonical":"https:\/\/www.copealcoy.es\/es\/la-semana-santa-de-cocentaina-comienza-con-un-multitudinario-domingo-de-ramos\/","og_locale":"es_ES","og_type":"article","og_title":"La Semana Santa de Cocentaina comienza con un multitudinario Domingo de Ramos - COPE Alcoy","og_description":"Cocentaina es una de las poblaciones de nuestras comarcas en las que se vive con intensidad la Semana Santa y durante estos d\u00edas se suceden los actos religiosos y tambi\u00e9n algunas tradiciones que son \u00fanicas","og_url":"https:\/\/www.copealcoy.es\/es\/la-semana-santa-de-cocentaina-comienza-con-un-multitudinario-domingo-de-ramos\/","og_site_name":"COPE Alcoy","article_published_time":"2025-04-14T07:00:21+00:00","article_modified_time":"2025-04-15T16:28:23+00:00","og_image":[{"width":1543,"height":1080,"url":"https:\/\/www.copealcoy.es\/wp-content\/uploads\/2025\/04\/unnamed-2-1-scaled.jpg","type":"image\/jpeg"}],"author":"Cope Alcoy","twitter_misc":{"Escrito por":"Cope Alcoy","Tiempo de lectura":"3 minutos"},"schema":{"@context":"https:\/\/schema.org","@graph":[{"@type":"Article","@id":"https:\/\/www.copealcoy.es\/es\/la-semana-santa-de-cocentaina-comienza-con-un-multitudinario-domingo-de-ramos\/#article","isPartOf":{"@id":"https:\/\/www.copealcoy.es\/es\/la-semana-santa-de-cocentaina-comienza-con-un-multitudinario-domingo-de-ramos\/"},"author":{"name":"Cope Alcoy","@id":"https:\/\/www.copealcoy.es\/es\/#\/schema\/person\/e777c87fa024e57d40170af9df39882c"},"headline":"La Semana Santa de Cocentaina comienza con un multitudinario Domingo de Ramos","datePublished":"2025-04-14T07:00:21+00:00","dateModified":"2025-04-15T16:28:23+00:00","mainEntityOfPage":{"@id":"https:\/\/www.copealcoy.es\/es\/la-semana-santa-de-cocentaina-comienza-con-un-multitudinario-domingo-de-ramos\/"},"wordCount":428,"commentCount":0,"image":{"@id":"https:\/\/www.copealcoy.es\/es\/la-semana-santa-de-cocentaina-comienza-con-un-multitudinario-domingo-de-ramos\/#primaryimage"},"thumbnailUrl":"https:\/\/www.copealcoy.es\/wp-content\/uploads\/2025\/04\/unnamed-2-1-scaled.jpg","keywords":["bendici\u00f3n de palmas","Cocentaina","Domingo de Ramos","Semana Santa"],"articleSection":["Actualidad"],"inLanguage":"es"},{"@type":"WebPage","@id":"https:\/\/www.copealcoy.es\/es\/la-semana-santa-de-cocentaina-comienza-con-un-multitudinario-domingo-de-ramos\/","url":"https:\/\/www.copealcoy.es\/es\/la-semana-santa-de-cocentaina-comienza-con-un-multitudinario-domingo-de-ramos\/","name":"La Semana Santa de Cocentaina comienza con un multitudinario Domingo de Ramos - COPE Alcoy","isPartOf":{"@id":"https:\/\/www.copealcoy.es\/es\/#website"},"primaryImageOfPage":{"@id":"https:\/\/www.copealcoy.es\/es\/la-semana-santa-de-cocentaina-comienza-con-un-multitudinario-domingo-de-ramos\/#primaryimage"},"image":{"@id":"https:\/\/www.copealcoy.es\/es\/la-semana-santa-de-cocentaina-comienza-con-un-multitudinario-domingo-de-ramos\/#primaryimage"},"thumbnailUrl":"https:\/\/www.copealcoy.es\/wp-content\/uploads\/2025\/04\/unnamed-2-1-scaled.jpg","datePublished":"2025-04-14T07:00:21+00:00","dateModified":"2025-04-15T16:28:23+00:00","author":{"@id":"https:\/\/www.copealcoy.es\/es\/#\/schema\/person\/e777c87fa024e57d40170af9df39882c"},"description":"Cocentaina es una de las poblaciones de nuestras comarcas en las que se vive con intensidad la Semana Santa y durante estos d\u00edas se suceden los actos religiosos y tambi\u00e9n algunas tradiciones que son \u00fanicas","breadcrumb":{"@id":"https:\/\/www.copealcoy.es\/es\/la-semana-santa-de-cocentaina-comienza-con-un-multitudinario-domingo-de-ramos\/#breadcrumb"},"inLanguage":"es","potentialAction":[{"@type":"ReadAction","target":["https:\/\/www.copealcoy.es\/es\/la-semana-santa-de-cocentaina-comienza-con-un-multitudinario-domingo-de-ramos\/"]}]},{"@type":"ImageObject","inLanguage":"es","@id":"https:\/\/www.copealcoy.es\/es\/la-semana-santa-de-cocentaina-comienza-con-un-multitudinario-domingo-de-ramos\/#primaryimage","url":"https:\/\/www.copealcoy.es\/wp-content\/uploads\/2025\/04\/unnamed-2-1-scaled.jpg","contentUrl":"https:\/\/www.copealcoy.es\/wp-content\/uploads\/2025\/04\/unnamed-2-1-scaled.jpg","width":1543,"height":1080},{"@type":"BreadcrumbList","@id":"https:\/\/www.copealcoy.es\/es\/la-semana-santa-de-cocentaina-comienza-con-un-multitudinario-domingo-de-ramos\/#breadcrumb","itemListElement":[{"@type":"ListItem","position":1,"name":"Portada","item":"https:\/\/www.copealcoy.es\/es\/"},{"@type":"ListItem","position":2,"name":"La Semana Santa de Cocentaina comienza con un multitudinario Domingo de Ramos"}]},{"@type":"WebSite","@id":"https:\/\/www.copealcoy.es\/es\/#website","url":"https:\/\/www.copealcoy.es\/es\/","name":"COPE Alcoy","description":"Emisora COPE de radio local con emisi\u00f3n online. Pont de Sant Jordi 8-10 03803 Alcoy","potentialAction":[{"@type":"SearchAction","target":{"@type":"EntryPoint","urlTemplate":"https:\/\/www.copealcoy.es\/es\/?s={search_term_string}"},"query-input":{"@type":"PropertyValueSpecification","valueRequired":true,"valueName":"search_term_string"}}],"inLanguage":"es"},{"@type":"Person","@id":"https:\/\/www.copealcoy.es\/es\/#\/schema\/person\/e777c87fa024e57d40170af9df39882c","name":"Cope Alcoy","image":{"@type":"ImageObject","inLanguage":"es","@id":"https:\/\/secure.gravatar.com\/avatar\/bb65d0283347e303893ba14f0692005417c1e0e690a325a4c5d8bb2b3943ee14?s=96&d=mm&r=g","url":"https:\/\/secure.gravatar.com\/avatar\/bb65d0283347e303893ba14f0692005417c1e0e690a325a4c5d8bb2b3943ee14?s=96&d=mm&r=g","contentUrl":"https:\/\/secure.gravatar.com\/avatar\/bb65d0283347e303893ba14f0692005417c1e0e690a325a4c5d8bb2b3943ee14?s=96&d=mm&r=g","caption":"Cope Alcoy"}}]}},"_links":{"self":[{"href":"https:\/\/www.copealcoy.es\/es\/wp-json\/wp\/v2\/posts\/150444","targetHints":{"allow":["GET"]}}],"collection":[{"href":"https:\/\/www.copealcoy.es\/es\/wp-json\/wp\/v2\/posts"}],"about":[{"href":"https:\/\/www.copealcoy.es\/es\/wp-json\/wp\/v2\/types\/post"}],"author":[{"embeddable":true,"href":"https:\/\/www.copealcoy.es\/es\/wp-json\/wp\/v2\/users\/1"}],"replies":[{"embeddable":true,"href":"https:\/\/www.copealcoy.es\/es\/wp-json\/wp\/v2\/comments?post=150444"}],"version-history":[{"count":0,"href":"https:\/\/www.copealcoy.es\/es\/wp-json\/wp\/v2\/posts\/150444\/revisions"}],"wp:featuredmedia":[{"embeddable":true,"href":"https:\/\/www.copealcoy.es\/es\/wp-json\/wp\/v2\/media\/150445"}],"wp:attachment":[{"href":"https:\/\/www.copealcoy.es\/es\/wp-json\/wp\/v2\/media?parent=150444"}],"wp:term":[{"taxonomy":"category","embeddable":true,"href":"https:\/\/www.copealcoy.es\/es\/wp-json\/wp\/v2\/categories?post=150444"},{"taxonomy":"post_tag","embeddable":true,"href":"https:\/\/www.copealcoy.es\/es\/wp-json\/wp\/v2\/tags?post=150444"}],"curies":[{"name":"wp","href":"https:\/\/api.w.org\/{rel}","templated":true}]}}