{"id":150310,"date":"2025-04-11T10:23:35","date_gmt":"2025-04-11T09:23:35","guid":{"rendered":"https:\/\/www.copealcoy.es\/?p=150310"},"modified":"2025-04-11T10:27:56","modified_gmt":"2025-04-11T09:27:56","slug":"arranca-la-semana-santa-en-alcoy-actos-procesiones-y-recorridos","status":"publish","type":"post","link":"https:\/\/www.copealcoy.es\/es\/arranca-la-semana-santa-en-alcoy-actos-procesiones-y-recorridos\/","title":{"rendered":"Arranca la Semana Santa en Alcoy: actos, procesiones y recorridos"},"content":{"rendered":"<p style=\"text-align: justify;\">Alcoy <strong>se adentra<\/strong> a partir del domingo en <strong>los d\u00edas centrales de la <a href=\"https:\/\/alcoyturismo.com\/alcoy\/uploaded\/Semana%20Santa\/2025_Diptico_Castellano_Semana_Santa.pdf\" target=\"_blank\" rel=\"noopener\"><span style=\"color: #0000ff;\">Semana Santa<\/span><\/a><\/strong>, unas jornadas que este a\u00f1o llegan tard\u00edas en el calendario y que vienen siempre repletas de fe y devoci\u00f3n. El <strong>Gremio de Labradores de Jes\u00fas Nazareno<\/strong> es quien coordina toda la programaci\u00f3n este a\u00f1o, la cual arranc\u00f3 <strong>el pasado 28 de marzo<\/strong> con el descubrimiento del <strong>cartel anunciador<\/strong> efectuado por <strong>Llu\u00efsa Santonja<\/strong>, y <strong>el preg\u00f3n<\/strong> que pronunci\u00f3 <strong>Jos\u00e9 Lu\u00eds Verd\u00fa<\/strong>.<\/p>\n<p style=\"text-align: justify;\">A partir de ah\u00ed van a sucederse los actos destacando en el <strong>Domingo de Ramos 13 de abril<\/strong> la bendici\u00f3n de palmas en La Glorieta a partir de las 12:00h del mediod\u00eda, todo ello tras el traslado del paso de la Entrada Triunfal de Jes\u00fas en Jerusal\u00e9n hasta el c\u00e9ntrico parque procedente de la iglesia de San Vicente y San Antonio. Despu\u00e9s de la bendici\u00f3n, arrancar\u00e1 la procesi\u00f3n de <em>La Burreta,\u00a0<\/em>la cual descender\u00e1 por San Nicol\u00e1s, Plaza de Espa\u00f1a y Pintor Casanova, hasta finalizar en la iglesia de Santa Mar\u00eda, y all\u00ed se celebrar\u00e1 la misa solemne. Por la tarde ser\u00e1 el turno de la procesi\u00f3n protagonizada por El Nazareno y La Dolorosa destacando el Encuentro de Despedida entre ambas im\u00e1genes en el <em>Cant\u00f3 Piny\u00f3\u00a0<\/em>a las 21:00h,\u00a0 un instante en el que la Coral Polif\u00f3nica interpretar\u00e1 varias piezas.<\/p>\n<p style=\"text-align: justify;\">El\u00a0<strong>Mi\u00e9rcoles Santo 16 de abril<\/strong>\u00a0tendr\u00e1 lugar el V\u00eda Crucis por las calles del Centro de la ciudad a las 20:00h, con salida de la Parroquia de San Mauro y San Francisco, y despu\u00e9s de la misa solemne de las 19:00h. En esta procesi\u00f3n tomar\u00e1 parte la imagen del Cristo Crucificado y el acto discurrir\u00e1 por la Plaza de Ram\u00f3n y Cajal, San Nicol\u00e1s, Plaza de Espa\u00f1a y Pintor Casanova hasta finalizar en el interior de Santa Mar\u00eda.<\/p>\n<p style=\"text-align: justify;\">Durante la tarde del\u00a0<strong>Jueves Santo 17 de abril<\/strong> las diferentes parroquias alcoyanas acoger\u00e1n la Misa Vespertina de la Cena del Se\u00f1or y a las 21:00h comenzar\u00e1 la Procesi\u00f3n del Silencio, una de las m\u00e1s esperadas de la Semana Santa en Alcoy. En la misma estar\u00e1n presentes los pasos del Cristo Agonizante y de la Virgen de la Soledad discurriendo desde la Font Redona por San Nicol\u00e1s, Plaza de Espa\u00f1a y Pintor Casanova con final dentro de la Parroquia de Santa Mar\u00eda. Tambi\u00e9n, la Colla de Campaners d&#8217;Alcoi acompa\u00f1ar\u00e1 solemnemente la procesi\u00f3n haciendo sonar la matraca del campanario de Santa Mar\u00eda.<\/p>\n<p style=\"text-align: justify;\">Para el\u00a0<strong>Viernes Santo 18 de abril<\/strong> est\u00e1 previsto el rezo del V\u00eda Crucis en las parroquias e iglesias, durante la ma\u00f1ana, seguido de los oficios de la Pasi\u00f3n y Muerte del Se\u00f1or. A las 19:00h, y con horario adelantado este a\u00f1o, partir\u00e1 la Procesi\u00f3n del Santo Entierro en la Placeta del Fossar participando las im\u00e1genes del Nazareno del Gremio de Labradores, La Dolorosa, el Cristo Crucificado, la Virgen de la Soledad, el Cristo Agonizante y la imagen de Cristo Yacente en el sepulcro. Se trata de una de las procesiones con m\u00e1s participaci\u00f3n de la Semana Santa de Alcoy y esta recorrer\u00e1 las calles Sant Blai, Sant Tom\u00e1s, l\u2019Escola, Moss\u00e9n Torregrosa, Sant Francesc, Placeta de la Creu Roja, Pla\u00e7a Ramon y Cajal, Sant Nicolau, Pla\u00e7a d\u2019Espanya, Pintor Casanova y Parroquia de Santa Mar\u00eda. Al finalizar, habr\u00e1 una oraci\u00f3n ante todas las im\u00e1genes participantes.<\/p>\n<p style=\"text-align: justify;\">El\u00a0<strong>S\u00e1bado Santo 19 de abril<\/strong>\u00a0se efectuar\u00e1 la Vigilia Pascual en cada iglesia y ya el <strong>20 de abril<\/strong>, <strong>Domingo de Pascua<\/strong>, celebraremos la Resurrecci\u00f3n con el Encuentro Glorioso entre la Virgen Mar\u00eda y Cristo Resucitado. Ser\u00e1 en la Plaza de Ram\u00f3n y Cajal a partir de las 08:00h, a la altura de La Glorieta, en la cl\u00e1sica \u2018Process\u00f3 dels Xiulitets\u2019 que cierra la Semana Santa para dar paso a la Pascua.<\/p>\n","protected":false},"excerpt":{"rendered":"<p>Alcoy se adentra a partir del domingo en los d\u00edas centrales de la Semana Santa, unas jornadas que este a\u00f1o&#8230;<\/p>\n","protected":false},"author":1,"featured_media":131204,"comment_status":"open","ping_status":"open","sticky":false,"template":"","format":"standard","meta":{"footnotes":""},"categories":[6909,97,78,75],"tags":[746,1494,747,745],"class_list":["post-150310","post","type-post","status-publish","format-standard","has-post-thumbnail","hentry","category-actualidad","category-alcoy","category-fiestaycultura","category-noticias","tag-actos","tag-alcoy","tag-programacion","tag-semana-santa"],"yoast_head":"<!-- This site is optimized with the Yoast SEO plugin v27.3 - https:\/\/yoast.com\/product\/yoast-seo-wordpress\/ -->\n<title>Arranca la Semana Santa en Alcoy: actos, procesiones y recorridos - COPE Alcoy<\/title>\n<meta name=\"description\" content=\"Alcoy se adentra a partir del domingo en los d\u00edas centrales de la Semana Santa, unas jornadas que este a\u00f1o llegan tard\u00edas en el calendario y que vienen siempre repletas de fe y devoci\u00f3n\" \/>\n<meta name=\"robots\" content=\"index, follow, max-snippet:-1, max-image-preview:large, max-video-preview:-1\" \/>\n<link rel=\"canonical\" href=\"https:\/\/www.copealcoy.es\/es\/arranca-la-semana-santa-en-alcoy-actos-procesiones-y-recorridos\/\" \/>\n<meta property=\"og:locale\" content=\"es_ES\" \/>\n<meta property=\"og:type\" content=\"article\" \/>\n<meta property=\"og:title\" content=\"Arranca la Semana Santa en Alcoy: actos, procesiones y recorridos - COPE Alcoy\" \/>\n<meta property=\"og:description\" content=\"Alcoy se adentra a partir del domingo en los d\u00edas centrales de la Semana Santa, unas jornadas que este a\u00f1o llegan tard\u00edas en el calendario y que vienen siempre repletas de fe y devoci\u00f3n\" \/>\n<meta property=\"og:url\" content=\"https:\/\/www.copealcoy.es\/es\/arranca-la-semana-santa-en-alcoy-actos-procesiones-y-recorridos\/\" \/>\n<meta property=\"og:site_name\" content=\"COPE Alcoy\" \/>\n<meta property=\"article:published_time\" content=\"2025-04-11T09:23:35+00:00\" \/>\n<meta property=\"article:modified_time\" content=\"2025-04-11T09:27:56+00:00\" \/>\n<meta property=\"og:image\" content=\"https:\/\/www.copealcoy.es\/wp-content\/uploads\/2024\/03\/IMG_2279-scaled.jpg\" \/>\n\t<meta property=\"og:image:width\" content=\"1620\" \/>\n\t<meta property=\"og:image:height\" content=\"1080\" \/>\n\t<meta property=\"og:image:type\" content=\"image\/jpeg\" \/>\n<meta name=\"author\" content=\"Cope Alcoy\" \/>\n<meta name=\"twitter:label1\" content=\"Escrito por\" \/>\n\t<meta name=\"twitter:data1\" content=\"Cope Alcoy\" \/>\n\t<meta name=\"twitter:label2\" content=\"Tiempo de lectura\" \/>\n\t<meta name=\"twitter:data2\" content=\"4 minutos\" \/>\n<script type=\"application\/ld+json\" class=\"yoast-schema-graph\">{\"@context\":\"https:\\\/\\\/schema.org\",\"@graph\":[{\"@type\":\"Article\",\"@id\":\"https:\\\/\\\/www.copealcoy.es\\\/es\\\/arranca-la-semana-santa-en-alcoy-actos-procesiones-y-recorridos\\\/#article\",\"isPartOf\":{\"@id\":\"https:\\\/\\\/www.copealcoy.es\\\/es\\\/arranca-la-semana-santa-en-alcoy-actos-procesiones-y-recorridos\\\/\"},\"author\":{\"name\":\"Cope Alcoy\",\"@id\":\"https:\\\/\\\/www.copealcoy.es\\\/es\\\/#\\\/schema\\\/person\\\/e777c87fa024e57d40170af9df39882c\"},\"headline\":\"Arranca la Semana Santa en Alcoy: actos, procesiones y recorridos\",\"datePublished\":\"2025-04-11T09:23:35+00:00\",\"dateModified\":\"2025-04-11T09:27:56+00:00\",\"mainEntityOfPage\":{\"@id\":\"https:\\\/\\\/www.copealcoy.es\\\/es\\\/arranca-la-semana-santa-en-alcoy-actos-procesiones-y-recorridos\\\/\"},\"wordCount\":683,\"commentCount\":0,\"image\":{\"@id\":\"https:\\\/\\\/www.copealcoy.es\\\/es\\\/arranca-la-semana-santa-en-alcoy-actos-procesiones-y-recorridos\\\/#primaryimage\"},\"thumbnailUrl\":\"https:\\\/\\\/www.copealcoy.es\\\/wp-content\\\/uploads\\\/2024\\\/03\\\/IMG_2279-scaled.jpg\",\"keywords\":[\"Actos\",\"Alcoy\",\"Programaci\u00f3n\",\"Semana Santa\"],\"articleSection\":[\"Actualidad\",\"Alcoy\",\"Fiesta y Cultura\",\"Noticias\"],\"inLanguage\":\"es\"},{\"@type\":\"WebPage\",\"@id\":\"https:\\\/\\\/www.copealcoy.es\\\/es\\\/arranca-la-semana-santa-en-alcoy-actos-procesiones-y-recorridos\\\/\",\"url\":\"https:\\\/\\\/www.copealcoy.es\\\/es\\\/arranca-la-semana-santa-en-alcoy-actos-procesiones-y-recorridos\\\/\",\"name\":\"Arranca la Semana Santa en Alcoy: actos, procesiones y recorridos - COPE Alcoy\",\"isPartOf\":{\"@id\":\"https:\\\/\\\/www.copealcoy.es\\\/es\\\/#website\"},\"primaryImageOfPage\":{\"@id\":\"https:\\\/\\\/www.copealcoy.es\\\/es\\\/arranca-la-semana-santa-en-alcoy-actos-procesiones-y-recorridos\\\/#primaryimage\"},\"image\":{\"@id\":\"https:\\\/\\\/www.copealcoy.es\\\/es\\\/arranca-la-semana-santa-en-alcoy-actos-procesiones-y-recorridos\\\/#primaryimage\"},\"thumbnailUrl\":\"https:\\\/\\\/www.copealcoy.es\\\/wp-content\\\/uploads\\\/2024\\\/03\\\/IMG_2279-scaled.jpg\",\"datePublished\":\"2025-04-11T09:23:35+00:00\",\"dateModified\":\"2025-04-11T09:27:56+00:00\",\"author\":{\"@id\":\"https:\\\/\\\/www.copealcoy.es\\\/es\\\/#\\\/schema\\\/person\\\/e777c87fa024e57d40170af9df39882c\"},\"description\":\"Alcoy se adentra a partir del domingo en los d\u00edas centrales de la Semana Santa, unas jornadas que este a\u00f1o llegan tard\u00edas en el calendario y que vienen siempre repletas de fe y devoci\u00f3n\",\"breadcrumb\":{\"@id\":\"https:\\\/\\\/www.copealcoy.es\\\/es\\\/arranca-la-semana-santa-en-alcoy-actos-procesiones-y-recorridos\\\/#breadcrumb\"},\"inLanguage\":\"es\",\"potentialAction\":[{\"@type\":\"ReadAction\",\"target\":[\"https:\\\/\\\/www.copealcoy.es\\\/es\\\/arranca-la-semana-santa-en-alcoy-actos-procesiones-y-recorridos\\\/\"]}]},{\"@type\":\"ImageObject\",\"inLanguage\":\"es\",\"@id\":\"https:\\\/\\\/www.copealcoy.es\\\/es\\\/arranca-la-semana-santa-en-alcoy-actos-procesiones-y-recorridos\\\/#primaryimage\",\"url\":\"https:\\\/\\\/www.copealcoy.es\\\/wp-content\\\/uploads\\\/2024\\\/03\\\/IMG_2279-scaled.jpg\",\"contentUrl\":\"https:\\\/\\\/www.copealcoy.es\\\/wp-content\\\/uploads\\\/2024\\\/03\\\/IMG_2279-scaled.jpg\",\"width\":1620,\"height\":1080},{\"@type\":\"BreadcrumbList\",\"@id\":\"https:\\\/\\\/www.copealcoy.es\\\/es\\\/arranca-la-semana-santa-en-alcoy-actos-procesiones-y-recorridos\\\/#breadcrumb\",\"itemListElement\":[{\"@type\":\"ListItem\",\"position\":1,\"name\":\"Portada\",\"item\":\"https:\\\/\\\/www.copealcoy.es\\\/es\\\/\"},{\"@type\":\"ListItem\",\"position\":2,\"name\":\"Arranca la Semana Santa en Alcoy: actos, procesiones y recorridos\"}]},{\"@type\":\"WebSite\",\"@id\":\"https:\\\/\\\/www.copealcoy.es\\\/es\\\/#website\",\"url\":\"https:\\\/\\\/www.copealcoy.es\\\/es\\\/\",\"name\":\"COPE Alcoy\",\"description\":\"Emisora COPE de radio local con emisi\u00f3n online. Pont de Sant Jordi 8-10 03803 Alcoy\",\"potentialAction\":[{\"@type\":\"SearchAction\",\"target\":{\"@type\":\"EntryPoint\",\"urlTemplate\":\"https:\\\/\\\/www.copealcoy.es\\\/es\\\/?s={search_term_string}\"},\"query-input\":{\"@type\":\"PropertyValueSpecification\",\"valueRequired\":true,\"valueName\":\"search_term_string\"}}],\"inLanguage\":\"es\"},{\"@type\":\"Person\",\"@id\":\"https:\\\/\\\/www.copealcoy.es\\\/es\\\/#\\\/schema\\\/person\\\/e777c87fa024e57d40170af9df39882c\",\"name\":\"Cope Alcoy\",\"image\":{\"@type\":\"ImageObject\",\"inLanguage\":\"es\",\"@id\":\"https:\\\/\\\/secure.gravatar.com\\\/avatar\\\/bb65d0283347e303893ba14f0692005417c1e0e690a325a4c5d8bb2b3943ee14?s=96&d=mm&r=g\",\"url\":\"https:\\\/\\\/secure.gravatar.com\\\/avatar\\\/bb65d0283347e303893ba14f0692005417c1e0e690a325a4c5d8bb2b3943ee14?s=96&d=mm&r=g\",\"contentUrl\":\"https:\\\/\\\/secure.gravatar.com\\\/avatar\\\/bb65d0283347e303893ba14f0692005417c1e0e690a325a4c5d8bb2b3943ee14?s=96&d=mm&r=g\",\"caption\":\"Cope Alcoy\"}}]}<\/script>\n<!-- \/ Yoast SEO plugin. -->","yoast_head_json":{"title":"Arranca la Semana Santa en Alcoy: actos, procesiones y recorridos - COPE Alcoy","description":"Alcoy se adentra a partir del domingo en los d\u00edas centrales de la Semana Santa, unas jornadas que este a\u00f1o llegan tard\u00edas en el calendario y que vienen siempre repletas de fe y devoci\u00f3n","robots":{"index":"index","follow":"follow","max-snippet":"max-snippet:-1","max-image-preview":"max-image-preview:large","max-video-preview":"max-video-preview:-1"},"canonical":"https:\/\/www.copealcoy.es\/es\/arranca-la-semana-santa-en-alcoy-actos-procesiones-y-recorridos\/","og_locale":"es_ES","og_type":"article","og_title":"Arranca la Semana Santa en Alcoy: actos, procesiones y recorridos - COPE Alcoy","og_description":"Alcoy se adentra a partir del domingo en los d\u00edas centrales de la Semana Santa, unas jornadas que este a\u00f1o llegan tard\u00edas en el calendario y que vienen siempre repletas de fe y devoci\u00f3n","og_url":"https:\/\/www.copealcoy.es\/es\/arranca-la-semana-santa-en-alcoy-actos-procesiones-y-recorridos\/","og_site_name":"COPE Alcoy","article_published_time":"2025-04-11T09:23:35+00:00","article_modified_time":"2025-04-11T09:27:56+00:00","og_image":[{"width":1620,"height":1080,"url":"https:\/\/www.copealcoy.es\/wp-content\/uploads\/2024\/03\/IMG_2279-scaled.jpg","type":"image\/jpeg"}],"author":"Cope Alcoy","twitter_misc":{"Escrito por":"Cope Alcoy","Tiempo de lectura":"4 minutos"},"schema":{"@context":"https:\/\/schema.org","@graph":[{"@type":"Article","@id":"https:\/\/www.copealcoy.es\/es\/arranca-la-semana-santa-en-alcoy-actos-procesiones-y-recorridos\/#article","isPartOf":{"@id":"https:\/\/www.copealcoy.es\/es\/arranca-la-semana-santa-en-alcoy-actos-procesiones-y-recorridos\/"},"author":{"name":"Cope Alcoy","@id":"https:\/\/www.copealcoy.es\/es\/#\/schema\/person\/e777c87fa024e57d40170af9df39882c"},"headline":"Arranca la Semana Santa en Alcoy: actos, procesiones y recorridos","datePublished":"2025-04-11T09:23:35+00:00","dateModified":"2025-04-11T09:27:56+00:00","mainEntityOfPage":{"@id":"https:\/\/www.copealcoy.es\/es\/arranca-la-semana-santa-en-alcoy-actos-procesiones-y-recorridos\/"},"wordCount":683,"commentCount":0,"image":{"@id":"https:\/\/www.copealcoy.es\/es\/arranca-la-semana-santa-en-alcoy-actos-procesiones-y-recorridos\/#primaryimage"},"thumbnailUrl":"https:\/\/www.copealcoy.es\/wp-content\/uploads\/2024\/03\/IMG_2279-scaled.jpg","keywords":["Actos","Alcoy","Programaci\u00f3n","Semana Santa"],"articleSection":["Actualidad","Alcoy","Fiesta y Cultura","Noticias"],"inLanguage":"es"},{"@type":"WebPage","@id":"https:\/\/www.copealcoy.es\/es\/arranca-la-semana-santa-en-alcoy-actos-procesiones-y-recorridos\/","url":"https:\/\/www.copealcoy.es\/es\/arranca-la-semana-santa-en-alcoy-actos-procesiones-y-recorridos\/","name":"Arranca la Semana Santa en Alcoy: actos, procesiones y recorridos - COPE Alcoy","isPartOf":{"@id":"https:\/\/www.copealcoy.es\/es\/#website"},"primaryImageOfPage":{"@id":"https:\/\/www.copealcoy.es\/es\/arranca-la-semana-santa-en-alcoy-actos-procesiones-y-recorridos\/#primaryimage"},"image":{"@id":"https:\/\/www.copealcoy.es\/es\/arranca-la-semana-santa-en-alcoy-actos-procesiones-y-recorridos\/#primaryimage"},"thumbnailUrl":"https:\/\/www.copealcoy.es\/wp-content\/uploads\/2024\/03\/IMG_2279-scaled.jpg","datePublished":"2025-04-11T09:23:35+00:00","dateModified":"2025-04-11T09:27:56+00:00","author":{"@id":"https:\/\/www.copealcoy.es\/es\/#\/schema\/person\/e777c87fa024e57d40170af9df39882c"},"description":"Alcoy se adentra a partir del domingo en los d\u00edas centrales de la Semana Santa, unas jornadas que este a\u00f1o llegan tard\u00edas en el calendario y que vienen siempre repletas de fe y devoci\u00f3n","breadcrumb":{"@id":"https:\/\/www.copealcoy.es\/es\/arranca-la-semana-santa-en-alcoy-actos-procesiones-y-recorridos\/#breadcrumb"},"inLanguage":"es","potentialAction":[{"@type":"ReadAction","target":["https:\/\/www.copealcoy.es\/es\/arranca-la-semana-santa-en-alcoy-actos-procesiones-y-recorridos\/"]}]},{"@type":"ImageObject","inLanguage":"es","@id":"https:\/\/www.copealcoy.es\/es\/arranca-la-semana-santa-en-alcoy-actos-procesiones-y-recorridos\/#primaryimage","url":"https:\/\/www.copealcoy.es\/wp-content\/uploads\/2024\/03\/IMG_2279-scaled.jpg","contentUrl":"https:\/\/www.copealcoy.es\/wp-content\/uploads\/2024\/03\/IMG_2279-scaled.jpg","width":1620,"height":1080},{"@type":"BreadcrumbList","@id":"https:\/\/www.copealcoy.es\/es\/arranca-la-semana-santa-en-alcoy-actos-procesiones-y-recorridos\/#breadcrumb","itemListElement":[{"@type":"ListItem","position":1,"name":"Portada","item":"https:\/\/www.copealcoy.es\/es\/"},{"@type":"ListItem","position":2,"name":"Arranca la Semana Santa en Alcoy: actos, procesiones y recorridos"}]},{"@type":"WebSite","@id":"https:\/\/www.copealcoy.es\/es\/#website","url":"https:\/\/www.copealcoy.es\/es\/","name":"COPE Alcoy","description":"Emisora COPE de radio local con emisi\u00f3n online. Pont de Sant Jordi 8-10 03803 Alcoy","potentialAction":[{"@type":"SearchAction","target":{"@type":"EntryPoint","urlTemplate":"https:\/\/www.copealcoy.es\/es\/?s={search_term_string}"},"query-input":{"@type":"PropertyValueSpecification","valueRequired":true,"valueName":"search_term_string"}}],"inLanguage":"es"},{"@type":"Person","@id":"https:\/\/www.copealcoy.es\/es\/#\/schema\/person\/e777c87fa024e57d40170af9df39882c","name":"Cope Alcoy","image":{"@type":"ImageObject","inLanguage":"es","@id":"https:\/\/secure.gravatar.com\/avatar\/bb65d0283347e303893ba14f0692005417c1e0e690a325a4c5d8bb2b3943ee14?s=96&d=mm&r=g","url":"https:\/\/secure.gravatar.com\/avatar\/bb65d0283347e303893ba14f0692005417c1e0e690a325a4c5d8bb2b3943ee14?s=96&d=mm&r=g","contentUrl":"https:\/\/secure.gravatar.com\/avatar\/bb65d0283347e303893ba14f0692005417c1e0e690a325a4c5d8bb2b3943ee14?s=96&d=mm&r=g","caption":"Cope Alcoy"}}]}},"_links":{"self":[{"href":"https:\/\/www.copealcoy.es\/es\/wp-json\/wp\/v2\/posts\/150310","targetHints":{"allow":["GET"]}}],"collection":[{"href":"https:\/\/www.copealcoy.es\/es\/wp-json\/wp\/v2\/posts"}],"about":[{"href":"https:\/\/www.copealcoy.es\/es\/wp-json\/wp\/v2\/types\/post"}],"author":[{"embeddable":true,"href":"https:\/\/www.copealcoy.es\/es\/wp-json\/wp\/v2\/users\/1"}],"replies":[{"embeddable":true,"href":"https:\/\/www.copealcoy.es\/es\/wp-json\/wp\/v2\/comments?post=150310"}],"version-history":[{"count":0,"href":"https:\/\/www.copealcoy.es\/es\/wp-json\/wp\/v2\/posts\/150310\/revisions"}],"wp:featuredmedia":[{"embeddable":true,"href":"https:\/\/www.copealcoy.es\/es\/wp-json\/wp\/v2\/media\/131204"}],"wp:attachment":[{"href":"https:\/\/www.copealcoy.es\/es\/wp-json\/wp\/v2\/media?parent=150310"}],"wp:term":[{"taxonomy":"category","embeddable":true,"href":"https:\/\/www.copealcoy.es\/es\/wp-json\/wp\/v2\/categories?post=150310"},{"taxonomy":"post_tag","embeddable":true,"href":"https:\/\/www.copealcoy.es\/es\/wp-json\/wp\/v2\/tags?post=150310"}],"curies":[{"name":"wp","href":"https:\/\/api.w.org\/{rel}","templated":true}]}}