{"id":150240,"date":"2025-04-11T08:05:14","date_gmt":"2025-04-11T07:05:14","guid":{"rendered":"https:\/\/www.copealcoy.es\/?p=150240"},"modified":"2025-04-11T16:26:27","modified_gmt":"2025-04-11T15:26:27","slug":"el-pregon-y-el-descubrimiento-del-cartel-antesala-de-la-semana-santa-en-cocentaina","status":"publish","type":"post","link":"https:\/\/www.copealcoy.es\/es\/el-pregon-y-el-descubrimiento-del-cartel-antesala-de-la-semana-santa-en-cocentaina\/","title":{"rendered":"El preg\u00f3n y el descubrimiento del cartel, antesala de la Semana Santa en Cocentaina"},"content":{"rendered":"<p style=\"text-align: justify;\">Cocentaina <strong>se adentra en la Semana Santa tras el preg\u00f3n y el descubrimiento del cartel anunciador<\/strong>, unos actos que tuvieron lugar el pasado s\u00e1bado en la iglesia de Santa Mar\u00eda. La cofrad\u00eda del <a href=\"https:\/\/www.facebook.com\/profile.php?id=100086923178132\" target=\"_blank\" rel=\"noopener\"><span style=\"color: #0000ff;\"><strong>Ecce Homo<\/strong><\/span><\/a>, que tiene sede precisamente en esta parroquia, es la encargada este a\u00f1o de <strong>coordinar la Junta Central de Cofrad\u00edas<\/strong> y de <strong>organizar los diferentes actos<\/strong> que se van a suceder durante los pr\u00f3ximos d\u00edas.<\/p>\n<p style=\"text-align: justify;\">En cuanto al <strong>cartel<\/strong>, cabe destacar que este a\u00f1o ha sido encargado a la contestana I<strong>rene Carbonell Valls<\/strong> y la obra ha tenido muy buena aceptaci\u00f3n en la capital del Comtat. En la misma sobresale la figura de Cristo, acompa\u00f1ada del emblem\u00e1tico\u00a0<em>castell\u00a0<\/em>y junto a otros elementos llenos de simbolismo &#8220;<em>aparece un haz de luz en referencia a la Virgen, ella es la que mantuvo la esperanza en la Resurrecci\u00f3n y a ella tambi\u00e9n le profesamos una especial devoci\u00f3n en nuestro pueblo bajo la advocaci\u00f3n de Mare de D\u00e9u del Miracle<\/em>&#8220;, coment\u00f3 la autora en declaraciones a COPE ALCOY. Por otra parte, <strong>el preg\u00f3n<\/strong> fue a cargo del contestano <strong>Joanjo Llorens<\/strong>, el cual aprovech\u00f3 su intervenci\u00f3n para recordar los or\u00edgenes hist\u00f3ricos de esta cofrad\u00eda contestana vinculada al gremio del textil fechados en el siglo XVI. Adem\u00e1s, habl\u00f3 de su experiencia personal en la Semana Santa o de las tradiciones que identifican a Cocentaina en estos d\u00edas, sin dejar de lado una referencia a la Mare de D\u00e9u del Miracle de cuya revista de las fiestas patronales es coordinador \u201c<em>el papel de la Virgen Mar\u00eda fue fundamental en la pasi\u00f3n de Jes\u00fas, y por eso quer\u00eda invitar con mis palabras a que nos situ\u00e1ramos en lo que ella tuvo que vivir al ver morir a su hijo en la cruz\u201d, <\/em>dijo.<\/p>\n<p><strong><span style=\"color: #0000ff;\">La representaci\u00f3n de La Pasi\u00f3n inicia la Semana Santa Contestana\u00a0<\/span><\/strong><\/p>\n<p style=\"text-align: justify;\">La programaci\u00f3n de la Semana Santa arranca en Cocentaina este s\u00e1bado, a partir de las 20:30h, con <strong>la representaci\u00f3n de la pasi\u00f3n viviente<\/strong> por las calles del casco antiguo. Ser\u00e1 a partir de las 20:30h desde el Pla de la Font, a cargo del Grup de Teatre del Patronat, y en la misma podremos ver escenas como la Entrada Triunfal de Jes\u00fas en Jerusal\u00e9n, la \u00daltima Cena, la Oraci\u00f3n en el Huerto o el Juicio ante Pilatos en el patio de armas del Palau Comtal. Uno de los momentos m\u00e1s significativos es La Crucifixi\u00f3n, en lo alto de la calle Sant\u00edsima Trinidad junto al barrio del Raval , y a los pies de la Serra de Mariola.<\/p>\n<p style=\"text-align: justify;\">Ya el domingo, a las 11:00h, se realizar\u00e1 <strong>la bendici\u00f3n de palmas<\/strong> en el Convento de los Franciscanos y de ah\u00ed partir\u00e1 <strong>la procesi\u00f3n<\/strong> hasta El Pla donde se celebrar\u00e1 la eucarist\u00eda de campa\u00f1a. Por la tarde, a las 17:00h, destaca el V\u00eda Crucis en el Calvario de los Padres Franciscanos mientras que a las 20:00h partir\u00e1 <strong>la procesi\u00f3n de La Dolorosa<\/strong> desde la parroquia del Salvador. Lunes Santo, a las 20:15h y preparada por la Cofrad\u00eda de Jes\u00fas del Huerto, podremos participar en <strong>la oraci\u00f3n de Getseman\u00ed<\/strong> en la iglesia del Convento de los Franciscanos y desde este d\u00eda y hasta el Mi\u00e9rcoles Santo el Monasterio de la Mare de D\u00e9u del Miracle acoger\u00e1 el Triduo dedicado al Nazareno. El mismo Mi\u00e9rcoles Santo, a las 21:00h, procesionar\u00e1 <strong>la imagen de Jes\u00fas Nazareno<\/strong> a las 21:00h dando paso a los d\u00edas del Triduo Pascual.<\/p>\n","protected":false},"excerpt":{"rendered":"<p>Cocentaina se adentra en la Semana Santa tras el preg\u00f3n y el descubrimiento del cartel anunciador, unos actos que tuvieron&#8230;<\/p>\n","protected":false},"author":1,"featured_media":150241,"comment_status":"open","ping_status":"open","sticky":false,"template":"","format":"standard","meta":{"footnotes":""},"categories":[6909,98,75],"tags":[132,16461,19421,19420,1426,745],"class_list":["post-150240","post","type-post","status-publish","format-standard","has-post-thumbnail","hentry","category-actualidad","category-comarcas","category-noticias","tag-cocentaina","tag-descubrimiento-del-cartel","tag-irene-carbonell","tag-joanjo-llorens","tag-pregon","tag-semana-santa"],"yoast_head":"<!-- This site is optimized with the Yoast SEO plugin v27.3 - https:\/\/yoast.com\/product\/yoast-seo-wordpress\/ -->\n<title>El preg\u00f3n y el descubrimiento del cartel, antesala de la Semana Santa en Cocentaina - COPE Alcoy<\/title>\n<meta name=\"description\" content=\"Cocentaina se adentra en la Semana Santa tras el preg\u00f3n y el descubrimiento del cartel anunciador, unos actos que tuvieron lugar el pasado s\u00e1bado en la iglesia de Santa Mar\u00eda\" \/>\n<meta name=\"robots\" content=\"index, follow, max-snippet:-1, max-image-preview:large, max-video-preview:-1\" \/>\n<link rel=\"canonical\" href=\"https:\/\/www.copealcoy.es\/es\/el-pregon-y-el-descubrimiento-del-cartel-antesala-de-la-semana-santa-en-cocentaina\/\" \/>\n<meta property=\"og:locale\" content=\"es_ES\" \/>\n<meta property=\"og:type\" content=\"article\" \/>\n<meta property=\"og:title\" content=\"El preg\u00f3n y el descubrimiento del cartel, antesala de la Semana Santa en Cocentaina - COPE Alcoy\" \/>\n<meta property=\"og:description\" content=\"Cocentaina se adentra en la Semana Santa tras el preg\u00f3n y el descubrimiento del cartel anunciador, unos actos que tuvieron lugar el pasado s\u00e1bado en la iglesia de Santa Mar\u00eda\" \/>\n<meta property=\"og:url\" content=\"https:\/\/www.copealcoy.es\/es\/el-pregon-y-el-descubrimiento-del-cartel-antesala-de-la-semana-santa-en-cocentaina\/\" \/>\n<meta property=\"og:site_name\" content=\"COPE Alcoy\" \/>\n<meta property=\"article:published_time\" content=\"2025-04-11T07:05:14+00:00\" \/>\n<meta property=\"article:modified_time\" content=\"2025-04-11T15:26:27+00:00\" \/>\n<meta property=\"og:image\" content=\"https:\/\/www.copealcoy.es\/wp-content\/uploads\/2025\/04\/unnamed-1-14-scaled-e1744385160690.jpg\" \/>\n\t<meta property=\"og:image:width\" content=\"1654\" \/>\n\t<meta property=\"og:image:height\" content=\"910\" \/>\n\t<meta property=\"og:image:type\" content=\"image\/jpeg\" \/>\n<meta name=\"author\" content=\"Cope Alcoy\" \/>\n<meta name=\"twitter:label1\" content=\"Escrito por\" \/>\n\t<meta name=\"twitter:data1\" content=\"Cope Alcoy\" \/>\n\t<meta name=\"twitter:label2\" content=\"Tiempo de lectura\" \/>\n\t<meta name=\"twitter:data2\" content=\"4 minutos\" \/>\n<script type=\"application\/ld+json\" class=\"yoast-schema-graph\">{\"@context\":\"https:\\\/\\\/schema.org\",\"@graph\":[{\"@type\":\"Article\",\"@id\":\"https:\\\/\\\/www.copealcoy.es\\\/es\\\/el-pregon-y-el-descubrimiento-del-cartel-antesala-de-la-semana-santa-en-cocentaina\\\/#article\",\"isPartOf\":{\"@id\":\"https:\\\/\\\/www.copealcoy.es\\\/es\\\/el-pregon-y-el-descubrimiento-del-cartel-antesala-de-la-semana-santa-en-cocentaina\\\/\"},\"author\":{\"name\":\"Cope Alcoy\",\"@id\":\"https:\\\/\\\/www.copealcoy.es\\\/es\\\/#\\\/schema\\\/person\\\/e777c87fa024e57d40170af9df39882c\"},\"headline\":\"El preg\u00f3n y el descubrimiento del cartel, antesala de la Semana Santa en Cocentaina\",\"datePublished\":\"2025-04-11T07:05:14+00:00\",\"dateModified\":\"2025-04-11T15:26:27+00:00\",\"mainEntityOfPage\":{\"@id\":\"https:\\\/\\\/www.copealcoy.es\\\/es\\\/el-pregon-y-el-descubrimiento-del-cartel-antesala-de-la-semana-santa-en-cocentaina\\\/\"},\"wordCount\":632,\"commentCount\":0,\"image\":{\"@id\":\"https:\\\/\\\/www.copealcoy.es\\\/es\\\/el-pregon-y-el-descubrimiento-del-cartel-antesala-de-la-semana-santa-en-cocentaina\\\/#primaryimage\"},\"thumbnailUrl\":\"https:\\\/\\\/www.copealcoy.es\\\/wp-content\\\/uploads\\\/2025\\\/04\\\/unnamed-1-14-scaled-e1744385160690.jpg\",\"keywords\":[\"Cocentaina\",\"descubrimiento del cartel\",\"Irene Carbonell\",\"Joanjo Llorens\",\"preg\u00f3n\",\"Semana Santa\"],\"articleSection\":[\"Actualidad\",\"Comarcas\",\"Noticias\"],\"inLanguage\":\"es\"},{\"@type\":\"WebPage\",\"@id\":\"https:\\\/\\\/www.copealcoy.es\\\/es\\\/el-pregon-y-el-descubrimiento-del-cartel-antesala-de-la-semana-santa-en-cocentaina\\\/\",\"url\":\"https:\\\/\\\/www.copealcoy.es\\\/es\\\/el-pregon-y-el-descubrimiento-del-cartel-antesala-de-la-semana-santa-en-cocentaina\\\/\",\"name\":\"El preg\u00f3n y el descubrimiento del cartel, antesala de la Semana Santa en Cocentaina - COPE Alcoy\",\"isPartOf\":{\"@id\":\"https:\\\/\\\/www.copealcoy.es\\\/es\\\/#website\"},\"primaryImageOfPage\":{\"@id\":\"https:\\\/\\\/www.copealcoy.es\\\/es\\\/el-pregon-y-el-descubrimiento-del-cartel-antesala-de-la-semana-santa-en-cocentaina\\\/#primaryimage\"},\"image\":{\"@id\":\"https:\\\/\\\/www.copealcoy.es\\\/es\\\/el-pregon-y-el-descubrimiento-del-cartel-antesala-de-la-semana-santa-en-cocentaina\\\/#primaryimage\"},\"thumbnailUrl\":\"https:\\\/\\\/www.copealcoy.es\\\/wp-content\\\/uploads\\\/2025\\\/04\\\/unnamed-1-14-scaled-e1744385160690.jpg\",\"datePublished\":\"2025-04-11T07:05:14+00:00\",\"dateModified\":\"2025-04-11T15:26:27+00:00\",\"author\":{\"@id\":\"https:\\\/\\\/www.copealcoy.es\\\/es\\\/#\\\/schema\\\/person\\\/e777c87fa024e57d40170af9df39882c\"},\"description\":\"Cocentaina se adentra en la Semana Santa tras el preg\u00f3n y el descubrimiento del cartel anunciador, unos actos que tuvieron lugar el pasado s\u00e1bado en la iglesia de Santa Mar\u00eda\",\"breadcrumb\":{\"@id\":\"https:\\\/\\\/www.copealcoy.es\\\/es\\\/el-pregon-y-el-descubrimiento-del-cartel-antesala-de-la-semana-santa-en-cocentaina\\\/#breadcrumb\"},\"inLanguage\":\"es\",\"potentialAction\":[{\"@type\":\"ReadAction\",\"target\":[\"https:\\\/\\\/www.copealcoy.es\\\/es\\\/el-pregon-y-el-descubrimiento-del-cartel-antesala-de-la-semana-santa-en-cocentaina\\\/\"]}]},{\"@type\":\"ImageObject\",\"inLanguage\":\"es\",\"@id\":\"https:\\\/\\\/www.copealcoy.es\\\/es\\\/el-pregon-y-el-descubrimiento-del-cartel-antesala-de-la-semana-santa-en-cocentaina\\\/#primaryimage\",\"url\":\"https:\\\/\\\/www.copealcoy.es\\\/wp-content\\\/uploads\\\/2025\\\/04\\\/unnamed-1-14-scaled-e1744385160690.jpg\",\"contentUrl\":\"https:\\\/\\\/www.copealcoy.es\\\/wp-content\\\/uploads\\\/2025\\\/04\\\/unnamed-1-14-scaled-e1744385160690.jpg\",\"width\":1654,\"height\":910},{\"@type\":\"BreadcrumbList\",\"@id\":\"https:\\\/\\\/www.copealcoy.es\\\/es\\\/el-pregon-y-el-descubrimiento-del-cartel-antesala-de-la-semana-santa-en-cocentaina\\\/#breadcrumb\",\"itemListElement\":[{\"@type\":\"ListItem\",\"position\":1,\"name\":\"Portada\",\"item\":\"https:\\\/\\\/www.copealcoy.es\\\/es\\\/\"},{\"@type\":\"ListItem\",\"position\":2,\"name\":\"El preg\u00f3n y el descubrimiento del cartel, antesala de la Semana Santa en Cocentaina\"}]},{\"@type\":\"WebSite\",\"@id\":\"https:\\\/\\\/www.copealcoy.es\\\/es\\\/#website\",\"url\":\"https:\\\/\\\/www.copealcoy.es\\\/es\\\/\",\"name\":\"COPE Alcoy\",\"description\":\"Emisora COPE de radio local con emisi\u00f3n online. Pont de Sant Jordi 8-10 03803 Alcoy\",\"potentialAction\":[{\"@type\":\"SearchAction\",\"target\":{\"@type\":\"EntryPoint\",\"urlTemplate\":\"https:\\\/\\\/www.copealcoy.es\\\/es\\\/?s={search_term_string}\"},\"query-input\":{\"@type\":\"PropertyValueSpecification\",\"valueRequired\":true,\"valueName\":\"search_term_string\"}}],\"inLanguage\":\"es\"},{\"@type\":\"Person\",\"@id\":\"https:\\\/\\\/www.copealcoy.es\\\/es\\\/#\\\/schema\\\/person\\\/e777c87fa024e57d40170af9df39882c\",\"name\":\"Cope Alcoy\",\"image\":{\"@type\":\"ImageObject\",\"inLanguage\":\"es\",\"@id\":\"https:\\\/\\\/secure.gravatar.com\\\/avatar\\\/bb65d0283347e303893ba14f0692005417c1e0e690a325a4c5d8bb2b3943ee14?s=96&d=mm&r=g\",\"url\":\"https:\\\/\\\/secure.gravatar.com\\\/avatar\\\/bb65d0283347e303893ba14f0692005417c1e0e690a325a4c5d8bb2b3943ee14?s=96&d=mm&r=g\",\"contentUrl\":\"https:\\\/\\\/secure.gravatar.com\\\/avatar\\\/bb65d0283347e303893ba14f0692005417c1e0e690a325a4c5d8bb2b3943ee14?s=96&d=mm&r=g\",\"caption\":\"Cope Alcoy\"}}]}<\/script>\n<!-- \/ Yoast SEO plugin. -->","yoast_head_json":{"title":"El preg\u00f3n y el descubrimiento del cartel, antesala de la Semana Santa en Cocentaina - COPE Alcoy","description":"Cocentaina se adentra en la Semana Santa tras el preg\u00f3n y el descubrimiento del cartel anunciador, unos actos que tuvieron lugar el pasado s\u00e1bado en la iglesia de Santa Mar\u00eda","robots":{"index":"index","follow":"follow","max-snippet":"max-snippet:-1","max-image-preview":"max-image-preview:large","max-video-preview":"max-video-preview:-1"},"canonical":"https:\/\/www.copealcoy.es\/es\/el-pregon-y-el-descubrimiento-del-cartel-antesala-de-la-semana-santa-en-cocentaina\/","og_locale":"es_ES","og_type":"article","og_title":"El preg\u00f3n y el descubrimiento del cartel, antesala de la Semana Santa en Cocentaina - COPE Alcoy","og_description":"Cocentaina se adentra en la Semana Santa tras el preg\u00f3n y el descubrimiento del cartel anunciador, unos actos que tuvieron lugar el pasado s\u00e1bado en la iglesia de Santa Mar\u00eda","og_url":"https:\/\/www.copealcoy.es\/es\/el-pregon-y-el-descubrimiento-del-cartel-antesala-de-la-semana-santa-en-cocentaina\/","og_site_name":"COPE Alcoy","article_published_time":"2025-04-11T07:05:14+00:00","article_modified_time":"2025-04-11T15:26:27+00:00","og_image":[{"width":1654,"height":910,"url":"https:\/\/www.copealcoy.es\/wp-content\/uploads\/2025\/04\/unnamed-1-14-scaled-e1744385160690.jpg","type":"image\/jpeg"}],"author":"Cope Alcoy","twitter_misc":{"Escrito por":"Cope Alcoy","Tiempo de lectura":"4 minutos"},"schema":{"@context":"https:\/\/schema.org","@graph":[{"@type":"Article","@id":"https:\/\/www.copealcoy.es\/es\/el-pregon-y-el-descubrimiento-del-cartel-antesala-de-la-semana-santa-en-cocentaina\/#article","isPartOf":{"@id":"https:\/\/www.copealcoy.es\/es\/el-pregon-y-el-descubrimiento-del-cartel-antesala-de-la-semana-santa-en-cocentaina\/"},"author":{"name":"Cope Alcoy","@id":"https:\/\/www.copealcoy.es\/es\/#\/schema\/person\/e777c87fa024e57d40170af9df39882c"},"headline":"El preg\u00f3n y el descubrimiento del cartel, antesala de la Semana Santa en Cocentaina","datePublished":"2025-04-11T07:05:14+00:00","dateModified":"2025-04-11T15:26:27+00:00","mainEntityOfPage":{"@id":"https:\/\/www.copealcoy.es\/es\/el-pregon-y-el-descubrimiento-del-cartel-antesala-de-la-semana-santa-en-cocentaina\/"},"wordCount":632,"commentCount":0,"image":{"@id":"https:\/\/www.copealcoy.es\/es\/el-pregon-y-el-descubrimiento-del-cartel-antesala-de-la-semana-santa-en-cocentaina\/#primaryimage"},"thumbnailUrl":"https:\/\/www.copealcoy.es\/wp-content\/uploads\/2025\/04\/unnamed-1-14-scaled-e1744385160690.jpg","keywords":["Cocentaina","descubrimiento del cartel","Irene Carbonell","Joanjo Llorens","preg\u00f3n","Semana Santa"],"articleSection":["Actualidad","Comarcas","Noticias"],"inLanguage":"es"},{"@type":"WebPage","@id":"https:\/\/www.copealcoy.es\/es\/el-pregon-y-el-descubrimiento-del-cartel-antesala-de-la-semana-santa-en-cocentaina\/","url":"https:\/\/www.copealcoy.es\/es\/el-pregon-y-el-descubrimiento-del-cartel-antesala-de-la-semana-santa-en-cocentaina\/","name":"El preg\u00f3n y el descubrimiento del cartel, antesala de la Semana Santa en Cocentaina - COPE Alcoy","isPartOf":{"@id":"https:\/\/www.copealcoy.es\/es\/#website"},"primaryImageOfPage":{"@id":"https:\/\/www.copealcoy.es\/es\/el-pregon-y-el-descubrimiento-del-cartel-antesala-de-la-semana-santa-en-cocentaina\/#primaryimage"},"image":{"@id":"https:\/\/www.copealcoy.es\/es\/el-pregon-y-el-descubrimiento-del-cartel-antesala-de-la-semana-santa-en-cocentaina\/#primaryimage"},"thumbnailUrl":"https:\/\/www.copealcoy.es\/wp-content\/uploads\/2025\/04\/unnamed-1-14-scaled-e1744385160690.jpg","datePublished":"2025-04-11T07:05:14+00:00","dateModified":"2025-04-11T15:26:27+00:00","author":{"@id":"https:\/\/www.copealcoy.es\/es\/#\/schema\/person\/e777c87fa024e57d40170af9df39882c"},"description":"Cocentaina se adentra en la Semana Santa tras el preg\u00f3n y el descubrimiento del cartel anunciador, unos actos que tuvieron lugar el pasado s\u00e1bado en la iglesia de Santa Mar\u00eda","breadcrumb":{"@id":"https:\/\/www.copealcoy.es\/es\/el-pregon-y-el-descubrimiento-del-cartel-antesala-de-la-semana-santa-en-cocentaina\/#breadcrumb"},"inLanguage":"es","potentialAction":[{"@type":"ReadAction","target":["https:\/\/www.copealcoy.es\/es\/el-pregon-y-el-descubrimiento-del-cartel-antesala-de-la-semana-santa-en-cocentaina\/"]}]},{"@type":"ImageObject","inLanguage":"es","@id":"https:\/\/www.copealcoy.es\/es\/el-pregon-y-el-descubrimiento-del-cartel-antesala-de-la-semana-santa-en-cocentaina\/#primaryimage","url":"https:\/\/www.copealcoy.es\/wp-content\/uploads\/2025\/04\/unnamed-1-14-scaled-e1744385160690.jpg","contentUrl":"https:\/\/www.copealcoy.es\/wp-content\/uploads\/2025\/04\/unnamed-1-14-scaled-e1744385160690.jpg","width":1654,"height":910},{"@type":"BreadcrumbList","@id":"https:\/\/www.copealcoy.es\/es\/el-pregon-y-el-descubrimiento-del-cartel-antesala-de-la-semana-santa-en-cocentaina\/#breadcrumb","itemListElement":[{"@type":"ListItem","position":1,"name":"Portada","item":"https:\/\/www.copealcoy.es\/es\/"},{"@type":"ListItem","position":2,"name":"El preg\u00f3n y el descubrimiento del cartel, antesala de la Semana Santa en Cocentaina"}]},{"@type":"WebSite","@id":"https:\/\/www.copealcoy.es\/es\/#website","url":"https:\/\/www.copealcoy.es\/es\/","name":"COPE Alcoy","description":"Emisora COPE de radio local con emisi\u00f3n online. Pont de Sant Jordi 8-10 03803 Alcoy","potentialAction":[{"@type":"SearchAction","target":{"@type":"EntryPoint","urlTemplate":"https:\/\/www.copealcoy.es\/es\/?s={search_term_string}"},"query-input":{"@type":"PropertyValueSpecification","valueRequired":true,"valueName":"search_term_string"}}],"inLanguage":"es"},{"@type":"Person","@id":"https:\/\/www.copealcoy.es\/es\/#\/schema\/person\/e777c87fa024e57d40170af9df39882c","name":"Cope Alcoy","image":{"@type":"ImageObject","inLanguage":"es","@id":"https:\/\/secure.gravatar.com\/avatar\/bb65d0283347e303893ba14f0692005417c1e0e690a325a4c5d8bb2b3943ee14?s=96&d=mm&r=g","url":"https:\/\/secure.gravatar.com\/avatar\/bb65d0283347e303893ba14f0692005417c1e0e690a325a4c5d8bb2b3943ee14?s=96&d=mm&r=g","contentUrl":"https:\/\/secure.gravatar.com\/avatar\/bb65d0283347e303893ba14f0692005417c1e0e690a325a4c5d8bb2b3943ee14?s=96&d=mm&r=g","caption":"Cope Alcoy"}}]}},"_links":{"self":[{"href":"https:\/\/www.copealcoy.es\/es\/wp-json\/wp\/v2\/posts\/150240","targetHints":{"allow":["GET"]}}],"collection":[{"href":"https:\/\/www.copealcoy.es\/es\/wp-json\/wp\/v2\/posts"}],"about":[{"href":"https:\/\/www.copealcoy.es\/es\/wp-json\/wp\/v2\/types\/post"}],"author":[{"embeddable":true,"href":"https:\/\/www.copealcoy.es\/es\/wp-json\/wp\/v2\/users\/1"}],"replies":[{"embeddable":true,"href":"https:\/\/www.copealcoy.es\/es\/wp-json\/wp\/v2\/comments?post=150240"}],"version-history":[{"count":0,"href":"https:\/\/www.copealcoy.es\/es\/wp-json\/wp\/v2\/posts\/150240\/revisions"}],"wp:featuredmedia":[{"embeddable":true,"href":"https:\/\/www.copealcoy.es\/es\/wp-json\/wp\/v2\/media\/150241"}],"wp:attachment":[{"href":"https:\/\/www.copealcoy.es\/es\/wp-json\/wp\/v2\/media?parent=150240"}],"wp:term":[{"taxonomy":"category","embeddable":true,"href":"https:\/\/www.copealcoy.es\/es\/wp-json\/wp\/v2\/categories?post=150240"},{"taxonomy":"post_tag","embeddable":true,"href":"https:\/\/www.copealcoy.es\/es\/wp-json\/wp\/v2\/tags?post=150240"}],"curies":[{"name":"wp","href":"https:\/\/api.w.org\/{rel}","templated":true}]}}