{"id":150200,"date":"2025-04-09T15:29:59","date_gmt":"2025-04-09T14:29:59","guid":{"rendered":"https:\/\/www.copealcoy.es\/?p=150200"},"modified":"2025-04-09T15:35:46","modified_gmt":"2025-04-09T14:35:46","slug":"el-campus-de-alcoy-de-la-upv-tendra-un-laboratorio-audiovisual-con-el-apoyo-de-la-diputacion","status":"publish","type":"post","link":"https:\/\/www.copealcoy.es\/es\/el-campus-de-alcoy-de-la-upv-tendra-un-laboratorio-audiovisual-con-el-apoyo-de-la-diputacion\/","title":{"rendered":"El Campus de Alcoy de la UPV tendr\u00e1 un laboratorio audiovisual con el apoyo de la Diputaci\u00f3n"},"content":{"rendered":"<p style=\"text-align: justify;\">El <a href=\"https:\/\/www.upv.es\/otros\/como-llegar-upv\/campus-alcoy\/index-es.html\" target=\"_blank\" rel=\"noopener\"><strong><span style=\"color: #0000ff;\">Campus de Alcoy de la Universidad Polit\u00e9cnica de Valencia<\/span><\/strong><\/a> contar\u00e1 con <strong>un laboratorio audiovisual<\/strong>, que recibe el nombre de <strong>Learning Factory<\/strong>, y que <strong>ser\u00e1 una realidad con el apoyo de la Diputaci\u00f3n de Alicante<\/strong>. De hecho, <strong>el ente provincial aportar\u00e1 un total de 45.000 euros<\/strong> para hacer posible una propuesta que<strong> vendr\u00e1 a completar el FABLAB<\/strong> estrenado meses atr\u00e1s. Este \u00faltimo, como ya contamos en COPE ALCOY a principios de a\u00f1o, <strong>es un espacio de fabricaci\u00f3n digital<\/strong> en el que los estudiantes del campus alcoyano pueden hacer realidad m\u00faltiples proyectos contando para ello con maquinaria y las \u00faltimas tecnolog\u00edas.<\/p>\n<p style=\"text-align: justify;\">En cuanto al laboratorio audiovisual, cabe destacar que <strong>dispondr\u00e1 de un amplio equipamiento<\/strong> en el que podremos encontrar desde c\u00e1maras profesionales, e incluso robotizadas, hasta mesas de sonido y de realizaci\u00f3n. A ello se le unir\u00e1 un plat\u00f3 con diferentes herramientas para la creaci\u00f3n de contenido &#8220;<em>aqu\u00ed el estudiantado podr\u00e1 realizar grabaciones de sus v\u00eddeos de cara complementar sus proyectos, preparar presentaciones para difundirlas en plataformas digitales o redes sociales, y tambi\u00e9n documentar la actividad que se realiza a trav\u00e9s del espacio de Generaci\u00f3n Espont\u00e1nea<\/em>&#8220;, comenta <strong>Pau Bernab\u00e9u<\/strong>; director del mismo Campus.<\/p>\n<p style=\"text-align: justify;\">Desde la <strong>Diputaci\u00f3n de Alicante<\/strong> aplauden la iniciativa y destacan que la misma viene a complementar la amplia variedad de recursos que ahora mismo ofrece el Campus. Adem\u00e1s recuerdan que el pasado a\u00f1o <strong>ya se destinaron 45.000 euros<\/strong> para impulsar el FABLAB y avanzan que <strong>este apoyo econ\u00f3mico va a seguir para los pr\u00f3ximos dos a\u00f1os<\/strong> &#8220;c<em>on la misma cuant\u00eda, para cada anualidad, con el fin de seguir respaldando a un campus que es un aut\u00e9ntico motor a la hora de generar talento en estas comarcas<\/em>&#8220;, se\u00f1ala el alcoyano <strong>Carlos Pastor<\/strong>, diputado provincial del PP por L&#8217;Alcoi\u00e0 y El Comtat.<\/p>\n<p style=\"text-align: justify;\">Desde el Campus de Alcoy de la UPV <strong>cifran en unos 100.000 euros<\/strong>, aproximadamente, el coste total del laboratorio audiovisual y explican que para implementarlo la universidad aportar\u00e1 fondos propios que se sumar\u00e1n a la ayuda de otras empresas privadas que est\u00e1n ya dispuestas a colaborar en el proyecto. La intenci\u00f3n es que el mismo <strong>comience a funcionar a partir del pr\u00f3ximo curso<\/strong> acad\u00e9mico.<\/p>\n","protected":false},"excerpt":{"rendered":"<p>El Campus de Alcoy de la Universidad Polit\u00e9cnica de Valencia contar\u00e1 con un laboratorio audiovisual, que recibe el nombre de&#8230;<\/p>\n","protected":false},"author":1,"featured_media":150201,"comment_status":"open","ping_status":"open","sticky":false,"template":"","format":"standard","meta":{"footnotes":""},"categories":[6909,97,5374,900,75,125],"tags":[1494,1560,13235,19414,10295],"class_list":["post-150200","post","type-post","status-publish","format-standard","has-post-thumbnail","hentry","category-actualidad","category-alcoy","category-campus-de-alcoy","category-educacion","category-noticias","category-portada","tag-alcoy","tag-campus-upv","tag-carlos-pastor","tag-laboratorio-audiovisual","tag-pau-bernabeu"],"yoast_head":"<!-- This site is optimized with the Yoast SEO plugin v27.3 - https:\/\/yoast.com\/product\/yoast-seo-wordpress\/ -->\n<title>El Campus de Alcoy de la UPV tendr\u00e1 un laboratorio audiovisual con el apoyo de la Diputaci\u00f3n - COPE Alcoy<\/title>\n<meta name=\"description\" content=\"El Campus de Alcoy de la Universidad Polit\u00e9cnica de Valencia contar\u00e1 con un laboratorio audiovisual, que recibe el nombre de Learning Factory, y que ser\u00e1 una realidad con el apoyo de la Diputaci\u00f3n de Alicante\" \/>\n<meta name=\"robots\" content=\"index, follow, max-snippet:-1, max-image-preview:large, max-video-preview:-1\" \/>\n<link rel=\"canonical\" href=\"https:\/\/www.copealcoy.es\/es\/el-campus-de-alcoy-de-la-upv-tendra-un-laboratorio-audiovisual-con-el-apoyo-de-la-diputacion\/\" \/>\n<meta property=\"og:locale\" content=\"es_ES\" \/>\n<meta property=\"og:type\" content=\"article\" \/>\n<meta property=\"og:title\" content=\"El Campus de Alcoy de la UPV tendr\u00e1 un laboratorio audiovisual con el apoyo de la Diputaci\u00f3n - COPE Alcoy\" \/>\n<meta property=\"og:description\" content=\"El Campus de Alcoy de la Universidad Polit\u00e9cnica de Valencia contar\u00e1 con un laboratorio audiovisual, que recibe el nombre de Learning Factory, y que ser\u00e1 una realidad con el apoyo de la Diputaci\u00f3n de Alicante\" \/>\n<meta property=\"og:url\" content=\"https:\/\/www.copealcoy.es\/es\/el-campus-de-alcoy-de-la-upv-tendra-un-laboratorio-audiovisual-con-el-apoyo-de-la-diputacion\/\" \/>\n<meta property=\"og:site_name\" content=\"COPE Alcoy\" \/>\n<meta property=\"article:published_time\" content=\"2025-04-09T14:29:59+00:00\" \/>\n<meta property=\"article:modified_time\" content=\"2025-04-09T14:35:46+00:00\" \/>\n<meta property=\"og:image\" content=\"https:\/\/www.copealcoy.es\/wp-content\/uploads\/2025\/04\/unnamed-1-12-scaled-e1744208953696.jpg\" \/>\n\t<meta property=\"og:image:width\" content=\"1438\" \/>\n\t<meta property=\"og:image:height\" content=\"797\" \/>\n\t<meta property=\"og:image:type\" content=\"image\/jpeg\" \/>\n<meta name=\"author\" content=\"Cope Alcoy\" \/>\n<meta name=\"twitter:label1\" content=\"Escrito por\" \/>\n\t<meta name=\"twitter:data1\" content=\"Cope Alcoy\" \/>\n\t<meta name=\"twitter:label2\" content=\"Tiempo de lectura\" \/>\n\t<meta name=\"twitter:data2\" content=\"3 minutos\" \/>\n<script type=\"application\/ld+json\" class=\"yoast-schema-graph\">{\"@context\":\"https:\\\/\\\/schema.org\",\"@graph\":[{\"@type\":\"Article\",\"@id\":\"https:\\\/\\\/www.copealcoy.es\\\/es\\\/el-campus-de-alcoy-de-la-upv-tendra-un-laboratorio-audiovisual-con-el-apoyo-de-la-diputacion\\\/#article\",\"isPartOf\":{\"@id\":\"https:\\\/\\\/www.copealcoy.es\\\/es\\\/el-campus-de-alcoy-de-la-upv-tendra-un-laboratorio-audiovisual-con-el-apoyo-de-la-diputacion\\\/\"},\"author\":{\"name\":\"Cope Alcoy\",\"@id\":\"https:\\\/\\\/www.copealcoy.es\\\/es\\\/#\\\/schema\\\/person\\\/e777c87fa024e57d40170af9df39882c\"},\"headline\":\"El Campus de Alcoy de la UPV tendr\u00e1 un laboratorio audiovisual con el apoyo de la Diputaci\u00f3n\",\"datePublished\":\"2025-04-09T14:29:59+00:00\",\"dateModified\":\"2025-04-09T14:35:46+00:00\",\"mainEntityOfPage\":{\"@id\":\"https:\\\/\\\/www.copealcoy.es\\\/es\\\/el-campus-de-alcoy-de-la-upv-tendra-un-laboratorio-audiovisual-con-el-apoyo-de-la-diputacion\\\/\"},\"wordCount\":402,\"commentCount\":0,\"image\":{\"@id\":\"https:\\\/\\\/www.copealcoy.es\\\/es\\\/el-campus-de-alcoy-de-la-upv-tendra-un-laboratorio-audiovisual-con-el-apoyo-de-la-diputacion\\\/#primaryimage\"},\"thumbnailUrl\":\"https:\\\/\\\/www.copealcoy.es\\\/wp-content\\\/uploads\\\/2025\\\/04\\\/unnamed-1-12-scaled-e1744208953696.jpg\",\"keywords\":[\"Alcoy\",\"Campus UPV\",\"Carlos Pastor\",\"laboratorio audiovisual\",\"Pau Bernab\u00e9u\"],\"articleSection\":[\"Actualidad\",\"Alcoy\",\"Campus de Alcoy\",\"Educaci\u00f3n\",\"Noticias\",\"Portada\"],\"inLanguage\":\"es\"},{\"@type\":\"WebPage\",\"@id\":\"https:\\\/\\\/www.copealcoy.es\\\/es\\\/el-campus-de-alcoy-de-la-upv-tendra-un-laboratorio-audiovisual-con-el-apoyo-de-la-diputacion\\\/\",\"url\":\"https:\\\/\\\/www.copealcoy.es\\\/es\\\/el-campus-de-alcoy-de-la-upv-tendra-un-laboratorio-audiovisual-con-el-apoyo-de-la-diputacion\\\/\",\"name\":\"El Campus de Alcoy de la UPV tendr\u00e1 un laboratorio audiovisual con el apoyo de la Diputaci\u00f3n - COPE Alcoy\",\"isPartOf\":{\"@id\":\"https:\\\/\\\/www.copealcoy.es\\\/es\\\/#website\"},\"primaryImageOfPage\":{\"@id\":\"https:\\\/\\\/www.copealcoy.es\\\/es\\\/el-campus-de-alcoy-de-la-upv-tendra-un-laboratorio-audiovisual-con-el-apoyo-de-la-diputacion\\\/#primaryimage\"},\"image\":{\"@id\":\"https:\\\/\\\/www.copealcoy.es\\\/es\\\/el-campus-de-alcoy-de-la-upv-tendra-un-laboratorio-audiovisual-con-el-apoyo-de-la-diputacion\\\/#primaryimage\"},\"thumbnailUrl\":\"https:\\\/\\\/www.copealcoy.es\\\/wp-content\\\/uploads\\\/2025\\\/04\\\/unnamed-1-12-scaled-e1744208953696.jpg\",\"datePublished\":\"2025-04-09T14:29:59+00:00\",\"dateModified\":\"2025-04-09T14:35:46+00:00\",\"author\":{\"@id\":\"https:\\\/\\\/www.copealcoy.es\\\/es\\\/#\\\/schema\\\/person\\\/e777c87fa024e57d40170af9df39882c\"},\"description\":\"El Campus de Alcoy de la Universidad Polit\u00e9cnica de Valencia contar\u00e1 con un laboratorio audiovisual, que recibe el nombre de Learning Factory, y que ser\u00e1 una realidad con el apoyo de la Diputaci\u00f3n de Alicante\",\"breadcrumb\":{\"@id\":\"https:\\\/\\\/www.copealcoy.es\\\/es\\\/el-campus-de-alcoy-de-la-upv-tendra-un-laboratorio-audiovisual-con-el-apoyo-de-la-diputacion\\\/#breadcrumb\"},\"inLanguage\":\"es\",\"potentialAction\":[{\"@type\":\"ReadAction\",\"target\":[\"https:\\\/\\\/www.copealcoy.es\\\/es\\\/el-campus-de-alcoy-de-la-upv-tendra-un-laboratorio-audiovisual-con-el-apoyo-de-la-diputacion\\\/\"]}]},{\"@type\":\"ImageObject\",\"inLanguage\":\"es\",\"@id\":\"https:\\\/\\\/www.copealcoy.es\\\/es\\\/el-campus-de-alcoy-de-la-upv-tendra-un-laboratorio-audiovisual-con-el-apoyo-de-la-diputacion\\\/#primaryimage\",\"url\":\"https:\\\/\\\/www.copealcoy.es\\\/wp-content\\\/uploads\\\/2025\\\/04\\\/unnamed-1-12-scaled-e1744208953696.jpg\",\"contentUrl\":\"https:\\\/\\\/www.copealcoy.es\\\/wp-content\\\/uploads\\\/2025\\\/04\\\/unnamed-1-12-scaled-e1744208953696.jpg\",\"width\":1438,\"height\":797},{\"@type\":\"BreadcrumbList\",\"@id\":\"https:\\\/\\\/www.copealcoy.es\\\/es\\\/el-campus-de-alcoy-de-la-upv-tendra-un-laboratorio-audiovisual-con-el-apoyo-de-la-diputacion\\\/#breadcrumb\",\"itemListElement\":[{\"@type\":\"ListItem\",\"position\":1,\"name\":\"Portada\",\"item\":\"https:\\\/\\\/www.copealcoy.es\\\/es\\\/\"},{\"@type\":\"ListItem\",\"position\":2,\"name\":\"El Campus de Alcoy de la UPV tendr\u00e1 un laboratorio audiovisual con el apoyo de la Diputaci\u00f3n\"}]},{\"@type\":\"WebSite\",\"@id\":\"https:\\\/\\\/www.copealcoy.es\\\/es\\\/#website\",\"url\":\"https:\\\/\\\/www.copealcoy.es\\\/es\\\/\",\"name\":\"COPE Alcoy\",\"description\":\"Emisora COPE de radio local con emisi\u00f3n online. Pont de Sant Jordi 8-10 03803 Alcoy\",\"potentialAction\":[{\"@type\":\"SearchAction\",\"target\":{\"@type\":\"EntryPoint\",\"urlTemplate\":\"https:\\\/\\\/www.copealcoy.es\\\/es\\\/?s={search_term_string}\"},\"query-input\":{\"@type\":\"PropertyValueSpecification\",\"valueRequired\":true,\"valueName\":\"search_term_string\"}}],\"inLanguage\":\"es\"},{\"@type\":\"Person\",\"@id\":\"https:\\\/\\\/www.copealcoy.es\\\/es\\\/#\\\/schema\\\/person\\\/e777c87fa024e57d40170af9df39882c\",\"name\":\"Cope Alcoy\",\"image\":{\"@type\":\"ImageObject\",\"inLanguage\":\"es\",\"@id\":\"https:\\\/\\\/secure.gravatar.com\\\/avatar\\\/bb65d0283347e303893ba14f0692005417c1e0e690a325a4c5d8bb2b3943ee14?s=96&d=mm&r=g\",\"url\":\"https:\\\/\\\/secure.gravatar.com\\\/avatar\\\/bb65d0283347e303893ba14f0692005417c1e0e690a325a4c5d8bb2b3943ee14?s=96&d=mm&r=g\",\"contentUrl\":\"https:\\\/\\\/secure.gravatar.com\\\/avatar\\\/bb65d0283347e303893ba14f0692005417c1e0e690a325a4c5d8bb2b3943ee14?s=96&d=mm&r=g\",\"caption\":\"Cope Alcoy\"}}]}<\/script>\n<!-- \/ Yoast SEO plugin. -->","yoast_head_json":{"title":"El Campus de Alcoy de la UPV tendr\u00e1 un laboratorio audiovisual con el apoyo de la Diputaci\u00f3n - COPE Alcoy","description":"El Campus de Alcoy de la Universidad Polit\u00e9cnica de Valencia contar\u00e1 con un laboratorio audiovisual, que recibe el nombre de Learning Factory, y que ser\u00e1 una realidad con el apoyo de la Diputaci\u00f3n de Alicante","robots":{"index":"index","follow":"follow","max-snippet":"max-snippet:-1","max-image-preview":"max-image-preview:large","max-video-preview":"max-video-preview:-1"},"canonical":"https:\/\/www.copealcoy.es\/es\/el-campus-de-alcoy-de-la-upv-tendra-un-laboratorio-audiovisual-con-el-apoyo-de-la-diputacion\/","og_locale":"es_ES","og_type":"article","og_title":"El Campus de Alcoy de la UPV tendr\u00e1 un laboratorio audiovisual con el apoyo de la Diputaci\u00f3n - COPE Alcoy","og_description":"El Campus de Alcoy de la Universidad Polit\u00e9cnica de Valencia contar\u00e1 con un laboratorio audiovisual, que recibe el nombre de Learning Factory, y que ser\u00e1 una realidad con el apoyo de la Diputaci\u00f3n de Alicante","og_url":"https:\/\/www.copealcoy.es\/es\/el-campus-de-alcoy-de-la-upv-tendra-un-laboratorio-audiovisual-con-el-apoyo-de-la-diputacion\/","og_site_name":"COPE Alcoy","article_published_time":"2025-04-09T14:29:59+00:00","article_modified_time":"2025-04-09T14:35:46+00:00","og_image":[{"width":1438,"height":797,"url":"https:\/\/www.copealcoy.es\/wp-content\/uploads\/2025\/04\/unnamed-1-12-scaled-e1744208953696.jpg","type":"image\/jpeg"}],"author":"Cope Alcoy","twitter_misc":{"Escrito por":"Cope Alcoy","Tiempo de lectura":"3 minutos"},"schema":{"@context":"https:\/\/schema.org","@graph":[{"@type":"Article","@id":"https:\/\/www.copealcoy.es\/es\/el-campus-de-alcoy-de-la-upv-tendra-un-laboratorio-audiovisual-con-el-apoyo-de-la-diputacion\/#article","isPartOf":{"@id":"https:\/\/www.copealcoy.es\/es\/el-campus-de-alcoy-de-la-upv-tendra-un-laboratorio-audiovisual-con-el-apoyo-de-la-diputacion\/"},"author":{"name":"Cope Alcoy","@id":"https:\/\/www.copealcoy.es\/es\/#\/schema\/person\/e777c87fa024e57d40170af9df39882c"},"headline":"El Campus de Alcoy de la UPV tendr\u00e1 un laboratorio audiovisual con el apoyo de la Diputaci\u00f3n","datePublished":"2025-04-09T14:29:59+00:00","dateModified":"2025-04-09T14:35:46+00:00","mainEntityOfPage":{"@id":"https:\/\/www.copealcoy.es\/es\/el-campus-de-alcoy-de-la-upv-tendra-un-laboratorio-audiovisual-con-el-apoyo-de-la-diputacion\/"},"wordCount":402,"commentCount":0,"image":{"@id":"https:\/\/www.copealcoy.es\/es\/el-campus-de-alcoy-de-la-upv-tendra-un-laboratorio-audiovisual-con-el-apoyo-de-la-diputacion\/#primaryimage"},"thumbnailUrl":"https:\/\/www.copealcoy.es\/wp-content\/uploads\/2025\/04\/unnamed-1-12-scaled-e1744208953696.jpg","keywords":["Alcoy","Campus UPV","Carlos Pastor","laboratorio audiovisual","Pau Bernab\u00e9u"],"articleSection":["Actualidad","Alcoy","Campus de Alcoy","Educaci\u00f3n","Noticias","Portada"],"inLanguage":"es"},{"@type":"WebPage","@id":"https:\/\/www.copealcoy.es\/es\/el-campus-de-alcoy-de-la-upv-tendra-un-laboratorio-audiovisual-con-el-apoyo-de-la-diputacion\/","url":"https:\/\/www.copealcoy.es\/es\/el-campus-de-alcoy-de-la-upv-tendra-un-laboratorio-audiovisual-con-el-apoyo-de-la-diputacion\/","name":"El Campus de Alcoy de la UPV tendr\u00e1 un laboratorio audiovisual con el apoyo de la Diputaci\u00f3n - COPE Alcoy","isPartOf":{"@id":"https:\/\/www.copealcoy.es\/es\/#website"},"primaryImageOfPage":{"@id":"https:\/\/www.copealcoy.es\/es\/el-campus-de-alcoy-de-la-upv-tendra-un-laboratorio-audiovisual-con-el-apoyo-de-la-diputacion\/#primaryimage"},"image":{"@id":"https:\/\/www.copealcoy.es\/es\/el-campus-de-alcoy-de-la-upv-tendra-un-laboratorio-audiovisual-con-el-apoyo-de-la-diputacion\/#primaryimage"},"thumbnailUrl":"https:\/\/www.copealcoy.es\/wp-content\/uploads\/2025\/04\/unnamed-1-12-scaled-e1744208953696.jpg","datePublished":"2025-04-09T14:29:59+00:00","dateModified":"2025-04-09T14:35:46+00:00","author":{"@id":"https:\/\/www.copealcoy.es\/es\/#\/schema\/person\/e777c87fa024e57d40170af9df39882c"},"description":"El Campus de Alcoy de la Universidad Polit\u00e9cnica de Valencia contar\u00e1 con un laboratorio audiovisual, que recibe el nombre de Learning Factory, y que ser\u00e1 una realidad con el apoyo de la Diputaci\u00f3n de Alicante","breadcrumb":{"@id":"https:\/\/www.copealcoy.es\/es\/el-campus-de-alcoy-de-la-upv-tendra-un-laboratorio-audiovisual-con-el-apoyo-de-la-diputacion\/#breadcrumb"},"inLanguage":"es","potentialAction":[{"@type":"ReadAction","target":["https:\/\/www.copealcoy.es\/es\/el-campus-de-alcoy-de-la-upv-tendra-un-laboratorio-audiovisual-con-el-apoyo-de-la-diputacion\/"]}]},{"@type":"ImageObject","inLanguage":"es","@id":"https:\/\/www.copealcoy.es\/es\/el-campus-de-alcoy-de-la-upv-tendra-un-laboratorio-audiovisual-con-el-apoyo-de-la-diputacion\/#primaryimage","url":"https:\/\/www.copealcoy.es\/wp-content\/uploads\/2025\/04\/unnamed-1-12-scaled-e1744208953696.jpg","contentUrl":"https:\/\/www.copealcoy.es\/wp-content\/uploads\/2025\/04\/unnamed-1-12-scaled-e1744208953696.jpg","width":1438,"height":797},{"@type":"BreadcrumbList","@id":"https:\/\/www.copealcoy.es\/es\/el-campus-de-alcoy-de-la-upv-tendra-un-laboratorio-audiovisual-con-el-apoyo-de-la-diputacion\/#breadcrumb","itemListElement":[{"@type":"ListItem","position":1,"name":"Portada","item":"https:\/\/www.copealcoy.es\/es\/"},{"@type":"ListItem","position":2,"name":"El Campus de Alcoy de la UPV tendr\u00e1 un laboratorio audiovisual con el apoyo de la Diputaci\u00f3n"}]},{"@type":"WebSite","@id":"https:\/\/www.copealcoy.es\/es\/#website","url":"https:\/\/www.copealcoy.es\/es\/","name":"COPE Alcoy","description":"Emisora COPE de radio local con emisi\u00f3n online. Pont de Sant Jordi 8-10 03803 Alcoy","potentialAction":[{"@type":"SearchAction","target":{"@type":"EntryPoint","urlTemplate":"https:\/\/www.copealcoy.es\/es\/?s={search_term_string}"},"query-input":{"@type":"PropertyValueSpecification","valueRequired":true,"valueName":"search_term_string"}}],"inLanguage":"es"},{"@type":"Person","@id":"https:\/\/www.copealcoy.es\/es\/#\/schema\/person\/e777c87fa024e57d40170af9df39882c","name":"Cope Alcoy","image":{"@type":"ImageObject","inLanguage":"es","@id":"https:\/\/secure.gravatar.com\/avatar\/bb65d0283347e303893ba14f0692005417c1e0e690a325a4c5d8bb2b3943ee14?s=96&d=mm&r=g","url":"https:\/\/secure.gravatar.com\/avatar\/bb65d0283347e303893ba14f0692005417c1e0e690a325a4c5d8bb2b3943ee14?s=96&d=mm&r=g","contentUrl":"https:\/\/secure.gravatar.com\/avatar\/bb65d0283347e303893ba14f0692005417c1e0e690a325a4c5d8bb2b3943ee14?s=96&d=mm&r=g","caption":"Cope Alcoy"}}]}},"_links":{"self":[{"href":"https:\/\/www.copealcoy.es\/es\/wp-json\/wp\/v2\/posts\/150200","targetHints":{"allow":["GET"]}}],"collection":[{"href":"https:\/\/www.copealcoy.es\/es\/wp-json\/wp\/v2\/posts"}],"about":[{"href":"https:\/\/www.copealcoy.es\/es\/wp-json\/wp\/v2\/types\/post"}],"author":[{"embeddable":true,"href":"https:\/\/www.copealcoy.es\/es\/wp-json\/wp\/v2\/users\/1"}],"replies":[{"embeddable":true,"href":"https:\/\/www.copealcoy.es\/es\/wp-json\/wp\/v2\/comments?post=150200"}],"version-history":[{"count":0,"href":"https:\/\/www.copealcoy.es\/es\/wp-json\/wp\/v2\/posts\/150200\/revisions"}],"wp:featuredmedia":[{"embeddable":true,"href":"https:\/\/www.copealcoy.es\/es\/wp-json\/wp\/v2\/media\/150201"}],"wp:attachment":[{"href":"https:\/\/www.copealcoy.es\/es\/wp-json\/wp\/v2\/media?parent=150200"}],"wp:term":[{"taxonomy":"category","embeddable":true,"href":"https:\/\/www.copealcoy.es\/es\/wp-json\/wp\/v2\/categories?post=150200"},{"taxonomy":"post_tag","embeddable":true,"href":"https:\/\/www.copealcoy.es\/es\/wp-json\/wp\/v2\/tags?post=150200"}],"curies":[{"name":"wp","href":"https:\/\/api.w.org\/{rel}","templated":true}]}}