{"id":150140,"date":"2025-04-09T09:00:40","date_gmt":"2025-04-09T08:00:40","guid":{"rendered":"https:\/\/www.copealcoy.es\/?p=150140"},"modified":"2025-04-09T16:46:21","modified_gmt":"2025-04-09T15:46:21","slug":"lescola-dart-de-alcoy-apuesta-por-la-moda-sostenible-junto-a-la-asociacion-proyecto-lazaro","status":"publish","type":"post","link":"https:\/\/www.copealcoy.es\/es\/lescola-dart-de-alcoy-apuesta-por-la-moda-sostenible-junto-a-la-asociacion-proyecto-lazaro\/","title":{"rendered":"L&#8217;Escola d&#8217;Art de Alcoy apuesta por la moda sostenible junto a la Asociaci\u00f3n Proyecto L\u00e1zaro"},"content":{"rendered":"<p style=\"text-align: justify;\">La <strong>Asociaci\u00f3n Proyecto L\u00e1zaro<\/strong>, en colaboraci\u00f3n con <a href=\"https:\/\/www.easdalcoi.es\/es\/\" target=\"_blank\" rel=\"noopener\"><span style=\"color: #0000ff;\"><strong>la Escola d&#8217;Art i Superior de Disseny de Alcoy (EASDALCOI)<\/strong><\/span><\/a> y la dise\u00f1adora de moda M\u00aaCarmen Perles, ex-alumna de la escuela, han hecho posible la celebraci\u00f3n de <strong>la II Edici\u00f3n del Concurso de Moda Sostenible<\/strong>. Este certamen <strong>est\u00e1 dirigido<\/strong> a los alumnos y alumnas de la asignatura \u201cModa Sostenible\u201d para el curso 2024-2025.<\/p>\n<p style=\"text-align: justify;\">Proyecto L\u00e1zaro es una organizaci\u00f3n sin \u00e1nimo de lucro que <strong>se dedica a promover la sostenibilidad en el sector de la moda<\/strong> y a generar empleo para personas en riesgo de exclusi\u00f3n social. Su labor se centra en <strong>la gesti\u00f3n del textil y el calzado<\/strong>, ofreciendo a estos materiales una segunda oportunidad.<\/p>\n<p style=\"text-align: justify;\">El concurso <strong>tiene como objetivo principal<\/strong> fomentar conceptos clave como sostenibilidad, versatilidad, genderful, transparencia en los proyectos y oversize. Los participantes tuvieron que <strong>crear un look completo<\/strong>, que evolucione hacia un m\u00ednimo de tres variaciones adicionales, y utilizando para ello materiales reciclados.<\/p>\n<p style=\"text-align: justify;\">En esta ocasi\u00f3n, los premios del concurso fueron otorgados a los siguientes participantes:<\/p>\n<ul style=\"text-align: justify;\">\n<li><strong>1er Premio:<\/strong> Nora Zaitouni Allali por su creaci\u00f3n &#8220;Imagina&#8221;<\/li>\n<li><strong>2\u00ba Premio:<\/strong> Micaela Paredes Sarmiento por su dise\u00f1o &#8220;Pad&#8221;<\/li>\n<li><strong>3er Premio:<\/strong> Paula Y\u00e1\u00f1ez Bello por su propuesta &#8220;Se Alquila&#8221;<\/li>\n<\/ul>\n<p style=\"text-align: justify;\">Adem\u00e1s, seg\u00fan la informaci\u00f3n facilitada, <strong>se otorg\u00f3 una menci\u00f3n de honor a Patricia S\u00e1nchez Arista<\/strong> por su trabajo &#8220;Caja de Recuerdos&#8221;.<\/p>\n<p style=\"text-align: justify;\">El <strong>jurado del concurso<\/strong> estuvo compuesto por Laura Tenza, integradora social de Proyecto L\u00e1zaro; M\u00aaCarmen Perles, dise\u00f1adora de moda; N\u00e9us Flores, responsable de comunicaci\u00f3n de Proyecto L\u00e1zaro; Andrea Coderch, dise\u00f1adora de Coba Complements; y Diana G\u00f3mez, profesora de la asignatura Moda Sostenible en EASD Alcoi. Todas ellas, en los diferentes proyectos presentados, <strong>valoraron cuestiones<\/strong> como la investigaci\u00f3n, el proceso creativo y la capacidad resolutiva para transformar materiales con desperfectos en prendas valiosas y funcionales mediante t\u00e9cnicas de dise\u00f1o, patronaje o confecci\u00f3n.<\/p>\n","protected":false},"excerpt":{"rendered":"<p>La Asociaci\u00f3n Proyecto L\u00e1zaro, en colaboraci\u00f3n con la Escola d&#8217;Art i Superior de Disseny de Alcoy (EASDALCOI) y la dise\u00f1adora&#8230;<\/p>\n","protected":false},"author":1,"featured_media":150142,"comment_status":"open","ping_status":"open","sticky":false,"template":"","format":"standard","meta":{"footnotes":""},"categories":[6909,97,75],"tags":[1494,17078,451,19409],"class_list":["post-150140","post","type-post","status-publish","format-standard","has-post-thumbnail","hentry","category-actualidad","category-alcoy","category-noticias","tag-alcoy","tag-easda","tag-premios","tag-proyecto-lazaro"],"yoast_head":"<!-- This site is optimized with the Yoast SEO plugin v27.3 - https:\/\/yoast.com\/product\/yoast-seo-wordpress\/ -->\n<title>L&#039;Escola d&#039;Art de Alcoy apuesta por la moda sostenible junto a la Asociaci\u00f3n Proyecto L\u00e1zaro - COPE Alcoy<\/title>\n<meta name=\"description\" content=\"La Asociaci\u00f3n Proyecto L\u00e1zaro, en colaboraci\u00f3n con la Escola d&#039;Art i Superior de Disseny de Alcoy, han hecho posible la celebraci\u00f3n de la II Edici\u00f3n del Concurso de Moda Sostenible\" \/>\n<meta name=\"robots\" content=\"index, follow, max-snippet:-1, max-image-preview:large, max-video-preview:-1\" \/>\n<link rel=\"canonical\" href=\"https:\/\/www.copealcoy.es\/es\/lescola-dart-de-alcoy-apuesta-por-la-moda-sostenible-junto-a-la-asociacion-proyecto-lazaro\/\" \/>\n<meta property=\"og:locale\" content=\"es_ES\" \/>\n<meta property=\"og:type\" content=\"article\" \/>\n<meta property=\"og:title\" content=\"L&#039;Escola d&#039;Art de Alcoy apuesta por la moda sostenible junto a la Asociaci\u00f3n Proyecto L\u00e1zaro - COPE Alcoy\" \/>\n<meta property=\"og:description\" content=\"La Asociaci\u00f3n Proyecto L\u00e1zaro, en colaboraci\u00f3n con la Escola d&#039;Art i Superior de Disseny de Alcoy, han hecho posible la celebraci\u00f3n de la II Edici\u00f3n del Concurso de Moda Sostenible\" \/>\n<meta property=\"og:url\" content=\"https:\/\/www.copealcoy.es\/es\/lescola-dart-de-alcoy-apuesta-por-la-moda-sostenible-junto-a-la-asociacion-proyecto-lazaro\/\" \/>\n<meta property=\"og:site_name\" content=\"COPE Alcoy\" \/>\n<meta property=\"article:published_time\" content=\"2025-04-09T08:00:40+00:00\" \/>\n<meta property=\"article:modified_time\" content=\"2025-04-09T15:46:21+00:00\" \/>\n<meta property=\"og:image\" content=\"https:\/\/www.copealcoy.es\/wp-content\/uploads\/2025\/04\/0-e1744213544738.jpg\" \/>\n\t<meta property=\"og:image:width\" content=\"899\" \/>\n\t<meta property=\"og:image:height\" content=\"447\" \/>\n\t<meta property=\"og:image:type\" content=\"image\/jpeg\" \/>\n<meta name=\"author\" content=\"Cope Alcoy\" \/>\n<meta name=\"twitter:label1\" content=\"Escrito por\" \/>\n\t<meta name=\"twitter:data1\" content=\"Cope Alcoy\" \/>\n\t<meta name=\"twitter:label2\" content=\"Tiempo de lectura\" \/>\n\t<meta name=\"twitter:data2\" content=\"2 minutos\" \/>\n<script type=\"application\/ld+json\" class=\"yoast-schema-graph\">{\"@context\":\"https:\\\/\\\/schema.org\",\"@graph\":[{\"@type\":\"Article\",\"@id\":\"https:\\\/\\\/www.copealcoy.es\\\/es\\\/lescola-dart-de-alcoy-apuesta-por-la-moda-sostenible-junto-a-la-asociacion-proyecto-lazaro\\\/#article\",\"isPartOf\":{\"@id\":\"https:\\\/\\\/www.copealcoy.es\\\/es\\\/lescola-dart-de-alcoy-apuesta-por-la-moda-sostenible-junto-a-la-asociacion-proyecto-lazaro\\\/\"},\"author\":{\"name\":\"Cope Alcoy\",\"@id\":\"https:\\\/\\\/www.copealcoy.es\\\/es\\\/#\\\/schema\\\/person\\\/e777c87fa024e57d40170af9df39882c\"},\"headline\":\"L&#8217;Escola d&#8217;Art de Alcoy apuesta por la moda sostenible junto a la Asociaci\u00f3n Proyecto L\u00e1zaro\",\"datePublished\":\"2025-04-09T08:00:40+00:00\",\"dateModified\":\"2025-04-09T15:46:21+00:00\",\"mainEntityOfPage\":{\"@id\":\"https:\\\/\\\/www.copealcoy.es\\\/es\\\/lescola-dart-de-alcoy-apuesta-por-la-moda-sostenible-junto-a-la-asociacion-proyecto-lazaro\\\/\"},\"wordCount\":349,\"commentCount\":0,\"image\":{\"@id\":\"https:\\\/\\\/www.copealcoy.es\\\/es\\\/lescola-dart-de-alcoy-apuesta-por-la-moda-sostenible-junto-a-la-asociacion-proyecto-lazaro\\\/#primaryimage\"},\"thumbnailUrl\":\"https:\\\/\\\/www.copealcoy.es\\\/wp-content\\\/uploads\\\/2025\\\/04\\\/0-e1744213544738.jpg\",\"keywords\":[\"Alcoy\",\"EASDA\",\"Premios\",\"Proyecto L\u00e1zaro\"],\"articleSection\":[\"Actualidad\",\"Alcoy\",\"Noticias\"],\"inLanguage\":\"es\"},{\"@type\":\"WebPage\",\"@id\":\"https:\\\/\\\/www.copealcoy.es\\\/es\\\/lescola-dart-de-alcoy-apuesta-por-la-moda-sostenible-junto-a-la-asociacion-proyecto-lazaro\\\/\",\"url\":\"https:\\\/\\\/www.copealcoy.es\\\/es\\\/lescola-dart-de-alcoy-apuesta-por-la-moda-sostenible-junto-a-la-asociacion-proyecto-lazaro\\\/\",\"name\":\"L'Escola d'Art de Alcoy apuesta por la moda sostenible junto a la Asociaci\u00f3n Proyecto L\u00e1zaro - COPE Alcoy\",\"isPartOf\":{\"@id\":\"https:\\\/\\\/www.copealcoy.es\\\/es\\\/#website\"},\"primaryImageOfPage\":{\"@id\":\"https:\\\/\\\/www.copealcoy.es\\\/es\\\/lescola-dart-de-alcoy-apuesta-por-la-moda-sostenible-junto-a-la-asociacion-proyecto-lazaro\\\/#primaryimage\"},\"image\":{\"@id\":\"https:\\\/\\\/www.copealcoy.es\\\/es\\\/lescola-dart-de-alcoy-apuesta-por-la-moda-sostenible-junto-a-la-asociacion-proyecto-lazaro\\\/#primaryimage\"},\"thumbnailUrl\":\"https:\\\/\\\/www.copealcoy.es\\\/wp-content\\\/uploads\\\/2025\\\/04\\\/0-e1744213544738.jpg\",\"datePublished\":\"2025-04-09T08:00:40+00:00\",\"dateModified\":\"2025-04-09T15:46:21+00:00\",\"author\":{\"@id\":\"https:\\\/\\\/www.copealcoy.es\\\/es\\\/#\\\/schema\\\/person\\\/e777c87fa024e57d40170af9df39882c\"},\"description\":\"La Asociaci\u00f3n Proyecto L\u00e1zaro, en colaboraci\u00f3n con la Escola d'Art i Superior de Disseny de Alcoy, han hecho posible la celebraci\u00f3n de la II Edici\u00f3n del Concurso de Moda Sostenible\",\"breadcrumb\":{\"@id\":\"https:\\\/\\\/www.copealcoy.es\\\/es\\\/lescola-dart-de-alcoy-apuesta-por-la-moda-sostenible-junto-a-la-asociacion-proyecto-lazaro\\\/#breadcrumb\"},\"inLanguage\":\"es\",\"potentialAction\":[{\"@type\":\"ReadAction\",\"target\":[\"https:\\\/\\\/www.copealcoy.es\\\/es\\\/lescola-dart-de-alcoy-apuesta-por-la-moda-sostenible-junto-a-la-asociacion-proyecto-lazaro\\\/\"]}]},{\"@type\":\"ImageObject\",\"inLanguage\":\"es\",\"@id\":\"https:\\\/\\\/www.copealcoy.es\\\/es\\\/lescola-dart-de-alcoy-apuesta-por-la-moda-sostenible-junto-a-la-asociacion-proyecto-lazaro\\\/#primaryimage\",\"url\":\"https:\\\/\\\/www.copealcoy.es\\\/wp-content\\\/uploads\\\/2025\\\/04\\\/0-e1744213544738.jpg\",\"contentUrl\":\"https:\\\/\\\/www.copealcoy.es\\\/wp-content\\\/uploads\\\/2025\\\/04\\\/0-e1744213544738.jpg\",\"width\":899,\"height\":447},{\"@type\":\"BreadcrumbList\",\"@id\":\"https:\\\/\\\/www.copealcoy.es\\\/es\\\/lescola-dart-de-alcoy-apuesta-por-la-moda-sostenible-junto-a-la-asociacion-proyecto-lazaro\\\/#breadcrumb\",\"itemListElement\":[{\"@type\":\"ListItem\",\"position\":1,\"name\":\"Portada\",\"item\":\"https:\\\/\\\/www.copealcoy.es\\\/es\\\/\"},{\"@type\":\"ListItem\",\"position\":2,\"name\":\"L&#8217;Escola d&#8217;Art de Alcoy apuesta por la moda sostenible junto a la Asociaci\u00f3n Proyecto L\u00e1zaro\"}]},{\"@type\":\"WebSite\",\"@id\":\"https:\\\/\\\/www.copealcoy.es\\\/es\\\/#website\",\"url\":\"https:\\\/\\\/www.copealcoy.es\\\/es\\\/\",\"name\":\"COPE Alcoy\",\"description\":\"Emisora COPE de radio local con emisi\u00f3n online. Pont de Sant Jordi 8-10 03803 Alcoy\",\"potentialAction\":[{\"@type\":\"SearchAction\",\"target\":{\"@type\":\"EntryPoint\",\"urlTemplate\":\"https:\\\/\\\/www.copealcoy.es\\\/es\\\/?s={search_term_string}\"},\"query-input\":{\"@type\":\"PropertyValueSpecification\",\"valueRequired\":true,\"valueName\":\"search_term_string\"}}],\"inLanguage\":\"es\"},{\"@type\":\"Person\",\"@id\":\"https:\\\/\\\/www.copealcoy.es\\\/es\\\/#\\\/schema\\\/person\\\/e777c87fa024e57d40170af9df39882c\",\"name\":\"Cope Alcoy\",\"image\":{\"@type\":\"ImageObject\",\"inLanguage\":\"es\",\"@id\":\"https:\\\/\\\/secure.gravatar.com\\\/avatar\\\/bb65d0283347e303893ba14f0692005417c1e0e690a325a4c5d8bb2b3943ee14?s=96&d=mm&r=g\",\"url\":\"https:\\\/\\\/secure.gravatar.com\\\/avatar\\\/bb65d0283347e303893ba14f0692005417c1e0e690a325a4c5d8bb2b3943ee14?s=96&d=mm&r=g\",\"contentUrl\":\"https:\\\/\\\/secure.gravatar.com\\\/avatar\\\/bb65d0283347e303893ba14f0692005417c1e0e690a325a4c5d8bb2b3943ee14?s=96&d=mm&r=g\",\"caption\":\"Cope Alcoy\"}}]}<\/script>\n<!-- \/ Yoast SEO plugin. -->","yoast_head_json":{"title":"L'Escola d'Art de Alcoy apuesta por la moda sostenible junto a la Asociaci\u00f3n Proyecto L\u00e1zaro - COPE Alcoy","description":"La Asociaci\u00f3n Proyecto L\u00e1zaro, en colaboraci\u00f3n con la Escola d'Art i Superior de Disseny de Alcoy, han hecho posible la celebraci\u00f3n de la II Edici\u00f3n del Concurso de Moda Sostenible","robots":{"index":"index","follow":"follow","max-snippet":"max-snippet:-1","max-image-preview":"max-image-preview:large","max-video-preview":"max-video-preview:-1"},"canonical":"https:\/\/www.copealcoy.es\/es\/lescola-dart-de-alcoy-apuesta-por-la-moda-sostenible-junto-a-la-asociacion-proyecto-lazaro\/","og_locale":"es_ES","og_type":"article","og_title":"L'Escola d'Art de Alcoy apuesta por la moda sostenible junto a la Asociaci\u00f3n Proyecto L\u00e1zaro - COPE Alcoy","og_description":"La Asociaci\u00f3n Proyecto L\u00e1zaro, en colaboraci\u00f3n con la Escola d'Art i Superior de Disseny de Alcoy, han hecho posible la celebraci\u00f3n de la II Edici\u00f3n del Concurso de Moda Sostenible","og_url":"https:\/\/www.copealcoy.es\/es\/lescola-dart-de-alcoy-apuesta-por-la-moda-sostenible-junto-a-la-asociacion-proyecto-lazaro\/","og_site_name":"COPE Alcoy","article_published_time":"2025-04-09T08:00:40+00:00","article_modified_time":"2025-04-09T15:46:21+00:00","og_image":[{"width":899,"height":447,"url":"https:\/\/www.copealcoy.es\/wp-content\/uploads\/2025\/04\/0-e1744213544738.jpg","type":"image\/jpeg"}],"author":"Cope Alcoy","twitter_misc":{"Escrito por":"Cope Alcoy","Tiempo de lectura":"2 minutos"},"schema":{"@context":"https:\/\/schema.org","@graph":[{"@type":"Article","@id":"https:\/\/www.copealcoy.es\/es\/lescola-dart-de-alcoy-apuesta-por-la-moda-sostenible-junto-a-la-asociacion-proyecto-lazaro\/#article","isPartOf":{"@id":"https:\/\/www.copealcoy.es\/es\/lescola-dart-de-alcoy-apuesta-por-la-moda-sostenible-junto-a-la-asociacion-proyecto-lazaro\/"},"author":{"name":"Cope Alcoy","@id":"https:\/\/www.copealcoy.es\/es\/#\/schema\/person\/e777c87fa024e57d40170af9df39882c"},"headline":"L&#8217;Escola d&#8217;Art de Alcoy apuesta por la moda sostenible junto a la Asociaci\u00f3n Proyecto L\u00e1zaro","datePublished":"2025-04-09T08:00:40+00:00","dateModified":"2025-04-09T15:46:21+00:00","mainEntityOfPage":{"@id":"https:\/\/www.copealcoy.es\/es\/lescola-dart-de-alcoy-apuesta-por-la-moda-sostenible-junto-a-la-asociacion-proyecto-lazaro\/"},"wordCount":349,"commentCount":0,"image":{"@id":"https:\/\/www.copealcoy.es\/es\/lescola-dart-de-alcoy-apuesta-por-la-moda-sostenible-junto-a-la-asociacion-proyecto-lazaro\/#primaryimage"},"thumbnailUrl":"https:\/\/www.copealcoy.es\/wp-content\/uploads\/2025\/04\/0-e1744213544738.jpg","keywords":["Alcoy","EASDA","Premios","Proyecto L\u00e1zaro"],"articleSection":["Actualidad","Alcoy","Noticias"],"inLanguage":"es"},{"@type":"WebPage","@id":"https:\/\/www.copealcoy.es\/es\/lescola-dart-de-alcoy-apuesta-por-la-moda-sostenible-junto-a-la-asociacion-proyecto-lazaro\/","url":"https:\/\/www.copealcoy.es\/es\/lescola-dart-de-alcoy-apuesta-por-la-moda-sostenible-junto-a-la-asociacion-proyecto-lazaro\/","name":"L'Escola d'Art de Alcoy apuesta por la moda sostenible junto a la Asociaci\u00f3n Proyecto L\u00e1zaro - COPE Alcoy","isPartOf":{"@id":"https:\/\/www.copealcoy.es\/es\/#website"},"primaryImageOfPage":{"@id":"https:\/\/www.copealcoy.es\/es\/lescola-dart-de-alcoy-apuesta-por-la-moda-sostenible-junto-a-la-asociacion-proyecto-lazaro\/#primaryimage"},"image":{"@id":"https:\/\/www.copealcoy.es\/es\/lescola-dart-de-alcoy-apuesta-por-la-moda-sostenible-junto-a-la-asociacion-proyecto-lazaro\/#primaryimage"},"thumbnailUrl":"https:\/\/www.copealcoy.es\/wp-content\/uploads\/2025\/04\/0-e1744213544738.jpg","datePublished":"2025-04-09T08:00:40+00:00","dateModified":"2025-04-09T15:46:21+00:00","author":{"@id":"https:\/\/www.copealcoy.es\/es\/#\/schema\/person\/e777c87fa024e57d40170af9df39882c"},"description":"La Asociaci\u00f3n Proyecto L\u00e1zaro, en colaboraci\u00f3n con la Escola d'Art i Superior de Disseny de Alcoy, han hecho posible la celebraci\u00f3n de la II Edici\u00f3n del Concurso de Moda Sostenible","breadcrumb":{"@id":"https:\/\/www.copealcoy.es\/es\/lescola-dart-de-alcoy-apuesta-por-la-moda-sostenible-junto-a-la-asociacion-proyecto-lazaro\/#breadcrumb"},"inLanguage":"es","potentialAction":[{"@type":"ReadAction","target":["https:\/\/www.copealcoy.es\/es\/lescola-dart-de-alcoy-apuesta-por-la-moda-sostenible-junto-a-la-asociacion-proyecto-lazaro\/"]}]},{"@type":"ImageObject","inLanguage":"es","@id":"https:\/\/www.copealcoy.es\/es\/lescola-dart-de-alcoy-apuesta-por-la-moda-sostenible-junto-a-la-asociacion-proyecto-lazaro\/#primaryimage","url":"https:\/\/www.copealcoy.es\/wp-content\/uploads\/2025\/04\/0-e1744213544738.jpg","contentUrl":"https:\/\/www.copealcoy.es\/wp-content\/uploads\/2025\/04\/0-e1744213544738.jpg","width":899,"height":447},{"@type":"BreadcrumbList","@id":"https:\/\/www.copealcoy.es\/es\/lescola-dart-de-alcoy-apuesta-por-la-moda-sostenible-junto-a-la-asociacion-proyecto-lazaro\/#breadcrumb","itemListElement":[{"@type":"ListItem","position":1,"name":"Portada","item":"https:\/\/www.copealcoy.es\/es\/"},{"@type":"ListItem","position":2,"name":"L&#8217;Escola d&#8217;Art de Alcoy apuesta por la moda sostenible junto a la Asociaci\u00f3n Proyecto L\u00e1zaro"}]},{"@type":"WebSite","@id":"https:\/\/www.copealcoy.es\/es\/#website","url":"https:\/\/www.copealcoy.es\/es\/","name":"COPE Alcoy","description":"Emisora COPE de radio local con emisi\u00f3n online. Pont de Sant Jordi 8-10 03803 Alcoy","potentialAction":[{"@type":"SearchAction","target":{"@type":"EntryPoint","urlTemplate":"https:\/\/www.copealcoy.es\/es\/?s={search_term_string}"},"query-input":{"@type":"PropertyValueSpecification","valueRequired":true,"valueName":"search_term_string"}}],"inLanguage":"es"},{"@type":"Person","@id":"https:\/\/www.copealcoy.es\/es\/#\/schema\/person\/e777c87fa024e57d40170af9df39882c","name":"Cope Alcoy","image":{"@type":"ImageObject","inLanguage":"es","@id":"https:\/\/secure.gravatar.com\/avatar\/bb65d0283347e303893ba14f0692005417c1e0e690a325a4c5d8bb2b3943ee14?s=96&d=mm&r=g","url":"https:\/\/secure.gravatar.com\/avatar\/bb65d0283347e303893ba14f0692005417c1e0e690a325a4c5d8bb2b3943ee14?s=96&d=mm&r=g","contentUrl":"https:\/\/secure.gravatar.com\/avatar\/bb65d0283347e303893ba14f0692005417c1e0e690a325a4c5d8bb2b3943ee14?s=96&d=mm&r=g","caption":"Cope Alcoy"}}]}},"_links":{"self":[{"href":"https:\/\/www.copealcoy.es\/es\/wp-json\/wp\/v2\/posts\/150140","targetHints":{"allow":["GET"]}}],"collection":[{"href":"https:\/\/www.copealcoy.es\/es\/wp-json\/wp\/v2\/posts"}],"about":[{"href":"https:\/\/www.copealcoy.es\/es\/wp-json\/wp\/v2\/types\/post"}],"author":[{"embeddable":true,"href":"https:\/\/www.copealcoy.es\/es\/wp-json\/wp\/v2\/users\/1"}],"replies":[{"embeddable":true,"href":"https:\/\/www.copealcoy.es\/es\/wp-json\/wp\/v2\/comments?post=150140"}],"version-history":[{"count":0,"href":"https:\/\/www.copealcoy.es\/es\/wp-json\/wp\/v2\/posts\/150140\/revisions"}],"wp:featuredmedia":[{"embeddable":true,"href":"https:\/\/www.copealcoy.es\/es\/wp-json\/wp\/v2\/media\/150142"}],"wp:attachment":[{"href":"https:\/\/www.copealcoy.es\/es\/wp-json\/wp\/v2\/media?parent=150140"}],"wp:term":[{"taxonomy":"category","embeddable":true,"href":"https:\/\/www.copealcoy.es\/es\/wp-json\/wp\/v2\/categories?post=150140"},{"taxonomy":"post_tag","embeddable":true,"href":"https:\/\/www.copealcoy.es\/es\/wp-json\/wp\/v2\/tags?post=150140"}],"curies":[{"name":"wp","href":"https:\/\/api.w.org\/{rel}","templated":true}]}}