{"id":150078,"date":"2025-04-07T14:31:27","date_gmt":"2025-04-07T13:31:27","guid":{"rendered":"https:\/\/www.copealcoy.es\/?p=150078"},"modified":"2025-04-07T14:32:32","modified_gmt":"2025-04-07T13:32:32","slug":"el-alcodiam-consigue-una-gran-gesta-y-se-corona-en-europa","status":"publish","type":"post","link":"https:\/\/www.copealcoy.es\/es\/el-alcodiam-consigue-una-gran-gesta-y-se-corona-en-europa\/","title":{"rendered":"El Alcodiam consigue una gran gesta y se corona en Europa"},"content":{"rendered":"<p style=\"text-align: justify;\">El <span style=\"color: #0000ff;\"><a style=\"color: #0000ff;\" href=\"https:\/\/www.facebook.com\/pasalcoy\" target=\"_blank\" rel=\"noopener\"><strong>Pat\u00edn Alcodiam Salesiano<\/strong><\/a><\/span> ha sido uno de los protagonistas del fin de semana que dejamos atr\u00e1s <strong>despu\u00e9s de la gran gesta conseguida en la Trophy Cup<\/strong>. Los nuestros <strong>se impusieron en la final al conjunto franc\u00e9s US Coutras<\/strong> con un marcador final de 4 a 2, despu\u00e9s de una emocionante semifinal que se resolvi\u00f3 en penaltis contra el anfitri\u00f3n Follonica Hockey, tras empatar a 6 goles.<\/p>\n<p style=\"text-align: justify;\">Este triunfo no solo representa un trofeo m\u00e1s para el club, sino que\u00a0 <strong>el hito alcanzado es el resultado de a\u00f1os de dedicaci\u00f3n y esfuerzo constante<\/strong>. Adem\u00e1s, <strong>llega en un momento clave<\/strong> para el PAS Alcoi, que ha asegurado su permanencia en la OK Liga y se posiciona entre los ocho primeros clasificados, lo que le permitir\u00e1 competir en el play off por el t\u00edtulo. Para conmemorar la victoria, y tambi\u00e9n felicitar al conjunto por este triunfo, se ha previsto para las 18:00h de la tarde de este lunes <strong>una recepci\u00f3n institucional<\/strong> en el Sal\u00f3n de Plenos del Ayuntamiento de Alcoy en la que los de Lorenzo Pastor ser\u00e1n homenajeados por la corporaci\u00f3n municipal &#8220;<em>el PAS Alcoi es un orgullo para nuestra ciudad. Este t\u00edtulo europeo es el reflejo del esfuerzo, la humildad y la constancia de un grupo que ha crecido con nuestros valores. Alcoy est\u00e1 hoy de enhorabuena, y lo celebramos como se merece<\/em>&#8220;, afirmaba este lunes el alcalde; <strong>Toni Franc\u00e9s<\/strong>. Tambi\u00e9n el concejal de Deportes calificaba de &#8220;<em>hist\u00f3rico<\/em>&#8221; el reto conseguido por el Alcodiam y detallaba que el deporte local de nuestra ciudad est\u00e1 de enhorabuena &#8220;<em>es un ejemplo para nuestras generaciones j\u00f3venes y demuestra que desde el trabajo de base tambi\u00e9n se puede llegar a lo m\u00e1s alto en Europa. Desde el Ayuntamiento seguiremos apoyando al PAS Alcoi como lo hemos hecho hasta ahora<\/em>&#8220;, subray\u00f3 <strong>Alberto Belda<\/strong>.<\/p>\n<p style=\"text-align: justify;\">Despu\u00e9s del acto oficial, los jugadores y cuerpo t\u00e9cnico <strong>se trasladar\u00e1n al Hall del Ayuntamiento<\/strong> para intercambiar impresiones con la afici\u00f3n alcoyana. Todo aquel que lo desee puede acercarse para transmitir su felicitaci\u00f3n al club.<\/p>\n","protected":false},"excerpt":{"rendered":"<p>El Pat\u00edn Alcodiam Salesiano ha sido uno de los protagonistas del fin de semana que dejamos atr\u00e1s despu\u00e9s de la&#8230;<\/p>\n","protected":false},"author":1,"featured_media":150079,"comment_status":"open","ping_status":"open","sticky":false,"template":"","format":"standard","meta":{"footnotes":""},"categories":[6909,97,92,75,125],"tags":[1494,1933,19401,19402,3526],"class_list":["post-150078","post","type-post","status-publish","format-standard","has-post-thumbnail","hentry","category-actualidad","category-alcoy","category-deportes","category-noticias","category-portada","tag-alcoy","tag-europa","tag-patin-alcodiam-salesiano","tag-trophy-cup","tag-victoria"],"yoast_head":"<!-- This site is optimized with the Yoast SEO plugin v27.3 - https:\/\/yoast.com\/product\/yoast-seo-wordpress\/ -->\n<title>El Alcodiam consigue una gran gesta y se corona en Europa - COPE Alcoy<\/title>\n<meta name=\"description\" content=\"El Pat\u00edn Alcodiam Salesiano ha sido uno de los protagonistas del fin de semana que dejamos atr\u00e1s despu\u00e9s de la gran gesta conseguida en la Trophy Cup\" \/>\n<meta name=\"robots\" content=\"index, follow, max-snippet:-1, max-image-preview:large, max-video-preview:-1\" \/>\n<link rel=\"canonical\" href=\"https:\/\/www.copealcoy.es\/es\/el-alcodiam-consigue-una-gran-gesta-y-se-corona-en-europa\/\" \/>\n<meta property=\"og:locale\" content=\"es_ES\" \/>\n<meta property=\"og:type\" content=\"article\" \/>\n<meta property=\"og:title\" content=\"El Alcodiam consigue una gran gesta y se corona en Europa - COPE Alcoy\" \/>\n<meta property=\"og:description\" content=\"El Pat\u00edn Alcodiam Salesiano ha sido uno de los protagonistas del fin de semana que dejamos atr\u00e1s despu\u00e9s de la gran gesta conseguida en la Trophy Cup\" \/>\n<meta property=\"og:url\" content=\"https:\/\/www.copealcoy.es\/es\/el-alcodiam-consigue-una-gran-gesta-y-se-corona-en-europa\/\" \/>\n<meta property=\"og:site_name\" content=\"COPE Alcoy\" \/>\n<meta property=\"article:published_time\" content=\"2025-04-07T13:31:27+00:00\" \/>\n<meta property=\"article:modified_time\" content=\"2025-04-07T13:32:32+00:00\" \/>\n<meta property=\"og:image\" content=\"https:\/\/www.copealcoy.es\/wp-content\/uploads\/2025\/04\/imatge-del-equip-PAS-campio-.jpg_1934612512.jpg\" \/>\n\t<meta property=\"og:image:width\" content=\"625\" \/>\n\t<meta property=\"og:image:height\" content=\"406\" \/>\n\t<meta property=\"og:image:type\" content=\"image\/jpeg\" \/>\n<meta name=\"author\" content=\"Cope Alcoy\" \/>\n<meta name=\"twitter:label1\" content=\"Escrito por\" \/>\n\t<meta name=\"twitter:data1\" content=\"Cope Alcoy\" \/>\n\t<meta name=\"twitter:label2\" content=\"Tiempo de lectura\" \/>\n\t<meta name=\"twitter:data2\" content=\"3 minutos\" \/>\n<script type=\"application\/ld+json\" class=\"yoast-schema-graph\">{\"@context\":\"https:\\\/\\\/schema.org\",\"@graph\":[{\"@type\":\"Article\",\"@id\":\"https:\\\/\\\/www.copealcoy.es\\\/es\\\/el-alcodiam-consigue-una-gran-gesta-y-se-corona-en-europa\\\/#article\",\"isPartOf\":{\"@id\":\"https:\\\/\\\/www.copealcoy.es\\\/es\\\/el-alcodiam-consigue-una-gran-gesta-y-se-corona-en-europa\\\/\"},\"author\":{\"name\":\"Cope Alcoy\",\"@id\":\"https:\\\/\\\/www.copealcoy.es\\\/es\\\/#\\\/schema\\\/person\\\/e777c87fa024e57d40170af9df39882c\"},\"headline\":\"El Alcodiam consigue una gran gesta y se corona en Europa\",\"datePublished\":\"2025-04-07T13:31:27+00:00\",\"dateModified\":\"2025-04-07T13:32:32+00:00\",\"mainEntityOfPage\":{\"@id\":\"https:\\\/\\\/www.copealcoy.es\\\/es\\\/el-alcodiam-consigue-una-gran-gesta-y-se-corona-en-europa\\\/\"},\"wordCount\":369,\"commentCount\":0,\"image\":{\"@id\":\"https:\\\/\\\/www.copealcoy.es\\\/es\\\/el-alcodiam-consigue-una-gran-gesta-y-se-corona-en-europa\\\/#primaryimage\"},\"thumbnailUrl\":\"https:\\\/\\\/www.copealcoy.es\\\/wp-content\\\/uploads\\\/2025\\\/04\\\/imatge-del-equip-PAS-campio-.jpg_1934612512.jpg\",\"keywords\":[\"Alcoy\",\"Europa\",\"Pat\u00edn Alcodiam Salesiano\",\"Trophy Cup\",\"Victoria\"],\"articleSection\":[\"Actualidad\",\"Alcoy\",\"Deportes\",\"Noticias\",\"Portada\"],\"inLanguage\":\"es\"},{\"@type\":\"WebPage\",\"@id\":\"https:\\\/\\\/www.copealcoy.es\\\/es\\\/el-alcodiam-consigue-una-gran-gesta-y-se-corona-en-europa\\\/\",\"url\":\"https:\\\/\\\/www.copealcoy.es\\\/es\\\/el-alcodiam-consigue-una-gran-gesta-y-se-corona-en-europa\\\/\",\"name\":\"El Alcodiam consigue una gran gesta y se corona en Europa - COPE Alcoy\",\"isPartOf\":{\"@id\":\"https:\\\/\\\/www.copealcoy.es\\\/es\\\/#website\"},\"primaryImageOfPage\":{\"@id\":\"https:\\\/\\\/www.copealcoy.es\\\/es\\\/el-alcodiam-consigue-una-gran-gesta-y-se-corona-en-europa\\\/#primaryimage\"},\"image\":{\"@id\":\"https:\\\/\\\/www.copealcoy.es\\\/es\\\/el-alcodiam-consigue-una-gran-gesta-y-se-corona-en-europa\\\/#primaryimage\"},\"thumbnailUrl\":\"https:\\\/\\\/www.copealcoy.es\\\/wp-content\\\/uploads\\\/2025\\\/04\\\/imatge-del-equip-PAS-campio-.jpg_1934612512.jpg\",\"datePublished\":\"2025-04-07T13:31:27+00:00\",\"dateModified\":\"2025-04-07T13:32:32+00:00\",\"author\":{\"@id\":\"https:\\\/\\\/www.copealcoy.es\\\/es\\\/#\\\/schema\\\/person\\\/e777c87fa024e57d40170af9df39882c\"},\"description\":\"El Pat\u00edn Alcodiam Salesiano ha sido uno de los protagonistas del fin de semana que dejamos atr\u00e1s despu\u00e9s de la gran gesta conseguida en la Trophy Cup\",\"breadcrumb\":{\"@id\":\"https:\\\/\\\/www.copealcoy.es\\\/es\\\/el-alcodiam-consigue-una-gran-gesta-y-se-corona-en-europa\\\/#breadcrumb\"},\"inLanguage\":\"es\",\"potentialAction\":[{\"@type\":\"ReadAction\",\"target\":[\"https:\\\/\\\/www.copealcoy.es\\\/es\\\/el-alcodiam-consigue-una-gran-gesta-y-se-corona-en-europa\\\/\"]}]},{\"@type\":\"ImageObject\",\"inLanguage\":\"es\",\"@id\":\"https:\\\/\\\/www.copealcoy.es\\\/es\\\/el-alcodiam-consigue-una-gran-gesta-y-se-corona-en-europa\\\/#primaryimage\",\"url\":\"https:\\\/\\\/www.copealcoy.es\\\/wp-content\\\/uploads\\\/2025\\\/04\\\/imatge-del-equip-PAS-campio-.jpg_1934612512.jpg\",\"contentUrl\":\"https:\\\/\\\/www.copealcoy.es\\\/wp-content\\\/uploads\\\/2025\\\/04\\\/imatge-del-equip-PAS-campio-.jpg_1934612512.jpg\",\"width\":625,\"height\":406},{\"@type\":\"BreadcrumbList\",\"@id\":\"https:\\\/\\\/www.copealcoy.es\\\/es\\\/el-alcodiam-consigue-una-gran-gesta-y-se-corona-en-europa\\\/#breadcrumb\",\"itemListElement\":[{\"@type\":\"ListItem\",\"position\":1,\"name\":\"Portada\",\"item\":\"https:\\\/\\\/www.copealcoy.es\\\/es\\\/\"},{\"@type\":\"ListItem\",\"position\":2,\"name\":\"El Alcodiam consigue una gran gesta y se corona en Europa\"}]},{\"@type\":\"WebSite\",\"@id\":\"https:\\\/\\\/www.copealcoy.es\\\/es\\\/#website\",\"url\":\"https:\\\/\\\/www.copealcoy.es\\\/es\\\/\",\"name\":\"COPE Alcoy\",\"description\":\"Emisora COPE de radio local con emisi\u00f3n online. Pont de Sant Jordi 8-10 03803 Alcoy\",\"potentialAction\":[{\"@type\":\"SearchAction\",\"target\":{\"@type\":\"EntryPoint\",\"urlTemplate\":\"https:\\\/\\\/www.copealcoy.es\\\/es\\\/?s={search_term_string}\"},\"query-input\":{\"@type\":\"PropertyValueSpecification\",\"valueRequired\":true,\"valueName\":\"search_term_string\"}}],\"inLanguage\":\"es\"},{\"@type\":\"Person\",\"@id\":\"https:\\\/\\\/www.copealcoy.es\\\/es\\\/#\\\/schema\\\/person\\\/e777c87fa024e57d40170af9df39882c\",\"name\":\"Cope Alcoy\",\"image\":{\"@type\":\"ImageObject\",\"inLanguage\":\"es\",\"@id\":\"https:\\\/\\\/secure.gravatar.com\\\/avatar\\\/bb65d0283347e303893ba14f0692005417c1e0e690a325a4c5d8bb2b3943ee14?s=96&d=mm&r=g\",\"url\":\"https:\\\/\\\/secure.gravatar.com\\\/avatar\\\/bb65d0283347e303893ba14f0692005417c1e0e690a325a4c5d8bb2b3943ee14?s=96&d=mm&r=g\",\"contentUrl\":\"https:\\\/\\\/secure.gravatar.com\\\/avatar\\\/bb65d0283347e303893ba14f0692005417c1e0e690a325a4c5d8bb2b3943ee14?s=96&d=mm&r=g\",\"caption\":\"Cope Alcoy\"}}]}<\/script>\n<!-- \/ Yoast SEO plugin. -->","yoast_head_json":{"title":"El Alcodiam consigue una gran gesta y se corona en Europa - COPE Alcoy","description":"El Pat\u00edn Alcodiam Salesiano ha sido uno de los protagonistas del fin de semana que dejamos atr\u00e1s despu\u00e9s de la gran gesta conseguida en la Trophy Cup","robots":{"index":"index","follow":"follow","max-snippet":"max-snippet:-1","max-image-preview":"max-image-preview:large","max-video-preview":"max-video-preview:-1"},"canonical":"https:\/\/www.copealcoy.es\/es\/el-alcodiam-consigue-una-gran-gesta-y-se-corona-en-europa\/","og_locale":"es_ES","og_type":"article","og_title":"El Alcodiam consigue una gran gesta y se corona en Europa - COPE Alcoy","og_description":"El Pat\u00edn Alcodiam Salesiano ha sido uno de los protagonistas del fin de semana que dejamos atr\u00e1s despu\u00e9s de la gran gesta conseguida en la Trophy Cup","og_url":"https:\/\/www.copealcoy.es\/es\/el-alcodiam-consigue-una-gran-gesta-y-se-corona-en-europa\/","og_site_name":"COPE Alcoy","article_published_time":"2025-04-07T13:31:27+00:00","article_modified_time":"2025-04-07T13:32:32+00:00","og_image":[{"width":625,"height":406,"url":"https:\/\/www.copealcoy.es\/wp-content\/uploads\/2025\/04\/imatge-del-equip-PAS-campio-.jpg_1934612512.jpg","type":"image\/jpeg"}],"author":"Cope Alcoy","twitter_misc":{"Escrito por":"Cope Alcoy","Tiempo de lectura":"3 minutos"},"schema":{"@context":"https:\/\/schema.org","@graph":[{"@type":"Article","@id":"https:\/\/www.copealcoy.es\/es\/el-alcodiam-consigue-una-gran-gesta-y-se-corona-en-europa\/#article","isPartOf":{"@id":"https:\/\/www.copealcoy.es\/es\/el-alcodiam-consigue-una-gran-gesta-y-se-corona-en-europa\/"},"author":{"name":"Cope Alcoy","@id":"https:\/\/www.copealcoy.es\/es\/#\/schema\/person\/e777c87fa024e57d40170af9df39882c"},"headline":"El Alcodiam consigue una gran gesta y se corona en Europa","datePublished":"2025-04-07T13:31:27+00:00","dateModified":"2025-04-07T13:32:32+00:00","mainEntityOfPage":{"@id":"https:\/\/www.copealcoy.es\/es\/el-alcodiam-consigue-una-gran-gesta-y-se-corona-en-europa\/"},"wordCount":369,"commentCount":0,"image":{"@id":"https:\/\/www.copealcoy.es\/es\/el-alcodiam-consigue-una-gran-gesta-y-se-corona-en-europa\/#primaryimage"},"thumbnailUrl":"https:\/\/www.copealcoy.es\/wp-content\/uploads\/2025\/04\/imatge-del-equip-PAS-campio-.jpg_1934612512.jpg","keywords":["Alcoy","Europa","Pat\u00edn Alcodiam Salesiano","Trophy Cup","Victoria"],"articleSection":["Actualidad","Alcoy","Deportes","Noticias","Portada"],"inLanguage":"es"},{"@type":"WebPage","@id":"https:\/\/www.copealcoy.es\/es\/el-alcodiam-consigue-una-gran-gesta-y-se-corona-en-europa\/","url":"https:\/\/www.copealcoy.es\/es\/el-alcodiam-consigue-una-gran-gesta-y-se-corona-en-europa\/","name":"El Alcodiam consigue una gran gesta y se corona en Europa - COPE Alcoy","isPartOf":{"@id":"https:\/\/www.copealcoy.es\/es\/#website"},"primaryImageOfPage":{"@id":"https:\/\/www.copealcoy.es\/es\/el-alcodiam-consigue-una-gran-gesta-y-se-corona-en-europa\/#primaryimage"},"image":{"@id":"https:\/\/www.copealcoy.es\/es\/el-alcodiam-consigue-una-gran-gesta-y-se-corona-en-europa\/#primaryimage"},"thumbnailUrl":"https:\/\/www.copealcoy.es\/wp-content\/uploads\/2025\/04\/imatge-del-equip-PAS-campio-.jpg_1934612512.jpg","datePublished":"2025-04-07T13:31:27+00:00","dateModified":"2025-04-07T13:32:32+00:00","author":{"@id":"https:\/\/www.copealcoy.es\/es\/#\/schema\/person\/e777c87fa024e57d40170af9df39882c"},"description":"El Pat\u00edn Alcodiam Salesiano ha sido uno de los protagonistas del fin de semana que dejamos atr\u00e1s despu\u00e9s de la gran gesta conseguida en la Trophy Cup","breadcrumb":{"@id":"https:\/\/www.copealcoy.es\/es\/el-alcodiam-consigue-una-gran-gesta-y-se-corona-en-europa\/#breadcrumb"},"inLanguage":"es","potentialAction":[{"@type":"ReadAction","target":["https:\/\/www.copealcoy.es\/es\/el-alcodiam-consigue-una-gran-gesta-y-se-corona-en-europa\/"]}]},{"@type":"ImageObject","inLanguage":"es","@id":"https:\/\/www.copealcoy.es\/es\/el-alcodiam-consigue-una-gran-gesta-y-se-corona-en-europa\/#primaryimage","url":"https:\/\/www.copealcoy.es\/wp-content\/uploads\/2025\/04\/imatge-del-equip-PAS-campio-.jpg_1934612512.jpg","contentUrl":"https:\/\/www.copealcoy.es\/wp-content\/uploads\/2025\/04\/imatge-del-equip-PAS-campio-.jpg_1934612512.jpg","width":625,"height":406},{"@type":"BreadcrumbList","@id":"https:\/\/www.copealcoy.es\/es\/el-alcodiam-consigue-una-gran-gesta-y-se-corona-en-europa\/#breadcrumb","itemListElement":[{"@type":"ListItem","position":1,"name":"Portada","item":"https:\/\/www.copealcoy.es\/es\/"},{"@type":"ListItem","position":2,"name":"El Alcodiam consigue una gran gesta y se corona en Europa"}]},{"@type":"WebSite","@id":"https:\/\/www.copealcoy.es\/es\/#website","url":"https:\/\/www.copealcoy.es\/es\/","name":"COPE Alcoy","description":"Emisora COPE de radio local con emisi\u00f3n online. Pont de Sant Jordi 8-10 03803 Alcoy","potentialAction":[{"@type":"SearchAction","target":{"@type":"EntryPoint","urlTemplate":"https:\/\/www.copealcoy.es\/es\/?s={search_term_string}"},"query-input":{"@type":"PropertyValueSpecification","valueRequired":true,"valueName":"search_term_string"}}],"inLanguage":"es"},{"@type":"Person","@id":"https:\/\/www.copealcoy.es\/es\/#\/schema\/person\/e777c87fa024e57d40170af9df39882c","name":"Cope Alcoy","image":{"@type":"ImageObject","inLanguage":"es","@id":"https:\/\/secure.gravatar.com\/avatar\/bb65d0283347e303893ba14f0692005417c1e0e690a325a4c5d8bb2b3943ee14?s=96&d=mm&r=g","url":"https:\/\/secure.gravatar.com\/avatar\/bb65d0283347e303893ba14f0692005417c1e0e690a325a4c5d8bb2b3943ee14?s=96&d=mm&r=g","contentUrl":"https:\/\/secure.gravatar.com\/avatar\/bb65d0283347e303893ba14f0692005417c1e0e690a325a4c5d8bb2b3943ee14?s=96&d=mm&r=g","caption":"Cope Alcoy"}}]}},"_links":{"self":[{"href":"https:\/\/www.copealcoy.es\/es\/wp-json\/wp\/v2\/posts\/150078","targetHints":{"allow":["GET"]}}],"collection":[{"href":"https:\/\/www.copealcoy.es\/es\/wp-json\/wp\/v2\/posts"}],"about":[{"href":"https:\/\/www.copealcoy.es\/es\/wp-json\/wp\/v2\/types\/post"}],"author":[{"embeddable":true,"href":"https:\/\/www.copealcoy.es\/es\/wp-json\/wp\/v2\/users\/1"}],"replies":[{"embeddable":true,"href":"https:\/\/www.copealcoy.es\/es\/wp-json\/wp\/v2\/comments?post=150078"}],"version-history":[{"count":0,"href":"https:\/\/www.copealcoy.es\/es\/wp-json\/wp\/v2\/posts\/150078\/revisions"}],"wp:featuredmedia":[{"embeddable":true,"href":"https:\/\/www.copealcoy.es\/es\/wp-json\/wp\/v2\/media\/150079"}],"wp:attachment":[{"href":"https:\/\/www.copealcoy.es\/es\/wp-json\/wp\/v2\/media?parent=150078"}],"wp:term":[{"taxonomy":"category","embeddable":true,"href":"https:\/\/www.copealcoy.es\/es\/wp-json\/wp\/v2\/categories?post=150078"},{"taxonomy":"post_tag","embeddable":true,"href":"https:\/\/www.copealcoy.es\/es\/wp-json\/wp\/v2\/tags?post=150078"}],"curies":[{"name":"wp","href":"https:\/\/api.w.org\/{rel}","templated":true}]}}