{"id":149988,"date":"2025-04-07T08:05:23","date_gmt":"2025-04-07T07:05:23","guid":{"rendered":"https:\/\/www.copealcoy.es\/?p=149988"},"modified":"2025-04-07T10:18:45","modified_gmt":"2025-04-07T09:18:45","slug":"irene-alonso-e-israel-madrigal-pregonan-las-fiestas-de-la-mareta","status":"publish","type":"post","link":"https:\/\/www.copealcoy.es\/es\/irene-alonso-e-israel-madrigal-pregonan-las-fiestas-de-la-mareta\/","title":{"rendered":"Irene Alonso e Israel Madrigal pregonan las Fiestas de la Mareta"},"content":{"rendered":"<p style=\"text-align: justify;\">Cocentaina <strong>avanza en la cuenta atr\u00e1s hacia <a href=\"https:\/\/www.facebook.com\/piaunion\" target=\"_blank\" rel=\"noopener\"><span style=\"color: #0000ff;\">las Fiestas patronales de la Mare de D\u00e9u del Miracle<\/span><\/a><\/strong> y, tras descubrirse el cartel anunciador y presentarse la revista oficial, tuvo lugar <strong>el preg\u00f3n<\/strong> de unas celebraciones que se llevar\u00e1n a cabo este a\u00f1o entre el 20 y el 23 de abril. La parroquia de Santa Mar\u00eda, que volvi\u00f3 a llenarse por completo,<strong> fue el escenario de este anuncio oficial de las Fiestas<\/strong> en un acto que se realiz\u00f3 en la tarde del pasado s\u00e1bado 29 de marzo.<\/p>\n<p style=\"text-align: justify;\">Antes de la esperada cita, <strong>tuvo lugar el bando anunciador del preg\u00f3n<\/strong> a lo largo de la ma\u00f1ana. El conocido <strong>Pep Gimeno &#8216;Botifarra&#8217;<\/strong>, como suele ser habitual, recorri\u00f3 varios puntos de la localidad acompa\u00f1ado por la Colla Mal Passet y proclamando que al caer la tarde tendr\u00edamos oportunidad de escuchar todo lo que nos iban a contar este a\u00f1o los pregoneros. Tambi\u00e9n, a mediod\u00eda, <strong>sonaron con fuerza las campanas en cada iglesia contestana<\/strong> se\u00f1alando que en poco menos de un mes Cocentaina rendir\u00e1 homenaje a su patrona en el d\u00eda grande de las fiestas patronales.<\/p>\n<p style=\"text-align: justify;\">Tras ello, al anochecer, se celebr\u00f3 el mencionado preg\u00f3n <strong>corriendo a cargo este a\u00f1o de Israel Madrigal e Irene Alonso<\/strong>. Esta pareja procedente de tierras madrile\u00f1as, con 23 a\u00f1os de casados y 11 hijos, <strong>aport\u00f3 su testimonio<\/strong>\u00a0destacando que la Virgen los ha acompa\u00f1ado en momentos cumbre de su vida como su experiencia misionera en China, el fallecimiento de una de sus hijas o los diferentes contratiempos por los que ha ido pasando su matrimonio \u201c<em>para nosotros estar aqu\u00ed ha sido todo un regalo, nos vamos encantados por la gran acogida y el cari\u00f1o que nos ha brindado Cocentaina<\/em>\u201d, se\u00f1alaron al finalizar su intervenci\u00f3n. Ambos tambi\u00e9n<strong> pudieron visitar el camar\u00edn de la Virgen del Milagro<\/strong> e incluso conocer el patrimonio de la Villa Condal <strong>visitando enclaves<\/strong> como el Palau Comtal.<\/p>\n<p style=\"text-align: justify;\">La <strong>programaci\u00f3n<\/strong> seguir\u00e1 hasta la llegada de la Semana Santa con iniciativas como los conciertos dedicados a la Mare de D\u00e9u del Miracle, que ofrecer\u00e1n las dos bandas locales <strong>los s\u00e1bados 5 y 12 de abril<\/strong>, y que arrancar\u00e1n a las 18:00h en el Centre Cultural El Teular. El primero de ellos ser\u00e1 el de <strong>la Uni\u00f3n Musical Contestana<\/strong> mientras que el segundo corresponder\u00e1 al <strong>Ateneu Musical<\/strong>.<\/p>\n","protected":false},"excerpt":{"rendered":"<p>Cocentaina avanza en la cuenta atr\u00e1s hacia las Fiestas patronales de la Mare de D\u00e9u del Miracle y, tras descubrirse&#8230;<\/p>\n","protected":false},"author":1,"featured_media":149989,"comment_status":"open","ping_status":"open","sticky":false,"template":"","format":"standard","meta":{"footnotes":""},"categories":[6909,98,75],"tags":[132,2954,19386,1984,1426],"class_list":["post-149988","post","type-post","status-publish","format-standard","has-post-thumbnail","hentry","category-actualidad","category-comarcas","category-noticias","tag-cocentaina","tag-fiestas-patronales","tag-irene-alonso-e-israel-madrigal","tag-mare-de-deu-del-miracle","tag-pregon"],"yoast_head":"<!-- This site is optimized with the Yoast SEO plugin v27.3 - https:\/\/yoast.com\/product\/yoast-seo-wordpress\/ -->\n<title>Irene Alonso e Israel Madrigal pregonan las Fiestas de la Mareta - COPE Alcoy<\/title>\n<meta name=\"description\" content=\"Cocentaina avanza en la cuenta atr\u00e1s hacia las Fiestas patronales de la Mare de D\u00e9u del Miracle y, tras descubrirse el cartel anunciador y presentarse la revista oficial, tuvo lugar el preg\u00f3n de unas celebraciones que se llevar\u00e1n a cabo este a\u00f1o entre el 20 y el 23 de abril\" \/>\n<meta name=\"robots\" content=\"index, follow, max-snippet:-1, max-image-preview:large, max-video-preview:-1\" \/>\n<link rel=\"canonical\" href=\"https:\/\/www.copealcoy.es\/es\/irene-alonso-e-israel-madrigal-pregonan-las-fiestas-de-la-mareta\/\" \/>\n<meta property=\"og:locale\" content=\"es_ES\" \/>\n<meta property=\"og:type\" content=\"article\" \/>\n<meta property=\"og:title\" content=\"Irene Alonso e Israel Madrigal pregonan las Fiestas de la Mareta - COPE Alcoy\" \/>\n<meta property=\"og:description\" content=\"Cocentaina avanza en la cuenta atr\u00e1s hacia las Fiestas patronales de la Mare de D\u00e9u del Miracle y, tras descubrirse el cartel anunciador y presentarse la revista oficial, tuvo lugar el preg\u00f3n de unas celebraciones que se llevar\u00e1n a cabo este a\u00f1o entre el 20 y el 23 de abril\" \/>\n<meta property=\"og:url\" content=\"https:\/\/www.copealcoy.es\/es\/irene-alonso-e-israel-madrigal-pregonan-las-fiestas-de-la-mareta\/\" \/>\n<meta property=\"og:site_name\" content=\"COPE Alcoy\" \/>\n<meta property=\"article:published_time\" content=\"2025-04-07T07:05:23+00:00\" \/>\n<meta property=\"article:modified_time\" content=\"2025-04-07T09:18:45+00:00\" \/>\n<meta property=\"og:image\" content=\"https:\/\/www.copealcoy.es\/wp-content\/uploads\/2025\/04\/487225131_664598265944516_602737866781014038_n.jpg\" \/>\n\t<meta property=\"og:image:width\" content=\"1162\" \/>\n\t<meta property=\"og:image:height\" content=\"788\" \/>\n\t<meta property=\"og:image:type\" content=\"image\/jpeg\" \/>\n<meta name=\"author\" content=\"Cope Alcoy\" \/>\n<meta name=\"twitter:label1\" content=\"Escrito por\" \/>\n\t<meta name=\"twitter:data1\" content=\"Cope Alcoy\" \/>\n\t<meta name=\"twitter:label2\" content=\"Tiempo de lectura\" \/>\n\t<meta name=\"twitter:data2\" content=\"3 minutos\" \/>\n<script type=\"application\/ld+json\" class=\"yoast-schema-graph\">{\"@context\":\"https:\\\/\\\/schema.org\",\"@graph\":[{\"@type\":\"Article\",\"@id\":\"https:\\\/\\\/www.copealcoy.es\\\/es\\\/irene-alonso-e-israel-madrigal-pregonan-las-fiestas-de-la-mareta\\\/#article\",\"isPartOf\":{\"@id\":\"https:\\\/\\\/www.copealcoy.es\\\/es\\\/irene-alonso-e-israel-madrigal-pregonan-las-fiestas-de-la-mareta\\\/\"},\"author\":{\"name\":\"Cope Alcoy\",\"@id\":\"https:\\\/\\\/www.copealcoy.es\\\/es\\\/#\\\/schema\\\/person\\\/e777c87fa024e57d40170af9df39882c\"},\"headline\":\"Irene Alonso e Israel Madrigal pregonan las Fiestas de la Mareta\",\"datePublished\":\"2025-04-07T07:05:23+00:00\",\"dateModified\":\"2025-04-07T09:18:45+00:00\",\"mainEntityOfPage\":{\"@id\":\"https:\\\/\\\/www.copealcoy.es\\\/es\\\/irene-alonso-e-israel-madrigal-pregonan-las-fiestas-de-la-mareta\\\/\"},\"wordCount\":414,\"commentCount\":0,\"image\":{\"@id\":\"https:\\\/\\\/www.copealcoy.es\\\/es\\\/irene-alonso-e-israel-madrigal-pregonan-las-fiestas-de-la-mareta\\\/#primaryimage\"},\"thumbnailUrl\":\"https:\\\/\\\/www.copealcoy.es\\\/wp-content\\\/uploads\\\/2025\\\/04\\\/487225131_664598265944516_602737866781014038_n.jpg\",\"keywords\":[\"Cocentaina\",\"fiestas patronales\",\"Irene Alonso e Israel Madrigal\",\"Mare de D\u00e9u del Miracle\",\"preg\u00f3n\"],\"articleSection\":[\"Actualidad\",\"Comarcas\",\"Noticias\"],\"inLanguage\":\"es\"},{\"@type\":\"WebPage\",\"@id\":\"https:\\\/\\\/www.copealcoy.es\\\/es\\\/irene-alonso-e-israel-madrigal-pregonan-las-fiestas-de-la-mareta\\\/\",\"url\":\"https:\\\/\\\/www.copealcoy.es\\\/es\\\/irene-alonso-e-israel-madrigal-pregonan-las-fiestas-de-la-mareta\\\/\",\"name\":\"Irene Alonso e Israel Madrigal pregonan las Fiestas de la Mareta - COPE Alcoy\",\"isPartOf\":{\"@id\":\"https:\\\/\\\/www.copealcoy.es\\\/es\\\/#website\"},\"primaryImageOfPage\":{\"@id\":\"https:\\\/\\\/www.copealcoy.es\\\/es\\\/irene-alonso-e-israel-madrigal-pregonan-las-fiestas-de-la-mareta\\\/#primaryimage\"},\"image\":{\"@id\":\"https:\\\/\\\/www.copealcoy.es\\\/es\\\/irene-alonso-e-israel-madrigal-pregonan-las-fiestas-de-la-mareta\\\/#primaryimage\"},\"thumbnailUrl\":\"https:\\\/\\\/www.copealcoy.es\\\/wp-content\\\/uploads\\\/2025\\\/04\\\/487225131_664598265944516_602737866781014038_n.jpg\",\"datePublished\":\"2025-04-07T07:05:23+00:00\",\"dateModified\":\"2025-04-07T09:18:45+00:00\",\"author\":{\"@id\":\"https:\\\/\\\/www.copealcoy.es\\\/es\\\/#\\\/schema\\\/person\\\/e777c87fa024e57d40170af9df39882c\"},\"description\":\"Cocentaina avanza en la cuenta atr\u00e1s hacia las Fiestas patronales de la Mare de D\u00e9u del Miracle y, tras descubrirse el cartel anunciador y presentarse la revista oficial, tuvo lugar el preg\u00f3n de unas celebraciones que se llevar\u00e1n a cabo este a\u00f1o entre el 20 y el 23 de abril\",\"breadcrumb\":{\"@id\":\"https:\\\/\\\/www.copealcoy.es\\\/es\\\/irene-alonso-e-israel-madrigal-pregonan-las-fiestas-de-la-mareta\\\/#breadcrumb\"},\"inLanguage\":\"es\",\"potentialAction\":[{\"@type\":\"ReadAction\",\"target\":[\"https:\\\/\\\/www.copealcoy.es\\\/es\\\/irene-alonso-e-israel-madrigal-pregonan-las-fiestas-de-la-mareta\\\/\"]}]},{\"@type\":\"ImageObject\",\"inLanguage\":\"es\",\"@id\":\"https:\\\/\\\/www.copealcoy.es\\\/es\\\/irene-alonso-e-israel-madrigal-pregonan-las-fiestas-de-la-mareta\\\/#primaryimage\",\"url\":\"https:\\\/\\\/www.copealcoy.es\\\/wp-content\\\/uploads\\\/2025\\\/04\\\/487225131_664598265944516_602737866781014038_n.jpg\",\"contentUrl\":\"https:\\\/\\\/www.copealcoy.es\\\/wp-content\\\/uploads\\\/2025\\\/04\\\/487225131_664598265944516_602737866781014038_n.jpg\",\"width\":1162,\"height\":788},{\"@type\":\"BreadcrumbList\",\"@id\":\"https:\\\/\\\/www.copealcoy.es\\\/es\\\/irene-alonso-e-israel-madrigal-pregonan-las-fiestas-de-la-mareta\\\/#breadcrumb\",\"itemListElement\":[{\"@type\":\"ListItem\",\"position\":1,\"name\":\"Portada\",\"item\":\"https:\\\/\\\/www.copealcoy.es\\\/es\\\/\"},{\"@type\":\"ListItem\",\"position\":2,\"name\":\"Irene Alonso e Israel Madrigal pregonan las Fiestas de la Mareta\"}]},{\"@type\":\"WebSite\",\"@id\":\"https:\\\/\\\/www.copealcoy.es\\\/es\\\/#website\",\"url\":\"https:\\\/\\\/www.copealcoy.es\\\/es\\\/\",\"name\":\"COPE Alcoy\",\"description\":\"Emisora COPE de radio local con emisi\u00f3n online. Pont de Sant Jordi 8-10 03803 Alcoy\",\"potentialAction\":[{\"@type\":\"SearchAction\",\"target\":{\"@type\":\"EntryPoint\",\"urlTemplate\":\"https:\\\/\\\/www.copealcoy.es\\\/es\\\/?s={search_term_string}\"},\"query-input\":{\"@type\":\"PropertyValueSpecification\",\"valueRequired\":true,\"valueName\":\"search_term_string\"}}],\"inLanguage\":\"es\"},{\"@type\":\"Person\",\"@id\":\"https:\\\/\\\/www.copealcoy.es\\\/es\\\/#\\\/schema\\\/person\\\/e777c87fa024e57d40170af9df39882c\",\"name\":\"Cope Alcoy\",\"image\":{\"@type\":\"ImageObject\",\"inLanguage\":\"es\",\"@id\":\"https:\\\/\\\/secure.gravatar.com\\\/avatar\\\/bb65d0283347e303893ba14f0692005417c1e0e690a325a4c5d8bb2b3943ee14?s=96&d=mm&r=g\",\"url\":\"https:\\\/\\\/secure.gravatar.com\\\/avatar\\\/bb65d0283347e303893ba14f0692005417c1e0e690a325a4c5d8bb2b3943ee14?s=96&d=mm&r=g\",\"contentUrl\":\"https:\\\/\\\/secure.gravatar.com\\\/avatar\\\/bb65d0283347e303893ba14f0692005417c1e0e690a325a4c5d8bb2b3943ee14?s=96&d=mm&r=g\",\"caption\":\"Cope Alcoy\"}}]}<\/script>\n<!-- \/ Yoast SEO plugin. -->","yoast_head_json":{"title":"Irene Alonso e Israel Madrigal pregonan las Fiestas de la Mareta - COPE Alcoy","description":"Cocentaina avanza en la cuenta atr\u00e1s hacia las Fiestas patronales de la Mare de D\u00e9u del Miracle y, tras descubrirse el cartel anunciador y presentarse la revista oficial, tuvo lugar el preg\u00f3n de unas celebraciones que se llevar\u00e1n a cabo este a\u00f1o entre el 20 y el 23 de abril","robots":{"index":"index","follow":"follow","max-snippet":"max-snippet:-1","max-image-preview":"max-image-preview:large","max-video-preview":"max-video-preview:-1"},"canonical":"https:\/\/www.copealcoy.es\/es\/irene-alonso-e-israel-madrigal-pregonan-las-fiestas-de-la-mareta\/","og_locale":"es_ES","og_type":"article","og_title":"Irene Alonso e Israel Madrigal pregonan las Fiestas de la Mareta - COPE Alcoy","og_description":"Cocentaina avanza en la cuenta atr\u00e1s hacia las Fiestas patronales de la Mare de D\u00e9u del Miracle y, tras descubrirse el cartel anunciador y presentarse la revista oficial, tuvo lugar el preg\u00f3n de unas celebraciones que se llevar\u00e1n a cabo este a\u00f1o entre el 20 y el 23 de abril","og_url":"https:\/\/www.copealcoy.es\/es\/irene-alonso-e-israel-madrigal-pregonan-las-fiestas-de-la-mareta\/","og_site_name":"COPE Alcoy","article_published_time":"2025-04-07T07:05:23+00:00","article_modified_time":"2025-04-07T09:18:45+00:00","og_image":[{"width":1162,"height":788,"url":"https:\/\/www.copealcoy.es\/wp-content\/uploads\/2025\/04\/487225131_664598265944516_602737866781014038_n.jpg","type":"image\/jpeg"}],"author":"Cope Alcoy","twitter_misc":{"Escrito por":"Cope Alcoy","Tiempo de lectura":"3 minutos"},"schema":{"@context":"https:\/\/schema.org","@graph":[{"@type":"Article","@id":"https:\/\/www.copealcoy.es\/es\/irene-alonso-e-israel-madrigal-pregonan-las-fiestas-de-la-mareta\/#article","isPartOf":{"@id":"https:\/\/www.copealcoy.es\/es\/irene-alonso-e-israel-madrigal-pregonan-las-fiestas-de-la-mareta\/"},"author":{"name":"Cope Alcoy","@id":"https:\/\/www.copealcoy.es\/es\/#\/schema\/person\/e777c87fa024e57d40170af9df39882c"},"headline":"Irene Alonso e Israel Madrigal pregonan las Fiestas de la Mareta","datePublished":"2025-04-07T07:05:23+00:00","dateModified":"2025-04-07T09:18:45+00:00","mainEntityOfPage":{"@id":"https:\/\/www.copealcoy.es\/es\/irene-alonso-e-israel-madrigal-pregonan-las-fiestas-de-la-mareta\/"},"wordCount":414,"commentCount":0,"image":{"@id":"https:\/\/www.copealcoy.es\/es\/irene-alonso-e-israel-madrigal-pregonan-las-fiestas-de-la-mareta\/#primaryimage"},"thumbnailUrl":"https:\/\/www.copealcoy.es\/wp-content\/uploads\/2025\/04\/487225131_664598265944516_602737866781014038_n.jpg","keywords":["Cocentaina","fiestas patronales","Irene Alonso e Israel Madrigal","Mare de D\u00e9u del Miracle","preg\u00f3n"],"articleSection":["Actualidad","Comarcas","Noticias"],"inLanguage":"es"},{"@type":"WebPage","@id":"https:\/\/www.copealcoy.es\/es\/irene-alonso-e-israel-madrigal-pregonan-las-fiestas-de-la-mareta\/","url":"https:\/\/www.copealcoy.es\/es\/irene-alonso-e-israel-madrigal-pregonan-las-fiestas-de-la-mareta\/","name":"Irene Alonso e Israel Madrigal pregonan las Fiestas de la Mareta - COPE Alcoy","isPartOf":{"@id":"https:\/\/www.copealcoy.es\/es\/#website"},"primaryImageOfPage":{"@id":"https:\/\/www.copealcoy.es\/es\/irene-alonso-e-israel-madrigal-pregonan-las-fiestas-de-la-mareta\/#primaryimage"},"image":{"@id":"https:\/\/www.copealcoy.es\/es\/irene-alonso-e-israel-madrigal-pregonan-las-fiestas-de-la-mareta\/#primaryimage"},"thumbnailUrl":"https:\/\/www.copealcoy.es\/wp-content\/uploads\/2025\/04\/487225131_664598265944516_602737866781014038_n.jpg","datePublished":"2025-04-07T07:05:23+00:00","dateModified":"2025-04-07T09:18:45+00:00","author":{"@id":"https:\/\/www.copealcoy.es\/es\/#\/schema\/person\/e777c87fa024e57d40170af9df39882c"},"description":"Cocentaina avanza en la cuenta atr\u00e1s hacia las Fiestas patronales de la Mare de D\u00e9u del Miracle y, tras descubrirse el cartel anunciador y presentarse la revista oficial, tuvo lugar el preg\u00f3n de unas celebraciones que se llevar\u00e1n a cabo este a\u00f1o entre el 20 y el 23 de abril","breadcrumb":{"@id":"https:\/\/www.copealcoy.es\/es\/irene-alonso-e-israel-madrigal-pregonan-las-fiestas-de-la-mareta\/#breadcrumb"},"inLanguage":"es","potentialAction":[{"@type":"ReadAction","target":["https:\/\/www.copealcoy.es\/es\/irene-alonso-e-israel-madrigal-pregonan-las-fiestas-de-la-mareta\/"]}]},{"@type":"ImageObject","inLanguage":"es","@id":"https:\/\/www.copealcoy.es\/es\/irene-alonso-e-israel-madrigal-pregonan-las-fiestas-de-la-mareta\/#primaryimage","url":"https:\/\/www.copealcoy.es\/wp-content\/uploads\/2025\/04\/487225131_664598265944516_602737866781014038_n.jpg","contentUrl":"https:\/\/www.copealcoy.es\/wp-content\/uploads\/2025\/04\/487225131_664598265944516_602737866781014038_n.jpg","width":1162,"height":788},{"@type":"BreadcrumbList","@id":"https:\/\/www.copealcoy.es\/es\/irene-alonso-e-israel-madrigal-pregonan-las-fiestas-de-la-mareta\/#breadcrumb","itemListElement":[{"@type":"ListItem","position":1,"name":"Portada","item":"https:\/\/www.copealcoy.es\/es\/"},{"@type":"ListItem","position":2,"name":"Irene Alonso e Israel Madrigal pregonan las Fiestas de la Mareta"}]},{"@type":"WebSite","@id":"https:\/\/www.copealcoy.es\/es\/#website","url":"https:\/\/www.copealcoy.es\/es\/","name":"COPE Alcoy","description":"Emisora COPE de radio local con emisi\u00f3n online. Pont de Sant Jordi 8-10 03803 Alcoy","potentialAction":[{"@type":"SearchAction","target":{"@type":"EntryPoint","urlTemplate":"https:\/\/www.copealcoy.es\/es\/?s={search_term_string}"},"query-input":{"@type":"PropertyValueSpecification","valueRequired":true,"valueName":"search_term_string"}}],"inLanguage":"es"},{"@type":"Person","@id":"https:\/\/www.copealcoy.es\/es\/#\/schema\/person\/e777c87fa024e57d40170af9df39882c","name":"Cope Alcoy","image":{"@type":"ImageObject","inLanguage":"es","@id":"https:\/\/secure.gravatar.com\/avatar\/bb65d0283347e303893ba14f0692005417c1e0e690a325a4c5d8bb2b3943ee14?s=96&d=mm&r=g","url":"https:\/\/secure.gravatar.com\/avatar\/bb65d0283347e303893ba14f0692005417c1e0e690a325a4c5d8bb2b3943ee14?s=96&d=mm&r=g","contentUrl":"https:\/\/secure.gravatar.com\/avatar\/bb65d0283347e303893ba14f0692005417c1e0e690a325a4c5d8bb2b3943ee14?s=96&d=mm&r=g","caption":"Cope Alcoy"}}]}},"_links":{"self":[{"href":"https:\/\/www.copealcoy.es\/es\/wp-json\/wp\/v2\/posts\/149988","targetHints":{"allow":["GET"]}}],"collection":[{"href":"https:\/\/www.copealcoy.es\/es\/wp-json\/wp\/v2\/posts"}],"about":[{"href":"https:\/\/www.copealcoy.es\/es\/wp-json\/wp\/v2\/types\/post"}],"author":[{"embeddable":true,"href":"https:\/\/www.copealcoy.es\/es\/wp-json\/wp\/v2\/users\/1"}],"replies":[{"embeddable":true,"href":"https:\/\/www.copealcoy.es\/es\/wp-json\/wp\/v2\/comments?post=149988"}],"version-history":[{"count":0,"href":"https:\/\/www.copealcoy.es\/es\/wp-json\/wp\/v2\/posts\/149988\/revisions"}],"wp:featuredmedia":[{"embeddable":true,"href":"https:\/\/www.copealcoy.es\/es\/wp-json\/wp\/v2\/media\/149989"}],"wp:attachment":[{"href":"https:\/\/www.copealcoy.es\/es\/wp-json\/wp\/v2\/media?parent=149988"}],"wp:term":[{"taxonomy":"category","embeddable":true,"href":"https:\/\/www.copealcoy.es\/es\/wp-json\/wp\/v2\/categories?post=149988"},{"taxonomy":"post_tag","embeddable":true,"href":"https:\/\/www.copealcoy.es\/es\/wp-json\/wp\/v2\/tags?post=149988"}],"curies":[{"name":"wp","href":"https:\/\/api.w.org\/{rel}","templated":true}]}}