{"id":14995,"date":"2015-08-12T15:55:01","date_gmt":"2015-08-12T15:55:01","guid":{"rendered":"http:\/\/copealcoi.es\/new\/?p=14995"},"modified":"2015-08-18T14:36:17","modified_gmt":"2015-08-18T14:36:17","slug":"benilloba-instara-a-la-diputacion-soluciones-para-el-auditorio","status":"publish","type":"post","link":"https:\/\/www.copealcoy.es\/es\/benilloba-instara-a-la-diputacion-soluciones-para-el-auditorio\/","title":{"rendered":"Benilloba pedir\u00e1 a la Diputaci\u00f3n soluciones para el auditorio"},"content":{"rendered":"<p style=\"text-align: justify;\">El Ayuntamiento de Benilloba solicitar\u00e1 a la Diputaci\u00f3n Provincial de Alicante soluciones a los problemas de inundaciones que sufre su Auditorio\u00a0y que de nuevo el martes qued\u00f3 anegado a causa de la intensa lluvia que cay\u00f3 en el municipio. Seg\u00fan han informado desde el Consistorio el agua volvi\u00f3\u00a0a entrar en este espacio cultural por segunda ocasi\u00f3n en poco m\u00e1s de un mes y afect\u00f3 a\u00a0la primera fila de butacas y tambi\u00e9n a la madera del escenario.<\/p>\n<p style=\"text-align: justify;\">La alcaldesa de Benilloba,\u00a0Ana Delia Gisbert\u00a0&#8216;Taes&#8217;, junto al concejal Jordi Jim\u00e9nez\u00a0acudieron a\u00a0las instalaciones a observar los desperfectos e incluso se pusieron manos a la obra para achicar el agua. La primera edil se\u00f1al\u00f3 que\u00a0&#8220;no es de recibo que cada vez que llueva, el auditorio se inunde sin encontrar una soluci\u00f3n&#8221;, y apunt\u00f3 que trasladar\u00e1 el problema a la Diputaci\u00f3n para que pueda intervenir en solucionarlo.<\/p>\n<p style=\"text-align: justify;\">Finalmente\u00a0Ana Delia Gisbert\u00a0&#8216;Taes recuerda que el Auditorio sigue sin\u00a0poder ser utilizado\u00a0tras el\u00a0concierto inaugural, organizado por la anterior corporaci\u00f3n municipal\u00a0una semana antes de las elecciones municipales del pasado 24 mayo.<\/p>\n","protected":false},"excerpt":{"rendered":"<p>El Ayuntamiento de Benilloba solicitar\u00e1 a la Diputaci\u00f3n Provincial de Alicante soluciones a los problemas de inundaciones que sufre su&#8230;<\/p>\n","protected":false},"author":1,"featured_media":14996,"comment_status":"open","ping_status":"open","sticky":false,"template":"","format":"standard","meta":{"footnotes":""},"categories":[98,75],"tags":[661,234,1340],"class_list":["post-14995","post","type-post","status-publish","format-standard","has-post-thumbnail","hentry","category-comarcas","category-noticias","tag-benilloba","tag-diputacion","tag-lluvias"],"yoast_head":"<!-- This site is optimized with the Yoast SEO plugin v27.3 - https:\/\/yoast.com\/product\/yoast-seo-wordpress\/ -->\n<title>Benilloba pedir\u00e1 a la Diputaci\u00f3n soluciones para el auditorio - COPE Alcoy<\/title>\n<meta name=\"robots\" content=\"index, follow, max-snippet:-1, max-image-preview:large, max-video-preview:-1\" \/>\n<link rel=\"canonical\" href=\"https:\/\/www.copealcoy.es\/es\/benilloba-instara-a-la-diputacion-soluciones-para-el-auditorio\/\" \/>\n<meta property=\"og:locale\" content=\"es_ES\" \/>\n<meta property=\"og:type\" content=\"article\" \/>\n<meta property=\"og:title\" content=\"Benilloba pedir\u00e1 a la Diputaci\u00f3n soluciones para el auditorio - COPE Alcoy\" \/>\n<meta property=\"og:description\" content=\"El Ayuntamiento de Benilloba solicitar\u00e1 a la Diputaci\u00f3n Provincial de Alicante soluciones a los problemas de inundaciones que sufre su...\" \/>\n<meta property=\"og:url\" content=\"https:\/\/www.copealcoy.es\/es\/benilloba-instara-a-la-diputacion-soluciones-para-el-auditorio\/\" \/>\n<meta property=\"og:site_name\" content=\"COPE Alcoy\" \/>\n<meta property=\"article:published_time\" content=\"2015-08-12T15:55:01+00:00\" \/>\n<meta property=\"article:modified_time\" content=\"2015-08-18T14:36:17+00:00\" \/>\n<meta property=\"og:image\" content=\"https:\/\/www.copealcoy.es\/wp-content\/uploads\/2015\/08\/14393176901155.jpg\" \/>\n\t<meta property=\"og:image:width\" content=\"657\" \/>\n\t<meta property=\"og:image:height\" content=\"437\" \/>\n\t<meta property=\"og:image:type\" content=\"image\/jpeg\" \/>\n<meta name=\"author\" content=\"Cope Alcoy\" \/>\n<meta name=\"twitter:label1\" content=\"Escrito por\" \/>\n\t<meta name=\"twitter:data1\" content=\"Cope Alcoy\" \/>\n\t<meta name=\"twitter:label2\" content=\"Tiempo de lectura\" \/>\n\t<meta name=\"twitter:data2\" content=\"1 minuto\" \/>\n<script type=\"application\/ld+json\" class=\"yoast-schema-graph\">{\"@context\":\"https:\\\/\\\/schema.org\",\"@graph\":[{\"@type\":\"Article\",\"@id\":\"https:\\\/\\\/www.copealcoy.es\\\/es\\\/benilloba-instara-a-la-diputacion-soluciones-para-el-auditorio\\\/#article\",\"isPartOf\":{\"@id\":\"https:\\\/\\\/www.copealcoy.es\\\/es\\\/benilloba-instara-a-la-diputacion-soluciones-para-el-auditorio\\\/\"},\"author\":{\"name\":\"Cope Alcoy\",\"@id\":\"https:\\\/\\\/www.copealcoy.es\\\/es\\\/#\\\/schema\\\/person\\\/e777c87fa024e57d40170af9df39882c\"},\"headline\":\"Benilloba pedir\u00e1 a la Diputaci\u00f3n soluciones para el auditorio\",\"datePublished\":\"2015-08-12T15:55:01+00:00\",\"dateModified\":\"2015-08-18T14:36:17+00:00\",\"mainEntityOfPage\":{\"@id\":\"https:\\\/\\\/www.copealcoy.es\\\/es\\\/benilloba-instara-a-la-diputacion-soluciones-para-el-auditorio\\\/\"},\"wordCount\":203,\"commentCount\":0,\"image\":{\"@id\":\"https:\\\/\\\/www.copealcoy.es\\\/es\\\/benilloba-instara-a-la-diputacion-soluciones-para-el-auditorio\\\/#primaryimage\"},\"thumbnailUrl\":\"https:\\\/\\\/www.copealcoy.es\\\/wp-content\\\/uploads\\\/2015\\\/08\\\/14393176901155.jpg\",\"keywords\":[\"Benilloba\",\"Diputaci\u00f3n\",\"lluvias\"],\"articleSection\":[\"Comarcas\",\"Noticias\"],\"inLanguage\":\"es\"},{\"@type\":\"WebPage\",\"@id\":\"https:\\\/\\\/www.copealcoy.es\\\/es\\\/benilloba-instara-a-la-diputacion-soluciones-para-el-auditorio\\\/\",\"url\":\"https:\\\/\\\/www.copealcoy.es\\\/es\\\/benilloba-instara-a-la-diputacion-soluciones-para-el-auditorio\\\/\",\"name\":\"Benilloba pedir\u00e1 a la Diputaci\u00f3n soluciones para el auditorio - COPE Alcoy\",\"isPartOf\":{\"@id\":\"https:\\\/\\\/www.copealcoy.es\\\/es\\\/#website\"},\"primaryImageOfPage\":{\"@id\":\"https:\\\/\\\/www.copealcoy.es\\\/es\\\/benilloba-instara-a-la-diputacion-soluciones-para-el-auditorio\\\/#primaryimage\"},\"image\":{\"@id\":\"https:\\\/\\\/www.copealcoy.es\\\/es\\\/benilloba-instara-a-la-diputacion-soluciones-para-el-auditorio\\\/#primaryimage\"},\"thumbnailUrl\":\"https:\\\/\\\/www.copealcoy.es\\\/wp-content\\\/uploads\\\/2015\\\/08\\\/14393176901155.jpg\",\"datePublished\":\"2015-08-12T15:55:01+00:00\",\"dateModified\":\"2015-08-18T14:36:17+00:00\",\"author\":{\"@id\":\"https:\\\/\\\/www.copealcoy.es\\\/es\\\/#\\\/schema\\\/person\\\/e777c87fa024e57d40170af9df39882c\"},\"breadcrumb\":{\"@id\":\"https:\\\/\\\/www.copealcoy.es\\\/es\\\/benilloba-instara-a-la-diputacion-soluciones-para-el-auditorio\\\/#breadcrumb\"},\"inLanguage\":\"es\",\"potentialAction\":[{\"@type\":\"ReadAction\",\"target\":[\"https:\\\/\\\/www.copealcoy.es\\\/es\\\/benilloba-instara-a-la-diputacion-soluciones-para-el-auditorio\\\/\"]}]},{\"@type\":\"ImageObject\",\"inLanguage\":\"es\",\"@id\":\"https:\\\/\\\/www.copealcoy.es\\\/es\\\/benilloba-instara-a-la-diputacion-soluciones-para-el-auditorio\\\/#primaryimage\",\"url\":\"https:\\\/\\\/www.copealcoy.es\\\/wp-content\\\/uploads\\\/2015\\\/08\\\/14393176901155.jpg\",\"contentUrl\":\"https:\\\/\\\/www.copealcoy.es\\\/wp-content\\\/uploads\\\/2015\\\/08\\\/14393176901155.jpg\",\"width\":657,\"height\":437,\"caption\":\"La alcaldesa, Anna D\u00e8lia Gisbert y el concejal Jordi Jim\u00e9nez limpiando el agua del Auditorio\"},{\"@type\":\"BreadcrumbList\",\"@id\":\"https:\\\/\\\/www.copealcoy.es\\\/es\\\/benilloba-instara-a-la-diputacion-soluciones-para-el-auditorio\\\/#breadcrumb\",\"itemListElement\":[{\"@type\":\"ListItem\",\"position\":1,\"name\":\"Portada\",\"item\":\"https:\\\/\\\/www.copealcoy.es\\\/es\\\/\"},{\"@type\":\"ListItem\",\"position\":2,\"name\":\"Benilloba pedir\u00e1 a la Diputaci\u00f3n soluciones para el auditorio\"}]},{\"@type\":\"WebSite\",\"@id\":\"https:\\\/\\\/www.copealcoy.es\\\/es\\\/#website\",\"url\":\"https:\\\/\\\/www.copealcoy.es\\\/es\\\/\",\"name\":\"COPE Alcoy\",\"description\":\"Emisora COPE de radio local con emisi\u00f3n online. Pont de Sant Jordi 8-10 03803 Alcoy\",\"potentialAction\":[{\"@type\":\"SearchAction\",\"target\":{\"@type\":\"EntryPoint\",\"urlTemplate\":\"https:\\\/\\\/www.copealcoy.es\\\/es\\\/?s={search_term_string}\"},\"query-input\":{\"@type\":\"PropertyValueSpecification\",\"valueRequired\":true,\"valueName\":\"search_term_string\"}}],\"inLanguage\":\"es\"},{\"@type\":\"Person\",\"@id\":\"https:\\\/\\\/www.copealcoy.es\\\/es\\\/#\\\/schema\\\/person\\\/e777c87fa024e57d40170af9df39882c\",\"name\":\"Cope Alcoy\",\"image\":{\"@type\":\"ImageObject\",\"inLanguage\":\"es\",\"@id\":\"https:\\\/\\\/secure.gravatar.com\\\/avatar\\\/bb65d0283347e303893ba14f0692005417c1e0e690a325a4c5d8bb2b3943ee14?s=96&d=mm&r=g\",\"url\":\"https:\\\/\\\/secure.gravatar.com\\\/avatar\\\/bb65d0283347e303893ba14f0692005417c1e0e690a325a4c5d8bb2b3943ee14?s=96&d=mm&r=g\",\"contentUrl\":\"https:\\\/\\\/secure.gravatar.com\\\/avatar\\\/bb65d0283347e303893ba14f0692005417c1e0e690a325a4c5d8bb2b3943ee14?s=96&d=mm&r=g\",\"caption\":\"Cope Alcoy\"}}]}<\/script>\n<!-- \/ Yoast SEO plugin. -->","yoast_head_json":{"title":"Benilloba pedir\u00e1 a la Diputaci\u00f3n soluciones para el auditorio - COPE Alcoy","robots":{"index":"index","follow":"follow","max-snippet":"max-snippet:-1","max-image-preview":"max-image-preview:large","max-video-preview":"max-video-preview:-1"},"canonical":"https:\/\/www.copealcoy.es\/es\/benilloba-instara-a-la-diputacion-soluciones-para-el-auditorio\/","og_locale":"es_ES","og_type":"article","og_title":"Benilloba pedir\u00e1 a la Diputaci\u00f3n soluciones para el auditorio - COPE Alcoy","og_description":"El Ayuntamiento de Benilloba solicitar\u00e1 a la Diputaci\u00f3n Provincial de Alicante soluciones a los problemas de inundaciones que sufre su...","og_url":"https:\/\/www.copealcoy.es\/es\/benilloba-instara-a-la-diputacion-soluciones-para-el-auditorio\/","og_site_name":"COPE Alcoy","article_published_time":"2015-08-12T15:55:01+00:00","article_modified_time":"2015-08-18T14:36:17+00:00","og_image":[{"width":657,"height":437,"url":"https:\/\/www.copealcoy.es\/wp-content\/uploads\/2015\/08\/14393176901155.jpg","type":"image\/jpeg"}],"author":"Cope Alcoy","twitter_misc":{"Escrito por":"Cope Alcoy","Tiempo de lectura":"1 minuto"},"schema":{"@context":"https:\/\/schema.org","@graph":[{"@type":"Article","@id":"https:\/\/www.copealcoy.es\/es\/benilloba-instara-a-la-diputacion-soluciones-para-el-auditorio\/#article","isPartOf":{"@id":"https:\/\/www.copealcoy.es\/es\/benilloba-instara-a-la-diputacion-soluciones-para-el-auditorio\/"},"author":{"name":"Cope Alcoy","@id":"https:\/\/www.copealcoy.es\/es\/#\/schema\/person\/e777c87fa024e57d40170af9df39882c"},"headline":"Benilloba pedir\u00e1 a la Diputaci\u00f3n soluciones para el auditorio","datePublished":"2015-08-12T15:55:01+00:00","dateModified":"2015-08-18T14:36:17+00:00","mainEntityOfPage":{"@id":"https:\/\/www.copealcoy.es\/es\/benilloba-instara-a-la-diputacion-soluciones-para-el-auditorio\/"},"wordCount":203,"commentCount":0,"image":{"@id":"https:\/\/www.copealcoy.es\/es\/benilloba-instara-a-la-diputacion-soluciones-para-el-auditorio\/#primaryimage"},"thumbnailUrl":"https:\/\/www.copealcoy.es\/wp-content\/uploads\/2015\/08\/14393176901155.jpg","keywords":["Benilloba","Diputaci\u00f3n","lluvias"],"articleSection":["Comarcas","Noticias"],"inLanguage":"es"},{"@type":"WebPage","@id":"https:\/\/www.copealcoy.es\/es\/benilloba-instara-a-la-diputacion-soluciones-para-el-auditorio\/","url":"https:\/\/www.copealcoy.es\/es\/benilloba-instara-a-la-diputacion-soluciones-para-el-auditorio\/","name":"Benilloba pedir\u00e1 a la Diputaci\u00f3n soluciones para el auditorio - COPE Alcoy","isPartOf":{"@id":"https:\/\/www.copealcoy.es\/es\/#website"},"primaryImageOfPage":{"@id":"https:\/\/www.copealcoy.es\/es\/benilloba-instara-a-la-diputacion-soluciones-para-el-auditorio\/#primaryimage"},"image":{"@id":"https:\/\/www.copealcoy.es\/es\/benilloba-instara-a-la-diputacion-soluciones-para-el-auditorio\/#primaryimage"},"thumbnailUrl":"https:\/\/www.copealcoy.es\/wp-content\/uploads\/2015\/08\/14393176901155.jpg","datePublished":"2015-08-12T15:55:01+00:00","dateModified":"2015-08-18T14:36:17+00:00","author":{"@id":"https:\/\/www.copealcoy.es\/es\/#\/schema\/person\/e777c87fa024e57d40170af9df39882c"},"breadcrumb":{"@id":"https:\/\/www.copealcoy.es\/es\/benilloba-instara-a-la-diputacion-soluciones-para-el-auditorio\/#breadcrumb"},"inLanguage":"es","potentialAction":[{"@type":"ReadAction","target":["https:\/\/www.copealcoy.es\/es\/benilloba-instara-a-la-diputacion-soluciones-para-el-auditorio\/"]}]},{"@type":"ImageObject","inLanguage":"es","@id":"https:\/\/www.copealcoy.es\/es\/benilloba-instara-a-la-diputacion-soluciones-para-el-auditorio\/#primaryimage","url":"https:\/\/www.copealcoy.es\/wp-content\/uploads\/2015\/08\/14393176901155.jpg","contentUrl":"https:\/\/www.copealcoy.es\/wp-content\/uploads\/2015\/08\/14393176901155.jpg","width":657,"height":437,"caption":"La alcaldesa, Anna D\u00e8lia Gisbert y el concejal Jordi Jim\u00e9nez limpiando el agua del Auditorio"},{"@type":"BreadcrumbList","@id":"https:\/\/www.copealcoy.es\/es\/benilloba-instara-a-la-diputacion-soluciones-para-el-auditorio\/#breadcrumb","itemListElement":[{"@type":"ListItem","position":1,"name":"Portada","item":"https:\/\/www.copealcoy.es\/es\/"},{"@type":"ListItem","position":2,"name":"Benilloba pedir\u00e1 a la Diputaci\u00f3n soluciones para el auditorio"}]},{"@type":"WebSite","@id":"https:\/\/www.copealcoy.es\/es\/#website","url":"https:\/\/www.copealcoy.es\/es\/","name":"COPE Alcoy","description":"Emisora COPE de radio local con emisi\u00f3n online. Pont de Sant Jordi 8-10 03803 Alcoy","potentialAction":[{"@type":"SearchAction","target":{"@type":"EntryPoint","urlTemplate":"https:\/\/www.copealcoy.es\/es\/?s={search_term_string}"},"query-input":{"@type":"PropertyValueSpecification","valueRequired":true,"valueName":"search_term_string"}}],"inLanguage":"es"},{"@type":"Person","@id":"https:\/\/www.copealcoy.es\/es\/#\/schema\/person\/e777c87fa024e57d40170af9df39882c","name":"Cope Alcoy","image":{"@type":"ImageObject","inLanguage":"es","@id":"https:\/\/secure.gravatar.com\/avatar\/bb65d0283347e303893ba14f0692005417c1e0e690a325a4c5d8bb2b3943ee14?s=96&d=mm&r=g","url":"https:\/\/secure.gravatar.com\/avatar\/bb65d0283347e303893ba14f0692005417c1e0e690a325a4c5d8bb2b3943ee14?s=96&d=mm&r=g","contentUrl":"https:\/\/secure.gravatar.com\/avatar\/bb65d0283347e303893ba14f0692005417c1e0e690a325a4c5d8bb2b3943ee14?s=96&d=mm&r=g","caption":"Cope Alcoy"}}]}},"_links":{"self":[{"href":"https:\/\/www.copealcoy.es\/es\/wp-json\/wp\/v2\/posts\/14995","targetHints":{"allow":["GET"]}}],"collection":[{"href":"https:\/\/www.copealcoy.es\/es\/wp-json\/wp\/v2\/posts"}],"about":[{"href":"https:\/\/www.copealcoy.es\/es\/wp-json\/wp\/v2\/types\/post"}],"author":[{"embeddable":true,"href":"https:\/\/www.copealcoy.es\/es\/wp-json\/wp\/v2\/users\/1"}],"replies":[{"embeddable":true,"href":"https:\/\/www.copealcoy.es\/es\/wp-json\/wp\/v2\/comments?post=14995"}],"version-history":[{"count":0,"href":"https:\/\/www.copealcoy.es\/es\/wp-json\/wp\/v2\/posts\/14995\/revisions"}],"wp:featuredmedia":[{"embeddable":true,"href":"https:\/\/www.copealcoy.es\/es\/wp-json\/wp\/v2\/media\/14996"}],"wp:attachment":[{"href":"https:\/\/www.copealcoy.es\/es\/wp-json\/wp\/v2\/media?parent=14995"}],"wp:term":[{"taxonomy":"category","embeddable":true,"href":"https:\/\/www.copealcoy.es\/es\/wp-json\/wp\/v2\/categories?post=14995"},{"taxonomy":"post_tag","embeddable":true,"href":"https:\/\/www.copealcoy.es\/es\/wp-json\/wp\/v2\/tags?post=14995"}],"curies":[{"name":"wp","href":"https:\/\/api.w.org\/{rel}","templated":true}]}}