{"id":14992,"date":"2015-08-15T09:46:41","date_gmt":"2015-08-15T09:46:41","guid":{"rendered":"http:\/\/copealcoi.es\/new\/?p=14992"},"modified":"2015-08-15T09:46:41","modified_gmt":"2015-08-15T09:46:41","slug":"gorga-pide-ayudas-para-solventar-los-danos-de-la-tormenta","status":"publish","type":"post","link":"https:\/\/www.copealcoy.es\/es\/gorga-pide-ayudas-para-solventar-los-danos-de-la-tormenta\/","title":{"rendered":"Gorga pide ayudas para solventar los da\u00f1os de la tormenta"},"content":{"rendered":"<p style=\"text-align: justify;\">El Ayuntamiento de Gorga va solicitar ayudas a la Diputaci\u00f3n Provincial de Alicante y a la Generalitat Valenciana para solucionar los da\u00f1os que la tormenta del martes provoc\u00f3 en el municipio. El alcalde de esta localidad del Comtat, Blas Calvo, asegura que la lluvia tumb\u00f3 vallas as\u00ed como muros y gener\u00f3 problemas en la piscina municipal. Adem\u00e1s indica que los 115 litros por metros cuadrado que cayeron junto al granizo ocasionaron da\u00f1os en la agricultura especialmente en la almendra, los olivos y los melocotoneros &#8220;las cosechas han resultado especialmente perjudicadas y en el caso de los melocotones ha pillado a los productores en plena recolecci\u00f3n lo que generar\u00e1 p\u00e9rdidas econ\u00f3micas&#8221;, apunta.\u00a0El primer edil destaca\u00a0que hay destrozos tambi\u00e9n en muchos caminos rurales e incluso en las tuber\u00edas del agua potable ubicadas en la parte baja del pueblo.<\/p>\n<p style=\"text-align: justify;\">Se\u00f1alar que durante la ma\u00f1ana de ayer viernes\u00a0los t\u00e9cnicos de la Diputaci\u00f3n estuvieron\u00a0en el pueblo para valorar la situaci\u00f3n y evaluar todos los desperfectos &#8220;a partir de ah\u00ed se elaborar\u00e1n los correspondientes informes y veremos si podemos obtener alguna subvenci\u00f3n para hacer las correspondientes reparaciones&#8221;, matiza.<\/p>\n","protected":false},"excerpt":{"rendered":"<p>El Ayuntamiento de Gorga va solicitar ayudas a la Diputaci\u00f3n Provincial de Alicante y a la Generalitat Valenciana para solucionar&#8230;<\/p>\n","protected":false},"author":1,"featured_media":14993,"comment_status":"open","ping_status":"open","sticky":false,"template":"","format":"standard","meta":{"footnotes":""},"categories":[98,75],"tags":[237,234,243,1339,1275],"class_list":["post-14992","post","type-post","status-publish","format-standard","has-post-thumbnail","hentry","category-comarcas","category-noticias","tag-comtat","tag-diputacion","tag-generalitat","tag-gorga","tag-tormenta"],"yoast_head":"<!-- This site is optimized with the Yoast SEO plugin v27.3 - https:\/\/yoast.com\/product\/yoast-seo-wordpress\/ -->\n<title>Gorga pide ayudas para solventar los da\u00f1os de la tormenta - COPE Alcoy<\/title>\n<meta name=\"robots\" content=\"index, follow, max-snippet:-1, max-image-preview:large, max-video-preview:-1\" \/>\n<link rel=\"canonical\" href=\"https:\/\/www.copealcoy.es\/es\/gorga-pide-ayudas-para-solventar-los-danos-de-la-tormenta\/\" \/>\n<meta property=\"og:locale\" content=\"es_ES\" \/>\n<meta property=\"og:type\" content=\"article\" \/>\n<meta property=\"og:title\" content=\"Gorga pide ayudas para solventar los da\u00f1os de la tormenta - COPE Alcoy\" \/>\n<meta property=\"og:description\" content=\"El Ayuntamiento de Gorga va solicitar ayudas a la Diputaci\u00f3n Provincial de Alicante y a la Generalitat Valenciana para solucionar...\" \/>\n<meta property=\"og:url\" content=\"https:\/\/www.copealcoy.es\/es\/gorga-pide-ayudas-para-solventar-los-danos-de-la-tormenta\/\" \/>\n<meta property=\"og:site_name\" content=\"COPE Alcoy\" \/>\n<meta property=\"article:published_time\" content=\"2015-08-15T09:46:41+00:00\" \/>\n<meta property=\"og:image\" content=\"https:\/\/www.copealcoy.es\/wp-content\/uploads\/2015\/08\/11825904_499588583533224_8294780712739297857_n.jpg\" \/>\n\t<meta property=\"og:image:width\" content=\"960\" \/>\n\t<meta property=\"og:image:height\" content=\"576\" \/>\n\t<meta property=\"og:image:type\" content=\"image\/jpeg\" \/>\n<meta name=\"author\" content=\"Cope Alcoy\" \/>\n<meta name=\"twitter:label1\" content=\"Escrito por\" \/>\n\t<meta name=\"twitter:data1\" content=\"Cope Alcoy\" \/>\n\t<meta name=\"twitter:label2\" content=\"Tiempo de lectura\" \/>\n\t<meta name=\"twitter:data2\" content=\"1 minuto\" \/>\n<script type=\"application\/ld+json\" class=\"yoast-schema-graph\">{\"@context\":\"https:\\\/\\\/schema.org\",\"@graph\":[{\"@type\":\"Article\",\"@id\":\"https:\\\/\\\/www.copealcoy.es\\\/es\\\/gorga-pide-ayudas-para-solventar-los-danos-de-la-tormenta\\\/#article\",\"isPartOf\":{\"@id\":\"https:\\\/\\\/www.copealcoy.es\\\/es\\\/gorga-pide-ayudas-para-solventar-los-danos-de-la-tormenta\\\/\"},\"author\":{\"name\":\"Cope Alcoy\",\"@id\":\"https:\\\/\\\/www.copealcoy.es\\\/es\\\/#\\\/schema\\\/person\\\/e777c87fa024e57d40170af9df39882c\"},\"headline\":\"Gorga pide ayudas para solventar los da\u00f1os de la tormenta\",\"datePublished\":\"2015-08-15T09:46:41+00:00\",\"mainEntityOfPage\":{\"@id\":\"https:\\\/\\\/www.copealcoy.es\\\/es\\\/gorga-pide-ayudas-para-solventar-los-danos-de-la-tormenta\\\/\"},\"wordCount\":212,\"commentCount\":0,\"image\":{\"@id\":\"https:\\\/\\\/www.copealcoy.es\\\/es\\\/gorga-pide-ayudas-para-solventar-los-danos-de-la-tormenta\\\/#primaryimage\"},\"thumbnailUrl\":\"https:\\\/\\\/www.copealcoy.es\\\/wp-content\\\/uploads\\\/2015\\\/08\\\/11825904_499588583533224_8294780712739297857_n.jpg\",\"keywords\":[\"Comtat\",\"Diputaci\u00f3n\",\"Generalitat\",\"Gorga\",\"tormenta\"],\"articleSection\":[\"Comarcas\",\"Noticias\"],\"inLanguage\":\"es\"},{\"@type\":\"WebPage\",\"@id\":\"https:\\\/\\\/www.copealcoy.es\\\/es\\\/gorga-pide-ayudas-para-solventar-los-danos-de-la-tormenta\\\/\",\"url\":\"https:\\\/\\\/www.copealcoy.es\\\/es\\\/gorga-pide-ayudas-para-solventar-los-danos-de-la-tormenta\\\/\",\"name\":\"Gorga pide ayudas para solventar los da\u00f1os de la tormenta - COPE Alcoy\",\"isPartOf\":{\"@id\":\"https:\\\/\\\/www.copealcoy.es\\\/es\\\/#website\"},\"primaryImageOfPage\":{\"@id\":\"https:\\\/\\\/www.copealcoy.es\\\/es\\\/gorga-pide-ayudas-para-solventar-los-danos-de-la-tormenta\\\/#primaryimage\"},\"image\":{\"@id\":\"https:\\\/\\\/www.copealcoy.es\\\/es\\\/gorga-pide-ayudas-para-solventar-los-danos-de-la-tormenta\\\/#primaryimage\"},\"thumbnailUrl\":\"https:\\\/\\\/www.copealcoy.es\\\/wp-content\\\/uploads\\\/2015\\\/08\\\/11825904_499588583533224_8294780712739297857_n.jpg\",\"datePublished\":\"2015-08-15T09:46:41+00:00\",\"author\":{\"@id\":\"https:\\\/\\\/www.copealcoy.es\\\/es\\\/#\\\/schema\\\/person\\\/e777c87fa024e57d40170af9df39882c\"},\"breadcrumb\":{\"@id\":\"https:\\\/\\\/www.copealcoy.es\\\/es\\\/gorga-pide-ayudas-para-solventar-los-danos-de-la-tormenta\\\/#breadcrumb\"},\"inLanguage\":\"es\",\"potentialAction\":[{\"@type\":\"ReadAction\",\"target\":[\"https:\\\/\\\/www.copealcoy.es\\\/es\\\/gorga-pide-ayudas-para-solventar-los-danos-de-la-tormenta\\\/\"]}]},{\"@type\":\"ImageObject\",\"inLanguage\":\"es\",\"@id\":\"https:\\\/\\\/www.copealcoy.es\\\/es\\\/gorga-pide-ayudas-para-solventar-los-danos-de-la-tormenta\\\/#primaryimage\",\"url\":\"https:\\\/\\\/www.copealcoy.es\\\/wp-content\\\/uploads\\\/2015\\\/08\\\/11825904_499588583533224_8294780712739297857_n.jpg\",\"contentUrl\":\"https:\\\/\\\/www.copealcoy.es\\\/wp-content\\\/uploads\\\/2015\\\/08\\\/11825904_499588583533224_8294780712739297857_n.jpg\",\"width\":960,\"height\":576,\"caption\":\"Las calles de Gorga se convirtieron el martes en aut\u00e9nticos r\u00edos \\\/ Foto: Ester Gonz\u00e1lez\"},{\"@type\":\"BreadcrumbList\",\"@id\":\"https:\\\/\\\/www.copealcoy.es\\\/es\\\/gorga-pide-ayudas-para-solventar-los-danos-de-la-tormenta\\\/#breadcrumb\",\"itemListElement\":[{\"@type\":\"ListItem\",\"position\":1,\"name\":\"Portada\",\"item\":\"https:\\\/\\\/www.copealcoy.es\\\/es\\\/\"},{\"@type\":\"ListItem\",\"position\":2,\"name\":\"Gorga pide ayudas para solventar los da\u00f1os de la tormenta\"}]},{\"@type\":\"WebSite\",\"@id\":\"https:\\\/\\\/www.copealcoy.es\\\/es\\\/#website\",\"url\":\"https:\\\/\\\/www.copealcoy.es\\\/es\\\/\",\"name\":\"COPE Alcoy\",\"description\":\"Emisora COPE de radio local con emisi\u00f3n online. Pont de Sant Jordi 8-10 03803 Alcoy\",\"potentialAction\":[{\"@type\":\"SearchAction\",\"target\":{\"@type\":\"EntryPoint\",\"urlTemplate\":\"https:\\\/\\\/www.copealcoy.es\\\/es\\\/?s={search_term_string}\"},\"query-input\":{\"@type\":\"PropertyValueSpecification\",\"valueRequired\":true,\"valueName\":\"search_term_string\"}}],\"inLanguage\":\"es\"},{\"@type\":\"Person\",\"@id\":\"https:\\\/\\\/www.copealcoy.es\\\/es\\\/#\\\/schema\\\/person\\\/e777c87fa024e57d40170af9df39882c\",\"name\":\"Cope Alcoy\",\"image\":{\"@type\":\"ImageObject\",\"inLanguage\":\"es\",\"@id\":\"https:\\\/\\\/secure.gravatar.com\\\/avatar\\\/bb65d0283347e303893ba14f0692005417c1e0e690a325a4c5d8bb2b3943ee14?s=96&d=mm&r=g\",\"url\":\"https:\\\/\\\/secure.gravatar.com\\\/avatar\\\/bb65d0283347e303893ba14f0692005417c1e0e690a325a4c5d8bb2b3943ee14?s=96&d=mm&r=g\",\"contentUrl\":\"https:\\\/\\\/secure.gravatar.com\\\/avatar\\\/bb65d0283347e303893ba14f0692005417c1e0e690a325a4c5d8bb2b3943ee14?s=96&d=mm&r=g\",\"caption\":\"Cope Alcoy\"}}]}<\/script>\n<!-- \/ Yoast SEO plugin. -->","yoast_head_json":{"title":"Gorga pide ayudas para solventar los da\u00f1os de la tormenta - COPE Alcoy","robots":{"index":"index","follow":"follow","max-snippet":"max-snippet:-1","max-image-preview":"max-image-preview:large","max-video-preview":"max-video-preview:-1"},"canonical":"https:\/\/www.copealcoy.es\/es\/gorga-pide-ayudas-para-solventar-los-danos-de-la-tormenta\/","og_locale":"es_ES","og_type":"article","og_title":"Gorga pide ayudas para solventar los da\u00f1os de la tormenta - COPE Alcoy","og_description":"El Ayuntamiento de Gorga va solicitar ayudas a la Diputaci\u00f3n Provincial de Alicante y a la Generalitat Valenciana para solucionar...","og_url":"https:\/\/www.copealcoy.es\/es\/gorga-pide-ayudas-para-solventar-los-danos-de-la-tormenta\/","og_site_name":"COPE Alcoy","article_published_time":"2015-08-15T09:46:41+00:00","og_image":[{"width":960,"height":576,"url":"https:\/\/www.copealcoy.es\/wp-content\/uploads\/2015\/08\/11825904_499588583533224_8294780712739297857_n.jpg","type":"image\/jpeg"}],"author":"Cope Alcoy","twitter_misc":{"Escrito por":"Cope Alcoy","Tiempo de lectura":"1 minuto"},"schema":{"@context":"https:\/\/schema.org","@graph":[{"@type":"Article","@id":"https:\/\/www.copealcoy.es\/es\/gorga-pide-ayudas-para-solventar-los-danos-de-la-tormenta\/#article","isPartOf":{"@id":"https:\/\/www.copealcoy.es\/es\/gorga-pide-ayudas-para-solventar-los-danos-de-la-tormenta\/"},"author":{"name":"Cope Alcoy","@id":"https:\/\/www.copealcoy.es\/es\/#\/schema\/person\/e777c87fa024e57d40170af9df39882c"},"headline":"Gorga pide ayudas para solventar los da\u00f1os de la tormenta","datePublished":"2015-08-15T09:46:41+00:00","mainEntityOfPage":{"@id":"https:\/\/www.copealcoy.es\/es\/gorga-pide-ayudas-para-solventar-los-danos-de-la-tormenta\/"},"wordCount":212,"commentCount":0,"image":{"@id":"https:\/\/www.copealcoy.es\/es\/gorga-pide-ayudas-para-solventar-los-danos-de-la-tormenta\/#primaryimage"},"thumbnailUrl":"https:\/\/www.copealcoy.es\/wp-content\/uploads\/2015\/08\/11825904_499588583533224_8294780712739297857_n.jpg","keywords":["Comtat","Diputaci\u00f3n","Generalitat","Gorga","tormenta"],"articleSection":["Comarcas","Noticias"],"inLanguage":"es"},{"@type":"WebPage","@id":"https:\/\/www.copealcoy.es\/es\/gorga-pide-ayudas-para-solventar-los-danos-de-la-tormenta\/","url":"https:\/\/www.copealcoy.es\/es\/gorga-pide-ayudas-para-solventar-los-danos-de-la-tormenta\/","name":"Gorga pide ayudas para solventar los da\u00f1os de la tormenta - COPE Alcoy","isPartOf":{"@id":"https:\/\/www.copealcoy.es\/es\/#website"},"primaryImageOfPage":{"@id":"https:\/\/www.copealcoy.es\/es\/gorga-pide-ayudas-para-solventar-los-danos-de-la-tormenta\/#primaryimage"},"image":{"@id":"https:\/\/www.copealcoy.es\/es\/gorga-pide-ayudas-para-solventar-los-danos-de-la-tormenta\/#primaryimage"},"thumbnailUrl":"https:\/\/www.copealcoy.es\/wp-content\/uploads\/2015\/08\/11825904_499588583533224_8294780712739297857_n.jpg","datePublished":"2015-08-15T09:46:41+00:00","author":{"@id":"https:\/\/www.copealcoy.es\/es\/#\/schema\/person\/e777c87fa024e57d40170af9df39882c"},"breadcrumb":{"@id":"https:\/\/www.copealcoy.es\/es\/gorga-pide-ayudas-para-solventar-los-danos-de-la-tormenta\/#breadcrumb"},"inLanguage":"es","potentialAction":[{"@type":"ReadAction","target":["https:\/\/www.copealcoy.es\/es\/gorga-pide-ayudas-para-solventar-los-danos-de-la-tormenta\/"]}]},{"@type":"ImageObject","inLanguage":"es","@id":"https:\/\/www.copealcoy.es\/es\/gorga-pide-ayudas-para-solventar-los-danos-de-la-tormenta\/#primaryimage","url":"https:\/\/www.copealcoy.es\/wp-content\/uploads\/2015\/08\/11825904_499588583533224_8294780712739297857_n.jpg","contentUrl":"https:\/\/www.copealcoy.es\/wp-content\/uploads\/2015\/08\/11825904_499588583533224_8294780712739297857_n.jpg","width":960,"height":576,"caption":"Las calles de Gorga se convirtieron el martes en aut\u00e9nticos r\u00edos \/ Foto: Ester Gonz\u00e1lez"},{"@type":"BreadcrumbList","@id":"https:\/\/www.copealcoy.es\/es\/gorga-pide-ayudas-para-solventar-los-danos-de-la-tormenta\/#breadcrumb","itemListElement":[{"@type":"ListItem","position":1,"name":"Portada","item":"https:\/\/www.copealcoy.es\/es\/"},{"@type":"ListItem","position":2,"name":"Gorga pide ayudas para solventar los da\u00f1os de la tormenta"}]},{"@type":"WebSite","@id":"https:\/\/www.copealcoy.es\/es\/#website","url":"https:\/\/www.copealcoy.es\/es\/","name":"COPE Alcoy","description":"Emisora COPE de radio local con emisi\u00f3n online. Pont de Sant Jordi 8-10 03803 Alcoy","potentialAction":[{"@type":"SearchAction","target":{"@type":"EntryPoint","urlTemplate":"https:\/\/www.copealcoy.es\/es\/?s={search_term_string}"},"query-input":{"@type":"PropertyValueSpecification","valueRequired":true,"valueName":"search_term_string"}}],"inLanguage":"es"},{"@type":"Person","@id":"https:\/\/www.copealcoy.es\/es\/#\/schema\/person\/e777c87fa024e57d40170af9df39882c","name":"Cope Alcoy","image":{"@type":"ImageObject","inLanguage":"es","@id":"https:\/\/secure.gravatar.com\/avatar\/bb65d0283347e303893ba14f0692005417c1e0e690a325a4c5d8bb2b3943ee14?s=96&d=mm&r=g","url":"https:\/\/secure.gravatar.com\/avatar\/bb65d0283347e303893ba14f0692005417c1e0e690a325a4c5d8bb2b3943ee14?s=96&d=mm&r=g","contentUrl":"https:\/\/secure.gravatar.com\/avatar\/bb65d0283347e303893ba14f0692005417c1e0e690a325a4c5d8bb2b3943ee14?s=96&d=mm&r=g","caption":"Cope Alcoy"}}]}},"_links":{"self":[{"href":"https:\/\/www.copealcoy.es\/es\/wp-json\/wp\/v2\/posts\/14992","targetHints":{"allow":["GET"]}}],"collection":[{"href":"https:\/\/www.copealcoy.es\/es\/wp-json\/wp\/v2\/posts"}],"about":[{"href":"https:\/\/www.copealcoy.es\/es\/wp-json\/wp\/v2\/types\/post"}],"author":[{"embeddable":true,"href":"https:\/\/www.copealcoy.es\/es\/wp-json\/wp\/v2\/users\/1"}],"replies":[{"embeddable":true,"href":"https:\/\/www.copealcoy.es\/es\/wp-json\/wp\/v2\/comments?post=14992"}],"version-history":[{"count":0,"href":"https:\/\/www.copealcoy.es\/es\/wp-json\/wp\/v2\/posts\/14992\/revisions"}],"wp:featuredmedia":[{"embeddable":true,"href":"https:\/\/www.copealcoy.es\/es\/wp-json\/wp\/v2\/media\/14993"}],"wp:attachment":[{"href":"https:\/\/www.copealcoy.es\/es\/wp-json\/wp\/v2\/media?parent=14992"}],"wp:term":[{"taxonomy":"category","embeddable":true,"href":"https:\/\/www.copealcoy.es\/es\/wp-json\/wp\/v2\/categories?post=14992"},{"taxonomy":"post_tag","embeddable":true,"href":"https:\/\/www.copealcoy.es\/es\/wp-json\/wp\/v2\/tags?post=14992"}],"curies":[{"name":"wp","href":"https:\/\/api.w.org\/{rel}","templated":true}]}}