{"id":149896,"date":"2025-04-03T16:24:30","date_gmt":"2025-04-03T15:24:30","guid":{"rendered":"https:\/\/www.copealcoy.es\/?p=149896"},"modified":"2025-04-03T18:21:34","modified_gmt":"2025-04-03T17:21:34","slug":"polemica-por-los-viajes-de-trabajo-del-alcalde-de-alcoy-hace-un-uso-indebido-del-dinero-publico","status":"publish","type":"post","link":"https:\/\/www.copealcoy.es\/es\/polemica-por-los-viajes-de-trabajo-del-alcalde-de-alcoy-hace-un-uso-indebido-del-dinero-publico\/","title":{"rendered":"Pol\u00e9mica por los viajes de trabajo del alcalde de Alcoy &#8220;hace un uso indebido del dinero p\u00fablico&#8221;"},"content":{"rendered":"<p style=\"text-align: justify;\">El <strong><a href=\"https:\/\/www.facebook.com\/populares.alcoy\" target=\"_blank\" rel=\"noopener\"><span style=\"color: #0000ff;\">Partido Popular\u00a0 de Alcoy<\/span> <\/a>se ha mostrado cr\u00edtico con los viajes institucionales del alcalde<\/strong> de la ciudad, <strong>Toni Franc\u00e9s<\/strong>, y ha afirmado que el primer edil hace &#8220;<em>un uso indebido del dinero p\u00fablico<\/em>&#8221; con los mismos. Los populares alcoyanos aseguran que Franc\u00e9s <strong>ha viajado en varias ocasiones acompa\u00f1ado por su pareja y asesora de turismo del Ayuntamiento<\/strong>, a pesar de que las reuniones a las que acud\u00eda eran sobre temas como urbanismo, innovaci\u00f3n y movilidad sostenible.<\/p>\n<p style=\"text-align: justify;\"><strong>Carlos Pastor<\/strong>, portavoz municipal del PP, <strong>ha expresado su malestar por la presencia de la asesora en estos viajes<\/strong>, argumentando que <strong>no hay justificaci\u00f3n<\/strong> para su acompa\u00f1amiento en reuniones que no est\u00e1n relacionadas con su \u00e1rea. &#8220;<em>Este uso indebido de los recursos econ\u00f3micos demuestra que poco le importa la ciudad y se aprovecha de su posici\u00f3n<\/em>&#8220;, afirma. Adem\u00e1s explica que el PP tiene\u00a0constancia de que <strong>en dos de los viajes a M\u00e1laga<\/strong>, en septiembre de 2024, y <strong>a Madrid en noviembre del mismo a\u00f1o<\/strong> fue acompa\u00f1ado por su pareja que adem\u00e1s estaba de baja laboral en esos momentos &#8220;<em>entendemos que en ninguno de esos viajes ten\u00eda justificaci\u00f3n la presencia de una asesora de turismo, algo que adem\u00e1s el propio departamento de intervenci\u00f3n tampoco aprob\u00f3 en primera instancia, ya que sabemos que el propio alcalde tuvo que realizar un escrito justificando la necesidad de un asesor para cubrir las necesidades de prensa y comunicaci\u00f3n. Insistimos en que la asesora de turismo es eso, asesora de turismo y no de comunicaci\u00f3n<\/em>&#8220;, concluye Pastor.<\/p>\n<p style=\"text-align: justify;\">Franc\u00e9s, por su parte, <strong>se ha defendido de la acusaciones del Partido Popular<\/strong> y las ha desmentido. Indica el alcalde que <strong>todos sus asesores corresponden a alcald\u00eda y que realizan su trabajo en funci\u00f3n de las agendas<\/strong>. Adem\u00e1s detalla que <strong>en 2024 realiz\u00f3 14 desplazamientos institucionales representando a la ciudad de Alcoy<\/strong>, de los cuales <strong>solo tres incluyeron a la asesora mencionada por el PP<\/strong> &#8220;<em>con un coste total de 291 euros en esos desplazamientos<\/em>&#8220;, signific\u00f3. Por \u00faltimo ha lamentado <strong>las cr\u00edticas del principal partido de la oposici\u00f3n<\/strong> tildando las mismas de ataques hacia su persona.<\/p>\n","protected":false},"excerpt":{"rendered":"<p>El Partido Popular\u00a0 de Alcoy se ha mostrado cr\u00edtico con los viajes institucionales del alcalde de la ciudad, Toni Franc\u00e9s,&#8230;<\/p>\n","protected":false},"author":1,"featured_media":149930,"comment_status":"open","ping_status":"open","sticky":false,"template":"","format":"standard","meta":{"footnotes":""},"categories":[6909,97,75,79],"tags":[388,1494,13235,370,227,681,216],"class_list":["post-149896","post","type-post","status-publish","format-standard","has-post-thumbnail","hentry","category-actualidad","category-alcoy","category-noticias","category-politicayeconomia","tag-alcalde","tag-alcoy","tag-carlos-pastor","tag-polemica","tag-pp","tag-toni-frances","tag-viajes"],"yoast_head":"<!-- This site is optimized with the Yoast SEO plugin v27.3 - https:\/\/yoast.com\/product\/yoast-seo-wordpress\/ -->\n<title>Pol\u00e9mica por los viajes de trabajo del alcalde de Alcoy &quot;hace un uso indebido del dinero p\u00fablico&quot; - COPE Alcoy<\/title>\n<meta name=\"description\" content=\"El Partido Popular\u00a0 de Alcoy se ha mostrado cr\u00edtico con los viajes institucionales del alcalde de la ciudad, Toni Franc\u00e9s, y ha afirmado que el primer edil hace &quot;un uso indebido del dinero p\u00fablico&quot; con los mismos\" \/>\n<meta name=\"robots\" content=\"index, follow, max-snippet:-1, max-image-preview:large, max-video-preview:-1\" \/>\n<link rel=\"canonical\" href=\"https:\/\/www.copealcoy.es\/es\/polemica-por-los-viajes-de-trabajo-del-alcalde-de-alcoy-hace-un-uso-indebido-del-dinero-publico\/\" \/>\n<meta property=\"og:locale\" content=\"es_ES\" \/>\n<meta property=\"og:type\" content=\"article\" \/>\n<meta property=\"og:title\" content=\"Pol\u00e9mica por los viajes de trabajo del alcalde de Alcoy &quot;hace un uso indebido del dinero p\u00fablico&quot; - COPE Alcoy\" \/>\n<meta property=\"og:description\" content=\"El Partido Popular\u00a0 de Alcoy se ha mostrado cr\u00edtico con los viajes institucionales del alcalde de la ciudad, Toni Franc\u00e9s, y ha afirmado que el primer edil hace &quot;un uso indebido del dinero p\u00fablico&quot; con los mismos\" \/>\n<meta property=\"og:url\" content=\"https:\/\/www.copealcoy.es\/es\/polemica-por-los-viajes-de-trabajo-del-alcalde-de-alcoy-hace-un-uso-indebido-del-dinero-publico\/\" \/>\n<meta property=\"og:site_name\" content=\"COPE Alcoy\" \/>\n<meta property=\"article:published_time\" content=\"2025-04-03T15:24:30+00:00\" \/>\n<meta property=\"article:modified_time\" content=\"2025-04-03T17:21:34+00:00\" \/>\n<meta property=\"og:image\" content=\"https:\/\/www.copealcoy.es\/wp-content\/uploads\/2025\/04\/481075565_1034956508664874_7533941910453835085_n.jpg\" \/>\n\t<meta property=\"og:image:width\" content=\"1261\" \/>\n\t<meta property=\"og:image:height\" content=\"806\" \/>\n\t<meta property=\"og:image:type\" content=\"image\/jpeg\" \/>\n<meta name=\"author\" content=\"Cope Alcoy\" \/>\n<meta name=\"twitter:label1\" content=\"Escrito por\" \/>\n\t<meta name=\"twitter:data1\" content=\"Cope Alcoy\" \/>\n\t<meta name=\"twitter:label2\" content=\"Tiempo de lectura\" \/>\n\t<meta name=\"twitter:data2\" content=\"3 minutos\" \/>\n<script type=\"application\/ld+json\" class=\"yoast-schema-graph\">{\"@context\":\"https:\\\/\\\/schema.org\",\"@graph\":[{\"@type\":\"Article\",\"@id\":\"https:\\\/\\\/www.copealcoy.es\\\/es\\\/polemica-por-los-viajes-de-trabajo-del-alcalde-de-alcoy-hace-un-uso-indebido-del-dinero-publico\\\/#article\",\"isPartOf\":{\"@id\":\"https:\\\/\\\/www.copealcoy.es\\\/es\\\/polemica-por-los-viajes-de-trabajo-del-alcalde-de-alcoy-hace-un-uso-indebido-del-dinero-publico\\\/\"},\"author\":{\"name\":\"Cope Alcoy\",\"@id\":\"https:\\\/\\\/www.copealcoy.es\\\/es\\\/#\\\/schema\\\/person\\\/e777c87fa024e57d40170af9df39882c\"},\"headline\":\"Pol\u00e9mica por los viajes de trabajo del alcalde de Alcoy &#8220;hace un uso indebido del dinero p\u00fablico&#8221;\",\"datePublished\":\"2025-04-03T15:24:30+00:00\",\"dateModified\":\"2025-04-03T17:21:34+00:00\",\"mainEntityOfPage\":{\"@id\":\"https:\\\/\\\/www.copealcoy.es\\\/es\\\/polemica-por-los-viajes-de-trabajo-del-alcalde-de-alcoy-hace-un-uso-indebido-del-dinero-publico\\\/\"},\"wordCount\":389,\"commentCount\":0,\"image\":{\"@id\":\"https:\\\/\\\/www.copealcoy.es\\\/es\\\/polemica-por-los-viajes-de-trabajo-del-alcalde-de-alcoy-hace-un-uso-indebido-del-dinero-publico\\\/#primaryimage\"},\"thumbnailUrl\":\"https:\\\/\\\/www.copealcoy.es\\\/wp-content\\\/uploads\\\/2025\\\/04\\\/481075565_1034956508664874_7533941910453835085_n.jpg\",\"keywords\":[\"Alcalde\",\"Alcoy\",\"Carlos Pastor\",\"Pol\u00e9mica\",\"PP\",\"Toni Franc\u00e9s\",\"Viajes\"],\"articleSection\":[\"Actualidad\",\"Alcoy\",\"Noticias\",\"Pol\u00edtica y Econom\u00eda\"],\"inLanguage\":\"es\"},{\"@type\":\"WebPage\",\"@id\":\"https:\\\/\\\/www.copealcoy.es\\\/es\\\/polemica-por-los-viajes-de-trabajo-del-alcalde-de-alcoy-hace-un-uso-indebido-del-dinero-publico\\\/\",\"url\":\"https:\\\/\\\/www.copealcoy.es\\\/es\\\/polemica-por-los-viajes-de-trabajo-del-alcalde-de-alcoy-hace-un-uso-indebido-del-dinero-publico\\\/\",\"name\":\"Pol\u00e9mica por los viajes de trabajo del alcalde de Alcoy \\\"hace un uso indebido del dinero p\u00fablico\\\" - COPE Alcoy\",\"isPartOf\":{\"@id\":\"https:\\\/\\\/www.copealcoy.es\\\/es\\\/#website\"},\"primaryImageOfPage\":{\"@id\":\"https:\\\/\\\/www.copealcoy.es\\\/es\\\/polemica-por-los-viajes-de-trabajo-del-alcalde-de-alcoy-hace-un-uso-indebido-del-dinero-publico\\\/#primaryimage\"},\"image\":{\"@id\":\"https:\\\/\\\/www.copealcoy.es\\\/es\\\/polemica-por-los-viajes-de-trabajo-del-alcalde-de-alcoy-hace-un-uso-indebido-del-dinero-publico\\\/#primaryimage\"},\"thumbnailUrl\":\"https:\\\/\\\/www.copealcoy.es\\\/wp-content\\\/uploads\\\/2025\\\/04\\\/481075565_1034956508664874_7533941910453835085_n.jpg\",\"datePublished\":\"2025-04-03T15:24:30+00:00\",\"dateModified\":\"2025-04-03T17:21:34+00:00\",\"author\":{\"@id\":\"https:\\\/\\\/www.copealcoy.es\\\/es\\\/#\\\/schema\\\/person\\\/e777c87fa024e57d40170af9df39882c\"},\"description\":\"El Partido Popular\u00a0 de Alcoy se ha mostrado cr\u00edtico con los viajes institucionales del alcalde de la ciudad, Toni Franc\u00e9s, y ha afirmado que el primer edil hace \\\"un uso indebido del dinero p\u00fablico\\\" con los mismos\",\"breadcrumb\":{\"@id\":\"https:\\\/\\\/www.copealcoy.es\\\/es\\\/polemica-por-los-viajes-de-trabajo-del-alcalde-de-alcoy-hace-un-uso-indebido-del-dinero-publico\\\/#breadcrumb\"},\"inLanguage\":\"es\",\"potentialAction\":[{\"@type\":\"ReadAction\",\"target\":[\"https:\\\/\\\/www.copealcoy.es\\\/es\\\/polemica-por-los-viajes-de-trabajo-del-alcalde-de-alcoy-hace-un-uso-indebido-del-dinero-publico\\\/\"]}]},{\"@type\":\"ImageObject\",\"inLanguage\":\"es\",\"@id\":\"https:\\\/\\\/www.copealcoy.es\\\/es\\\/polemica-por-los-viajes-de-trabajo-del-alcalde-de-alcoy-hace-un-uso-indebido-del-dinero-publico\\\/#primaryimage\",\"url\":\"https:\\\/\\\/www.copealcoy.es\\\/wp-content\\\/uploads\\\/2025\\\/04\\\/481075565_1034956508664874_7533941910453835085_n.jpg\",\"contentUrl\":\"https:\\\/\\\/www.copealcoy.es\\\/wp-content\\\/uploads\\\/2025\\\/04\\\/481075565_1034956508664874_7533941910453835085_n.jpg\",\"width\":1261,\"height\":806},{\"@type\":\"BreadcrumbList\",\"@id\":\"https:\\\/\\\/www.copealcoy.es\\\/es\\\/polemica-por-los-viajes-de-trabajo-del-alcalde-de-alcoy-hace-un-uso-indebido-del-dinero-publico\\\/#breadcrumb\",\"itemListElement\":[{\"@type\":\"ListItem\",\"position\":1,\"name\":\"Portada\",\"item\":\"https:\\\/\\\/www.copealcoy.es\\\/es\\\/\"},{\"@type\":\"ListItem\",\"position\":2,\"name\":\"Pol\u00e9mica por los viajes de trabajo del alcalde de Alcoy &#8220;hace un uso indebido del dinero p\u00fablico&#8221;\"}]},{\"@type\":\"WebSite\",\"@id\":\"https:\\\/\\\/www.copealcoy.es\\\/es\\\/#website\",\"url\":\"https:\\\/\\\/www.copealcoy.es\\\/es\\\/\",\"name\":\"COPE Alcoy\",\"description\":\"Emisora COPE de radio local con emisi\u00f3n online. Pont de Sant Jordi 8-10 03803 Alcoy\",\"potentialAction\":[{\"@type\":\"SearchAction\",\"target\":{\"@type\":\"EntryPoint\",\"urlTemplate\":\"https:\\\/\\\/www.copealcoy.es\\\/es\\\/?s={search_term_string}\"},\"query-input\":{\"@type\":\"PropertyValueSpecification\",\"valueRequired\":true,\"valueName\":\"search_term_string\"}}],\"inLanguage\":\"es\"},{\"@type\":\"Person\",\"@id\":\"https:\\\/\\\/www.copealcoy.es\\\/es\\\/#\\\/schema\\\/person\\\/e777c87fa024e57d40170af9df39882c\",\"name\":\"Cope Alcoy\",\"image\":{\"@type\":\"ImageObject\",\"inLanguage\":\"es\",\"@id\":\"https:\\\/\\\/secure.gravatar.com\\\/avatar\\\/bb65d0283347e303893ba14f0692005417c1e0e690a325a4c5d8bb2b3943ee14?s=96&d=mm&r=g\",\"url\":\"https:\\\/\\\/secure.gravatar.com\\\/avatar\\\/bb65d0283347e303893ba14f0692005417c1e0e690a325a4c5d8bb2b3943ee14?s=96&d=mm&r=g\",\"contentUrl\":\"https:\\\/\\\/secure.gravatar.com\\\/avatar\\\/bb65d0283347e303893ba14f0692005417c1e0e690a325a4c5d8bb2b3943ee14?s=96&d=mm&r=g\",\"caption\":\"Cope Alcoy\"}}]}<\/script>\n<!-- \/ Yoast SEO plugin. -->","yoast_head_json":{"title":"Pol\u00e9mica por los viajes de trabajo del alcalde de Alcoy \"hace un uso indebido del dinero p\u00fablico\" - COPE Alcoy","description":"El Partido Popular\u00a0 de Alcoy se ha mostrado cr\u00edtico con los viajes institucionales del alcalde de la ciudad, Toni Franc\u00e9s, y ha afirmado que el primer edil hace \"un uso indebido del dinero p\u00fablico\" con los mismos","robots":{"index":"index","follow":"follow","max-snippet":"max-snippet:-1","max-image-preview":"max-image-preview:large","max-video-preview":"max-video-preview:-1"},"canonical":"https:\/\/www.copealcoy.es\/es\/polemica-por-los-viajes-de-trabajo-del-alcalde-de-alcoy-hace-un-uso-indebido-del-dinero-publico\/","og_locale":"es_ES","og_type":"article","og_title":"Pol\u00e9mica por los viajes de trabajo del alcalde de Alcoy \"hace un uso indebido del dinero p\u00fablico\" - COPE Alcoy","og_description":"El Partido Popular\u00a0 de Alcoy se ha mostrado cr\u00edtico con los viajes institucionales del alcalde de la ciudad, Toni Franc\u00e9s, y ha afirmado que el primer edil hace \"un uso indebido del dinero p\u00fablico\" con los mismos","og_url":"https:\/\/www.copealcoy.es\/es\/polemica-por-los-viajes-de-trabajo-del-alcalde-de-alcoy-hace-un-uso-indebido-del-dinero-publico\/","og_site_name":"COPE Alcoy","article_published_time":"2025-04-03T15:24:30+00:00","article_modified_time":"2025-04-03T17:21:34+00:00","og_image":[{"width":1261,"height":806,"url":"https:\/\/www.copealcoy.es\/wp-content\/uploads\/2025\/04\/481075565_1034956508664874_7533941910453835085_n.jpg","type":"image\/jpeg"}],"author":"Cope Alcoy","twitter_misc":{"Escrito por":"Cope Alcoy","Tiempo de lectura":"3 minutos"},"schema":{"@context":"https:\/\/schema.org","@graph":[{"@type":"Article","@id":"https:\/\/www.copealcoy.es\/es\/polemica-por-los-viajes-de-trabajo-del-alcalde-de-alcoy-hace-un-uso-indebido-del-dinero-publico\/#article","isPartOf":{"@id":"https:\/\/www.copealcoy.es\/es\/polemica-por-los-viajes-de-trabajo-del-alcalde-de-alcoy-hace-un-uso-indebido-del-dinero-publico\/"},"author":{"name":"Cope Alcoy","@id":"https:\/\/www.copealcoy.es\/es\/#\/schema\/person\/e777c87fa024e57d40170af9df39882c"},"headline":"Pol\u00e9mica por los viajes de trabajo del alcalde de Alcoy &#8220;hace un uso indebido del dinero p\u00fablico&#8221;","datePublished":"2025-04-03T15:24:30+00:00","dateModified":"2025-04-03T17:21:34+00:00","mainEntityOfPage":{"@id":"https:\/\/www.copealcoy.es\/es\/polemica-por-los-viajes-de-trabajo-del-alcalde-de-alcoy-hace-un-uso-indebido-del-dinero-publico\/"},"wordCount":389,"commentCount":0,"image":{"@id":"https:\/\/www.copealcoy.es\/es\/polemica-por-los-viajes-de-trabajo-del-alcalde-de-alcoy-hace-un-uso-indebido-del-dinero-publico\/#primaryimage"},"thumbnailUrl":"https:\/\/www.copealcoy.es\/wp-content\/uploads\/2025\/04\/481075565_1034956508664874_7533941910453835085_n.jpg","keywords":["Alcalde","Alcoy","Carlos Pastor","Pol\u00e9mica","PP","Toni Franc\u00e9s","Viajes"],"articleSection":["Actualidad","Alcoy","Noticias","Pol\u00edtica y Econom\u00eda"],"inLanguage":"es"},{"@type":"WebPage","@id":"https:\/\/www.copealcoy.es\/es\/polemica-por-los-viajes-de-trabajo-del-alcalde-de-alcoy-hace-un-uso-indebido-del-dinero-publico\/","url":"https:\/\/www.copealcoy.es\/es\/polemica-por-los-viajes-de-trabajo-del-alcalde-de-alcoy-hace-un-uso-indebido-del-dinero-publico\/","name":"Pol\u00e9mica por los viajes de trabajo del alcalde de Alcoy \"hace un uso indebido del dinero p\u00fablico\" - COPE Alcoy","isPartOf":{"@id":"https:\/\/www.copealcoy.es\/es\/#website"},"primaryImageOfPage":{"@id":"https:\/\/www.copealcoy.es\/es\/polemica-por-los-viajes-de-trabajo-del-alcalde-de-alcoy-hace-un-uso-indebido-del-dinero-publico\/#primaryimage"},"image":{"@id":"https:\/\/www.copealcoy.es\/es\/polemica-por-los-viajes-de-trabajo-del-alcalde-de-alcoy-hace-un-uso-indebido-del-dinero-publico\/#primaryimage"},"thumbnailUrl":"https:\/\/www.copealcoy.es\/wp-content\/uploads\/2025\/04\/481075565_1034956508664874_7533941910453835085_n.jpg","datePublished":"2025-04-03T15:24:30+00:00","dateModified":"2025-04-03T17:21:34+00:00","author":{"@id":"https:\/\/www.copealcoy.es\/es\/#\/schema\/person\/e777c87fa024e57d40170af9df39882c"},"description":"El Partido Popular\u00a0 de Alcoy se ha mostrado cr\u00edtico con los viajes institucionales del alcalde de la ciudad, Toni Franc\u00e9s, y ha afirmado que el primer edil hace \"un uso indebido del dinero p\u00fablico\" con los mismos","breadcrumb":{"@id":"https:\/\/www.copealcoy.es\/es\/polemica-por-los-viajes-de-trabajo-del-alcalde-de-alcoy-hace-un-uso-indebido-del-dinero-publico\/#breadcrumb"},"inLanguage":"es","potentialAction":[{"@type":"ReadAction","target":["https:\/\/www.copealcoy.es\/es\/polemica-por-los-viajes-de-trabajo-del-alcalde-de-alcoy-hace-un-uso-indebido-del-dinero-publico\/"]}]},{"@type":"ImageObject","inLanguage":"es","@id":"https:\/\/www.copealcoy.es\/es\/polemica-por-los-viajes-de-trabajo-del-alcalde-de-alcoy-hace-un-uso-indebido-del-dinero-publico\/#primaryimage","url":"https:\/\/www.copealcoy.es\/wp-content\/uploads\/2025\/04\/481075565_1034956508664874_7533941910453835085_n.jpg","contentUrl":"https:\/\/www.copealcoy.es\/wp-content\/uploads\/2025\/04\/481075565_1034956508664874_7533941910453835085_n.jpg","width":1261,"height":806},{"@type":"BreadcrumbList","@id":"https:\/\/www.copealcoy.es\/es\/polemica-por-los-viajes-de-trabajo-del-alcalde-de-alcoy-hace-un-uso-indebido-del-dinero-publico\/#breadcrumb","itemListElement":[{"@type":"ListItem","position":1,"name":"Portada","item":"https:\/\/www.copealcoy.es\/es\/"},{"@type":"ListItem","position":2,"name":"Pol\u00e9mica por los viajes de trabajo del alcalde de Alcoy &#8220;hace un uso indebido del dinero p\u00fablico&#8221;"}]},{"@type":"WebSite","@id":"https:\/\/www.copealcoy.es\/es\/#website","url":"https:\/\/www.copealcoy.es\/es\/","name":"COPE Alcoy","description":"Emisora COPE de radio local con emisi\u00f3n online. Pont de Sant Jordi 8-10 03803 Alcoy","potentialAction":[{"@type":"SearchAction","target":{"@type":"EntryPoint","urlTemplate":"https:\/\/www.copealcoy.es\/es\/?s={search_term_string}"},"query-input":{"@type":"PropertyValueSpecification","valueRequired":true,"valueName":"search_term_string"}}],"inLanguage":"es"},{"@type":"Person","@id":"https:\/\/www.copealcoy.es\/es\/#\/schema\/person\/e777c87fa024e57d40170af9df39882c","name":"Cope Alcoy","image":{"@type":"ImageObject","inLanguage":"es","@id":"https:\/\/secure.gravatar.com\/avatar\/bb65d0283347e303893ba14f0692005417c1e0e690a325a4c5d8bb2b3943ee14?s=96&d=mm&r=g","url":"https:\/\/secure.gravatar.com\/avatar\/bb65d0283347e303893ba14f0692005417c1e0e690a325a4c5d8bb2b3943ee14?s=96&d=mm&r=g","contentUrl":"https:\/\/secure.gravatar.com\/avatar\/bb65d0283347e303893ba14f0692005417c1e0e690a325a4c5d8bb2b3943ee14?s=96&d=mm&r=g","caption":"Cope Alcoy"}}]}},"_links":{"self":[{"href":"https:\/\/www.copealcoy.es\/es\/wp-json\/wp\/v2\/posts\/149896","targetHints":{"allow":["GET"]}}],"collection":[{"href":"https:\/\/www.copealcoy.es\/es\/wp-json\/wp\/v2\/posts"}],"about":[{"href":"https:\/\/www.copealcoy.es\/es\/wp-json\/wp\/v2\/types\/post"}],"author":[{"embeddable":true,"href":"https:\/\/www.copealcoy.es\/es\/wp-json\/wp\/v2\/users\/1"}],"replies":[{"embeddable":true,"href":"https:\/\/www.copealcoy.es\/es\/wp-json\/wp\/v2\/comments?post=149896"}],"version-history":[{"count":0,"href":"https:\/\/www.copealcoy.es\/es\/wp-json\/wp\/v2\/posts\/149896\/revisions"}],"wp:featuredmedia":[{"embeddable":true,"href":"https:\/\/www.copealcoy.es\/es\/wp-json\/wp\/v2\/media\/149930"}],"wp:attachment":[{"href":"https:\/\/www.copealcoy.es\/es\/wp-json\/wp\/v2\/media?parent=149896"}],"wp:term":[{"taxonomy":"category","embeddable":true,"href":"https:\/\/www.copealcoy.es\/es\/wp-json\/wp\/v2\/categories?post=149896"},{"taxonomy":"post_tag","embeddable":true,"href":"https:\/\/www.copealcoy.es\/es\/wp-json\/wp\/v2\/tags?post=149896"}],"curies":[{"name":"wp","href":"https:\/\/api.w.org\/{rel}","templated":true}]}}