{"id":14984,"date":"2015-08-13T23:44:36","date_gmt":"2015-08-13T23:44:36","guid":{"rendered":"http:\/\/copealcoi.es\/new\/?p=14984"},"modified":"2015-08-13T23:45:40","modified_gmt":"2015-08-13T23:45:40","slug":"la-carrasca-pide-la-ampliacion-de-las-aceras-del-pont-de-sant-jordi","status":"publish","type":"post","link":"https:\/\/www.copealcoy.es\/es\/la-carrasca-pide-la-ampliacion-de-las-aceras-del-pont-de-sant-jordi\/","title":{"rendered":"La Carrasca pide la ampliaci\u00f3n de las aceras del Pont de Sant Jordi"},"content":{"rendered":"<p style=\"text-align: justify;\">La Colla Ecologista La Carrasca ha instado al Ayuntamiento de Alcoy a que se ampl\u00eden las aceras del Pont de Sant Jordi aprovechando las obras de reforma que se est\u00e1n llevando a cabo en el mismo. Los ecologistas consideran que estas son demasiado estrechas y aseguran que la actual\u00a0situaci\u00f3n provoca colapsos en la comunicaci\u00f3n a pie entre el Centro y la Alameda o viceversa. Desde este organismo destacan que con la supresi\u00f3n de uno de los carriles de la calzada se pueden ampliar los dos restantes y tambi\u00e9n las aceras para favorecer el paso de transe\u00fantes.<\/p>\n<p style=\"text-align: justify;\">Por \u00faltimo desde La Colla piden tambi\u00e9n medidas \u00a0al Gobierno Local para reducir la contaminaci\u00f3n en la ciudad que en los meses de abril y mayo super\u00f3 los \u00edndices de ozono recomendados por la Organizaci\u00f3n Mundial de la Salud.<\/p>\n","protected":false},"excerpt":{"rendered":"<p>La Colla Ecologista La Carrasca ha instado al Ayuntamiento de Alcoy a que se ampl\u00eden las aceras del Pont de&#8230;<\/p>\n","protected":false},"author":1,"featured_media":14985,"comment_status":"open","ping_status":"open","sticky":false,"template":"","format":"standard","meta":{"footnotes":""},"categories":[97,75,79],"tags":[1034,1494,1338,1337,656,259],"class_list":["post-14984","post","type-post","status-publish","format-standard","has-post-thumbnail","hentry","category-alcoy","category-noticias","category-politicayeconomia","tag-aceras","tag-alcoy","tag-ampliacion","tag-colla","tag-la-carrasca","tag-pont-de-sant-jordi"],"yoast_head":"<!-- This site is optimized with the Yoast SEO plugin v27.3 - https:\/\/yoast.com\/product\/yoast-seo-wordpress\/ -->\n<title>La Carrasca pide la ampliaci\u00f3n de las aceras del Pont de Sant Jordi - COPE Alcoy<\/title>\n<meta name=\"robots\" content=\"index, follow, max-snippet:-1, max-image-preview:large, max-video-preview:-1\" \/>\n<link rel=\"canonical\" href=\"https:\/\/www.copealcoy.es\/es\/la-carrasca-pide-la-ampliacion-de-las-aceras-del-pont-de-sant-jordi\/\" \/>\n<meta property=\"og:locale\" content=\"es_ES\" \/>\n<meta property=\"og:type\" content=\"article\" \/>\n<meta property=\"og:title\" content=\"La Carrasca pide la ampliaci\u00f3n de las aceras del Pont de Sant Jordi - COPE Alcoy\" \/>\n<meta property=\"og:description\" content=\"La Colla Ecologista La Carrasca ha instado al Ayuntamiento de Alcoy a que se ampl\u00eden las aceras del Pont de...\" \/>\n<meta property=\"og:url\" content=\"https:\/\/www.copealcoy.es\/es\/la-carrasca-pide-la-ampliacion-de-las-aceras-del-pont-de-sant-jordi\/\" \/>\n<meta property=\"og:site_name\" content=\"COPE Alcoy\" \/>\n<meta property=\"article:published_time\" content=\"2015-08-13T23:44:36+00:00\" \/>\n<meta property=\"article:modified_time\" content=\"2015-08-13T23:45:40+00:00\" \/>\n<meta property=\"og:image\" content=\"https:\/\/www.copealcoy.es\/wp-content\/uploads\/2015\/08\/10393697_693255854151236_4248826103224625983_n.jpg\" \/>\n\t<meta property=\"og:image:width\" content=\"720\" \/>\n\t<meta property=\"og:image:height\" content=\"960\" \/>\n\t<meta property=\"og:image:type\" content=\"image\/jpeg\" \/>\n<meta name=\"author\" content=\"Cope Alcoy\" \/>\n<meta name=\"twitter:label1\" content=\"Escrito por\" \/>\n\t<meta name=\"twitter:data1\" content=\"Cope Alcoy\" \/>\n\t<meta name=\"twitter:label2\" content=\"Tiempo de lectura\" \/>\n\t<meta name=\"twitter:data2\" content=\"1 minuto\" \/>\n<script type=\"application\/ld+json\" class=\"yoast-schema-graph\">{\"@context\":\"https:\\\/\\\/schema.org\",\"@graph\":[{\"@type\":\"Article\",\"@id\":\"https:\\\/\\\/www.copealcoy.es\\\/es\\\/la-carrasca-pide-la-ampliacion-de-las-aceras-del-pont-de-sant-jordi\\\/#article\",\"isPartOf\":{\"@id\":\"https:\\\/\\\/www.copealcoy.es\\\/es\\\/la-carrasca-pide-la-ampliacion-de-las-aceras-del-pont-de-sant-jordi\\\/\"},\"author\":{\"name\":\"Cope Alcoy\",\"@id\":\"https:\\\/\\\/www.copealcoy.es\\\/es\\\/#\\\/schema\\\/person\\\/e777c87fa024e57d40170af9df39882c\"},\"headline\":\"La Carrasca pide la ampliaci\u00f3n de las aceras del Pont de Sant Jordi\",\"datePublished\":\"2015-08-13T23:44:36+00:00\",\"dateModified\":\"2015-08-13T23:45:40+00:00\",\"mainEntityOfPage\":{\"@id\":\"https:\\\/\\\/www.copealcoy.es\\\/es\\\/la-carrasca-pide-la-ampliacion-de-las-aceras-del-pont-de-sant-jordi\\\/\"},\"wordCount\":160,\"commentCount\":0,\"image\":{\"@id\":\"https:\\\/\\\/www.copealcoy.es\\\/es\\\/la-carrasca-pide-la-ampliacion-de-las-aceras-del-pont-de-sant-jordi\\\/#primaryimage\"},\"thumbnailUrl\":\"https:\\\/\\\/www.copealcoy.es\\\/wp-content\\\/uploads\\\/2015\\\/08\\\/10393697_693255854151236_4248826103224625983_n.jpg\",\"keywords\":[\"Aceras\",\"Alcoy\",\"ampliaci\u00f3n\",\"Colla\",\"La Carrasca\",\"Pont de Sant Jordi\"],\"articleSection\":[\"Alcoy\",\"Noticias\",\"Pol\u00edtica y Econom\u00eda\"],\"inLanguage\":\"es\"},{\"@type\":\"WebPage\",\"@id\":\"https:\\\/\\\/www.copealcoy.es\\\/es\\\/la-carrasca-pide-la-ampliacion-de-las-aceras-del-pont-de-sant-jordi\\\/\",\"url\":\"https:\\\/\\\/www.copealcoy.es\\\/es\\\/la-carrasca-pide-la-ampliacion-de-las-aceras-del-pont-de-sant-jordi\\\/\",\"name\":\"La Carrasca pide la ampliaci\u00f3n de las aceras del Pont de Sant Jordi - COPE Alcoy\",\"isPartOf\":{\"@id\":\"https:\\\/\\\/www.copealcoy.es\\\/es\\\/#website\"},\"primaryImageOfPage\":{\"@id\":\"https:\\\/\\\/www.copealcoy.es\\\/es\\\/la-carrasca-pide-la-ampliacion-de-las-aceras-del-pont-de-sant-jordi\\\/#primaryimage\"},\"image\":{\"@id\":\"https:\\\/\\\/www.copealcoy.es\\\/es\\\/la-carrasca-pide-la-ampliacion-de-las-aceras-del-pont-de-sant-jordi\\\/#primaryimage\"},\"thumbnailUrl\":\"https:\\\/\\\/www.copealcoy.es\\\/wp-content\\\/uploads\\\/2015\\\/08\\\/10393697_693255854151236_4248826103224625983_n.jpg\",\"datePublished\":\"2015-08-13T23:44:36+00:00\",\"dateModified\":\"2015-08-13T23:45:40+00:00\",\"author\":{\"@id\":\"https:\\\/\\\/www.copealcoy.es\\\/es\\\/#\\\/schema\\\/person\\\/e777c87fa024e57d40170af9df39882c\"},\"breadcrumb\":{\"@id\":\"https:\\\/\\\/www.copealcoy.es\\\/es\\\/la-carrasca-pide-la-ampliacion-de-las-aceras-del-pont-de-sant-jordi\\\/#breadcrumb\"},\"inLanguage\":\"es\",\"potentialAction\":[{\"@type\":\"ReadAction\",\"target\":[\"https:\\\/\\\/www.copealcoy.es\\\/es\\\/la-carrasca-pide-la-ampliacion-de-las-aceras-del-pont-de-sant-jordi\\\/\"]}]},{\"@type\":\"ImageObject\",\"inLanguage\":\"es\",\"@id\":\"https:\\\/\\\/www.copealcoy.es\\\/es\\\/la-carrasca-pide-la-ampliacion-de-las-aceras-del-pont-de-sant-jordi\\\/#primaryimage\",\"url\":\"https:\\\/\\\/www.copealcoy.es\\\/wp-content\\\/uploads\\\/2015\\\/08\\\/10393697_693255854151236_4248826103224625983_n.jpg\",\"contentUrl\":\"https:\\\/\\\/www.copealcoy.es\\\/wp-content\\\/uploads\\\/2015\\\/08\\\/10393697_693255854151236_4248826103224625983_n.jpg\",\"width\":720,\"height\":960},{\"@type\":\"BreadcrumbList\",\"@id\":\"https:\\\/\\\/www.copealcoy.es\\\/es\\\/la-carrasca-pide-la-ampliacion-de-las-aceras-del-pont-de-sant-jordi\\\/#breadcrumb\",\"itemListElement\":[{\"@type\":\"ListItem\",\"position\":1,\"name\":\"Portada\",\"item\":\"https:\\\/\\\/www.copealcoy.es\\\/es\\\/\"},{\"@type\":\"ListItem\",\"position\":2,\"name\":\"La Carrasca pide la ampliaci\u00f3n de las aceras del Pont de Sant Jordi\"}]},{\"@type\":\"WebSite\",\"@id\":\"https:\\\/\\\/www.copealcoy.es\\\/es\\\/#website\",\"url\":\"https:\\\/\\\/www.copealcoy.es\\\/es\\\/\",\"name\":\"COPE Alcoy\",\"description\":\"Emisora COPE de radio local con emisi\u00f3n online. Pont de Sant Jordi 8-10 03803 Alcoy\",\"potentialAction\":[{\"@type\":\"SearchAction\",\"target\":{\"@type\":\"EntryPoint\",\"urlTemplate\":\"https:\\\/\\\/www.copealcoy.es\\\/es\\\/?s={search_term_string}\"},\"query-input\":{\"@type\":\"PropertyValueSpecification\",\"valueRequired\":true,\"valueName\":\"search_term_string\"}}],\"inLanguage\":\"es\"},{\"@type\":\"Person\",\"@id\":\"https:\\\/\\\/www.copealcoy.es\\\/es\\\/#\\\/schema\\\/person\\\/e777c87fa024e57d40170af9df39882c\",\"name\":\"Cope Alcoy\",\"image\":{\"@type\":\"ImageObject\",\"inLanguage\":\"es\",\"@id\":\"https:\\\/\\\/secure.gravatar.com\\\/avatar\\\/bb65d0283347e303893ba14f0692005417c1e0e690a325a4c5d8bb2b3943ee14?s=96&d=mm&r=g\",\"url\":\"https:\\\/\\\/secure.gravatar.com\\\/avatar\\\/bb65d0283347e303893ba14f0692005417c1e0e690a325a4c5d8bb2b3943ee14?s=96&d=mm&r=g\",\"contentUrl\":\"https:\\\/\\\/secure.gravatar.com\\\/avatar\\\/bb65d0283347e303893ba14f0692005417c1e0e690a325a4c5d8bb2b3943ee14?s=96&d=mm&r=g\",\"caption\":\"Cope Alcoy\"}}]}<\/script>\n<!-- \/ Yoast SEO plugin. -->","yoast_head_json":{"title":"La Carrasca pide la ampliaci\u00f3n de las aceras del Pont de Sant Jordi - COPE Alcoy","robots":{"index":"index","follow":"follow","max-snippet":"max-snippet:-1","max-image-preview":"max-image-preview:large","max-video-preview":"max-video-preview:-1"},"canonical":"https:\/\/www.copealcoy.es\/es\/la-carrasca-pide-la-ampliacion-de-las-aceras-del-pont-de-sant-jordi\/","og_locale":"es_ES","og_type":"article","og_title":"La Carrasca pide la ampliaci\u00f3n de las aceras del Pont de Sant Jordi - COPE Alcoy","og_description":"La Colla Ecologista La Carrasca ha instado al Ayuntamiento de Alcoy a que se ampl\u00eden las aceras del Pont de...","og_url":"https:\/\/www.copealcoy.es\/es\/la-carrasca-pide-la-ampliacion-de-las-aceras-del-pont-de-sant-jordi\/","og_site_name":"COPE Alcoy","article_published_time":"2015-08-13T23:44:36+00:00","article_modified_time":"2015-08-13T23:45:40+00:00","og_image":[{"width":720,"height":960,"url":"https:\/\/www.copealcoy.es\/wp-content\/uploads\/2015\/08\/10393697_693255854151236_4248826103224625983_n.jpg","type":"image\/jpeg"}],"author":"Cope Alcoy","twitter_misc":{"Escrito por":"Cope Alcoy","Tiempo de lectura":"1 minuto"},"schema":{"@context":"https:\/\/schema.org","@graph":[{"@type":"Article","@id":"https:\/\/www.copealcoy.es\/es\/la-carrasca-pide-la-ampliacion-de-las-aceras-del-pont-de-sant-jordi\/#article","isPartOf":{"@id":"https:\/\/www.copealcoy.es\/es\/la-carrasca-pide-la-ampliacion-de-las-aceras-del-pont-de-sant-jordi\/"},"author":{"name":"Cope Alcoy","@id":"https:\/\/www.copealcoy.es\/es\/#\/schema\/person\/e777c87fa024e57d40170af9df39882c"},"headline":"La Carrasca pide la ampliaci\u00f3n de las aceras del Pont de Sant Jordi","datePublished":"2015-08-13T23:44:36+00:00","dateModified":"2015-08-13T23:45:40+00:00","mainEntityOfPage":{"@id":"https:\/\/www.copealcoy.es\/es\/la-carrasca-pide-la-ampliacion-de-las-aceras-del-pont-de-sant-jordi\/"},"wordCount":160,"commentCount":0,"image":{"@id":"https:\/\/www.copealcoy.es\/es\/la-carrasca-pide-la-ampliacion-de-las-aceras-del-pont-de-sant-jordi\/#primaryimage"},"thumbnailUrl":"https:\/\/www.copealcoy.es\/wp-content\/uploads\/2015\/08\/10393697_693255854151236_4248826103224625983_n.jpg","keywords":["Aceras","Alcoy","ampliaci\u00f3n","Colla","La Carrasca","Pont de Sant Jordi"],"articleSection":["Alcoy","Noticias","Pol\u00edtica y Econom\u00eda"],"inLanguage":"es"},{"@type":"WebPage","@id":"https:\/\/www.copealcoy.es\/es\/la-carrasca-pide-la-ampliacion-de-las-aceras-del-pont-de-sant-jordi\/","url":"https:\/\/www.copealcoy.es\/es\/la-carrasca-pide-la-ampliacion-de-las-aceras-del-pont-de-sant-jordi\/","name":"La Carrasca pide la ampliaci\u00f3n de las aceras del Pont de Sant Jordi - COPE Alcoy","isPartOf":{"@id":"https:\/\/www.copealcoy.es\/es\/#website"},"primaryImageOfPage":{"@id":"https:\/\/www.copealcoy.es\/es\/la-carrasca-pide-la-ampliacion-de-las-aceras-del-pont-de-sant-jordi\/#primaryimage"},"image":{"@id":"https:\/\/www.copealcoy.es\/es\/la-carrasca-pide-la-ampliacion-de-las-aceras-del-pont-de-sant-jordi\/#primaryimage"},"thumbnailUrl":"https:\/\/www.copealcoy.es\/wp-content\/uploads\/2015\/08\/10393697_693255854151236_4248826103224625983_n.jpg","datePublished":"2015-08-13T23:44:36+00:00","dateModified":"2015-08-13T23:45:40+00:00","author":{"@id":"https:\/\/www.copealcoy.es\/es\/#\/schema\/person\/e777c87fa024e57d40170af9df39882c"},"breadcrumb":{"@id":"https:\/\/www.copealcoy.es\/es\/la-carrasca-pide-la-ampliacion-de-las-aceras-del-pont-de-sant-jordi\/#breadcrumb"},"inLanguage":"es","potentialAction":[{"@type":"ReadAction","target":["https:\/\/www.copealcoy.es\/es\/la-carrasca-pide-la-ampliacion-de-las-aceras-del-pont-de-sant-jordi\/"]}]},{"@type":"ImageObject","inLanguage":"es","@id":"https:\/\/www.copealcoy.es\/es\/la-carrasca-pide-la-ampliacion-de-las-aceras-del-pont-de-sant-jordi\/#primaryimage","url":"https:\/\/www.copealcoy.es\/wp-content\/uploads\/2015\/08\/10393697_693255854151236_4248826103224625983_n.jpg","contentUrl":"https:\/\/www.copealcoy.es\/wp-content\/uploads\/2015\/08\/10393697_693255854151236_4248826103224625983_n.jpg","width":720,"height":960},{"@type":"BreadcrumbList","@id":"https:\/\/www.copealcoy.es\/es\/la-carrasca-pide-la-ampliacion-de-las-aceras-del-pont-de-sant-jordi\/#breadcrumb","itemListElement":[{"@type":"ListItem","position":1,"name":"Portada","item":"https:\/\/www.copealcoy.es\/es\/"},{"@type":"ListItem","position":2,"name":"La Carrasca pide la ampliaci\u00f3n de las aceras del Pont de Sant Jordi"}]},{"@type":"WebSite","@id":"https:\/\/www.copealcoy.es\/es\/#website","url":"https:\/\/www.copealcoy.es\/es\/","name":"COPE Alcoy","description":"Emisora COPE de radio local con emisi\u00f3n online. Pont de Sant Jordi 8-10 03803 Alcoy","potentialAction":[{"@type":"SearchAction","target":{"@type":"EntryPoint","urlTemplate":"https:\/\/www.copealcoy.es\/es\/?s={search_term_string}"},"query-input":{"@type":"PropertyValueSpecification","valueRequired":true,"valueName":"search_term_string"}}],"inLanguage":"es"},{"@type":"Person","@id":"https:\/\/www.copealcoy.es\/es\/#\/schema\/person\/e777c87fa024e57d40170af9df39882c","name":"Cope Alcoy","image":{"@type":"ImageObject","inLanguage":"es","@id":"https:\/\/secure.gravatar.com\/avatar\/bb65d0283347e303893ba14f0692005417c1e0e690a325a4c5d8bb2b3943ee14?s=96&d=mm&r=g","url":"https:\/\/secure.gravatar.com\/avatar\/bb65d0283347e303893ba14f0692005417c1e0e690a325a4c5d8bb2b3943ee14?s=96&d=mm&r=g","contentUrl":"https:\/\/secure.gravatar.com\/avatar\/bb65d0283347e303893ba14f0692005417c1e0e690a325a4c5d8bb2b3943ee14?s=96&d=mm&r=g","caption":"Cope Alcoy"}}]}},"_links":{"self":[{"href":"https:\/\/www.copealcoy.es\/es\/wp-json\/wp\/v2\/posts\/14984","targetHints":{"allow":["GET"]}}],"collection":[{"href":"https:\/\/www.copealcoy.es\/es\/wp-json\/wp\/v2\/posts"}],"about":[{"href":"https:\/\/www.copealcoy.es\/es\/wp-json\/wp\/v2\/types\/post"}],"author":[{"embeddable":true,"href":"https:\/\/www.copealcoy.es\/es\/wp-json\/wp\/v2\/users\/1"}],"replies":[{"embeddable":true,"href":"https:\/\/www.copealcoy.es\/es\/wp-json\/wp\/v2\/comments?post=14984"}],"version-history":[{"count":0,"href":"https:\/\/www.copealcoy.es\/es\/wp-json\/wp\/v2\/posts\/14984\/revisions"}],"wp:featuredmedia":[{"embeddable":true,"href":"https:\/\/www.copealcoy.es\/es\/wp-json\/wp\/v2\/media\/14985"}],"wp:attachment":[{"href":"https:\/\/www.copealcoy.es\/es\/wp-json\/wp\/v2\/media?parent=14984"}],"wp:term":[{"taxonomy":"category","embeddable":true,"href":"https:\/\/www.copealcoy.es\/es\/wp-json\/wp\/v2\/categories?post=14984"},{"taxonomy":"post_tag","embeddable":true,"href":"https:\/\/www.copealcoy.es\/es\/wp-json\/wp\/v2\/tags?post=14984"}],"curies":[{"name":"wp","href":"https:\/\/api.w.org\/{rel}","templated":true}]}}