{"id":149397,"date":"2025-03-26T08:05:02","date_gmt":"2025-03-26T07:05:02","guid":{"rendered":"https:\/\/www.copealcoy.es\/?p=149397"},"modified":"2025-03-26T21:23:39","modified_gmt":"2025-03-26T20:23:39","slug":"cocentaina-marca-la-hoja-de-ruta-para-la-prevencion-de-incendios-forestales","status":"publish","type":"post","link":"https:\/\/www.copealcoy.es\/es\/cocentaina-marca-la-hoja-de-ruta-para-la-prevencion-de-incendios-forestales\/","title":{"rendered":"Cocentaina marca la hoja de ruta para la prevenci\u00f3n de incendios forestales"},"content":{"rendered":"<p style=\"text-align: justify;\">El <a href=\"https:\/\/www.cocentaina.es\/\" target=\"_blank\" rel=\"noopener\"><span style=\"color: #0000ff;\"><strong>Ayuntamiento de Cocentaina<\/strong><\/span><\/a> ha mantenido <strong>una reuni\u00f3n t\u00e9cnica con Rosa M. Touris L\u00f3pez<\/strong>, Directora General de Prevenci\u00f3n de Incendios Forestales de la Generalitat Valenciana, para abordar<strong> las ayudas del Fondo Estrat\u00e9gico de Prevenci\u00f3n de Incendios Forestales<\/strong>. Este encuentro se produce en un contexto donde los incendios forestales <strong>representan una preocupaci\u00f3n constante<\/strong>, especialmente durante los meses de verano, cuando las altas temperaturas aumentan el riesgo.<\/p>\n<p style=\"text-align: justify;\">Cabe recordar que <strong>Cocentaina alberga parte del Parque Natural de la Serra de Mariola y el espacio protegido del R\u00edo Serpis<\/strong>, lo que hace a\u00fan m\u00e1s urgente la necesidad de implementar medidas preventivas efectivas. En la reuni\u00f3n, <strong>el alcalde Jordi Pla<\/strong> y el concejal de Seguridad <strong>Rub\u00e9n Mu\u00f1oz<\/strong> expresaron a la Directora General <strong>la importancia de acelerar las resoluciones sobre las l\u00edneas de ayuda del fondo mencionado<\/strong>, ya que son fundamentales para planificar las acciones municipales en materia de prevenci\u00f3n. Adem\u00e1s, <strong>se propuso organizar una reuni\u00f3n<\/strong> entre los t\u00e9cnicos municipales y los expertos de la Generalitat para conocer en detalle estas ayudas y explorar todas las acciones posibles en este \u00e1mbito. Otra opci\u00f3n discutida fue que <strong>la Conselleria pudiera ejecutar directamente estas ayudas<\/strong>, lo que podr\u00eda facilitar su implementaci\u00f3n\u00a0&#8220;<em>el Fondo Estrat\u00e9gico de Incendios Forestales instaurado por el Gobierno del Bot\u00e0nic, y mantenido por el gobierno actual, ha demostrado ser clave<\/em>&#8220;, ya que proporciona a todos los ayuntamientos valencianos <em>&#8220;recursos espec\u00edficos para atender sus necesidades en prevenci\u00f3n<\/em>&#8220;, afirma el alcalde; <strong>Jordi Pla<\/strong>.\u00a0 Por otro lado, tambi\u00e9n subray\u00f3 que &#8220;<em>las ayudas se han publicado demasiado tarde en 2023 y 2024<\/em>&#8220;, lo que limita el tiempo disponible para gestionar adecuadamente estos recursos y aumenta el riesgo de incendios en los municipios.<\/p>\n<p style=\"text-align: justify;\">Desde el Ayuntamiento contestano han agradecido<strong> la disposici\u00f3n mostrada<\/strong> por la Directora General a la hora de atender las demandas anteriormente mencionadas. Por \u00faltimo, se\u00f1alan que <strong>se seguir\u00e1n implementando acciones<\/strong> para tratar de evitar incendios forestales en el t\u00e9rmino municipal.<\/p>\n","protected":false},"excerpt":{"rendered":"<p>El Ayuntamiento de Cocentaina ha mantenido una reuni\u00f3n t\u00e9cnica con Rosa M. Touris L\u00f3pez, Directora General de Prevenci\u00f3n de Incendios&#8230;<\/p>\n","protected":false},"author":1,"featured_media":149398,"comment_status":"open","ping_status":"open","sticky":false,"template":"","format":"standard","meta":{"footnotes":""},"categories":[6909,98,75],"tags":[7255,132,1037,2092,690],"class_list":["post-149397","post","type-post","status-publish","format-standard","has-post-thumbnail","hentry","category-actualidad","category-comarcas","category-noticias","tag-acciones","tag-cocentaina","tag-incendios-forestales","tag-jordi-pla","tag-prevencion"],"yoast_head":"<!-- This site is optimized with the Yoast SEO plugin v27.3 - https:\/\/yoast.com\/product\/yoast-seo-wordpress\/ -->\n<title>Cocentaina marca la hoja de ruta para la prevenci\u00f3n de incendios forestales - COPE Alcoy<\/title>\n<meta name=\"description\" content=\"El Ayuntamiento de Cocentaina ha mantenido una reuni\u00f3n t\u00e9cnica con Rosa M. Touris L\u00f3pez, Directora General de Prevenci\u00f3n de Incendios Forestales de la Generalitat Valenciana, para abordar las ayudas del Fondo Estrat\u00e9gico de Prevenci\u00f3n de Incendios Forestales\" \/>\n<meta name=\"robots\" content=\"index, follow, max-snippet:-1, max-image-preview:large, max-video-preview:-1\" \/>\n<link rel=\"canonical\" href=\"https:\/\/www.copealcoy.es\/es\/cocentaina-marca-la-hoja-de-ruta-para-la-prevencion-de-incendios-forestales\/\" \/>\n<meta property=\"og:locale\" content=\"es_ES\" \/>\n<meta property=\"og:type\" content=\"article\" \/>\n<meta property=\"og:title\" content=\"Cocentaina marca la hoja de ruta para la prevenci\u00f3n de incendios forestales - COPE Alcoy\" \/>\n<meta property=\"og:description\" content=\"El Ayuntamiento de Cocentaina ha mantenido una reuni\u00f3n t\u00e9cnica con Rosa M. Touris L\u00f3pez, Directora General de Prevenci\u00f3n de Incendios Forestales de la Generalitat Valenciana, para abordar las ayudas del Fondo Estrat\u00e9gico de Prevenci\u00f3n de Incendios Forestales\" \/>\n<meta property=\"og:url\" content=\"https:\/\/www.copealcoy.es\/es\/cocentaina-marca-la-hoja-de-ruta-para-la-prevencion-de-incendios-forestales\/\" \/>\n<meta property=\"og:site_name\" content=\"COPE Alcoy\" \/>\n<meta property=\"article:published_time\" content=\"2025-03-26T07:05:02+00:00\" \/>\n<meta property=\"article:modified_time\" content=\"2025-03-26T20:23:39+00:00\" \/>\n<meta property=\"og:image\" content=\"https:\/\/www.copealcoy.es\/wp-content\/uploads\/2025\/03\/Rosa-M.-Touris-Jordi-Pla-i-Ruben-Munoz-durant-la-reunio-a-lAjuntament-de-Cocentaina.jpeg\" \/>\n\t<meta property=\"og:image:width\" content=\"1440\" \/>\n\t<meta property=\"og:image:height\" content=\"1080\" \/>\n\t<meta property=\"og:image:type\" content=\"image\/jpeg\" \/>\n<meta name=\"author\" content=\"Cope Alcoy\" \/>\n<meta name=\"twitter:label1\" content=\"Escrito por\" \/>\n\t<meta name=\"twitter:data1\" content=\"Cope Alcoy\" \/>\n\t<meta name=\"twitter:label2\" content=\"Tiempo de lectura\" \/>\n\t<meta name=\"twitter:data2\" content=\"2 minutos\" \/>\n<script type=\"application\/ld+json\" class=\"yoast-schema-graph\">{\"@context\":\"https:\\\/\\\/schema.org\",\"@graph\":[{\"@type\":\"Article\",\"@id\":\"https:\\\/\\\/www.copealcoy.es\\\/es\\\/cocentaina-marca-la-hoja-de-ruta-para-la-prevencion-de-incendios-forestales\\\/#article\",\"isPartOf\":{\"@id\":\"https:\\\/\\\/www.copealcoy.es\\\/es\\\/cocentaina-marca-la-hoja-de-ruta-para-la-prevencion-de-incendios-forestales\\\/\"},\"author\":{\"name\":\"Cope Alcoy\",\"@id\":\"https:\\\/\\\/www.copealcoy.es\\\/es\\\/#\\\/schema\\\/person\\\/e777c87fa024e57d40170af9df39882c\"},\"headline\":\"Cocentaina marca la hoja de ruta para la prevenci\u00f3n de incendios forestales\",\"datePublished\":\"2025-03-26T07:05:02+00:00\",\"dateModified\":\"2025-03-26T20:23:39+00:00\",\"mainEntityOfPage\":{\"@id\":\"https:\\\/\\\/www.copealcoy.es\\\/es\\\/cocentaina-marca-la-hoja-de-ruta-para-la-prevencion-de-incendios-forestales\\\/\"},\"wordCount\":355,\"commentCount\":0,\"image\":{\"@id\":\"https:\\\/\\\/www.copealcoy.es\\\/es\\\/cocentaina-marca-la-hoja-de-ruta-para-la-prevencion-de-incendios-forestales\\\/#primaryimage\"},\"thumbnailUrl\":\"https:\\\/\\\/www.copealcoy.es\\\/wp-content\\\/uploads\\\/2025\\\/03\\\/Rosa-M.-Touris-Jordi-Pla-i-Ruben-Munoz-durant-la-reunio-a-lAjuntament-de-Cocentaina.jpeg\",\"keywords\":[\"acciones\",\"Cocentaina\",\"Incendios Forestales\",\"Jordi Pla\",\"Prevenci\u00f3n\"],\"articleSection\":[\"Actualidad\",\"Comarcas\",\"Noticias\"],\"inLanguage\":\"es\"},{\"@type\":\"WebPage\",\"@id\":\"https:\\\/\\\/www.copealcoy.es\\\/es\\\/cocentaina-marca-la-hoja-de-ruta-para-la-prevencion-de-incendios-forestales\\\/\",\"url\":\"https:\\\/\\\/www.copealcoy.es\\\/es\\\/cocentaina-marca-la-hoja-de-ruta-para-la-prevencion-de-incendios-forestales\\\/\",\"name\":\"Cocentaina marca la hoja de ruta para la prevenci\u00f3n de incendios forestales - COPE Alcoy\",\"isPartOf\":{\"@id\":\"https:\\\/\\\/www.copealcoy.es\\\/es\\\/#website\"},\"primaryImageOfPage\":{\"@id\":\"https:\\\/\\\/www.copealcoy.es\\\/es\\\/cocentaina-marca-la-hoja-de-ruta-para-la-prevencion-de-incendios-forestales\\\/#primaryimage\"},\"image\":{\"@id\":\"https:\\\/\\\/www.copealcoy.es\\\/es\\\/cocentaina-marca-la-hoja-de-ruta-para-la-prevencion-de-incendios-forestales\\\/#primaryimage\"},\"thumbnailUrl\":\"https:\\\/\\\/www.copealcoy.es\\\/wp-content\\\/uploads\\\/2025\\\/03\\\/Rosa-M.-Touris-Jordi-Pla-i-Ruben-Munoz-durant-la-reunio-a-lAjuntament-de-Cocentaina.jpeg\",\"datePublished\":\"2025-03-26T07:05:02+00:00\",\"dateModified\":\"2025-03-26T20:23:39+00:00\",\"author\":{\"@id\":\"https:\\\/\\\/www.copealcoy.es\\\/es\\\/#\\\/schema\\\/person\\\/e777c87fa024e57d40170af9df39882c\"},\"description\":\"El Ayuntamiento de Cocentaina ha mantenido una reuni\u00f3n t\u00e9cnica con Rosa M. Touris L\u00f3pez, Directora General de Prevenci\u00f3n de Incendios Forestales de la Generalitat Valenciana, para abordar las ayudas del Fondo Estrat\u00e9gico de Prevenci\u00f3n de Incendios Forestales\",\"breadcrumb\":{\"@id\":\"https:\\\/\\\/www.copealcoy.es\\\/es\\\/cocentaina-marca-la-hoja-de-ruta-para-la-prevencion-de-incendios-forestales\\\/#breadcrumb\"},\"inLanguage\":\"es\",\"potentialAction\":[{\"@type\":\"ReadAction\",\"target\":[\"https:\\\/\\\/www.copealcoy.es\\\/es\\\/cocentaina-marca-la-hoja-de-ruta-para-la-prevencion-de-incendios-forestales\\\/\"]}]},{\"@type\":\"ImageObject\",\"inLanguage\":\"es\",\"@id\":\"https:\\\/\\\/www.copealcoy.es\\\/es\\\/cocentaina-marca-la-hoja-de-ruta-para-la-prevencion-de-incendios-forestales\\\/#primaryimage\",\"url\":\"https:\\\/\\\/www.copealcoy.es\\\/wp-content\\\/uploads\\\/2025\\\/03\\\/Rosa-M.-Touris-Jordi-Pla-i-Ruben-Munoz-durant-la-reunio-a-lAjuntament-de-Cocentaina.jpeg\",\"contentUrl\":\"https:\\\/\\\/www.copealcoy.es\\\/wp-content\\\/uploads\\\/2025\\\/03\\\/Rosa-M.-Touris-Jordi-Pla-i-Ruben-Munoz-durant-la-reunio-a-lAjuntament-de-Cocentaina.jpeg\",\"width\":1440,\"height\":1080},{\"@type\":\"BreadcrumbList\",\"@id\":\"https:\\\/\\\/www.copealcoy.es\\\/es\\\/cocentaina-marca-la-hoja-de-ruta-para-la-prevencion-de-incendios-forestales\\\/#breadcrumb\",\"itemListElement\":[{\"@type\":\"ListItem\",\"position\":1,\"name\":\"Portada\",\"item\":\"https:\\\/\\\/www.copealcoy.es\\\/es\\\/\"},{\"@type\":\"ListItem\",\"position\":2,\"name\":\"Cocentaina marca la hoja de ruta para la prevenci\u00f3n de incendios forestales\"}]},{\"@type\":\"WebSite\",\"@id\":\"https:\\\/\\\/www.copealcoy.es\\\/es\\\/#website\",\"url\":\"https:\\\/\\\/www.copealcoy.es\\\/es\\\/\",\"name\":\"COPE Alcoy\",\"description\":\"Emisora COPE de radio local con emisi\u00f3n online. Pont de Sant Jordi 8-10 03803 Alcoy\",\"potentialAction\":[{\"@type\":\"SearchAction\",\"target\":{\"@type\":\"EntryPoint\",\"urlTemplate\":\"https:\\\/\\\/www.copealcoy.es\\\/es\\\/?s={search_term_string}\"},\"query-input\":{\"@type\":\"PropertyValueSpecification\",\"valueRequired\":true,\"valueName\":\"search_term_string\"}}],\"inLanguage\":\"es\"},{\"@type\":\"Person\",\"@id\":\"https:\\\/\\\/www.copealcoy.es\\\/es\\\/#\\\/schema\\\/person\\\/e777c87fa024e57d40170af9df39882c\",\"name\":\"Cope Alcoy\",\"image\":{\"@type\":\"ImageObject\",\"inLanguage\":\"es\",\"@id\":\"https:\\\/\\\/secure.gravatar.com\\\/avatar\\\/bb65d0283347e303893ba14f0692005417c1e0e690a325a4c5d8bb2b3943ee14?s=96&d=mm&r=g\",\"url\":\"https:\\\/\\\/secure.gravatar.com\\\/avatar\\\/bb65d0283347e303893ba14f0692005417c1e0e690a325a4c5d8bb2b3943ee14?s=96&d=mm&r=g\",\"contentUrl\":\"https:\\\/\\\/secure.gravatar.com\\\/avatar\\\/bb65d0283347e303893ba14f0692005417c1e0e690a325a4c5d8bb2b3943ee14?s=96&d=mm&r=g\",\"caption\":\"Cope Alcoy\"}}]}<\/script>\n<!-- \/ Yoast SEO plugin. -->","yoast_head_json":{"title":"Cocentaina marca la hoja de ruta para la prevenci\u00f3n de incendios forestales - COPE Alcoy","description":"El Ayuntamiento de Cocentaina ha mantenido una reuni\u00f3n t\u00e9cnica con Rosa M. Touris L\u00f3pez, Directora General de Prevenci\u00f3n de Incendios Forestales de la Generalitat Valenciana, para abordar las ayudas del Fondo Estrat\u00e9gico de Prevenci\u00f3n de Incendios Forestales","robots":{"index":"index","follow":"follow","max-snippet":"max-snippet:-1","max-image-preview":"max-image-preview:large","max-video-preview":"max-video-preview:-1"},"canonical":"https:\/\/www.copealcoy.es\/es\/cocentaina-marca-la-hoja-de-ruta-para-la-prevencion-de-incendios-forestales\/","og_locale":"es_ES","og_type":"article","og_title":"Cocentaina marca la hoja de ruta para la prevenci\u00f3n de incendios forestales - COPE Alcoy","og_description":"El Ayuntamiento de Cocentaina ha mantenido una reuni\u00f3n t\u00e9cnica con Rosa M. Touris L\u00f3pez, Directora General de Prevenci\u00f3n de Incendios Forestales de la Generalitat Valenciana, para abordar las ayudas del Fondo Estrat\u00e9gico de Prevenci\u00f3n de Incendios Forestales","og_url":"https:\/\/www.copealcoy.es\/es\/cocentaina-marca-la-hoja-de-ruta-para-la-prevencion-de-incendios-forestales\/","og_site_name":"COPE Alcoy","article_published_time":"2025-03-26T07:05:02+00:00","article_modified_time":"2025-03-26T20:23:39+00:00","og_image":[{"width":1440,"height":1080,"url":"https:\/\/www.copealcoy.es\/wp-content\/uploads\/2025\/03\/Rosa-M.-Touris-Jordi-Pla-i-Ruben-Munoz-durant-la-reunio-a-lAjuntament-de-Cocentaina.jpeg","type":"image\/jpeg"}],"author":"Cope Alcoy","twitter_misc":{"Escrito por":"Cope Alcoy","Tiempo de lectura":"2 minutos"},"schema":{"@context":"https:\/\/schema.org","@graph":[{"@type":"Article","@id":"https:\/\/www.copealcoy.es\/es\/cocentaina-marca-la-hoja-de-ruta-para-la-prevencion-de-incendios-forestales\/#article","isPartOf":{"@id":"https:\/\/www.copealcoy.es\/es\/cocentaina-marca-la-hoja-de-ruta-para-la-prevencion-de-incendios-forestales\/"},"author":{"name":"Cope Alcoy","@id":"https:\/\/www.copealcoy.es\/es\/#\/schema\/person\/e777c87fa024e57d40170af9df39882c"},"headline":"Cocentaina marca la hoja de ruta para la prevenci\u00f3n de incendios forestales","datePublished":"2025-03-26T07:05:02+00:00","dateModified":"2025-03-26T20:23:39+00:00","mainEntityOfPage":{"@id":"https:\/\/www.copealcoy.es\/es\/cocentaina-marca-la-hoja-de-ruta-para-la-prevencion-de-incendios-forestales\/"},"wordCount":355,"commentCount":0,"image":{"@id":"https:\/\/www.copealcoy.es\/es\/cocentaina-marca-la-hoja-de-ruta-para-la-prevencion-de-incendios-forestales\/#primaryimage"},"thumbnailUrl":"https:\/\/www.copealcoy.es\/wp-content\/uploads\/2025\/03\/Rosa-M.-Touris-Jordi-Pla-i-Ruben-Munoz-durant-la-reunio-a-lAjuntament-de-Cocentaina.jpeg","keywords":["acciones","Cocentaina","Incendios Forestales","Jordi Pla","Prevenci\u00f3n"],"articleSection":["Actualidad","Comarcas","Noticias"],"inLanguage":"es"},{"@type":"WebPage","@id":"https:\/\/www.copealcoy.es\/es\/cocentaina-marca-la-hoja-de-ruta-para-la-prevencion-de-incendios-forestales\/","url":"https:\/\/www.copealcoy.es\/es\/cocentaina-marca-la-hoja-de-ruta-para-la-prevencion-de-incendios-forestales\/","name":"Cocentaina marca la hoja de ruta para la prevenci\u00f3n de incendios forestales - COPE Alcoy","isPartOf":{"@id":"https:\/\/www.copealcoy.es\/es\/#website"},"primaryImageOfPage":{"@id":"https:\/\/www.copealcoy.es\/es\/cocentaina-marca-la-hoja-de-ruta-para-la-prevencion-de-incendios-forestales\/#primaryimage"},"image":{"@id":"https:\/\/www.copealcoy.es\/es\/cocentaina-marca-la-hoja-de-ruta-para-la-prevencion-de-incendios-forestales\/#primaryimage"},"thumbnailUrl":"https:\/\/www.copealcoy.es\/wp-content\/uploads\/2025\/03\/Rosa-M.-Touris-Jordi-Pla-i-Ruben-Munoz-durant-la-reunio-a-lAjuntament-de-Cocentaina.jpeg","datePublished":"2025-03-26T07:05:02+00:00","dateModified":"2025-03-26T20:23:39+00:00","author":{"@id":"https:\/\/www.copealcoy.es\/es\/#\/schema\/person\/e777c87fa024e57d40170af9df39882c"},"description":"El Ayuntamiento de Cocentaina ha mantenido una reuni\u00f3n t\u00e9cnica con Rosa M. Touris L\u00f3pez, Directora General de Prevenci\u00f3n de Incendios Forestales de la Generalitat Valenciana, para abordar las ayudas del Fondo Estrat\u00e9gico de Prevenci\u00f3n de Incendios Forestales","breadcrumb":{"@id":"https:\/\/www.copealcoy.es\/es\/cocentaina-marca-la-hoja-de-ruta-para-la-prevencion-de-incendios-forestales\/#breadcrumb"},"inLanguage":"es","potentialAction":[{"@type":"ReadAction","target":["https:\/\/www.copealcoy.es\/es\/cocentaina-marca-la-hoja-de-ruta-para-la-prevencion-de-incendios-forestales\/"]}]},{"@type":"ImageObject","inLanguage":"es","@id":"https:\/\/www.copealcoy.es\/es\/cocentaina-marca-la-hoja-de-ruta-para-la-prevencion-de-incendios-forestales\/#primaryimage","url":"https:\/\/www.copealcoy.es\/wp-content\/uploads\/2025\/03\/Rosa-M.-Touris-Jordi-Pla-i-Ruben-Munoz-durant-la-reunio-a-lAjuntament-de-Cocentaina.jpeg","contentUrl":"https:\/\/www.copealcoy.es\/wp-content\/uploads\/2025\/03\/Rosa-M.-Touris-Jordi-Pla-i-Ruben-Munoz-durant-la-reunio-a-lAjuntament-de-Cocentaina.jpeg","width":1440,"height":1080},{"@type":"BreadcrumbList","@id":"https:\/\/www.copealcoy.es\/es\/cocentaina-marca-la-hoja-de-ruta-para-la-prevencion-de-incendios-forestales\/#breadcrumb","itemListElement":[{"@type":"ListItem","position":1,"name":"Portada","item":"https:\/\/www.copealcoy.es\/es\/"},{"@type":"ListItem","position":2,"name":"Cocentaina marca la hoja de ruta para la prevenci\u00f3n de incendios forestales"}]},{"@type":"WebSite","@id":"https:\/\/www.copealcoy.es\/es\/#website","url":"https:\/\/www.copealcoy.es\/es\/","name":"COPE Alcoy","description":"Emisora COPE de radio local con emisi\u00f3n online. Pont de Sant Jordi 8-10 03803 Alcoy","potentialAction":[{"@type":"SearchAction","target":{"@type":"EntryPoint","urlTemplate":"https:\/\/www.copealcoy.es\/es\/?s={search_term_string}"},"query-input":{"@type":"PropertyValueSpecification","valueRequired":true,"valueName":"search_term_string"}}],"inLanguage":"es"},{"@type":"Person","@id":"https:\/\/www.copealcoy.es\/es\/#\/schema\/person\/e777c87fa024e57d40170af9df39882c","name":"Cope Alcoy","image":{"@type":"ImageObject","inLanguage":"es","@id":"https:\/\/secure.gravatar.com\/avatar\/bb65d0283347e303893ba14f0692005417c1e0e690a325a4c5d8bb2b3943ee14?s=96&d=mm&r=g","url":"https:\/\/secure.gravatar.com\/avatar\/bb65d0283347e303893ba14f0692005417c1e0e690a325a4c5d8bb2b3943ee14?s=96&d=mm&r=g","contentUrl":"https:\/\/secure.gravatar.com\/avatar\/bb65d0283347e303893ba14f0692005417c1e0e690a325a4c5d8bb2b3943ee14?s=96&d=mm&r=g","caption":"Cope Alcoy"}}]}},"_links":{"self":[{"href":"https:\/\/www.copealcoy.es\/es\/wp-json\/wp\/v2\/posts\/149397","targetHints":{"allow":["GET"]}}],"collection":[{"href":"https:\/\/www.copealcoy.es\/es\/wp-json\/wp\/v2\/posts"}],"about":[{"href":"https:\/\/www.copealcoy.es\/es\/wp-json\/wp\/v2\/types\/post"}],"author":[{"embeddable":true,"href":"https:\/\/www.copealcoy.es\/es\/wp-json\/wp\/v2\/users\/1"}],"replies":[{"embeddable":true,"href":"https:\/\/www.copealcoy.es\/es\/wp-json\/wp\/v2\/comments?post=149397"}],"version-history":[{"count":0,"href":"https:\/\/www.copealcoy.es\/es\/wp-json\/wp\/v2\/posts\/149397\/revisions"}],"wp:featuredmedia":[{"embeddable":true,"href":"https:\/\/www.copealcoy.es\/es\/wp-json\/wp\/v2\/media\/149398"}],"wp:attachment":[{"href":"https:\/\/www.copealcoy.es\/es\/wp-json\/wp\/v2\/media?parent=149397"}],"wp:term":[{"taxonomy":"category","embeddable":true,"href":"https:\/\/www.copealcoy.es\/es\/wp-json\/wp\/v2\/categories?post=149397"},{"taxonomy":"post_tag","embeddable":true,"href":"https:\/\/www.copealcoy.es\/es\/wp-json\/wp\/v2\/tags?post=149397"}],"curies":[{"name":"wp","href":"https:\/\/api.w.org\/{rel}","templated":true}]}}