{"id":149354,"date":"2025-03-24T15:36:30","date_gmt":"2025-03-24T14:36:30","guid":{"rendered":"https:\/\/www.copealcoy.es\/?p=149354"},"modified":"2025-03-24T15:47:21","modified_gmt":"2025-03-24T14:47:21","slug":"diseno-e-innovacion-elementos-clave-en-la-nueva-revolucion-industrial-de-alcoy","status":"publish","type":"post","link":"https:\/\/www.copealcoy.es\/es\/diseno-e-innovacion-elementos-clave-en-la-nueva-revolucion-industrial-de-alcoy\/","title":{"rendered":"Dise\u00f1o e innovaci\u00f3n, elementos clave en la nueva revoluci\u00f3n industrial de Alcoy"},"content":{"rendered":"<p style=\"text-align: justify;\">Alcoy ve en el <strong>dise\u00f1o y la innovaci\u00f3n<\/strong> dos potenciales herramientas para consolidar la industria del futuro m\u00e1s inmediato, y ante ello la ciudad <strong>pone en valor todo el talento<\/strong> que en estos momentos se genera aqu\u00ed en los dos \u00e1mbitos. Es por ello que surge <strong>&#8216;D\u00e8nou, I Semana del Dise\u00f1o y la Innovaci\u00f3n&#8217;\u00a0<\/strong>que <strong>se celebrar\u00e1 durante los pr\u00f3ximos d\u00edas<\/strong> con un <strong>amplio abanico de actividades<\/strong> dirigidas tanto para estudiantes como para empresas o p\u00fablico en general.<\/p>\n<p style=\"text-align: justify;\">Actualmente, el <strong>Campus de Alcoy de la Universidad Polit\u00e9cnica de Valencia<\/strong> o la <strong>Escola d&#8217;Art i Superior de Disseny d&#8217;Alcoi<\/strong> (EASDA) son dos puntos de referencia desde donde cada a\u00f1o salen al mercado profesionales altamente cualificados para trabajar en industrias que apuestan por la innovaci\u00f3n o el dise\u00f1o. Un talento que surge en Alcoy y que <strong>hay que retener<\/strong> tanto en la ciudad como en el conjunto de nuestras comarcas &#8220;<em>es aqu\u00ed donde, muchas veces, no llegamos a ser conscientes del enorme potencial que tenemos. Hemos detectado que muchos estudiantes formados en Alcoy empezaban a despuntar fuera, en los \u00e1mbitos de la innovaci\u00f3n o el dise\u00f1o, y lo que queremos es se queden aqu\u00ed aportando valor a\u00f1adido a nuestras empresas ante la nueva revoluci\u00f3n industrial que plantean las nuevas tecnolog\u00edas. Somos referente en dise\u00f1o e innovaci\u00f3n, y ambos conceptos con clave para el futuro de estas comarcas <\/em>&#8220;, contaba en COPE ALCOY en este lunes <strong>\u00c0lex Cerradelo<\/strong> vicealcalde de Alcoy y edil de Promoci\u00f3n Econ\u00f3mica. Cerradelo deja claro que la <strong>I Semana del Dise\u00f1o y la Innovaci\u00f3n\u00a0<\/strong>ha venido para quedarse &#8220;<em>queremos que haya muchas m\u00e1s, involucrando tambi\u00e9n a los centros de formaci\u00f3n profesional, consolidando a Alcoy como polo de atracci\u00f3n de nuevos mercados<\/em>&#8220;, concluye.<\/p>\n<p style=\"text-align: justify;\">&#8216;D\u00e8nou&#8217; arrancar\u00e1 oficialmente el mi\u00e9rcoles y entre <a href=\"https:\/\/www.copealcoy.es\/wp-content\/uploads\/2025\/03\/Programa-Denou-2025.pdf\" target=\"_blank\" rel=\"noopener\"><span style=\"color: #0000ff;\"><strong>las propuestas previstas<\/strong> <\/span><\/a>encontramos la misi\u00f3n inversa que llevar\u00e1 a cabo <strong>la C\u00e1mara de Comercio de Alcoy<\/strong>, iniciativa que traer\u00e1 hasta nuestra ciudad a profesionales del interiorismo y dise\u00f1o de Francia y el Reino Unido para compartir su experiencia. Adem\u00e1s, <strong>la EASDA<\/strong> presentar\u00e1 \u2018Alcoi, talent i disseny\u2019, donde se mostrar\u00e1n proyectos de estudiantes relacionados con el tejido industrial local. El <strong>Campus de Alcoy de la UPV<\/strong> lanzar\u00e1 \u2018Caixa Negra\u2019, que permitir\u00e1 a los estudiantes proponer mejoras a productos de empresas alcoyanas, y <strong>AITEX<\/strong> tambi\u00e9n participar\u00e1 con un monogr\u00e1fico sobre tendencias en el sector textilhogar para 2025. La programaci\u00f3n de &#8216;D\u00e8nou&#8217; incluir\u00e1 showrooms, mesas redondas y una charla del arquitecto Ram\u00f3n Esteve.<\/p>\n<p>La entrevista a \u00c0lex Cerradelo <strong>la puedes escuchar<\/strong> aqu\u00ed:<\/p>\n<audio class=\"wp-audio-shortcode\" id=\"audio-149354-1\" preload=\"none\" style=\"width: 100%;\" controls=\"controls\"><source type=\"audio\/mpeg\" src=\"https:\/\/www.copealcoy.es\/wp-content\/uploads\/2025\/03\/Entrevista-Alex-Cerradelo.mp3?_=1\" \/><a href=\"https:\/\/www.copealcoy.es\/wp-content\/uploads\/2025\/03\/Entrevista-Alex-Cerradelo.mp3\">https:\/\/www.copealcoy.es\/wp-content\/uploads\/2025\/03\/Entrevista-Alex-Cerradelo.mp3<\/a><\/audio>\n","protected":false},"excerpt":{"rendered":"<p>Alcoy ve en el dise\u00f1o y la innovaci\u00f3n dos potenciales herramientas para consolidar la industria del futuro m\u00e1s inmediato, y&#8230;<\/p>\n","protected":false},"author":1,"featured_media":149355,"comment_status":"open","ping_status":"open","sticky":false,"template":"","format":"standard","meta":{"footnotes":""},"categories":[6909,97,75,125],"tags":[1494,1899,19250,953,817],"class_list":["post-149354","post","type-post","status-publish","format-standard","has-post-thumbnail","hentry","category-actualidad","category-alcoy","category-noticias","category-portada","tag-alcoy","tag-alex-cerradelo","tag-denou","tag-diseno","tag-innovacion"],"yoast_head":"<!-- This site is optimized with the Yoast SEO plugin v27.3 - https:\/\/yoast.com\/product\/yoast-seo-wordpress\/ -->\n<title>Dise\u00f1o e innovaci\u00f3n, elementos clave en la nueva revoluci\u00f3n industrial de Alcoy - COPE Alcoy<\/title>\n<meta name=\"description\" content=\"Alcoy ve en el dise\u00f1o y la innovaci\u00f3n dos potenciales herramientas para consolidar la industria del futuro m\u00e1s inmediato, y ante ello la ciudad pone en valor todo el talento que en estos momentos se genera aqu\u00ed en los dos \u00e1mbitos\" \/>\n<meta name=\"robots\" content=\"index, follow, max-snippet:-1, max-image-preview:large, max-video-preview:-1\" \/>\n<link rel=\"canonical\" href=\"https:\/\/www.copealcoy.es\/es\/diseno-e-innovacion-elementos-clave-en-la-nueva-revolucion-industrial-de-alcoy\/\" \/>\n<meta property=\"og:locale\" content=\"es_ES\" \/>\n<meta property=\"og:type\" content=\"article\" \/>\n<meta property=\"og:title\" content=\"Dise\u00f1o e innovaci\u00f3n, elementos clave en la nueva revoluci\u00f3n industrial de Alcoy - COPE Alcoy\" \/>\n<meta property=\"og:description\" content=\"Alcoy ve en el dise\u00f1o y la innovaci\u00f3n dos potenciales herramientas para consolidar la industria del futuro m\u00e1s inmediato, y ante ello la ciudad pone en valor todo el talento que en estos momentos se genera aqu\u00ed en los dos \u00e1mbitos\" \/>\n<meta property=\"og:url\" content=\"https:\/\/www.copealcoy.es\/es\/diseno-e-innovacion-elementos-clave-en-la-nueva-revolucion-industrial-de-alcoy\/\" \/>\n<meta property=\"og:site_name\" content=\"COPE Alcoy\" \/>\n<meta property=\"article:published_time\" content=\"2025-03-24T14:36:30+00:00\" \/>\n<meta property=\"article:modified_time\" content=\"2025-03-24T14:47:21+00:00\" \/>\n<meta property=\"og:image\" content=\"https:\/\/www.copealcoy.es\/wp-content\/uploads\/2025\/03\/461714096_10231358686817934_5447933636379263040_n-scaled.jpg\" \/>\n\t<meta property=\"og:image:width\" content=\"1920\" \/>\n\t<meta property=\"og:image:height\" content=\"1080\" \/>\n\t<meta property=\"og:image:type\" content=\"image\/jpeg\" \/>\n<meta name=\"author\" content=\"Cope Alcoy\" \/>\n<meta name=\"twitter:label1\" content=\"Escrito por\" \/>\n\t<meta name=\"twitter:data1\" content=\"Cope Alcoy\" \/>\n\t<meta name=\"twitter:label2\" content=\"Tiempo de lectura\" \/>\n\t<meta name=\"twitter:data2\" content=\"3 minutos\" \/>\n<script type=\"application\/ld+json\" class=\"yoast-schema-graph\">{\"@context\":\"https:\\\/\\\/schema.org\",\"@graph\":[{\"@type\":\"Article\",\"@id\":\"https:\\\/\\\/www.copealcoy.es\\\/es\\\/diseno-e-innovacion-elementos-clave-en-la-nueva-revolucion-industrial-de-alcoy\\\/#article\",\"isPartOf\":{\"@id\":\"https:\\\/\\\/www.copealcoy.es\\\/es\\\/diseno-e-innovacion-elementos-clave-en-la-nueva-revolucion-industrial-de-alcoy\\\/\"},\"author\":{\"name\":\"Cope Alcoy\",\"@id\":\"https:\\\/\\\/www.copealcoy.es\\\/es\\\/#\\\/schema\\\/person\\\/e777c87fa024e57d40170af9df39882c\"},\"headline\":\"Dise\u00f1o e innovaci\u00f3n, elementos clave en la nueva revoluci\u00f3n industrial de Alcoy\",\"datePublished\":\"2025-03-24T14:36:30+00:00\",\"dateModified\":\"2025-03-24T14:47:21+00:00\",\"mainEntityOfPage\":{\"@id\":\"https:\\\/\\\/www.copealcoy.es\\\/es\\\/diseno-e-innovacion-elementos-clave-en-la-nueva-revolucion-industrial-de-alcoy\\\/\"},\"wordCount\":476,\"commentCount\":0,\"image\":{\"@id\":\"https:\\\/\\\/www.copealcoy.es\\\/es\\\/diseno-e-innovacion-elementos-clave-en-la-nueva-revolucion-industrial-de-alcoy\\\/#primaryimage\"},\"thumbnailUrl\":\"https:\\\/\\\/www.copealcoy.es\\\/wp-content\\\/uploads\\\/2025\\\/03\\\/461714096_10231358686817934_5447933636379263040_n-scaled.jpg\",\"keywords\":[\"Alcoy\",\"\u00c1lex Cerradelo\",\"D\u00e8nou\",\"Dise\u00f1o\",\"Innovaci\u00f3n\"],\"articleSection\":[\"Actualidad\",\"Alcoy\",\"Noticias\",\"Portada\"],\"inLanguage\":\"es\"},{\"@type\":\"WebPage\",\"@id\":\"https:\\\/\\\/www.copealcoy.es\\\/es\\\/diseno-e-innovacion-elementos-clave-en-la-nueva-revolucion-industrial-de-alcoy\\\/\",\"url\":\"https:\\\/\\\/www.copealcoy.es\\\/es\\\/diseno-e-innovacion-elementos-clave-en-la-nueva-revolucion-industrial-de-alcoy\\\/\",\"name\":\"Dise\u00f1o e innovaci\u00f3n, elementos clave en la nueva revoluci\u00f3n industrial de Alcoy - COPE Alcoy\",\"isPartOf\":{\"@id\":\"https:\\\/\\\/www.copealcoy.es\\\/es\\\/#website\"},\"primaryImageOfPage\":{\"@id\":\"https:\\\/\\\/www.copealcoy.es\\\/es\\\/diseno-e-innovacion-elementos-clave-en-la-nueva-revolucion-industrial-de-alcoy\\\/#primaryimage\"},\"image\":{\"@id\":\"https:\\\/\\\/www.copealcoy.es\\\/es\\\/diseno-e-innovacion-elementos-clave-en-la-nueva-revolucion-industrial-de-alcoy\\\/#primaryimage\"},\"thumbnailUrl\":\"https:\\\/\\\/www.copealcoy.es\\\/wp-content\\\/uploads\\\/2025\\\/03\\\/461714096_10231358686817934_5447933636379263040_n-scaled.jpg\",\"datePublished\":\"2025-03-24T14:36:30+00:00\",\"dateModified\":\"2025-03-24T14:47:21+00:00\",\"author\":{\"@id\":\"https:\\\/\\\/www.copealcoy.es\\\/es\\\/#\\\/schema\\\/person\\\/e777c87fa024e57d40170af9df39882c\"},\"description\":\"Alcoy ve en el dise\u00f1o y la innovaci\u00f3n dos potenciales herramientas para consolidar la industria del futuro m\u00e1s inmediato, y ante ello la ciudad pone en valor todo el talento que en estos momentos se genera aqu\u00ed en los dos \u00e1mbitos\",\"breadcrumb\":{\"@id\":\"https:\\\/\\\/www.copealcoy.es\\\/es\\\/diseno-e-innovacion-elementos-clave-en-la-nueva-revolucion-industrial-de-alcoy\\\/#breadcrumb\"},\"inLanguage\":\"es\",\"potentialAction\":[{\"@type\":\"ReadAction\",\"target\":[\"https:\\\/\\\/www.copealcoy.es\\\/es\\\/diseno-e-innovacion-elementos-clave-en-la-nueva-revolucion-industrial-de-alcoy\\\/\"]}]},{\"@type\":\"ImageObject\",\"inLanguage\":\"es\",\"@id\":\"https:\\\/\\\/www.copealcoy.es\\\/es\\\/diseno-e-innovacion-elementos-clave-en-la-nueva-revolucion-industrial-de-alcoy\\\/#primaryimage\",\"url\":\"https:\\\/\\\/www.copealcoy.es\\\/wp-content\\\/uploads\\\/2025\\\/03\\\/461714096_10231358686817934_5447933636379263040_n-scaled.jpg\",\"contentUrl\":\"https:\\\/\\\/www.copealcoy.es\\\/wp-content\\\/uploads\\\/2025\\\/03\\\/461714096_10231358686817934_5447933636379263040_n-scaled.jpg\",\"width\":1920,\"height\":1080},{\"@type\":\"BreadcrumbList\",\"@id\":\"https:\\\/\\\/www.copealcoy.es\\\/es\\\/diseno-e-innovacion-elementos-clave-en-la-nueva-revolucion-industrial-de-alcoy\\\/#breadcrumb\",\"itemListElement\":[{\"@type\":\"ListItem\",\"position\":1,\"name\":\"Portada\",\"item\":\"https:\\\/\\\/www.copealcoy.es\\\/es\\\/\"},{\"@type\":\"ListItem\",\"position\":2,\"name\":\"Dise\u00f1o e innovaci\u00f3n, elementos clave en la nueva revoluci\u00f3n industrial de Alcoy\"}]},{\"@type\":\"WebSite\",\"@id\":\"https:\\\/\\\/www.copealcoy.es\\\/es\\\/#website\",\"url\":\"https:\\\/\\\/www.copealcoy.es\\\/es\\\/\",\"name\":\"COPE Alcoy\",\"description\":\"Emisora COPE de radio local con emisi\u00f3n online. Pont de Sant Jordi 8-10 03803 Alcoy\",\"potentialAction\":[{\"@type\":\"SearchAction\",\"target\":{\"@type\":\"EntryPoint\",\"urlTemplate\":\"https:\\\/\\\/www.copealcoy.es\\\/es\\\/?s={search_term_string}\"},\"query-input\":{\"@type\":\"PropertyValueSpecification\",\"valueRequired\":true,\"valueName\":\"search_term_string\"}}],\"inLanguage\":\"es\"},{\"@type\":\"Person\",\"@id\":\"https:\\\/\\\/www.copealcoy.es\\\/es\\\/#\\\/schema\\\/person\\\/e777c87fa024e57d40170af9df39882c\",\"name\":\"Cope Alcoy\",\"image\":{\"@type\":\"ImageObject\",\"inLanguage\":\"es\",\"@id\":\"https:\\\/\\\/secure.gravatar.com\\\/avatar\\\/bb65d0283347e303893ba14f0692005417c1e0e690a325a4c5d8bb2b3943ee14?s=96&d=mm&r=g\",\"url\":\"https:\\\/\\\/secure.gravatar.com\\\/avatar\\\/bb65d0283347e303893ba14f0692005417c1e0e690a325a4c5d8bb2b3943ee14?s=96&d=mm&r=g\",\"contentUrl\":\"https:\\\/\\\/secure.gravatar.com\\\/avatar\\\/bb65d0283347e303893ba14f0692005417c1e0e690a325a4c5d8bb2b3943ee14?s=96&d=mm&r=g\",\"caption\":\"Cope Alcoy\"}}]}<\/script>\n<!-- \/ Yoast SEO plugin. -->","yoast_head_json":{"title":"Dise\u00f1o e innovaci\u00f3n, elementos clave en la nueva revoluci\u00f3n industrial de Alcoy - COPE Alcoy","description":"Alcoy ve en el dise\u00f1o y la innovaci\u00f3n dos potenciales herramientas para consolidar la industria del futuro m\u00e1s inmediato, y ante ello la ciudad pone en valor todo el talento que en estos momentos se genera aqu\u00ed en los dos \u00e1mbitos","robots":{"index":"index","follow":"follow","max-snippet":"max-snippet:-1","max-image-preview":"max-image-preview:large","max-video-preview":"max-video-preview:-1"},"canonical":"https:\/\/www.copealcoy.es\/es\/diseno-e-innovacion-elementos-clave-en-la-nueva-revolucion-industrial-de-alcoy\/","og_locale":"es_ES","og_type":"article","og_title":"Dise\u00f1o e innovaci\u00f3n, elementos clave en la nueva revoluci\u00f3n industrial de Alcoy - COPE Alcoy","og_description":"Alcoy ve en el dise\u00f1o y la innovaci\u00f3n dos potenciales herramientas para consolidar la industria del futuro m\u00e1s inmediato, y ante ello la ciudad pone en valor todo el talento que en estos momentos se genera aqu\u00ed en los dos \u00e1mbitos","og_url":"https:\/\/www.copealcoy.es\/es\/diseno-e-innovacion-elementos-clave-en-la-nueva-revolucion-industrial-de-alcoy\/","og_site_name":"COPE Alcoy","article_published_time":"2025-03-24T14:36:30+00:00","article_modified_time":"2025-03-24T14:47:21+00:00","og_image":[{"width":1920,"height":1080,"url":"https:\/\/www.copealcoy.es\/wp-content\/uploads\/2025\/03\/461714096_10231358686817934_5447933636379263040_n-scaled.jpg","type":"image\/jpeg"}],"author":"Cope Alcoy","twitter_misc":{"Escrito por":"Cope Alcoy","Tiempo de lectura":"3 minutos"},"schema":{"@context":"https:\/\/schema.org","@graph":[{"@type":"Article","@id":"https:\/\/www.copealcoy.es\/es\/diseno-e-innovacion-elementos-clave-en-la-nueva-revolucion-industrial-de-alcoy\/#article","isPartOf":{"@id":"https:\/\/www.copealcoy.es\/es\/diseno-e-innovacion-elementos-clave-en-la-nueva-revolucion-industrial-de-alcoy\/"},"author":{"name":"Cope Alcoy","@id":"https:\/\/www.copealcoy.es\/es\/#\/schema\/person\/e777c87fa024e57d40170af9df39882c"},"headline":"Dise\u00f1o e innovaci\u00f3n, elementos clave en la nueva revoluci\u00f3n industrial de Alcoy","datePublished":"2025-03-24T14:36:30+00:00","dateModified":"2025-03-24T14:47:21+00:00","mainEntityOfPage":{"@id":"https:\/\/www.copealcoy.es\/es\/diseno-e-innovacion-elementos-clave-en-la-nueva-revolucion-industrial-de-alcoy\/"},"wordCount":476,"commentCount":0,"image":{"@id":"https:\/\/www.copealcoy.es\/es\/diseno-e-innovacion-elementos-clave-en-la-nueva-revolucion-industrial-de-alcoy\/#primaryimage"},"thumbnailUrl":"https:\/\/www.copealcoy.es\/wp-content\/uploads\/2025\/03\/461714096_10231358686817934_5447933636379263040_n-scaled.jpg","keywords":["Alcoy","\u00c1lex Cerradelo","D\u00e8nou","Dise\u00f1o","Innovaci\u00f3n"],"articleSection":["Actualidad","Alcoy","Noticias","Portada"],"inLanguage":"es"},{"@type":"WebPage","@id":"https:\/\/www.copealcoy.es\/es\/diseno-e-innovacion-elementos-clave-en-la-nueva-revolucion-industrial-de-alcoy\/","url":"https:\/\/www.copealcoy.es\/es\/diseno-e-innovacion-elementos-clave-en-la-nueva-revolucion-industrial-de-alcoy\/","name":"Dise\u00f1o e innovaci\u00f3n, elementos clave en la nueva revoluci\u00f3n industrial de Alcoy - COPE Alcoy","isPartOf":{"@id":"https:\/\/www.copealcoy.es\/es\/#website"},"primaryImageOfPage":{"@id":"https:\/\/www.copealcoy.es\/es\/diseno-e-innovacion-elementos-clave-en-la-nueva-revolucion-industrial-de-alcoy\/#primaryimage"},"image":{"@id":"https:\/\/www.copealcoy.es\/es\/diseno-e-innovacion-elementos-clave-en-la-nueva-revolucion-industrial-de-alcoy\/#primaryimage"},"thumbnailUrl":"https:\/\/www.copealcoy.es\/wp-content\/uploads\/2025\/03\/461714096_10231358686817934_5447933636379263040_n-scaled.jpg","datePublished":"2025-03-24T14:36:30+00:00","dateModified":"2025-03-24T14:47:21+00:00","author":{"@id":"https:\/\/www.copealcoy.es\/es\/#\/schema\/person\/e777c87fa024e57d40170af9df39882c"},"description":"Alcoy ve en el dise\u00f1o y la innovaci\u00f3n dos potenciales herramientas para consolidar la industria del futuro m\u00e1s inmediato, y ante ello la ciudad pone en valor todo el talento que en estos momentos se genera aqu\u00ed en los dos \u00e1mbitos","breadcrumb":{"@id":"https:\/\/www.copealcoy.es\/es\/diseno-e-innovacion-elementos-clave-en-la-nueva-revolucion-industrial-de-alcoy\/#breadcrumb"},"inLanguage":"es","potentialAction":[{"@type":"ReadAction","target":["https:\/\/www.copealcoy.es\/es\/diseno-e-innovacion-elementos-clave-en-la-nueva-revolucion-industrial-de-alcoy\/"]}]},{"@type":"ImageObject","inLanguage":"es","@id":"https:\/\/www.copealcoy.es\/es\/diseno-e-innovacion-elementos-clave-en-la-nueva-revolucion-industrial-de-alcoy\/#primaryimage","url":"https:\/\/www.copealcoy.es\/wp-content\/uploads\/2025\/03\/461714096_10231358686817934_5447933636379263040_n-scaled.jpg","contentUrl":"https:\/\/www.copealcoy.es\/wp-content\/uploads\/2025\/03\/461714096_10231358686817934_5447933636379263040_n-scaled.jpg","width":1920,"height":1080},{"@type":"BreadcrumbList","@id":"https:\/\/www.copealcoy.es\/es\/diseno-e-innovacion-elementos-clave-en-la-nueva-revolucion-industrial-de-alcoy\/#breadcrumb","itemListElement":[{"@type":"ListItem","position":1,"name":"Portada","item":"https:\/\/www.copealcoy.es\/es\/"},{"@type":"ListItem","position":2,"name":"Dise\u00f1o e innovaci\u00f3n, elementos clave en la nueva revoluci\u00f3n industrial de Alcoy"}]},{"@type":"WebSite","@id":"https:\/\/www.copealcoy.es\/es\/#website","url":"https:\/\/www.copealcoy.es\/es\/","name":"COPE Alcoy","description":"Emisora COPE de radio local con emisi\u00f3n online. Pont de Sant Jordi 8-10 03803 Alcoy","potentialAction":[{"@type":"SearchAction","target":{"@type":"EntryPoint","urlTemplate":"https:\/\/www.copealcoy.es\/es\/?s={search_term_string}"},"query-input":{"@type":"PropertyValueSpecification","valueRequired":true,"valueName":"search_term_string"}}],"inLanguage":"es"},{"@type":"Person","@id":"https:\/\/www.copealcoy.es\/es\/#\/schema\/person\/e777c87fa024e57d40170af9df39882c","name":"Cope Alcoy","image":{"@type":"ImageObject","inLanguage":"es","@id":"https:\/\/secure.gravatar.com\/avatar\/bb65d0283347e303893ba14f0692005417c1e0e690a325a4c5d8bb2b3943ee14?s=96&d=mm&r=g","url":"https:\/\/secure.gravatar.com\/avatar\/bb65d0283347e303893ba14f0692005417c1e0e690a325a4c5d8bb2b3943ee14?s=96&d=mm&r=g","contentUrl":"https:\/\/secure.gravatar.com\/avatar\/bb65d0283347e303893ba14f0692005417c1e0e690a325a4c5d8bb2b3943ee14?s=96&d=mm&r=g","caption":"Cope Alcoy"}}]}},"_links":{"self":[{"href":"https:\/\/www.copealcoy.es\/es\/wp-json\/wp\/v2\/posts\/149354","targetHints":{"allow":["GET"]}}],"collection":[{"href":"https:\/\/www.copealcoy.es\/es\/wp-json\/wp\/v2\/posts"}],"about":[{"href":"https:\/\/www.copealcoy.es\/es\/wp-json\/wp\/v2\/types\/post"}],"author":[{"embeddable":true,"href":"https:\/\/www.copealcoy.es\/es\/wp-json\/wp\/v2\/users\/1"}],"replies":[{"embeddable":true,"href":"https:\/\/www.copealcoy.es\/es\/wp-json\/wp\/v2\/comments?post=149354"}],"version-history":[{"count":0,"href":"https:\/\/www.copealcoy.es\/es\/wp-json\/wp\/v2\/posts\/149354\/revisions"}],"wp:featuredmedia":[{"embeddable":true,"href":"https:\/\/www.copealcoy.es\/es\/wp-json\/wp\/v2\/media\/149355"}],"wp:attachment":[{"href":"https:\/\/www.copealcoy.es\/es\/wp-json\/wp\/v2\/media?parent=149354"}],"wp:term":[{"taxonomy":"category","embeddable":true,"href":"https:\/\/www.copealcoy.es\/es\/wp-json\/wp\/v2\/categories?post=149354"},{"taxonomy":"post_tag","embeddable":true,"href":"https:\/\/www.copealcoy.es\/es\/wp-json\/wp\/v2\/tags?post=149354"}],"curies":[{"name":"wp","href":"https:\/\/api.w.org\/{rel}","templated":true}]}}