{"id":149341,"date":"2025-03-24T12:58:39","date_gmt":"2025-03-24T11:58:39","guid":{"rendered":"https:\/\/www.copealcoy.es\/?p=149341"},"modified":"2025-03-24T13:15:50","modified_gmt":"2025-03-24T12:15:50","slug":"estas-son-las-condiciones-del-pp-de-alcoy-para-aprobar-los-presupuestos-2025","status":"publish","type":"post","link":"https:\/\/www.copealcoy.es\/es\/estas-son-las-condiciones-del-pp-de-alcoy-para-aprobar-los-presupuestos-2025\/","title":{"rendered":"Estas son las condiciones del PP de Alcoy para aprobar los Presupuestos 2025"},"content":{"rendered":"<p style=\"text-align: justify;\">El <a href=\"https:\/\/www.facebook.com\/populares.alcoy\" target=\"_blank\" rel=\"noopener\"><span style=\"color: #0000ff;\"><strong>Partido Popular de Alcoy<\/strong><\/span><\/a> ha dado a conocer <strong>sus propuestas para los presupuestos municipales del a\u00f1o 2025<\/strong>, presentando <strong>un total de 50 iniciativas<\/strong> que consideran &#8220;<em>imprescindibles<\/em>&#8221; para el desarrollo de la ciudad. El enfoque principal de estas propuestas se centra en <strong>la mejora de las instalaciones deportivas municipales<\/strong>, que actualmente se encuentran en un estado de abandono seg\u00fan los populares, as\u00ed como en <strong>la implementaci\u00f3n de nuevos proyectos<\/strong> que &#8220;<em>contribuir\u00e1n a hacer de Alcoy una ciudad mejor<\/em>&#8220;, seg\u00fan afirman.<\/p>\n<p style=\"text-align: justify;\">Entre las<strong> demandas m\u00e1s destacadas<\/strong>, el partido solicita al gobierno municipal que se pronuncie claramente sobre el desarrollo de Alcoy Sur. Los populares exigen saber cu\u00e1l es la postura del PSOE y su socio Comprom\u00eds respecto a este tema y si ofrecer\u00e1n respuestas concretas a los empresarios locales, quienes llevan a\u00f1os esperando avances sin resultados satisfactorios. Adem\u00e1s, el Partido Popular enfatiza la importancia de aumentar la partida destinada al mantenimiento y limpieza de calles, parques y jardines. Tambi\u00e9n proponen incluir en el presupuesto una partida espec\u00edfica para la reparaci\u00f3n de las cubiertas de los pabellones Mutua de Levante y Miguel Sarasa del polideportivo Francisco Laporta, as\u00ed como la construcci\u00f3n de nuevos nichos en el cementerio municipal <em>&#8220;estas son algunas de las propuestas que hemos puesto encima de la mesa del gobierno municipal. Pensamos que son propuestas coherentes, reales y factibles que sin duda mejorar\u00e1n la ciudad<\/em>&#8220;, ha afirmado el portavoz de los populares alcoyanos; <strong>Carlos Pastor<\/strong>.<\/p>\n<p style=\"text-align: justify;\">Desde el Partido Popular de Alcoy concluyen que<strong> todas estas propuestas planteadas deber\u00edan de estar ya en marcha en nuestra ciudad<\/strong> y, afirman, que las mismas son prioritarias. Por \u00faltimo concluyen que <strong>las iniciativas se\u00f1aladas anteriormente<\/strong> &#8220;<em>forman parte de lo que deber\u00eda ser la hoja de ruta de un gobierno municipal responsable<\/em>&#8220;, concluye Pastor.<\/p>\n","protected":false},"excerpt":{"rendered":"<p>El Partido Popular de Alcoy ha dado a conocer sus propuestas para los presupuestos municipales del a\u00f1o 2025, presentando un&#8230;<\/p>\n","protected":false},"author":1,"featured_media":128084,"comment_status":"open","ping_status":"open","sticky":false,"template":"","format":"standard","meta":{"footnotes":""},"categories":[6909,97,75,79],"tags":[1494,448,1572,2465],"class_list":["post-149341","post","type-post","status-publish","format-standard","has-post-thumbnail","hentry","category-actualidad","category-alcoy","category-noticias","category-politicayeconomia","tag-alcoy","tag-partido-popular","tag-presupuestos-municipales","tag-propuestas"],"yoast_head":"<!-- This site is optimized with the Yoast SEO plugin v27.3 - https:\/\/yoast.com\/product\/yoast-seo-wordpress\/ -->\n<title>Estas son las condiciones del PP de Alcoy para aprobar los Presupuestos 2025 - COPE Alcoy<\/title>\n<meta name=\"description\" content=\"El Partido Popular de Alcoy ha dado a conocer sus propuestas para los presupuestos municipales del a\u00f1o 2025, presentando un total de 50 iniciativas que consideran &quot;imprescindibles&quot; para el desarrollo de la ciudad\" \/>\n<meta name=\"robots\" content=\"index, follow, max-snippet:-1, max-image-preview:large, max-video-preview:-1\" \/>\n<link rel=\"canonical\" href=\"https:\/\/www.copealcoy.es\/es\/estas-son-las-condiciones-del-pp-de-alcoy-para-aprobar-los-presupuestos-2025\/\" \/>\n<meta property=\"og:locale\" content=\"es_ES\" \/>\n<meta property=\"og:type\" content=\"article\" \/>\n<meta property=\"og:title\" content=\"Estas son las condiciones del PP de Alcoy para aprobar los Presupuestos 2025 - COPE Alcoy\" \/>\n<meta property=\"og:description\" content=\"El Partido Popular de Alcoy ha dado a conocer sus propuestas para los presupuestos municipales del a\u00f1o 2025, presentando un total de 50 iniciativas que consideran &quot;imprescindibles&quot; para el desarrollo de la ciudad\" \/>\n<meta property=\"og:url\" content=\"https:\/\/www.copealcoy.es\/es\/estas-son-las-condiciones-del-pp-de-alcoy-para-aprobar-los-presupuestos-2025\/\" \/>\n<meta property=\"og:site_name\" content=\"COPE Alcoy\" \/>\n<meta property=\"article:published_time\" content=\"2025-03-24T11:58:39+00:00\" \/>\n<meta property=\"article:modified_time\" content=\"2025-03-24T12:15:50+00:00\" \/>\n<meta property=\"og:image\" content=\"https:\/\/www.copealcoy.es\/wp-content\/uploads\/2024\/01\/IMG_3578.jpg\" \/>\n\t<meta property=\"og:image:width\" content=\"640\" \/>\n\t<meta property=\"og:image:height\" content=\"480\" \/>\n\t<meta property=\"og:image:type\" content=\"image\/jpeg\" \/>\n<meta name=\"author\" content=\"Cope Alcoy\" \/>\n<meta name=\"twitter:label1\" content=\"Escrito por\" \/>\n\t<meta name=\"twitter:data1\" content=\"Cope Alcoy\" \/>\n\t<meta name=\"twitter:label2\" content=\"Tiempo de lectura\" \/>\n\t<meta name=\"twitter:data2\" content=\"2 minutos\" \/>\n<script type=\"application\/ld+json\" class=\"yoast-schema-graph\">{\"@context\":\"https:\\\/\\\/schema.org\",\"@graph\":[{\"@type\":\"Article\",\"@id\":\"https:\\\/\\\/www.copealcoy.es\\\/es\\\/estas-son-las-condiciones-del-pp-de-alcoy-para-aprobar-los-presupuestos-2025\\\/#article\",\"isPartOf\":{\"@id\":\"https:\\\/\\\/www.copealcoy.es\\\/es\\\/estas-son-las-condiciones-del-pp-de-alcoy-para-aprobar-los-presupuestos-2025\\\/\"},\"author\":{\"name\":\"Cope Alcoy\",\"@id\":\"https:\\\/\\\/www.copealcoy.es\\\/es\\\/#\\\/schema\\\/person\\\/e777c87fa024e57d40170af9df39882c\"},\"headline\":\"Estas son las condiciones del PP de Alcoy para aprobar los Presupuestos 2025\",\"datePublished\":\"2025-03-24T11:58:39+00:00\",\"dateModified\":\"2025-03-24T12:15:50+00:00\",\"mainEntityOfPage\":{\"@id\":\"https:\\\/\\\/www.copealcoy.es\\\/es\\\/estas-son-las-condiciones-del-pp-de-alcoy-para-aprobar-los-presupuestos-2025\\\/\"},\"wordCount\":319,\"commentCount\":0,\"image\":{\"@id\":\"https:\\\/\\\/www.copealcoy.es\\\/es\\\/estas-son-las-condiciones-del-pp-de-alcoy-para-aprobar-los-presupuestos-2025\\\/#primaryimage\"},\"thumbnailUrl\":\"https:\\\/\\\/www.copealcoy.es\\\/wp-content\\\/uploads\\\/2024\\\/01\\\/IMG_3578.jpg\",\"keywords\":[\"Alcoy\",\"Partido Popular\",\"Presupuestos Municipales\",\"Propuestas\"],\"articleSection\":[\"Actualidad\",\"Alcoy\",\"Noticias\",\"Pol\u00edtica y Econom\u00eda\"],\"inLanguage\":\"es\"},{\"@type\":\"WebPage\",\"@id\":\"https:\\\/\\\/www.copealcoy.es\\\/es\\\/estas-son-las-condiciones-del-pp-de-alcoy-para-aprobar-los-presupuestos-2025\\\/\",\"url\":\"https:\\\/\\\/www.copealcoy.es\\\/es\\\/estas-son-las-condiciones-del-pp-de-alcoy-para-aprobar-los-presupuestos-2025\\\/\",\"name\":\"Estas son las condiciones del PP de Alcoy para aprobar los Presupuestos 2025 - COPE Alcoy\",\"isPartOf\":{\"@id\":\"https:\\\/\\\/www.copealcoy.es\\\/es\\\/#website\"},\"primaryImageOfPage\":{\"@id\":\"https:\\\/\\\/www.copealcoy.es\\\/es\\\/estas-son-las-condiciones-del-pp-de-alcoy-para-aprobar-los-presupuestos-2025\\\/#primaryimage\"},\"image\":{\"@id\":\"https:\\\/\\\/www.copealcoy.es\\\/es\\\/estas-son-las-condiciones-del-pp-de-alcoy-para-aprobar-los-presupuestos-2025\\\/#primaryimage\"},\"thumbnailUrl\":\"https:\\\/\\\/www.copealcoy.es\\\/wp-content\\\/uploads\\\/2024\\\/01\\\/IMG_3578.jpg\",\"datePublished\":\"2025-03-24T11:58:39+00:00\",\"dateModified\":\"2025-03-24T12:15:50+00:00\",\"author\":{\"@id\":\"https:\\\/\\\/www.copealcoy.es\\\/es\\\/#\\\/schema\\\/person\\\/e777c87fa024e57d40170af9df39882c\"},\"description\":\"El Partido Popular de Alcoy ha dado a conocer sus propuestas para los presupuestos municipales del a\u00f1o 2025, presentando un total de 50 iniciativas que consideran \\\"imprescindibles\\\" para el desarrollo de la ciudad\",\"breadcrumb\":{\"@id\":\"https:\\\/\\\/www.copealcoy.es\\\/es\\\/estas-son-las-condiciones-del-pp-de-alcoy-para-aprobar-los-presupuestos-2025\\\/#breadcrumb\"},\"inLanguage\":\"es\",\"potentialAction\":[{\"@type\":\"ReadAction\",\"target\":[\"https:\\\/\\\/www.copealcoy.es\\\/es\\\/estas-son-las-condiciones-del-pp-de-alcoy-para-aprobar-los-presupuestos-2025\\\/\"]}]},{\"@type\":\"ImageObject\",\"inLanguage\":\"es\",\"@id\":\"https:\\\/\\\/www.copealcoy.es\\\/es\\\/estas-son-las-condiciones-del-pp-de-alcoy-para-aprobar-los-presupuestos-2025\\\/#primaryimage\",\"url\":\"https:\\\/\\\/www.copealcoy.es\\\/wp-content\\\/uploads\\\/2024\\\/01\\\/IMG_3578.jpg\",\"contentUrl\":\"https:\\\/\\\/www.copealcoy.es\\\/wp-content\\\/uploads\\\/2024\\\/01\\\/IMG_3578.jpg\",\"width\":640,\"height\":480},{\"@type\":\"BreadcrumbList\",\"@id\":\"https:\\\/\\\/www.copealcoy.es\\\/es\\\/estas-son-las-condiciones-del-pp-de-alcoy-para-aprobar-los-presupuestos-2025\\\/#breadcrumb\",\"itemListElement\":[{\"@type\":\"ListItem\",\"position\":1,\"name\":\"Portada\",\"item\":\"https:\\\/\\\/www.copealcoy.es\\\/es\\\/\"},{\"@type\":\"ListItem\",\"position\":2,\"name\":\"Estas son las condiciones del PP de Alcoy para aprobar los Presupuestos 2025\"}]},{\"@type\":\"WebSite\",\"@id\":\"https:\\\/\\\/www.copealcoy.es\\\/es\\\/#website\",\"url\":\"https:\\\/\\\/www.copealcoy.es\\\/es\\\/\",\"name\":\"COPE Alcoy\",\"description\":\"Emisora COPE de radio local con emisi\u00f3n online. Pont de Sant Jordi 8-10 03803 Alcoy\",\"potentialAction\":[{\"@type\":\"SearchAction\",\"target\":{\"@type\":\"EntryPoint\",\"urlTemplate\":\"https:\\\/\\\/www.copealcoy.es\\\/es\\\/?s={search_term_string}\"},\"query-input\":{\"@type\":\"PropertyValueSpecification\",\"valueRequired\":true,\"valueName\":\"search_term_string\"}}],\"inLanguage\":\"es\"},{\"@type\":\"Person\",\"@id\":\"https:\\\/\\\/www.copealcoy.es\\\/es\\\/#\\\/schema\\\/person\\\/e777c87fa024e57d40170af9df39882c\",\"name\":\"Cope Alcoy\",\"image\":{\"@type\":\"ImageObject\",\"inLanguage\":\"es\",\"@id\":\"https:\\\/\\\/secure.gravatar.com\\\/avatar\\\/bb65d0283347e303893ba14f0692005417c1e0e690a325a4c5d8bb2b3943ee14?s=96&d=mm&r=g\",\"url\":\"https:\\\/\\\/secure.gravatar.com\\\/avatar\\\/bb65d0283347e303893ba14f0692005417c1e0e690a325a4c5d8bb2b3943ee14?s=96&d=mm&r=g\",\"contentUrl\":\"https:\\\/\\\/secure.gravatar.com\\\/avatar\\\/bb65d0283347e303893ba14f0692005417c1e0e690a325a4c5d8bb2b3943ee14?s=96&d=mm&r=g\",\"caption\":\"Cope Alcoy\"}}]}<\/script>\n<!-- \/ Yoast SEO plugin. -->","yoast_head_json":{"title":"Estas son las condiciones del PP de Alcoy para aprobar los Presupuestos 2025 - COPE Alcoy","description":"El Partido Popular de Alcoy ha dado a conocer sus propuestas para los presupuestos municipales del a\u00f1o 2025, presentando un total de 50 iniciativas que consideran \"imprescindibles\" para el desarrollo de la ciudad","robots":{"index":"index","follow":"follow","max-snippet":"max-snippet:-1","max-image-preview":"max-image-preview:large","max-video-preview":"max-video-preview:-1"},"canonical":"https:\/\/www.copealcoy.es\/es\/estas-son-las-condiciones-del-pp-de-alcoy-para-aprobar-los-presupuestos-2025\/","og_locale":"es_ES","og_type":"article","og_title":"Estas son las condiciones del PP de Alcoy para aprobar los Presupuestos 2025 - COPE Alcoy","og_description":"El Partido Popular de Alcoy ha dado a conocer sus propuestas para los presupuestos municipales del a\u00f1o 2025, presentando un total de 50 iniciativas que consideran \"imprescindibles\" para el desarrollo de la ciudad","og_url":"https:\/\/www.copealcoy.es\/es\/estas-son-las-condiciones-del-pp-de-alcoy-para-aprobar-los-presupuestos-2025\/","og_site_name":"COPE Alcoy","article_published_time":"2025-03-24T11:58:39+00:00","article_modified_time":"2025-03-24T12:15:50+00:00","og_image":[{"width":640,"height":480,"url":"https:\/\/www.copealcoy.es\/wp-content\/uploads\/2024\/01\/IMG_3578.jpg","type":"image\/jpeg"}],"author":"Cope Alcoy","twitter_misc":{"Escrito por":"Cope Alcoy","Tiempo de lectura":"2 minutos"},"schema":{"@context":"https:\/\/schema.org","@graph":[{"@type":"Article","@id":"https:\/\/www.copealcoy.es\/es\/estas-son-las-condiciones-del-pp-de-alcoy-para-aprobar-los-presupuestos-2025\/#article","isPartOf":{"@id":"https:\/\/www.copealcoy.es\/es\/estas-son-las-condiciones-del-pp-de-alcoy-para-aprobar-los-presupuestos-2025\/"},"author":{"name":"Cope Alcoy","@id":"https:\/\/www.copealcoy.es\/es\/#\/schema\/person\/e777c87fa024e57d40170af9df39882c"},"headline":"Estas son las condiciones del PP de Alcoy para aprobar los Presupuestos 2025","datePublished":"2025-03-24T11:58:39+00:00","dateModified":"2025-03-24T12:15:50+00:00","mainEntityOfPage":{"@id":"https:\/\/www.copealcoy.es\/es\/estas-son-las-condiciones-del-pp-de-alcoy-para-aprobar-los-presupuestos-2025\/"},"wordCount":319,"commentCount":0,"image":{"@id":"https:\/\/www.copealcoy.es\/es\/estas-son-las-condiciones-del-pp-de-alcoy-para-aprobar-los-presupuestos-2025\/#primaryimage"},"thumbnailUrl":"https:\/\/www.copealcoy.es\/wp-content\/uploads\/2024\/01\/IMG_3578.jpg","keywords":["Alcoy","Partido Popular","Presupuestos Municipales","Propuestas"],"articleSection":["Actualidad","Alcoy","Noticias","Pol\u00edtica y Econom\u00eda"],"inLanguage":"es"},{"@type":"WebPage","@id":"https:\/\/www.copealcoy.es\/es\/estas-son-las-condiciones-del-pp-de-alcoy-para-aprobar-los-presupuestos-2025\/","url":"https:\/\/www.copealcoy.es\/es\/estas-son-las-condiciones-del-pp-de-alcoy-para-aprobar-los-presupuestos-2025\/","name":"Estas son las condiciones del PP de Alcoy para aprobar los Presupuestos 2025 - COPE Alcoy","isPartOf":{"@id":"https:\/\/www.copealcoy.es\/es\/#website"},"primaryImageOfPage":{"@id":"https:\/\/www.copealcoy.es\/es\/estas-son-las-condiciones-del-pp-de-alcoy-para-aprobar-los-presupuestos-2025\/#primaryimage"},"image":{"@id":"https:\/\/www.copealcoy.es\/es\/estas-son-las-condiciones-del-pp-de-alcoy-para-aprobar-los-presupuestos-2025\/#primaryimage"},"thumbnailUrl":"https:\/\/www.copealcoy.es\/wp-content\/uploads\/2024\/01\/IMG_3578.jpg","datePublished":"2025-03-24T11:58:39+00:00","dateModified":"2025-03-24T12:15:50+00:00","author":{"@id":"https:\/\/www.copealcoy.es\/es\/#\/schema\/person\/e777c87fa024e57d40170af9df39882c"},"description":"El Partido Popular de Alcoy ha dado a conocer sus propuestas para los presupuestos municipales del a\u00f1o 2025, presentando un total de 50 iniciativas que consideran \"imprescindibles\" para el desarrollo de la ciudad","breadcrumb":{"@id":"https:\/\/www.copealcoy.es\/es\/estas-son-las-condiciones-del-pp-de-alcoy-para-aprobar-los-presupuestos-2025\/#breadcrumb"},"inLanguage":"es","potentialAction":[{"@type":"ReadAction","target":["https:\/\/www.copealcoy.es\/es\/estas-son-las-condiciones-del-pp-de-alcoy-para-aprobar-los-presupuestos-2025\/"]}]},{"@type":"ImageObject","inLanguage":"es","@id":"https:\/\/www.copealcoy.es\/es\/estas-son-las-condiciones-del-pp-de-alcoy-para-aprobar-los-presupuestos-2025\/#primaryimage","url":"https:\/\/www.copealcoy.es\/wp-content\/uploads\/2024\/01\/IMG_3578.jpg","contentUrl":"https:\/\/www.copealcoy.es\/wp-content\/uploads\/2024\/01\/IMG_3578.jpg","width":640,"height":480},{"@type":"BreadcrumbList","@id":"https:\/\/www.copealcoy.es\/es\/estas-son-las-condiciones-del-pp-de-alcoy-para-aprobar-los-presupuestos-2025\/#breadcrumb","itemListElement":[{"@type":"ListItem","position":1,"name":"Portada","item":"https:\/\/www.copealcoy.es\/es\/"},{"@type":"ListItem","position":2,"name":"Estas son las condiciones del PP de Alcoy para aprobar los Presupuestos 2025"}]},{"@type":"WebSite","@id":"https:\/\/www.copealcoy.es\/es\/#website","url":"https:\/\/www.copealcoy.es\/es\/","name":"COPE Alcoy","description":"Emisora COPE de radio local con emisi\u00f3n online. Pont de Sant Jordi 8-10 03803 Alcoy","potentialAction":[{"@type":"SearchAction","target":{"@type":"EntryPoint","urlTemplate":"https:\/\/www.copealcoy.es\/es\/?s={search_term_string}"},"query-input":{"@type":"PropertyValueSpecification","valueRequired":true,"valueName":"search_term_string"}}],"inLanguage":"es"},{"@type":"Person","@id":"https:\/\/www.copealcoy.es\/es\/#\/schema\/person\/e777c87fa024e57d40170af9df39882c","name":"Cope Alcoy","image":{"@type":"ImageObject","inLanguage":"es","@id":"https:\/\/secure.gravatar.com\/avatar\/bb65d0283347e303893ba14f0692005417c1e0e690a325a4c5d8bb2b3943ee14?s=96&d=mm&r=g","url":"https:\/\/secure.gravatar.com\/avatar\/bb65d0283347e303893ba14f0692005417c1e0e690a325a4c5d8bb2b3943ee14?s=96&d=mm&r=g","contentUrl":"https:\/\/secure.gravatar.com\/avatar\/bb65d0283347e303893ba14f0692005417c1e0e690a325a4c5d8bb2b3943ee14?s=96&d=mm&r=g","caption":"Cope Alcoy"}}]}},"_links":{"self":[{"href":"https:\/\/www.copealcoy.es\/es\/wp-json\/wp\/v2\/posts\/149341","targetHints":{"allow":["GET"]}}],"collection":[{"href":"https:\/\/www.copealcoy.es\/es\/wp-json\/wp\/v2\/posts"}],"about":[{"href":"https:\/\/www.copealcoy.es\/es\/wp-json\/wp\/v2\/types\/post"}],"author":[{"embeddable":true,"href":"https:\/\/www.copealcoy.es\/es\/wp-json\/wp\/v2\/users\/1"}],"replies":[{"embeddable":true,"href":"https:\/\/www.copealcoy.es\/es\/wp-json\/wp\/v2\/comments?post=149341"}],"version-history":[{"count":0,"href":"https:\/\/www.copealcoy.es\/es\/wp-json\/wp\/v2\/posts\/149341\/revisions"}],"wp:featuredmedia":[{"embeddable":true,"href":"https:\/\/www.copealcoy.es\/es\/wp-json\/wp\/v2\/media\/128084"}],"wp:attachment":[{"href":"https:\/\/www.copealcoy.es\/es\/wp-json\/wp\/v2\/media?parent=149341"}],"wp:term":[{"taxonomy":"category","embeddable":true,"href":"https:\/\/www.copealcoy.es\/es\/wp-json\/wp\/v2\/categories?post=149341"},{"taxonomy":"post_tag","embeddable":true,"href":"https:\/\/www.copealcoy.es\/es\/wp-json\/wp\/v2\/tags?post=149341"}],"curies":[{"name":"wp","href":"https:\/\/api.w.org\/{rel}","templated":true}]}}