{"id":149319,"date":"2025-03-06T21:08:27","date_gmt":"2025-03-06T20:08:27","guid":{"rendered":"https:\/\/www.copealcoy.es\/?p=149319"},"modified":"2025-03-22T21:34:03","modified_gmt":"2025-03-22T20:34:03","slug":"el-valencia-se-impone-en-nuestras-comarcas-en-la-consulta-de-la-lengua-base","status":"publish","type":"post","link":"https:\/\/www.copealcoy.es\/es\/el-valencia-se-impone-en-nuestras-comarcas-en-la-consulta-de-la-lengua-base\/","title":{"rendered":"El valenci\u00e0 se impone en nuestras comarcas en la consulta de la lengua base"},"content":{"rendered":"<p style=\"text-align: justify;\">En la reciente<strong> consulta para determinar la lengua base de ense\u00f1anza<\/strong> en la Comunitat Valenciana, hemos conocido que <strong>el valenciano ha obtenido una clara victoria<\/strong> en nuestras comarcas. En <strong>El Comtat<\/strong>, de un total de 1.973 votos, 1.729 (87,63%) optaron por el valenciano, mientras que solo 244 (12,37%) eligieron el castellano. Por su parte, en <strong>L\u2019Alcoi\u00e0<\/strong> se emitieron 8.858 votos, de los cuales 5.323 (60%) apoyaron la ense\u00f1anza en valenciano frente a 3.535 (39,91%) que optaron por el castellano. En el caso de Alcoy, <strong>los resultados fueron similares<\/strong>: de 4.683 votos, el 59,66% eligi\u00f3 aprender en valenciano y el 40,34% en castellano.<\/p>\n<p><strong><span style=\"color: #0000ff;\">El valenci\u00e0 tambi\u00e9n es la opci\u00f3n elegida en la Comunitat<\/span><\/strong><\/p>\n<p style=\"text-align: justify;\">En el caso de la Comunitat Valenciana,el <b>50,53%<\/b>\u00a0de las familias participantes en la Comunidad Valenciana ha apostado por el\u00a0<b>valenciano, frente al 49,47% del castellano. <\/b>Los resultados son muy\u00a0<b>variables en funci\u00f3n de la provincia<\/b>\u00a0(el castellano gana solo en Alicante), de las\u00a0<b>comarcas o de los municipios.\u00a0<\/b>Por etapas y niveles, en<b>\u00a0Infantil y Primaria la opci\u00f3n favorita para las familias es el valenciano<\/b>, con un 53,81% y un 50,68%, respectivamente, mientras que<b>\u00a0en la ESO lo es el castellano<\/b>, con un 52,90%. Los datos se podr\u00e1n consultar de forma \u00edntegra durante la tarde de este mismo jueves en la p\u00e1gina web\u00a0<strong><span style=\"color: #0000ff;\"><a style=\"color: #0000ff;\" href=\"https:\/\/portal.edu.gva.es\/consulta\/es\/resultados\/\" target=\"_blank\" rel=\"noopener\">consulta.gva.es<\/a><\/span><\/strong>.<\/p>\n<p style=\"text-align: justify;\">El conseller de educaci\u00f3n,\u00a0<b>Jos\u00e9 Antonio Rovira<\/b>, ha se\u00f1alado que con estos porcentajes, en los que falta el desglose de los centros rurales agrupados, la Conselleria &#8220;<em>ya puede dar el \u00faltimo paso en este proceso, que es la\u00a0planificaci\u00f3n del pr\u00f3ximo curso, con el n\u00famero de aulas y grupos por cada lengua<\/em>&#8220;, ha afirmado. Preguntado por si todas las familias podr\u00e1n acceder a la lengua elegida, ha se\u00f1alado que<b>\u00a0el objetivo es atender el 100 %<\/b>, aunque puede ocurrir como en el proceso de admisi\u00f3n, donde siempre hay un peque\u00f1o porcentaje que no accede a su primera opci\u00f3n. Ha dicho que\u00a0<b>se analizar\u00e1 cada caso particular para tratar de solventar los problemas<\/b>\u00a0con &#8220;<em>un ajuste fino<\/em>&#8220;, en el que la Conselleria est\u00e1 dispuesta a poner alg\u00fan tipo de recurso, aunque no ha concretado todav\u00eda ninguno. En todo caso, ha se\u00f1alado que se viene de un sistema -el de inmersi\u00f3n ling\u00fc\u00edstica promovido por el anterior Consell- en el que &#8220;<em>el 50 % de la familias no ten\u00eda satisfecha su voluntad&#8221;<\/em>, y que, seg\u00fan ha dicho, &#8220;<em>fracas\u00f3<\/em>&#8221; porque no aument\u00f3 el uso del valenciano sino que &#8220;<em>cada vez se hablaba menos<\/em>&#8220;. Por \u00faltimo, ha afirmado que <strong>ahora se ha cambiado el modelo y se apuesta por la promoci\u00f3n del conocimiento del valenciano<\/strong>, tambi\u00e9n las zonas castellanohablantes, donde se quiere promocionar su aprendizaje &#8220;<em>poco a poco<\/em>&#8221; y &#8220;<em>de forma amable y consensuada<\/em>&#8220;.<\/p>\n<p><em>Imagen: Cope Valencia<\/em><\/p>\n","protected":false},"excerpt":{"rendered":"<p>En la reciente consulta para determinar la lengua base de ense\u00f1anza en la Comunitat Valenciana, hemos conocido que el valenciano&#8230;<\/p>\n","protected":false},"author":1,"featured_media":149320,"comment_status":"open","ping_status":"open","sticky":false,"template":"","format":"standard","meta":{"footnotes":""},"categories":[6909,98,75],"tags":[482,237,12859,19340,1047],"class_list":["post-149319","post","type-post","status-publish","format-standard","has-post-thumbnail","hentry","category-actualidad","category-comarcas","category-noticias","tag-alcoia","tag-comtat","tag-consulta","tag-lengua-base","tag-resultados"],"yoast_head":"<!-- This site is optimized with the Yoast SEO plugin v27.3 - https:\/\/yoast.com\/product\/yoast-seo-wordpress\/ -->\n<title>El valenci\u00e0 se impone en nuestras comarcas en la consulta de la lengua base - COPE Alcoy<\/title>\n<meta name=\"description\" content=\"En las reciente consulta para determinar la lengua base de ense\u00f1anza en la Comunitat Valenciana, hemos conocido que el valenciano ha obtenido una clara victoria en nuestras comarcas\" \/>\n<meta name=\"robots\" content=\"index, follow, max-snippet:-1, max-image-preview:large, max-video-preview:-1\" \/>\n<link rel=\"canonical\" href=\"https:\/\/www.copealcoy.es\/es\/el-valencia-se-impone-en-nuestras-comarcas-en-la-consulta-de-la-lengua-base\/\" \/>\n<meta property=\"og:locale\" content=\"es_ES\" \/>\n<meta property=\"og:type\" content=\"article\" \/>\n<meta property=\"og:title\" content=\"El valenci\u00e0 se impone en nuestras comarcas en la consulta de la lengua base - COPE Alcoy\" \/>\n<meta property=\"og:description\" content=\"En las reciente consulta para determinar la lengua base de ense\u00f1anza en la Comunitat Valenciana, hemos conocido que el valenciano ha obtenido una clara victoria en nuestras comarcas\" \/>\n<meta property=\"og:url\" content=\"https:\/\/www.copealcoy.es\/es\/el-valencia-se-impone-en-nuestras-comarcas-en-la-consulta-de-la-lengua-base\/\" \/>\n<meta property=\"og:site_name\" content=\"COPE Alcoy\" \/>\n<meta property=\"article:published_time\" content=\"2025-03-06T20:08:27+00:00\" \/>\n<meta property=\"article:modified_time\" content=\"2025-03-22T20:34:03+00:00\" \/>\n<meta property=\"og:image\" content=\"https:\/\/www.copealcoy.es\/wp-content\/uploads\/2025\/03\/673621e3f1633.webp\" \/>\n\t<meta property=\"og:image:width\" content=\"768\" \/>\n\t<meta property=\"og:image:height\" content=\"432\" \/>\n\t<meta property=\"og:image:type\" content=\"image\/webp\" \/>\n<meta name=\"author\" content=\"Cope Alcoy\" \/>\n<meta name=\"twitter:label1\" content=\"Escrito por\" \/>\n\t<meta name=\"twitter:data1\" content=\"Cope Alcoy\" \/>\n\t<meta name=\"twitter:label2\" content=\"Tiempo de lectura\" \/>\n\t<meta name=\"twitter:data2\" content=\"3 minutos\" \/>\n<script type=\"application\/ld+json\" class=\"yoast-schema-graph\">{\"@context\":\"https:\\\/\\\/schema.org\",\"@graph\":[{\"@type\":\"Article\",\"@id\":\"https:\\\/\\\/www.copealcoy.es\\\/es\\\/el-valencia-se-impone-en-nuestras-comarcas-en-la-consulta-de-la-lengua-base\\\/#article\",\"isPartOf\":{\"@id\":\"https:\\\/\\\/www.copealcoy.es\\\/es\\\/el-valencia-se-impone-en-nuestras-comarcas-en-la-consulta-de-la-lengua-base\\\/\"},\"author\":{\"name\":\"Cope Alcoy\",\"@id\":\"https:\\\/\\\/www.copealcoy.es\\\/es\\\/#\\\/schema\\\/person\\\/e777c87fa024e57d40170af9df39882c\"},\"headline\":\"El valenci\u00e0 se impone en nuestras comarcas en la consulta de la lengua base\",\"datePublished\":\"2025-03-06T20:08:27+00:00\",\"dateModified\":\"2025-03-22T20:34:03+00:00\",\"mainEntityOfPage\":{\"@id\":\"https:\\\/\\\/www.copealcoy.es\\\/es\\\/el-valencia-se-impone-en-nuestras-comarcas-en-la-consulta-de-la-lengua-base\\\/\"},\"wordCount\":472,\"commentCount\":0,\"image\":{\"@id\":\"https:\\\/\\\/www.copealcoy.es\\\/es\\\/el-valencia-se-impone-en-nuestras-comarcas-en-la-consulta-de-la-lengua-base\\\/#primaryimage\"},\"thumbnailUrl\":\"https:\\\/\\\/www.copealcoy.es\\\/wp-content\\\/uploads\\\/2025\\\/03\\\/673621e3f1633.webp\",\"keywords\":[\"Alcoi\u00e0\",\"Comtat\",\"consulta\",\"lengua base\",\"Resultados\"],\"articleSection\":[\"Actualidad\",\"Comarcas\",\"Noticias\"],\"inLanguage\":\"es\"},{\"@type\":\"WebPage\",\"@id\":\"https:\\\/\\\/www.copealcoy.es\\\/es\\\/el-valencia-se-impone-en-nuestras-comarcas-en-la-consulta-de-la-lengua-base\\\/\",\"url\":\"https:\\\/\\\/www.copealcoy.es\\\/es\\\/el-valencia-se-impone-en-nuestras-comarcas-en-la-consulta-de-la-lengua-base\\\/\",\"name\":\"El valenci\u00e0 se impone en nuestras comarcas en la consulta de la lengua base - COPE Alcoy\",\"isPartOf\":{\"@id\":\"https:\\\/\\\/www.copealcoy.es\\\/es\\\/#website\"},\"primaryImageOfPage\":{\"@id\":\"https:\\\/\\\/www.copealcoy.es\\\/es\\\/el-valencia-se-impone-en-nuestras-comarcas-en-la-consulta-de-la-lengua-base\\\/#primaryimage\"},\"image\":{\"@id\":\"https:\\\/\\\/www.copealcoy.es\\\/es\\\/el-valencia-se-impone-en-nuestras-comarcas-en-la-consulta-de-la-lengua-base\\\/#primaryimage\"},\"thumbnailUrl\":\"https:\\\/\\\/www.copealcoy.es\\\/wp-content\\\/uploads\\\/2025\\\/03\\\/673621e3f1633.webp\",\"datePublished\":\"2025-03-06T20:08:27+00:00\",\"dateModified\":\"2025-03-22T20:34:03+00:00\",\"author\":{\"@id\":\"https:\\\/\\\/www.copealcoy.es\\\/es\\\/#\\\/schema\\\/person\\\/e777c87fa024e57d40170af9df39882c\"},\"description\":\"En las reciente consulta para determinar la lengua base de ense\u00f1anza en la Comunitat Valenciana, hemos conocido que el valenciano ha obtenido una clara victoria en nuestras comarcas\",\"breadcrumb\":{\"@id\":\"https:\\\/\\\/www.copealcoy.es\\\/es\\\/el-valencia-se-impone-en-nuestras-comarcas-en-la-consulta-de-la-lengua-base\\\/#breadcrumb\"},\"inLanguage\":\"es\",\"potentialAction\":[{\"@type\":\"ReadAction\",\"target\":[\"https:\\\/\\\/www.copealcoy.es\\\/es\\\/el-valencia-se-impone-en-nuestras-comarcas-en-la-consulta-de-la-lengua-base\\\/\"]}]},{\"@type\":\"ImageObject\",\"inLanguage\":\"es\",\"@id\":\"https:\\\/\\\/www.copealcoy.es\\\/es\\\/el-valencia-se-impone-en-nuestras-comarcas-en-la-consulta-de-la-lengua-base\\\/#primaryimage\",\"url\":\"https:\\\/\\\/www.copealcoy.es\\\/wp-content\\\/uploads\\\/2025\\\/03\\\/673621e3f1633.webp\",\"contentUrl\":\"https:\\\/\\\/www.copealcoy.es\\\/wp-content\\\/uploads\\\/2025\\\/03\\\/673621e3f1633.webp\",\"width\":768,\"height\":432},{\"@type\":\"BreadcrumbList\",\"@id\":\"https:\\\/\\\/www.copealcoy.es\\\/es\\\/el-valencia-se-impone-en-nuestras-comarcas-en-la-consulta-de-la-lengua-base\\\/#breadcrumb\",\"itemListElement\":[{\"@type\":\"ListItem\",\"position\":1,\"name\":\"Portada\",\"item\":\"https:\\\/\\\/www.copealcoy.es\\\/es\\\/\"},{\"@type\":\"ListItem\",\"position\":2,\"name\":\"El valenci\u00e0 se impone en nuestras comarcas en la consulta de la lengua base\"}]},{\"@type\":\"WebSite\",\"@id\":\"https:\\\/\\\/www.copealcoy.es\\\/es\\\/#website\",\"url\":\"https:\\\/\\\/www.copealcoy.es\\\/es\\\/\",\"name\":\"COPE Alcoy\",\"description\":\"Emisora COPE de radio local con emisi\u00f3n online. Pont de Sant Jordi 8-10 03803 Alcoy\",\"potentialAction\":[{\"@type\":\"SearchAction\",\"target\":{\"@type\":\"EntryPoint\",\"urlTemplate\":\"https:\\\/\\\/www.copealcoy.es\\\/es\\\/?s={search_term_string}\"},\"query-input\":{\"@type\":\"PropertyValueSpecification\",\"valueRequired\":true,\"valueName\":\"search_term_string\"}}],\"inLanguage\":\"es\"},{\"@type\":\"Person\",\"@id\":\"https:\\\/\\\/www.copealcoy.es\\\/es\\\/#\\\/schema\\\/person\\\/e777c87fa024e57d40170af9df39882c\",\"name\":\"Cope Alcoy\",\"image\":{\"@type\":\"ImageObject\",\"inLanguage\":\"es\",\"@id\":\"https:\\\/\\\/secure.gravatar.com\\\/avatar\\\/bb65d0283347e303893ba14f0692005417c1e0e690a325a4c5d8bb2b3943ee14?s=96&d=mm&r=g\",\"url\":\"https:\\\/\\\/secure.gravatar.com\\\/avatar\\\/bb65d0283347e303893ba14f0692005417c1e0e690a325a4c5d8bb2b3943ee14?s=96&d=mm&r=g\",\"contentUrl\":\"https:\\\/\\\/secure.gravatar.com\\\/avatar\\\/bb65d0283347e303893ba14f0692005417c1e0e690a325a4c5d8bb2b3943ee14?s=96&d=mm&r=g\",\"caption\":\"Cope Alcoy\"}}]}<\/script>\n<!-- \/ Yoast SEO plugin. -->","yoast_head_json":{"title":"El valenci\u00e0 se impone en nuestras comarcas en la consulta de la lengua base - COPE Alcoy","description":"En las reciente consulta para determinar la lengua base de ense\u00f1anza en la Comunitat Valenciana, hemos conocido que el valenciano ha obtenido una clara victoria en nuestras comarcas","robots":{"index":"index","follow":"follow","max-snippet":"max-snippet:-1","max-image-preview":"max-image-preview:large","max-video-preview":"max-video-preview:-1"},"canonical":"https:\/\/www.copealcoy.es\/es\/el-valencia-se-impone-en-nuestras-comarcas-en-la-consulta-de-la-lengua-base\/","og_locale":"es_ES","og_type":"article","og_title":"El valenci\u00e0 se impone en nuestras comarcas en la consulta de la lengua base - COPE Alcoy","og_description":"En las reciente consulta para determinar la lengua base de ense\u00f1anza en la Comunitat Valenciana, hemos conocido que el valenciano ha obtenido una clara victoria en nuestras comarcas","og_url":"https:\/\/www.copealcoy.es\/es\/el-valencia-se-impone-en-nuestras-comarcas-en-la-consulta-de-la-lengua-base\/","og_site_name":"COPE Alcoy","article_published_time":"2025-03-06T20:08:27+00:00","article_modified_time":"2025-03-22T20:34:03+00:00","og_image":[{"width":768,"height":432,"url":"https:\/\/www.copealcoy.es\/wp-content\/uploads\/2025\/03\/673621e3f1633.webp","type":"image\/webp"}],"author":"Cope Alcoy","twitter_misc":{"Escrito por":"Cope Alcoy","Tiempo de lectura":"3 minutos"},"schema":{"@context":"https:\/\/schema.org","@graph":[{"@type":"Article","@id":"https:\/\/www.copealcoy.es\/es\/el-valencia-se-impone-en-nuestras-comarcas-en-la-consulta-de-la-lengua-base\/#article","isPartOf":{"@id":"https:\/\/www.copealcoy.es\/es\/el-valencia-se-impone-en-nuestras-comarcas-en-la-consulta-de-la-lengua-base\/"},"author":{"name":"Cope Alcoy","@id":"https:\/\/www.copealcoy.es\/es\/#\/schema\/person\/e777c87fa024e57d40170af9df39882c"},"headline":"El valenci\u00e0 se impone en nuestras comarcas en la consulta de la lengua base","datePublished":"2025-03-06T20:08:27+00:00","dateModified":"2025-03-22T20:34:03+00:00","mainEntityOfPage":{"@id":"https:\/\/www.copealcoy.es\/es\/el-valencia-se-impone-en-nuestras-comarcas-en-la-consulta-de-la-lengua-base\/"},"wordCount":472,"commentCount":0,"image":{"@id":"https:\/\/www.copealcoy.es\/es\/el-valencia-se-impone-en-nuestras-comarcas-en-la-consulta-de-la-lengua-base\/#primaryimage"},"thumbnailUrl":"https:\/\/www.copealcoy.es\/wp-content\/uploads\/2025\/03\/673621e3f1633.webp","keywords":["Alcoi\u00e0","Comtat","consulta","lengua base","Resultados"],"articleSection":["Actualidad","Comarcas","Noticias"],"inLanguage":"es"},{"@type":"WebPage","@id":"https:\/\/www.copealcoy.es\/es\/el-valencia-se-impone-en-nuestras-comarcas-en-la-consulta-de-la-lengua-base\/","url":"https:\/\/www.copealcoy.es\/es\/el-valencia-se-impone-en-nuestras-comarcas-en-la-consulta-de-la-lengua-base\/","name":"El valenci\u00e0 se impone en nuestras comarcas en la consulta de la lengua base - COPE Alcoy","isPartOf":{"@id":"https:\/\/www.copealcoy.es\/es\/#website"},"primaryImageOfPage":{"@id":"https:\/\/www.copealcoy.es\/es\/el-valencia-se-impone-en-nuestras-comarcas-en-la-consulta-de-la-lengua-base\/#primaryimage"},"image":{"@id":"https:\/\/www.copealcoy.es\/es\/el-valencia-se-impone-en-nuestras-comarcas-en-la-consulta-de-la-lengua-base\/#primaryimage"},"thumbnailUrl":"https:\/\/www.copealcoy.es\/wp-content\/uploads\/2025\/03\/673621e3f1633.webp","datePublished":"2025-03-06T20:08:27+00:00","dateModified":"2025-03-22T20:34:03+00:00","author":{"@id":"https:\/\/www.copealcoy.es\/es\/#\/schema\/person\/e777c87fa024e57d40170af9df39882c"},"description":"En las reciente consulta para determinar la lengua base de ense\u00f1anza en la Comunitat Valenciana, hemos conocido que el valenciano ha obtenido una clara victoria en nuestras comarcas","breadcrumb":{"@id":"https:\/\/www.copealcoy.es\/es\/el-valencia-se-impone-en-nuestras-comarcas-en-la-consulta-de-la-lengua-base\/#breadcrumb"},"inLanguage":"es","potentialAction":[{"@type":"ReadAction","target":["https:\/\/www.copealcoy.es\/es\/el-valencia-se-impone-en-nuestras-comarcas-en-la-consulta-de-la-lengua-base\/"]}]},{"@type":"ImageObject","inLanguage":"es","@id":"https:\/\/www.copealcoy.es\/es\/el-valencia-se-impone-en-nuestras-comarcas-en-la-consulta-de-la-lengua-base\/#primaryimage","url":"https:\/\/www.copealcoy.es\/wp-content\/uploads\/2025\/03\/673621e3f1633.webp","contentUrl":"https:\/\/www.copealcoy.es\/wp-content\/uploads\/2025\/03\/673621e3f1633.webp","width":768,"height":432},{"@type":"BreadcrumbList","@id":"https:\/\/www.copealcoy.es\/es\/el-valencia-se-impone-en-nuestras-comarcas-en-la-consulta-de-la-lengua-base\/#breadcrumb","itemListElement":[{"@type":"ListItem","position":1,"name":"Portada","item":"https:\/\/www.copealcoy.es\/es\/"},{"@type":"ListItem","position":2,"name":"El valenci\u00e0 se impone en nuestras comarcas en la consulta de la lengua base"}]},{"@type":"WebSite","@id":"https:\/\/www.copealcoy.es\/es\/#website","url":"https:\/\/www.copealcoy.es\/es\/","name":"COPE Alcoy","description":"Emisora COPE de radio local con emisi\u00f3n online. Pont de Sant Jordi 8-10 03803 Alcoy","potentialAction":[{"@type":"SearchAction","target":{"@type":"EntryPoint","urlTemplate":"https:\/\/www.copealcoy.es\/es\/?s={search_term_string}"},"query-input":{"@type":"PropertyValueSpecification","valueRequired":true,"valueName":"search_term_string"}}],"inLanguage":"es"},{"@type":"Person","@id":"https:\/\/www.copealcoy.es\/es\/#\/schema\/person\/e777c87fa024e57d40170af9df39882c","name":"Cope Alcoy","image":{"@type":"ImageObject","inLanguage":"es","@id":"https:\/\/secure.gravatar.com\/avatar\/bb65d0283347e303893ba14f0692005417c1e0e690a325a4c5d8bb2b3943ee14?s=96&d=mm&r=g","url":"https:\/\/secure.gravatar.com\/avatar\/bb65d0283347e303893ba14f0692005417c1e0e690a325a4c5d8bb2b3943ee14?s=96&d=mm&r=g","contentUrl":"https:\/\/secure.gravatar.com\/avatar\/bb65d0283347e303893ba14f0692005417c1e0e690a325a4c5d8bb2b3943ee14?s=96&d=mm&r=g","caption":"Cope Alcoy"}}]}},"_links":{"self":[{"href":"https:\/\/www.copealcoy.es\/es\/wp-json\/wp\/v2\/posts\/149319","targetHints":{"allow":["GET"]}}],"collection":[{"href":"https:\/\/www.copealcoy.es\/es\/wp-json\/wp\/v2\/posts"}],"about":[{"href":"https:\/\/www.copealcoy.es\/es\/wp-json\/wp\/v2\/types\/post"}],"author":[{"embeddable":true,"href":"https:\/\/www.copealcoy.es\/es\/wp-json\/wp\/v2\/users\/1"}],"replies":[{"embeddable":true,"href":"https:\/\/www.copealcoy.es\/es\/wp-json\/wp\/v2\/comments?post=149319"}],"version-history":[{"count":0,"href":"https:\/\/www.copealcoy.es\/es\/wp-json\/wp\/v2\/posts\/149319\/revisions"}],"wp:featuredmedia":[{"embeddable":true,"href":"https:\/\/www.copealcoy.es\/es\/wp-json\/wp\/v2\/media\/149320"}],"wp:attachment":[{"href":"https:\/\/www.copealcoy.es\/es\/wp-json\/wp\/v2\/media?parent=149319"}],"wp:term":[{"taxonomy":"category","embeddable":true,"href":"https:\/\/www.copealcoy.es\/es\/wp-json\/wp\/v2\/categories?post=149319"},{"taxonomy":"post_tag","embeddable":true,"href":"https:\/\/www.copealcoy.es\/es\/wp-json\/wp\/v2\/tags?post=149319"}],"curies":[{"name":"wp","href":"https:\/\/api.w.org\/{rel}","templated":true}]}}