{"id":14927,"date":"2015-08-11T22:58:44","date_gmt":"2015-08-11T22:58:44","guid":{"rendered":"http:\/\/copealcoi.es\/new\/?p=14927"},"modified":"2015-08-13T21:49:31","modified_gmt":"2015-08-13T21:49:31","slug":"aumenta-el-presupuesto-en-educacion-para-el-proximo-curso","status":"publish","type":"post","link":"https:\/\/www.copealcoy.es\/es\/aumenta-el-presupuesto-en-educacion-para-el-proximo-curso\/","title":{"rendered":"Aumenta el presupuesto en Educaci\u00f3n para el pr\u00f3ximo curso"},"content":{"rendered":"<p style=\"text-align: justify;\">El Ayuntamiento de Alcoy destinar\u00e1\u00a0547.683 euros en materia de Educaci\u00f3n para el pr\u00f3ximo curso escolar. As\u00ed lo ha explicado el concejal del \u00e1rea, Alberto Belda, que ha se\u00f1alado que esta partida se incrementa un 40% \u00a0en este 2015 con respecto al a\u00f1o anterior cuando se invirtieron\u00a0403.810 euros. El edil ha detallado que dentro de las competencias municipales este dinero ir\u00e1 a parar a las escuelas infantiles as\u00ed como al mantenimiento de los centros educativos p\u00fablicos, las ayudas para el comedor escolar, completar las becas de la Conseller\u00eda\u00a0y a diferentes actividades formativas y l\u00fadicas &#8220;lo m\u00e1s destacado son las mejoras que van a realizarse tanto en los colegios como en las guarder\u00edas para que todo est\u00e9 condiciones en el pr\u00f3ximo curso&#8221;, indica.<\/p>\n<p style=\"text-align: justify;\">Finalmente\u00a0el titular de Educaci\u00f3n ha a\u00f1adido que el presupuesto en Educaci\u00f3n tambi\u00e9n contempla llevar adelante proyectos ya consolidados en la ciudad como\u00a0Fem Fam\u00edlia, el Aula PI o el conocido como Desdejuni Saludable. Recordar que el curso 2015\/2016 comenzar\u00e1 el d\u00eda 10 de septiembre para los alumnos de Infantil y Primaria mientras que al d\u00eda siguiente regresar\u00e1n a sus aulas los estudiantes de Secundaria, Bachillerato y Ciclos Formativos. Por su parte\u00a0las actividades escolares en Ense\u00f1anzas Deportivas Regladas, Art\u00edsticas, de Idiomas y de Formaci\u00f3n de Personas Adultas, arrancar\u00e1n el\u00a021 de septiembre.<\/p>\n","protected":false},"excerpt":{"rendered":"<p>El Ayuntamiento de Alcoy destinar\u00e1\u00a0547.683 euros en materia de Educaci\u00f3n para el pr\u00f3ximo curso escolar. As\u00ed lo ha explicado el&#8230;<\/p>\n","protected":false},"author":1,"featured_media":13204,"comment_status":"open","ping_status":"open","sticky":false,"template":"","format":"standard","meta":{"footnotes":""},"categories":[97,900,75,125],"tags":[1494,1246,423,298],"class_list":["post-14927","post","type-post","status-publish","format-standard","has-post-thumbnail","hentry","category-alcoy","category-educacion","category-noticias","category-portada","tag-alcoy","tag-curso-escolar","tag-educacion","tag-presupuesto"],"yoast_head":"<!-- This site is optimized with the Yoast SEO plugin v27.3 - https:\/\/yoast.com\/product\/yoast-seo-wordpress\/ -->\n<title>Aumenta el presupuesto en Educaci\u00f3n para el pr\u00f3ximo curso - COPE Alcoy<\/title>\n<meta name=\"robots\" content=\"index, follow, max-snippet:-1, max-image-preview:large, max-video-preview:-1\" \/>\n<link rel=\"canonical\" href=\"https:\/\/www.copealcoy.es\/es\/aumenta-el-presupuesto-en-educacion-para-el-proximo-curso\/\" \/>\n<meta property=\"og:locale\" content=\"es_ES\" \/>\n<meta property=\"og:type\" content=\"article\" \/>\n<meta property=\"og:title\" content=\"Aumenta el presupuesto en Educaci\u00f3n para el pr\u00f3ximo curso - COPE Alcoy\" \/>\n<meta property=\"og:description\" content=\"El Ayuntamiento de Alcoy destinar\u00e1\u00a0547.683 euros en materia de Educaci\u00f3n para el pr\u00f3ximo curso escolar. As\u00ed lo ha explicado el...\" \/>\n<meta property=\"og:url\" content=\"https:\/\/www.copealcoy.es\/es\/aumenta-el-presupuesto-en-educacion-para-el-proximo-curso\/\" \/>\n<meta property=\"og:site_name\" content=\"COPE Alcoy\" \/>\n<meta property=\"article:published_time\" content=\"2015-08-11T22:58:44+00:00\" \/>\n<meta property=\"article:modified_time\" content=\"2015-08-13T21:49:31+00:00\" \/>\n<meta property=\"og:image\" content=\"https:\/\/www.copealcoy.es\/wp-content\/uploads\/2015\/05\/educacion-confirma.jpg\" \/>\n\t<meta property=\"og:image:width\" content=\"604\" \/>\n\t<meta property=\"og:image:height\" content=\"366\" \/>\n\t<meta property=\"og:image:type\" content=\"image\/jpeg\" \/>\n<meta name=\"author\" content=\"Cope Alcoy\" \/>\n<meta name=\"twitter:label1\" content=\"Escrito por\" \/>\n\t<meta name=\"twitter:data1\" content=\"Cope Alcoy\" \/>\n\t<meta name=\"twitter:label2\" content=\"Tiempo de lectura\" \/>\n\t<meta name=\"twitter:data2\" content=\"1 minuto\" \/>\n<script type=\"application\/ld+json\" class=\"yoast-schema-graph\">{\"@context\":\"https:\\\/\\\/schema.org\",\"@graph\":[{\"@type\":\"Article\",\"@id\":\"https:\\\/\\\/www.copealcoy.es\\\/es\\\/aumenta-el-presupuesto-en-educacion-para-el-proximo-curso\\\/#article\",\"isPartOf\":{\"@id\":\"https:\\\/\\\/www.copealcoy.es\\\/es\\\/aumenta-el-presupuesto-en-educacion-para-el-proximo-curso\\\/\"},\"author\":{\"name\":\"Cope Alcoy\",\"@id\":\"https:\\\/\\\/www.copealcoy.es\\\/es\\\/#\\\/schema\\\/person\\\/e777c87fa024e57d40170af9df39882c\"},\"headline\":\"Aumenta el presupuesto en Educaci\u00f3n para el pr\u00f3ximo curso\",\"datePublished\":\"2015-08-11T22:58:44+00:00\",\"dateModified\":\"2015-08-13T21:49:31+00:00\",\"mainEntityOfPage\":{\"@id\":\"https:\\\/\\\/www.copealcoy.es\\\/es\\\/aumenta-el-presupuesto-en-educacion-para-el-proximo-curso\\\/\"},\"wordCount\":243,\"commentCount\":0,\"image\":{\"@id\":\"https:\\\/\\\/www.copealcoy.es\\\/es\\\/aumenta-el-presupuesto-en-educacion-para-el-proximo-curso\\\/#primaryimage\"},\"thumbnailUrl\":\"https:\\\/\\\/www.copealcoy.es\\\/wp-content\\\/uploads\\\/2015\\\/05\\\/educacion-confirma.jpg\",\"keywords\":[\"Alcoy\",\"Curso Escolar\",\"Educaci\u00f3n\",\"presupuesto\"],\"articleSection\":[\"Alcoy\",\"Educaci\u00f3n\",\"Noticias\",\"Portada\"],\"inLanguage\":\"es\"},{\"@type\":\"WebPage\",\"@id\":\"https:\\\/\\\/www.copealcoy.es\\\/es\\\/aumenta-el-presupuesto-en-educacion-para-el-proximo-curso\\\/\",\"url\":\"https:\\\/\\\/www.copealcoy.es\\\/es\\\/aumenta-el-presupuesto-en-educacion-para-el-proximo-curso\\\/\",\"name\":\"Aumenta el presupuesto en Educaci\u00f3n para el pr\u00f3ximo curso - COPE Alcoy\",\"isPartOf\":{\"@id\":\"https:\\\/\\\/www.copealcoy.es\\\/es\\\/#website\"},\"primaryImageOfPage\":{\"@id\":\"https:\\\/\\\/www.copealcoy.es\\\/es\\\/aumenta-el-presupuesto-en-educacion-para-el-proximo-curso\\\/#primaryimage\"},\"image\":{\"@id\":\"https:\\\/\\\/www.copealcoy.es\\\/es\\\/aumenta-el-presupuesto-en-educacion-para-el-proximo-curso\\\/#primaryimage\"},\"thumbnailUrl\":\"https:\\\/\\\/www.copealcoy.es\\\/wp-content\\\/uploads\\\/2015\\\/05\\\/educacion-confirma.jpg\",\"datePublished\":\"2015-08-11T22:58:44+00:00\",\"dateModified\":\"2015-08-13T21:49:31+00:00\",\"author\":{\"@id\":\"https:\\\/\\\/www.copealcoy.es\\\/es\\\/#\\\/schema\\\/person\\\/e777c87fa024e57d40170af9df39882c\"},\"breadcrumb\":{\"@id\":\"https:\\\/\\\/www.copealcoy.es\\\/es\\\/aumenta-el-presupuesto-en-educacion-para-el-proximo-curso\\\/#breadcrumb\"},\"inLanguage\":\"es\",\"potentialAction\":[{\"@type\":\"ReadAction\",\"target\":[\"https:\\\/\\\/www.copealcoy.es\\\/es\\\/aumenta-el-presupuesto-en-educacion-para-el-proximo-curso\\\/\"]}]},{\"@type\":\"ImageObject\",\"inLanguage\":\"es\",\"@id\":\"https:\\\/\\\/www.copealcoy.es\\\/es\\\/aumenta-el-presupuesto-en-educacion-para-el-proximo-curso\\\/#primaryimage\",\"url\":\"https:\\\/\\\/www.copealcoy.es\\\/wp-content\\\/uploads\\\/2015\\\/05\\\/educacion-confirma.jpg\",\"contentUrl\":\"https:\\\/\\\/www.copealcoy.es\\\/wp-content\\\/uploads\\\/2015\\\/05\\\/educacion-confirma.jpg\",\"width\":604,\"height\":366,\"caption\":\"Instituto Andreu Sempere de Alcoy \\\/ Foto: NEBUR\"},{\"@type\":\"BreadcrumbList\",\"@id\":\"https:\\\/\\\/www.copealcoy.es\\\/es\\\/aumenta-el-presupuesto-en-educacion-para-el-proximo-curso\\\/#breadcrumb\",\"itemListElement\":[{\"@type\":\"ListItem\",\"position\":1,\"name\":\"Portada\",\"item\":\"https:\\\/\\\/www.copealcoy.es\\\/es\\\/\"},{\"@type\":\"ListItem\",\"position\":2,\"name\":\"Aumenta el presupuesto en Educaci\u00f3n para el pr\u00f3ximo curso\"}]},{\"@type\":\"WebSite\",\"@id\":\"https:\\\/\\\/www.copealcoy.es\\\/es\\\/#website\",\"url\":\"https:\\\/\\\/www.copealcoy.es\\\/es\\\/\",\"name\":\"COPE Alcoy\",\"description\":\"Emisora COPE de radio local con emisi\u00f3n online. Pont de Sant Jordi 8-10 03803 Alcoy\",\"potentialAction\":[{\"@type\":\"SearchAction\",\"target\":{\"@type\":\"EntryPoint\",\"urlTemplate\":\"https:\\\/\\\/www.copealcoy.es\\\/es\\\/?s={search_term_string}\"},\"query-input\":{\"@type\":\"PropertyValueSpecification\",\"valueRequired\":true,\"valueName\":\"search_term_string\"}}],\"inLanguage\":\"es\"},{\"@type\":\"Person\",\"@id\":\"https:\\\/\\\/www.copealcoy.es\\\/es\\\/#\\\/schema\\\/person\\\/e777c87fa024e57d40170af9df39882c\",\"name\":\"Cope Alcoy\",\"image\":{\"@type\":\"ImageObject\",\"inLanguage\":\"es\",\"@id\":\"https:\\\/\\\/secure.gravatar.com\\\/avatar\\\/bb65d0283347e303893ba14f0692005417c1e0e690a325a4c5d8bb2b3943ee14?s=96&d=mm&r=g\",\"url\":\"https:\\\/\\\/secure.gravatar.com\\\/avatar\\\/bb65d0283347e303893ba14f0692005417c1e0e690a325a4c5d8bb2b3943ee14?s=96&d=mm&r=g\",\"contentUrl\":\"https:\\\/\\\/secure.gravatar.com\\\/avatar\\\/bb65d0283347e303893ba14f0692005417c1e0e690a325a4c5d8bb2b3943ee14?s=96&d=mm&r=g\",\"caption\":\"Cope Alcoy\"}}]}<\/script>\n<!-- \/ Yoast SEO plugin. -->","yoast_head_json":{"title":"Aumenta el presupuesto en Educaci\u00f3n para el pr\u00f3ximo curso - COPE Alcoy","robots":{"index":"index","follow":"follow","max-snippet":"max-snippet:-1","max-image-preview":"max-image-preview:large","max-video-preview":"max-video-preview:-1"},"canonical":"https:\/\/www.copealcoy.es\/es\/aumenta-el-presupuesto-en-educacion-para-el-proximo-curso\/","og_locale":"es_ES","og_type":"article","og_title":"Aumenta el presupuesto en Educaci\u00f3n para el pr\u00f3ximo curso - COPE Alcoy","og_description":"El Ayuntamiento de Alcoy destinar\u00e1\u00a0547.683 euros en materia de Educaci\u00f3n para el pr\u00f3ximo curso escolar. As\u00ed lo ha explicado el...","og_url":"https:\/\/www.copealcoy.es\/es\/aumenta-el-presupuesto-en-educacion-para-el-proximo-curso\/","og_site_name":"COPE Alcoy","article_published_time":"2015-08-11T22:58:44+00:00","article_modified_time":"2015-08-13T21:49:31+00:00","og_image":[{"width":604,"height":366,"url":"https:\/\/www.copealcoy.es\/wp-content\/uploads\/2015\/05\/educacion-confirma.jpg","type":"image\/jpeg"}],"author":"Cope Alcoy","twitter_misc":{"Escrito por":"Cope Alcoy","Tiempo de lectura":"1 minuto"},"schema":{"@context":"https:\/\/schema.org","@graph":[{"@type":"Article","@id":"https:\/\/www.copealcoy.es\/es\/aumenta-el-presupuesto-en-educacion-para-el-proximo-curso\/#article","isPartOf":{"@id":"https:\/\/www.copealcoy.es\/es\/aumenta-el-presupuesto-en-educacion-para-el-proximo-curso\/"},"author":{"name":"Cope Alcoy","@id":"https:\/\/www.copealcoy.es\/es\/#\/schema\/person\/e777c87fa024e57d40170af9df39882c"},"headline":"Aumenta el presupuesto en Educaci\u00f3n para el pr\u00f3ximo curso","datePublished":"2015-08-11T22:58:44+00:00","dateModified":"2015-08-13T21:49:31+00:00","mainEntityOfPage":{"@id":"https:\/\/www.copealcoy.es\/es\/aumenta-el-presupuesto-en-educacion-para-el-proximo-curso\/"},"wordCount":243,"commentCount":0,"image":{"@id":"https:\/\/www.copealcoy.es\/es\/aumenta-el-presupuesto-en-educacion-para-el-proximo-curso\/#primaryimage"},"thumbnailUrl":"https:\/\/www.copealcoy.es\/wp-content\/uploads\/2015\/05\/educacion-confirma.jpg","keywords":["Alcoy","Curso Escolar","Educaci\u00f3n","presupuesto"],"articleSection":["Alcoy","Educaci\u00f3n","Noticias","Portada"],"inLanguage":"es"},{"@type":"WebPage","@id":"https:\/\/www.copealcoy.es\/es\/aumenta-el-presupuesto-en-educacion-para-el-proximo-curso\/","url":"https:\/\/www.copealcoy.es\/es\/aumenta-el-presupuesto-en-educacion-para-el-proximo-curso\/","name":"Aumenta el presupuesto en Educaci\u00f3n para el pr\u00f3ximo curso - COPE Alcoy","isPartOf":{"@id":"https:\/\/www.copealcoy.es\/es\/#website"},"primaryImageOfPage":{"@id":"https:\/\/www.copealcoy.es\/es\/aumenta-el-presupuesto-en-educacion-para-el-proximo-curso\/#primaryimage"},"image":{"@id":"https:\/\/www.copealcoy.es\/es\/aumenta-el-presupuesto-en-educacion-para-el-proximo-curso\/#primaryimage"},"thumbnailUrl":"https:\/\/www.copealcoy.es\/wp-content\/uploads\/2015\/05\/educacion-confirma.jpg","datePublished":"2015-08-11T22:58:44+00:00","dateModified":"2015-08-13T21:49:31+00:00","author":{"@id":"https:\/\/www.copealcoy.es\/es\/#\/schema\/person\/e777c87fa024e57d40170af9df39882c"},"breadcrumb":{"@id":"https:\/\/www.copealcoy.es\/es\/aumenta-el-presupuesto-en-educacion-para-el-proximo-curso\/#breadcrumb"},"inLanguage":"es","potentialAction":[{"@type":"ReadAction","target":["https:\/\/www.copealcoy.es\/es\/aumenta-el-presupuesto-en-educacion-para-el-proximo-curso\/"]}]},{"@type":"ImageObject","inLanguage":"es","@id":"https:\/\/www.copealcoy.es\/es\/aumenta-el-presupuesto-en-educacion-para-el-proximo-curso\/#primaryimage","url":"https:\/\/www.copealcoy.es\/wp-content\/uploads\/2015\/05\/educacion-confirma.jpg","contentUrl":"https:\/\/www.copealcoy.es\/wp-content\/uploads\/2015\/05\/educacion-confirma.jpg","width":604,"height":366,"caption":"Instituto Andreu Sempere de Alcoy \/ Foto: NEBUR"},{"@type":"BreadcrumbList","@id":"https:\/\/www.copealcoy.es\/es\/aumenta-el-presupuesto-en-educacion-para-el-proximo-curso\/#breadcrumb","itemListElement":[{"@type":"ListItem","position":1,"name":"Portada","item":"https:\/\/www.copealcoy.es\/es\/"},{"@type":"ListItem","position":2,"name":"Aumenta el presupuesto en Educaci\u00f3n para el pr\u00f3ximo curso"}]},{"@type":"WebSite","@id":"https:\/\/www.copealcoy.es\/es\/#website","url":"https:\/\/www.copealcoy.es\/es\/","name":"COPE Alcoy","description":"Emisora COPE de radio local con emisi\u00f3n online. Pont de Sant Jordi 8-10 03803 Alcoy","potentialAction":[{"@type":"SearchAction","target":{"@type":"EntryPoint","urlTemplate":"https:\/\/www.copealcoy.es\/es\/?s={search_term_string}"},"query-input":{"@type":"PropertyValueSpecification","valueRequired":true,"valueName":"search_term_string"}}],"inLanguage":"es"},{"@type":"Person","@id":"https:\/\/www.copealcoy.es\/es\/#\/schema\/person\/e777c87fa024e57d40170af9df39882c","name":"Cope Alcoy","image":{"@type":"ImageObject","inLanguage":"es","@id":"https:\/\/secure.gravatar.com\/avatar\/bb65d0283347e303893ba14f0692005417c1e0e690a325a4c5d8bb2b3943ee14?s=96&d=mm&r=g","url":"https:\/\/secure.gravatar.com\/avatar\/bb65d0283347e303893ba14f0692005417c1e0e690a325a4c5d8bb2b3943ee14?s=96&d=mm&r=g","contentUrl":"https:\/\/secure.gravatar.com\/avatar\/bb65d0283347e303893ba14f0692005417c1e0e690a325a4c5d8bb2b3943ee14?s=96&d=mm&r=g","caption":"Cope Alcoy"}}]}},"_links":{"self":[{"href":"https:\/\/www.copealcoy.es\/es\/wp-json\/wp\/v2\/posts\/14927","targetHints":{"allow":["GET"]}}],"collection":[{"href":"https:\/\/www.copealcoy.es\/es\/wp-json\/wp\/v2\/posts"}],"about":[{"href":"https:\/\/www.copealcoy.es\/es\/wp-json\/wp\/v2\/types\/post"}],"author":[{"embeddable":true,"href":"https:\/\/www.copealcoy.es\/es\/wp-json\/wp\/v2\/users\/1"}],"replies":[{"embeddable":true,"href":"https:\/\/www.copealcoy.es\/es\/wp-json\/wp\/v2\/comments?post=14927"}],"version-history":[{"count":0,"href":"https:\/\/www.copealcoy.es\/es\/wp-json\/wp\/v2\/posts\/14927\/revisions"}],"wp:featuredmedia":[{"embeddable":true,"href":"https:\/\/www.copealcoy.es\/es\/wp-json\/wp\/v2\/media\/13204"}],"wp:attachment":[{"href":"https:\/\/www.copealcoy.es\/es\/wp-json\/wp\/v2\/media?parent=14927"}],"wp:term":[{"taxonomy":"category","embeddable":true,"href":"https:\/\/www.copealcoy.es\/es\/wp-json\/wp\/v2\/categories?post=14927"},{"taxonomy":"post_tag","embeddable":true,"href":"https:\/\/www.copealcoy.es\/es\/wp-json\/wp\/v2\/tags?post=14927"}],"curies":[{"name":"wp","href":"https:\/\/api.w.org\/{rel}","templated":true}]}}