{"id":149255,"date":"2025-03-21T11:22:07","date_gmt":"2025-03-21T10:22:07","guid":{"rendered":"https:\/\/www.copealcoy.es\/?p=149255"},"modified":"2025-03-21T11:41:11","modified_gmt":"2025-03-21T10:41:11","slug":"un-estudio-diagnostica-el-estado-del-casco-antiguo-de-cocentaina-de-cara-a-su-revitalizacion","status":"publish","type":"post","link":"https:\/\/www.copealcoy.es\/es\/un-estudio-diagnostica-el-estado-del-casco-antiguo-de-cocentaina-de-cara-a-su-revitalizacion\/","title":{"rendered":"Un estudio diagnostica el estado del casco antiguo de Cocentaina de cara a su revitalizaci\u00f3n"},"content":{"rendered":"<p style=\"text-align: justify;\">El pasado viernes 14 de marzo, el Centre Cultural El Teular de <a href=\"https:\/\/www.cocentaina.es\/\" target=\"_blank\" rel=\"noopener\"><span style=\"color: #0000ff;\"><strong>Cocentaina<\/strong><\/span><\/a> acogi\u00f3 <strong>la presentaci\u00f3n del estudio diagn\u00f3stico del n\u00facleo antiguo del municipio<\/strong>, que abarca las \u00e1reas de La Vila y El Raval. Este an\u00e1lisis, llevado a cabo por el equipo de monoDestudio Coop. V., tiene como objetivo <strong>evaluar el estado actual del centro hist\u00f3rico y establecer l\u00edneas de actuaci\u00f3n<\/strong> para su mejora y conservaci\u00f3n.<\/p>\n<p style=\"text-align: justify;\">El documento <strong>se estructura en tres bloques<\/strong> principales. En <strong>primer lugar,<\/strong> se abordan las din\u00e1micas sociales y poblacionales, destacando el envejecimiento progresivo del vecindario y el abandono que ha sufrido esta zona por parte de sus habitantes. En <strong>segundo lugar<\/strong>, se analiza la morfolog\u00eda urbana y los espacios p\u00fablicos, as\u00ed como el valor patrimonial que posee esta \u00e1rea hist\u00f3rica contestana. Por \u00faltimo, un <strong>tercer \u00e1mbito<\/strong> implementa una metodolog\u00eda participativa que recoge las opiniones y propuestas de los ciudadanos, permitiendo identificar problem\u00e1ticas y buscar soluciones conjuntas &#8220;e<em>ste estudio-diagn\u00f3stico marca la hoja de ruta para establecer una estrategia de mejora del casco antiguo de Cocentaina, contemplando su revitalizaci\u00f3n y regeneraci\u00f3n. Adem\u00e1s, es el punto de partida para redactar el futuro plan estrat\u00e9gico<\/em>&#8220;, explic\u00f3\u00a0<strong>Gemma Jover<\/strong>, soci\u00f3loga y miembro de monoDestudio Coop. V.<\/p>\n<p style=\"text-align: justify;\">Desde el gobierno local, se destaca que <strong>el documento presentado confirma muchas de las percepciones actuales<\/strong> sobre el casco antiguo. La concejala <strong>Irene Barrachina<\/strong>, al frente del \u00e1rea del Ayuntamiento dedicada a la revitalizaci\u00f3n del n\u00facleo antiguo, subray\u00f3<strong> la importancia de cuidar esta parte esencial del pueblo<\/strong>: &#8220;<em>debemos preservar el casco antiguo buscando siempre la calidad de vida de sus vecinos y vecinas, as\u00ed como fomentar que m\u00e1s personas se animen a vivir all\u00ed. Solo as\u00ed lograremos hacer de estos barrios espacios vivos desde el punto de vista social, cultural y econ\u00f3mico<\/em>&#8220;, matiz\u00f3.<\/p>\n<p style=\"text-align: justify;\">A la presentaci\u00f3n asistieron <strong>representantes de la Corporaci\u00f3n Municipal y numerosos vecinos de la zona. <\/strong>Estos \u00faltimos\u00a0 han llevado a cabo una importante reivindicaci\u00f3n durante los \u00faltimos a\u00f1os <strong>exigiendo mejoras urgentes<\/strong> para revertir el estado de &#8220;<em>abandono<\/em>&#8221; en el que, aseguran, se encuentra actualmente el casco hist\u00f3rico contestano.<\/p>\n","protected":false},"excerpt":{"rendered":"<p>El pasado viernes 14 de marzo, el Centre Cultural El Teular de Cocentaina acogi\u00f3 la presentaci\u00f3n del estudio diagn\u00f3stico del&#8230;<\/p>\n","protected":false},"author":1,"featured_media":149256,"comment_status":"open","ping_status":"open","sticky":false,"template":"","format":"standard","meta":{"footnotes":""},"categories":[6909,98,75],"tags":[5455,132,19334,12396],"class_list":["post-149255","post","type-post","status-publish","format-standard","has-post-thumbnail","hentry","category-actualidad","category-comarcas","category-noticias","tag-casco-antiguo","tag-cocentaina","tag-diagnostico","tag-documento"],"yoast_head":"<!-- This site is optimized with the Yoast SEO plugin v27.3 - https:\/\/yoast.com\/product\/yoast-seo-wordpress\/ -->\n<title>Un estudio diagnostica el estado del casco antiguo de Cocentaina de cara a su revitalizaci\u00f3n - COPE Alcoy<\/title>\n<meta name=\"description\" content=\"El pasado viernes 14 de marzo, el Centre Cultural El Teular de Cocentaina acogi\u00f3 la presentaci\u00f3n del estudio diagn\u00f3stico del n\u00facleo antiguo del municipio, que abarca las \u00e1reas de La Vila y El Raval\" \/>\n<meta name=\"robots\" content=\"index, follow, max-snippet:-1, max-image-preview:large, max-video-preview:-1\" \/>\n<link rel=\"canonical\" href=\"https:\/\/www.copealcoy.es\/es\/un-estudio-diagnostica-el-estado-del-casco-antiguo-de-cocentaina-de-cara-a-su-revitalizacion\/\" \/>\n<meta property=\"og:locale\" content=\"es_ES\" \/>\n<meta property=\"og:type\" content=\"article\" \/>\n<meta property=\"og:title\" content=\"Un estudio diagnostica el estado del casco antiguo de Cocentaina de cara a su revitalizaci\u00f3n - COPE Alcoy\" \/>\n<meta property=\"og:description\" content=\"El pasado viernes 14 de marzo, el Centre Cultural El Teular de Cocentaina acogi\u00f3 la presentaci\u00f3n del estudio diagn\u00f3stico del n\u00facleo antiguo del municipio, que abarca las \u00e1reas de La Vila y El Raval\" \/>\n<meta property=\"og:url\" content=\"https:\/\/www.copealcoy.es\/es\/un-estudio-diagnostica-el-estado-del-casco-antiguo-de-cocentaina-de-cara-a-su-revitalizacion\/\" \/>\n<meta property=\"og:site_name\" content=\"COPE Alcoy\" \/>\n<meta property=\"article:published_time\" content=\"2025-03-21T10:22:07+00:00\" \/>\n<meta property=\"article:modified_time\" content=\"2025-03-21T10:41:11+00:00\" \/>\n<meta property=\"og:image\" content=\"https:\/\/www.copealcoy.es\/wp-content\/uploads\/2025\/03\/5-El-estudio-se-presento-hace-unos-dias-en-el-Centre-Cultural-El-Teular-Foto-Ajuntament-de-Cocentaina.jpg\" \/>\n\t<meta property=\"og:image:width\" content=\"1440\" \/>\n\t<meta property=\"og:image:height\" content=\"1080\" \/>\n\t<meta property=\"og:image:type\" content=\"image\/jpeg\" \/>\n<meta name=\"author\" content=\"Cope Alcoy\" \/>\n<meta name=\"twitter:label1\" content=\"Escrito por\" \/>\n\t<meta name=\"twitter:data1\" content=\"Cope Alcoy\" \/>\n\t<meta name=\"twitter:label2\" content=\"Tiempo de lectura\" \/>\n\t<meta name=\"twitter:data2\" content=\"3 minutos\" \/>\n<script type=\"application\/ld+json\" class=\"yoast-schema-graph\">{\"@context\":\"https:\\\/\\\/schema.org\",\"@graph\":[{\"@type\":\"Article\",\"@id\":\"https:\\\/\\\/www.copealcoy.es\\\/es\\\/un-estudio-diagnostica-el-estado-del-casco-antiguo-de-cocentaina-de-cara-a-su-revitalizacion\\\/#article\",\"isPartOf\":{\"@id\":\"https:\\\/\\\/www.copealcoy.es\\\/es\\\/un-estudio-diagnostica-el-estado-del-casco-antiguo-de-cocentaina-de-cara-a-su-revitalizacion\\\/\"},\"author\":{\"name\":\"Cope Alcoy\",\"@id\":\"https:\\\/\\\/www.copealcoy.es\\\/es\\\/#\\\/schema\\\/person\\\/e777c87fa024e57d40170af9df39882c\"},\"headline\":\"Un estudio diagnostica el estado del casco antiguo de Cocentaina de cara a su revitalizaci\u00f3n\",\"datePublished\":\"2025-03-21T10:22:07+00:00\",\"dateModified\":\"2025-03-21T10:41:11+00:00\",\"mainEntityOfPage\":{\"@id\":\"https:\\\/\\\/www.copealcoy.es\\\/es\\\/un-estudio-diagnostica-el-estado-del-casco-antiguo-de-cocentaina-de-cara-a-su-revitalizacion\\\/\"},\"wordCount\":381,\"commentCount\":0,\"image\":{\"@id\":\"https:\\\/\\\/www.copealcoy.es\\\/es\\\/un-estudio-diagnostica-el-estado-del-casco-antiguo-de-cocentaina-de-cara-a-su-revitalizacion\\\/#primaryimage\"},\"thumbnailUrl\":\"https:\\\/\\\/www.copealcoy.es\\\/wp-content\\\/uploads\\\/2025\\\/03\\\/5-El-estudio-se-presento-hace-unos-dias-en-el-Centre-Cultural-El-Teular-Foto-Ajuntament-de-Cocentaina.jpg\",\"keywords\":[\"casco antiguo\",\"Cocentaina\",\"diagn\u00f3stico\",\"documento\"],\"articleSection\":[\"Actualidad\",\"Comarcas\",\"Noticias\"],\"inLanguage\":\"es\"},{\"@type\":\"WebPage\",\"@id\":\"https:\\\/\\\/www.copealcoy.es\\\/es\\\/un-estudio-diagnostica-el-estado-del-casco-antiguo-de-cocentaina-de-cara-a-su-revitalizacion\\\/\",\"url\":\"https:\\\/\\\/www.copealcoy.es\\\/es\\\/un-estudio-diagnostica-el-estado-del-casco-antiguo-de-cocentaina-de-cara-a-su-revitalizacion\\\/\",\"name\":\"Un estudio diagnostica el estado del casco antiguo de Cocentaina de cara a su revitalizaci\u00f3n - COPE Alcoy\",\"isPartOf\":{\"@id\":\"https:\\\/\\\/www.copealcoy.es\\\/es\\\/#website\"},\"primaryImageOfPage\":{\"@id\":\"https:\\\/\\\/www.copealcoy.es\\\/es\\\/un-estudio-diagnostica-el-estado-del-casco-antiguo-de-cocentaina-de-cara-a-su-revitalizacion\\\/#primaryimage\"},\"image\":{\"@id\":\"https:\\\/\\\/www.copealcoy.es\\\/es\\\/un-estudio-diagnostica-el-estado-del-casco-antiguo-de-cocentaina-de-cara-a-su-revitalizacion\\\/#primaryimage\"},\"thumbnailUrl\":\"https:\\\/\\\/www.copealcoy.es\\\/wp-content\\\/uploads\\\/2025\\\/03\\\/5-El-estudio-se-presento-hace-unos-dias-en-el-Centre-Cultural-El-Teular-Foto-Ajuntament-de-Cocentaina.jpg\",\"datePublished\":\"2025-03-21T10:22:07+00:00\",\"dateModified\":\"2025-03-21T10:41:11+00:00\",\"author\":{\"@id\":\"https:\\\/\\\/www.copealcoy.es\\\/es\\\/#\\\/schema\\\/person\\\/e777c87fa024e57d40170af9df39882c\"},\"description\":\"El pasado viernes 14 de marzo, el Centre Cultural El Teular de Cocentaina acogi\u00f3 la presentaci\u00f3n del estudio diagn\u00f3stico del n\u00facleo antiguo del municipio, que abarca las \u00e1reas de La Vila y El Raval\",\"breadcrumb\":{\"@id\":\"https:\\\/\\\/www.copealcoy.es\\\/es\\\/un-estudio-diagnostica-el-estado-del-casco-antiguo-de-cocentaina-de-cara-a-su-revitalizacion\\\/#breadcrumb\"},\"inLanguage\":\"es\",\"potentialAction\":[{\"@type\":\"ReadAction\",\"target\":[\"https:\\\/\\\/www.copealcoy.es\\\/es\\\/un-estudio-diagnostica-el-estado-del-casco-antiguo-de-cocentaina-de-cara-a-su-revitalizacion\\\/\"]}]},{\"@type\":\"ImageObject\",\"inLanguage\":\"es\",\"@id\":\"https:\\\/\\\/www.copealcoy.es\\\/es\\\/un-estudio-diagnostica-el-estado-del-casco-antiguo-de-cocentaina-de-cara-a-su-revitalizacion\\\/#primaryimage\",\"url\":\"https:\\\/\\\/www.copealcoy.es\\\/wp-content\\\/uploads\\\/2025\\\/03\\\/5-El-estudio-se-presento-hace-unos-dias-en-el-Centre-Cultural-El-Teular-Foto-Ajuntament-de-Cocentaina.jpg\",\"contentUrl\":\"https:\\\/\\\/www.copealcoy.es\\\/wp-content\\\/uploads\\\/2025\\\/03\\\/5-El-estudio-se-presento-hace-unos-dias-en-el-Centre-Cultural-El-Teular-Foto-Ajuntament-de-Cocentaina.jpg\",\"width\":1440,\"height\":1080},{\"@type\":\"BreadcrumbList\",\"@id\":\"https:\\\/\\\/www.copealcoy.es\\\/es\\\/un-estudio-diagnostica-el-estado-del-casco-antiguo-de-cocentaina-de-cara-a-su-revitalizacion\\\/#breadcrumb\",\"itemListElement\":[{\"@type\":\"ListItem\",\"position\":1,\"name\":\"Portada\",\"item\":\"https:\\\/\\\/www.copealcoy.es\\\/es\\\/\"},{\"@type\":\"ListItem\",\"position\":2,\"name\":\"Un estudio diagnostica el estado del casco antiguo de Cocentaina de cara a su revitalizaci\u00f3n\"}]},{\"@type\":\"WebSite\",\"@id\":\"https:\\\/\\\/www.copealcoy.es\\\/es\\\/#website\",\"url\":\"https:\\\/\\\/www.copealcoy.es\\\/es\\\/\",\"name\":\"COPE Alcoy\",\"description\":\"Emisora COPE de radio local con emisi\u00f3n online. Pont de Sant Jordi 8-10 03803 Alcoy\",\"potentialAction\":[{\"@type\":\"SearchAction\",\"target\":{\"@type\":\"EntryPoint\",\"urlTemplate\":\"https:\\\/\\\/www.copealcoy.es\\\/es\\\/?s={search_term_string}\"},\"query-input\":{\"@type\":\"PropertyValueSpecification\",\"valueRequired\":true,\"valueName\":\"search_term_string\"}}],\"inLanguage\":\"es\"},{\"@type\":\"Person\",\"@id\":\"https:\\\/\\\/www.copealcoy.es\\\/es\\\/#\\\/schema\\\/person\\\/e777c87fa024e57d40170af9df39882c\",\"name\":\"Cope Alcoy\",\"image\":{\"@type\":\"ImageObject\",\"inLanguage\":\"es\",\"@id\":\"https:\\\/\\\/secure.gravatar.com\\\/avatar\\\/bb65d0283347e303893ba14f0692005417c1e0e690a325a4c5d8bb2b3943ee14?s=96&d=mm&r=g\",\"url\":\"https:\\\/\\\/secure.gravatar.com\\\/avatar\\\/bb65d0283347e303893ba14f0692005417c1e0e690a325a4c5d8bb2b3943ee14?s=96&d=mm&r=g\",\"contentUrl\":\"https:\\\/\\\/secure.gravatar.com\\\/avatar\\\/bb65d0283347e303893ba14f0692005417c1e0e690a325a4c5d8bb2b3943ee14?s=96&d=mm&r=g\",\"caption\":\"Cope Alcoy\"}}]}<\/script>\n<!-- \/ Yoast SEO plugin. -->","yoast_head_json":{"title":"Un estudio diagnostica el estado del casco antiguo de Cocentaina de cara a su revitalizaci\u00f3n - COPE Alcoy","description":"El pasado viernes 14 de marzo, el Centre Cultural El Teular de Cocentaina acogi\u00f3 la presentaci\u00f3n del estudio diagn\u00f3stico del n\u00facleo antiguo del municipio, que abarca las \u00e1reas de La Vila y El Raval","robots":{"index":"index","follow":"follow","max-snippet":"max-snippet:-1","max-image-preview":"max-image-preview:large","max-video-preview":"max-video-preview:-1"},"canonical":"https:\/\/www.copealcoy.es\/es\/un-estudio-diagnostica-el-estado-del-casco-antiguo-de-cocentaina-de-cara-a-su-revitalizacion\/","og_locale":"es_ES","og_type":"article","og_title":"Un estudio diagnostica el estado del casco antiguo de Cocentaina de cara a su revitalizaci\u00f3n - COPE Alcoy","og_description":"El pasado viernes 14 de marzo, el Centre Cultural El Teular de Cocentaina acogi\u00f3 la presentaci\u00f3n del estudio diagn\u00f3stico del n\u00facleo antiguo del municipio, que abarca las \u00e1reas de La Vila y El Raval","og_url":"https:\/\/www.copealcoy.es\/es\/un-estudio-diagnostica-el-estado-del-casco-antiguo-de-cocentaina-de-cara-a-su-revitalizacion\/","og_site_name":"COPE Alcoy","article_published_time":"2025-03-21T10:22:07+00:00","article_modified_time":"2025-03-21T10:41:11+00:00","og_image":[{"width":1440,"height":1080,"url":"https:\/\/www.copealcoy.es\/wp-content\/uploads\/2025\/03\/5-El-estudio-se-presento-hace-unos-dias-en-el-Centre-Cultural-El-Teular-Foto-Ajuntament-de-Cocentaina.jpg","type":"image\/jpeg"}],"author":"Cope Alcoy","twitter_misc":{"Escrito por":"Cope Alcoy","Tiempo de lectura":"3 minutos"},"schema":{"@context":"https:\/\/schema.org","@graph":[{"@type":"Article","@id":"https:\/\/www.copealcoy.es\/es\/un-estudio-diagnostica-el-estado-del-casco-antiguo-de-cocentaina-de-cara-a-su-revitalizacion\/#article","isPartOf":{"@id":"https:\/\/www.copealcoy.es\/es\/un-estudio-diagnostica-el-estado-del-casco-antiguo-de-cocentaina-de-cara-a-su-revitalizacion\/"},"author":{"name":"Cope Alcoy","@id":"https:\/\/www.copealcoy.es\/es\/#\/schema\/person\/e777c87fa024e57d40170af9df39882c"},"headline":"Un estudio diagnostica el estado del casco antiguo de Cocentaina de cara a su revitalizaci\u00f3n","datePublished":"2025-03-21T10:22:07+00:00","dateModified":"2025-03-21T10:41:11+00:00","mainEntityOfPage":{"@id":"https:\/\/www.copealcoy.es\/es\/un-estudio-diagnostica-el-estado-del-casco-antiguo-de-cocentaina-de-cara-a-su-revitalizacion\/"},"wordCount":381,"commentCount":0,"image":{"@id":"https:\/\/www.copealcoy.es\/es\/un-estudio-diagnostica-el-estado-del-casco-antiguo-de-cocentaina-de-cara-a-su-revitalizacion\/#primaryimage"},"thumbnailUrl":"https:\/\/www.copealcoy.es\/wp-content\/uploads\/2025\/03\/5-El-estudio-se-presento-hace-unos-dias-en-el-Centre-Cultural-El-Teular-Foto-Ajuntament-de-Cocentaina.jpg","keywords":["casco antiguo","Cocentaina","diagn\u00f3stico","documento"],"articleSection":["Actualidad","Comarcas","Noticias"],"inLanguage":"es"},{"@type":"WebPage","@id":"https:\/\/www.copealcoy.es\/es\/un-estudio-diagnostica-el-estado-del-casco-antiguo-de-cocentaina-de-cara-a-su-revitalizacion\/","url":"https:\/\/www.copealcoy.es\/es\/un-estudio-diagnostica-el-estado-del-casco-antiguo-de-cocentaina-de-cara-a-su-revitalizacion\/","name":"Un estudio diagnostica el estado del casco antiguo de Cocentaina de cara a su revitalizaci\u00f3n - COPE Alcoy","isPartOf":{"@id":"https:\/\/www.copealcoy.es\/es\/#website"},"primaryImageOfPage":{"@id":"https:\/\/www.copealcoy.es\/es\/un-estudio-diagnostica-el-estado-del-casco-antiguo-de-cocentaina-de-cara-a-su-revitalizacion\/#primaryimage"},"image":{"@id":"https:\/\/www.copealcoy.es\/es\/un-estudio-diagnostica-el-estado-del-casco-antiguo-de-cocentaina-de-cara-a-su-revitalizacion\/#primaryimage"},"thumbnailUrl":"https:\/\/www.copealcoy.es\/wp-content\/uploads\/2025\/03\/5-El-estudio-se-presento-hace-unos-dias-en-el-Centre-Cultural-El-Teular-Foto-Ajuntament-de-Cocentaina.jpg","datePublished":"2025-03-21T10:22:07+00:00","dateModified":"2025-03-21T10:41:11+00:00","author":{"@id":"https:\/\/www.copealcoy.es\/es\/#\/schema\/person\/e777c87fa024e57d40170af9df39882c"},"description":"El pasado viernes 14 de marzo, el Centre Cultural El Teular de Cocentaina acogi\u00f3 la presentaci\u00f3n del estudio diagn\u00f3stico del n\u00facleo antiguo del municipio, que abarca las \u00e1reas de La Vila y El Raval","breadcrumb":{"@id":"https:\/\/www.copealcoy.es\/es\/un-estudio-diagnostica-el-estado-del-casco-antiguo-de-cocentaina-de-cara-a-su-revitalizacion\/#breadcrumb"},"inLanguage":"es","potentialAction":[{"@type":"ReadAction","target":["https:\/\/www.copealcoy.es\/es\/un-estudio-diagnostica-el-estado-del-casco-antiguo-de-cocentaina-de-cara-a-su-revitalizacion\/"]}]},{"@type":"ImageObject","inLanguage":"es","@id":"https:\/\/www.copealcoy.es\/es\/un-estudio-diagnostica-el-estado-del-casco-antiguo-de-cocentaina-de-cara-a-su-revitalizacion\/#primaryimage","url":"https:\/\/www.copealcoy.es\/wp-content\/uploads\/2025\/03\/5-El-estudio-se-presento-hace-unos-dias-en-el-Centre-Cultural-El-Teular-Foto-Ajuntament-de-Cocentaina.jpg","contentUrl":"https:\/\/www.copealcoy.es\/wp-content\/uploads\/2025\/03\/5-El-estudio-se-presento-hace-unos-dias-en-el-Centre-Cultural-El-Teular-Foto-Ajuntament-de-Cocentaina.jpg","width":1440,"height":1080},{"@type":"BreadcrumbList","@id":"https:\/\/www.copealcoy.es\/es\/un-estudio-diagnostica-el-estado-del-casco-antiguo-de-cocentaina-de-cara-a-su-revitalizacion\/#breadcrumb","itemListElement":[{"@type":"ListItem","position":1,"name":"Portada","item":"https:\/\/www.copealcoy.es\/es\/"},{"@type":"ListItem","position":2,"name":"Un estudio diagnostica el estado del casco antiguo de Cocentaina de cara a su revitalizaci\u00f3n"}]},{"@type":"WebSite","@id":"https:\/\/www.copealcoy.es\/es\/#website","url":"https:\/\/www.copealcoy.es\/es\/","name":"COPE Alcoy","description":"Emisora COPE de radio local con emisi\u00f3n online. Pont de Sant Jordi 8-10 03803 Alcoy","potentialAction":[{"@type":"SearchAction","target":{"@type":"EntryPoint","urlTemplate":"https:\/\/www.copealcoy.es\/es\/?s={search_term_string}"},"query-input":{"@type":"PropertyValueSpecification","valueRequired":true,"valueName":"search_term_string"}}],"inLanguage":"es"},{"@type":"Person","@id":"https:\/\/www.copealcoy.es\/es\/#\/schema\/person\/e777c87fa024e57d40170af9df39882c","name":"Cope Alcoy","image":{"@type":"ImageObject","inLanguage":"es","@id":"https:\/\/secure.gravatar.com\/avatar\/bb65d0283347e303893ba14f0692005417c1e0e690a325a4c5d8bb2b3943ee14?s=96&d=mm&r=g","url":"https:\/\/secure.gravatar.com\/avatar\/bb65d0283347e303893ba14f0692005417c1e0e690a325a4c5d8bb2b3943ee14?s=96&d=mm&r=g","contentUrl":"https:\/\/secure.gravatar.com\/avatar\/bb65d0283347e303893ba14f0692005417c1e0e690a325a4c5d8bb2b3943ee14?s=96&d=mm&r=g","caption":"Cope Alcoy"}}]}},"_links":{"self":[{"href":"https:\/\/www.copealcoy.es\/es\/wp-json\/wp\/v2\/posts\/149255","targetHints":{"allow":["GET"]}}],"collection":[{"href":"https:\/\/www.copealcoy.es\/es\/wp-json\/wp\/v2\/posts"}],"about":[{"href":"https:\/\/www.copealcoy.es\/es\/wp-json\/wp\/v2\/types\/post"}],"author":[{"embeddable":true,"href":"https:\/\/www.copealcoy.es\/es\/wp-json\/wp\/v2\/users\/1"}],"replies":[{"embeddable":true,"href":"https:\/\/www.copealcoy.es\/es\/wp-json\/wp\/v2\/comments?post=149255"}],"version-history":[{"count":0,"href":"https:\/\/www.copealcoy.es\/es\/wp-json\/wp\/v2\/posts\/149255\/revisions"}],"wp:featuredmedia":[{"embeddable":true,"href":"https:\/\/www.copealcoy.es\/es\/wp-json\/wp\/v2\/media\/149256"}],"wp:attachment":[{"href":"https:\/\/www.copealcoy.es\/es\/wp-json\/wp\/v2\/media?parent=149255"}],"wp:term":[{"taxonomy":"category","embeddable":true,"href":"https:\/\/www.copealcoy.es\/es\/wp-json\/wp\/v2\/categories?post=149255"},{"taxonomy":"post_tag","embeddable":true,"href":"https:\/\/www.copealcoy.es\/es\/wp-json\/wp\/v2\/tags?post=149255"}],"curies":[{"name":"wp","href":"https:\/\/api.w.org\/{rel}","templated":true}]}}